
{"id":39565,"date":"2013-03-22T04:43:19","date_gmt":"2013-03-22T04:43:19","guid":{"rendered":"http:\/\/www.cinevox.be\/?p=39565"},"modified":"2013-05-10T10:31:25","modified_gmt":"2013-05-10T10:31:25","slug":"au-nom-du-fils-cinema-belge","status":"publish","type":"post","link":"https:\/\/w-l-c.be\/fr\/au-nom-du-fils-cinema-belge\/","title":{"rendered":"Au nom du p\u00e8re, du fils et du cin\u00e9ma belge"},"content":{"rendered":"<p>Le Bilan annuel du Centre du cin\u00e9ma\u00a0 a d\u00e9bouch\u00e9 mardi sur quelques conclusions in\u00e9luctables. Deux en particulier ont \u00e9t\u00e9 reprises ici et l\u00e0 depuis lors : \u00ab\u00a0il faut r\u00e9nover le tax-shelter\u00a0\u00bb, ont dit certains intervenants (\u00e7a tombe bien, la proc\u00e9dure est en cours), \u00ab\u00a0le spectateur belge francophone ne va pas voir suffisamment de films belges francophone en salles\u00a0\u00bb, ont d\u00e9plor\u00e9 les autres.<!--more--><\/p>\n<p>&nbsp;<\/p>\n<p>On n&rsquo;est pas surpris. C\u2019est de ce dernier constat qu\u2019est n\u00e9 Cinevox et quelques exp\u00e9riences int\u00e9ressantes comme la mise en place de promotions originales pour certains films d\u2019ici. La ligne crossmedia de Wallimage et une initiative priv\u00e9e comme Cuistax (les promos de <em>Mobile Home, Tango Libre, Ernest et C\u00e9lestine<\/em>) tentent avec ferveur de faire monter l\u2019attention (la tension) des spectateurs avant la sortie d\u2019un film. La F\u00e9d\u00e9ration Wallonie-Bruxelles multiplie les actions, elle aussi: elle a lanc\u00e9 \u00ab\u00a0Osez le cin\u00e9ma\u00a0\u00bb, propose des aides \u00e0 la distribution, soutient Cinevox (merci !) et finance Cinergie, par exemple.<\/p>\n<p>On peut toujours faire plus et mieux, mais c\u2019est d\u00e9j\u00e0 beaucoup.<\/p>\n<p>&nbsp;<\/p>\n<p><a rel=\"attachment wp-att-39569\" href=\"http:\/\/www.cinevox.be\/au-nom-du-fils-cinema-belge\/2013-03-21_15h33_24\"><img loading=\"lazy\" decoding=\"async\" class=\"aligncenter size-full wp-image-39569\" title=\"2013-03-21_15h33_24\" src=\"http:\/\/www.cinevox.be\/wp-content\/uploads\/2013\/03\/2013-03-21_15h33_24.jpg\" alt=\"\" width=\"1916\" height=\"790\" srcset=\"https:\/\/w-l-c.be\/wp-content\/uploads\/2013\/03\/2013-03-21_15h33_24.jpg 1916w, https:\/\/w-l-c.be\/wp-content\/uploads\/2013\/03\/2013-03-21_15h33_24-480x197.jpg 480w, https:\/\/w-l-c.be\/wp-content\/uploads\/2013\/03\/2013-03-21_15h33_24-800x329.jpg 800w\" sizes=\"auto, (max-width: 1916px) 100vw, 1916px\" \/><\/a><\/p>\n<p>&nbsp;<\/p>\n<p>Ceux qui pointent la passivit\u00e9 du public, pr\u00e9tendent souvent aussi qu\u2019il faut traiter un film belge comme un blockbuster am\u00e9ricain. Au nom de l&rsquo;\u00e9tiquette journalistique, par exemple. \u00c7a nous semble antonymique. Voire erron\u00e9.<br \/>\nPour nous, non, on ne peut pas couvrir une production belge comme une sortie fran\u00e7aise ou am\u00e9ricaine, dop\u00e9e aux hormones. La raison tr\u00e8s simple : la r\u00e9putation d\u2019un film se construit d\u2019abord sur son territoire. Quand les films \u00e9trangers arrivent chez nous, ils sont port\u00e9s par la vague de curiosit\u00e9 n\u00e9e sur leurs terres, qui s\u2019est r\u00e9pandue comme un tsunami \u00e0 travers les r\u00e9seaux de communication d\u00e9sormais mondiaux.\u00a0 Et si la critique au bout de la d\u00e9marche doit \u00eatre \u00e9quitable, donc b\u00e2tie sur les m\u00eames standards que ceux qu\u2019on applique \u00e0 n\u2019importe quelle \u0153uvre, le travail de mise en \u00e9vidence d&rsquo;un film belge devrait, lui, \u00eatre totalement diff\u00e9rent. C&rsquo;est notre avis, en tous cas.<\/p>\n<p>&nbsp;<\/p>\n<p>Prendre constamment l\u2019exemple flamand devrait pourtant faire sauter aux yeux une r\u00e9alit\u00e9 objective : lorsqu\u2019on pr\u00e9sente un nouveau long m\u00e9trage au nord de Bruxelles, toute la presse ne parle que de cela, les cam\u00e9ras se bousculent \u00e0 l&rsquo;avant-premi\u00e8re pour ne rien rater, les flashes cr\u00e9pitent pour immortaliser le moindre sourire des com\u00e9diens. Le lendemain, \u00e9missions t\u00e9l\u00e9s, reportages dans les JT et journaux diversifient les approches, souvent tr\u00e8s glamour. On ne vous fera pas l\u2019injure de vous dire que dans la partie francophone, \u00e7a ne se passe pas vraiment comme cela. C\u2019est cependant une des raisons majeures (avec d\u2019autres, comme un public captif \u00e0 cause de sa langue et sa culture, et une fid\u00e9lit\u00e9 aux acteurs n\u00e9e avec les nombreuses s\u00e9ries) qui fait toute la diff\u00e9rence entre la sant\u00e9 des deux cin\u00e9mas belges.<\/p>\n<p>&nbsp;<\/p>\n<p>Parce que pr\u00e9tendre que le cin\u00e9ma flamand serait moins ceci ou plus cela que le cin\u00e9ma francophone, c\u2019est une fa\u00e7on de se d\u00e9douaner qui sent la naphtaline. <em>Broken Circle Breakdown<\/em> est l\u2019odyss\u00e9e mis\u00e9rabiliste de deux marginaux qui jouent de la country et perdent leur gosse, <em>Tot Altijd<\/em>, le combat d\u2019un malade atteint de scl\u00e9rose en plaques pour le droit \u00e0 l\u2019euthanasie, <em>Hasta La Vista,<\/em> l\u2019histoire de trois jeunes hommes handicap\u00e9s qui veulent se d\u00e9niaiser. Et pourtant ce sont les trois gros succ\u00e8s de l\u2019ann\u00e9e en Flandre. Trois films formidables, port\u00e9s comme tels par la critique flamande, sans pr\u00e9jug\u00e9s. Ce sont aussi, malgr\u00e9 leur th\u00e8me <em>a priori <\/em>peu attirants, des films mobilisateurs, susceptibles de toucher le grand public ou, en tous cas, des niches achaland\u00e9es. Mais des films avec des vertus semblables, on en a chez nous aussi : <em>\u00c0 Perdre la raison, Dead Man Talking, Les G\u00e9ants, Le Monde nous appartient, Au nom du Fils\u2026<\/em> Pour ne citer que quelques titres\u2026<\/p>\n<p>&nbsp;<\/p>\n<p><a rel=\"attachment wp-att-39570\" href=\"http:\/\/www.cinevox.be\/au-nom-du-fils-cinema-belge\/2013-03-21_15h30_20\"><img loading=\"lazy\" decoding=\"async\" class=\"aligncenter size-full wp-image-39570\" title=\"2013-03-21_15h30_20\" src=\"http:\/\/www.cinevox.be\/wp-content\/uploads\/2013\/03\/2013-03-21_15h30_20.jpg\" alt=\"\" width=\"1862\" height=\"782\" srcset=\"https:\/\/w-l-c.be\/wp-content\/uploads\/2013\/03\/2013-03-21_15h30_20.jpg 1862w, https:\/\/w-l-c.be\/wp-content\/uploads\/2013\/03\/2013-03-21_15h30_20-480x201.jpg 480w, https:\/\/w-l-c.be\/wp-content\/uploads\/2013\/03\/2013-03-21_15h30_20-800x335.jpg 800w\" sizes=\"auto, (max-width: 1862px) 100vw, 1862px\" \/><\/a><\/p>\n<p>&nbsp;<\/p>\n<p>La solution n\u2019est pas de pousser manu militari le public dans les salles pour aller voir des films belges (surtout pas), mais de susciter sa curiosit\u00e9, de lui donner <strong>envie<\/strong> de d\u00e9guster <strong>son<\/strong> cin\u00e9ma. Pour confronter son avis \u00e0 celui des critiques, pour d\u00e9couvrir les films dans lesquels jouent des actrices et acteurs qu\u2019il conna\u00eet.<\/p>\n<p>Or, ce n\u2019est pas le cas aujourd\u2019hui. On a tous lu 6000 interviews de Ryan Gosling, autant d\u2019Emma Watson, plus de Robert Pattison, toutes identiques ou presque, mais on a d\u00fb en trouver quatre d\u2019Astrid Whettnall, une actrice pourtant bouleversante. Et si le spectateur ne conna\u00eet pas un acteur, la curiosit\u00e9 n&rsquo;existe pas.<\/p>\n<p>&nbsp;<\/p>\n<p>Cette longue r\u00e9flexion globale provoqu\u00e9e par l\u2019actualit\u00e9 nous am\u00e8ne logiquement au vrai sujet de l\u2019article : <em>Au Nom du Fils<\/em>.\u00a0 Voil\u00e0 un film qui, depuis ses premi\u00e8res projections, suscite la surprise et l\u2019enthousiasme du public, qui est convoit\u00e9 par les festivals belges (le FIFF, le Be Film Festival, le Ramdam, le Festival belge de Moustier) avec, \u00e0 chaque fois, le m\u00eame accueil unanime (ou presque), mais qui \u00e9prouve les pires difficult\u00e9s \u00e0 sortir dans un circuit de salles classiques.<\/p>\n<p>Il aura fallu l\u2019opini\u00e2tret\u00e9 d\u2019un producteur (Lionel Jadot) et son ouverture d\u2019esprit originale pour mettre au point une d\u00e9marche atypique afin que le film jouisse d\u2019une lucarne sur le public non festivalier (on en reparle bient\u00f4t). Cela suffira-t-il \u00e0 en faire un succ\u00e8s? B\u00eate question. La r\u00e9ponse est \u00e9vidente : non !<\/p>\n<p>Le support inconditionnel de Cinevox ne sera pas suffisant, lui non plus. Mais c\u2019est bien le moins que l\u2019on puisse faire pour un film qui nous semble \u00eatre un point de contact possible entre le cin\u00e9ma belge et une partie de ce public non captif. Un film sans foi ni loi, gonfl\u00e9 comme on les aime quand ils viennent de l\u2019autre c\u00f4t\u00e9 de l\u2019Atlantique (Tarantino, anyone?), mais qui risque ici de passer inaper\u00e7u. Quel g\u00e2chis !<\/p>\n<p>&nbsp;<\/p>\n<p><a rel=\"attachment wp-att-39574\" href=\"http:\/\/www.cinevox.be\/au-nom-du-fils-cinema-belge\/2013-03-21_15h38_32\"><img loading=\"lazy\" decoding=\"async\" class=\"aligncenter size-full wp-image-39574\" title=\"2013-03-21_15h38_32\" src=\"http:\/\/www.cinevox.be\/wp-content\/uploads\/2013\/03\/2013-03-21_15h38_32.jpg\" alt=\"\" width=\"1915\" height=\"793\" srcset=\"https:\/\/w-l-c.be\/wp-content\/uploads\/2013\/03\/2013-03-21_15h38_32.jpg 1915w, https:\/\/w-l-c.be\/wp-content\/uploads\/2013\/03\/2013-03-21_15h38_32-480x198.jpg 480w, https:\/\/w-l-c.be\/wp-content\/uploads\/2013\/03\/2013-03-21_15h38_32-800x331.jpg 800w\" sizes=\"auto, (max-width: 1915px) 100vw, 1915px\" \/><\/a><\/p>\n<p>&nbsp;<\/p>\n<p><em>Au nom du Fils<\/em> est pourtant une \u0153uvre singuli\u00e8re, port\u00e9e par une \u00e9quipe artistique aussi talentueuse qu\u2019audacieuse (disponible, aimable, sympathique et dr\u00f4le aussi). Un long m\u00e9trage qui ne ressemble \u00e0 aucun autre, car sur une base aujourd\u2019hui tout \u00e0 fait d\u2019actualit\u00e9 (la p\u00e9dophilie de certains eccl\u00e9siastiques et le silence g\u00eanant de l\u2019\u00e9glise), <strong>Vincent Lannoo,<\/strong> avec ses cosc\u00e9naristes, puis avec son \u00e9quipe et ses acteurs, a enfant\u00e9 une \u0153uvre cinglante, d\u00e9rangeante, follement originale, mais totalement ma\u00eetris\u00e9e. Un OVNI, certes, mais qui pourrait f\u00e9d\u00e9rer.<\/p>\n<p>&nbsp;<\/p>\n<p>Et qui va le voir, ce film au bout du compte? Pas grand ne monde, en fait puisque le producteur est oblig\u00e9 de sortir lui-m\u00eame son b\u00e9b\u00e9. Insens\u00e9? Oui. Mais logique. Quel distributeur aurait envie de suer sang et eau pour construire de z\u00e9ro la r\u00e9putation d\u2019un long m\u00e9trage dans une relative indiff\u00e9rence m\u00e9diatique alors qu\u2019il est si facile de surfer sur la publicit\u00e9 qui vient de l\u2019\u00e9tranger? Ce qui nous ram\u00e8ne presque au d\u00e9but de ce texte\u2026<\/p>\n<p>&nbsp;<\/p>\n<p><a rel=\"attachment wp-att-39575\" href=\"http:\/\/www.cinevox.be\/au-nom-du-fils-cinema-belge\/2013-03-21_15h34_37\"><img loading=\"lazy\" decoding=\"async\" class=\"aligncenter size-full wp-image-39575\" title=\"2013-03-21_15h34_37\" src=\"http:\/\/www.cinevox.be\/wp-content\/uploads\/2013\/03\/2013-03-21_15h34_37.jpg\" alt=\"\" width=\"1897\" height=\"791\" srcset=\"https:\/\/w-l-c.be\/wp-content\/uploads\/2013\/03\/2013-03-21_15h34_37.jpg 1897w, https:\/\/w-l-c.be\/wp-content\/uploads\/2013\/03\/2013-03-21_15h34_37-480x200.jpg 480w, https:\/\/w-l-c.be\/wp-content\/uploads\/2013\/03\/2013-03-21_15h34_37-800x333.jpg 800w\" sizes=\"auto, (max-width: 1897px) 100vw, 1897px\" \/><\/a><\/p>\n<p>&nbsp;<\/p>\n<p>Mettre sur pied un Cinevox Happening autour de ce film f\u00e9roce est donc une priorit\u00e9 pour nous. C\u2019est l\u2019essence de notre travail. Et m\u00eame sa quintessence. Mais il est \u00e9vident que tous nos articles aussi enthousiastes soient-ils, les interviews en vid\u00e9o que nous diffusons, et l\u2019organisation d\u2019une ultime avant-premi\u00e8re bruxelloise ne peuvent garantir un succ\u00e8s. Nous le savons. Mais nous ne baisserons pas les bras. La multiplication exponentielle des visites sur notre site nous encourage chaque jour : vous nous suivez de plus en plus nombreux, nous sommes donc sur la bonne voie. Nous sommes une partie de la bonne voie. Une partie de la solution. Et nous voulons continuer \u00e0 travailler avec toutes les forces vives qui iront dans le m\u00eame sens, multiplier les collaborations, sans jamais la moindre\u00a0 id\u00e9e de concurrence en t\u00eate. Qu&rsquo;on se le dise !<\/p>\n<p>&nbsp;<\/p>\n<p>Car finalement, si les donn\u00e9es du probl\u00e8me sont assez claires pour tous, chacun \u00e0 son niveau pourrait avoir envie d&rsquo;essayer de le r\u00e9soudre, de soutenir la cr\u00e9ation quand elle en vaut la peine, quand elle a une chance de parler au public. Parce que, dans le cas contraire, on sera encore l\u00e0 dans dix ans \u00e0 avancer les m\u00eames constatations d\u00e9primantes et inutiles.<br \/>\nNon, il n\u2019y a pas de probl\u00e8me, il n\u2019y a que des solutions.<\/p>\n<p>&nbsp;<\/p>\n<p><a rel=\"attachment wp-att-39578\" href=\"http:\/\/www.cinevox.be\/au-nom-du-fils-cinema-belge\/2013-03-21_15h31_57\"><img loading=\"lazy\" decoding=\"async\" class=\"aligncenter size-full wp-image-39578\" title=\"2013-03-21_15h31_57\" src=\"http:\/\/www.cinevox.be\/wp-content\/uploads\/2013\/03\/2013-03-21_15h31_57.jpg\" alt=\"\" width=\"1918\" height=\"790\" srcset=\"https:\/\/w-l-c.be\/wp-content\/uploads\/2013\/03\/2013-03-21_15h31_57.jpg 1918w, https:\/\/w-l-c.be\/wp-content\/uploads\/2013\/03\/2013-03-21_15h31_57-480x197.jpg 480w, https:\/\/w-l-c.be\/wp-content\/uploads\/2013\/03\/2013-03-21_15h31_57-800x329.jpg 800w\" sizes=\"auto, (max-width: 1918px) 100vw, 1918px\" \/><\/a><\/p>\n<p>&nbsp;<\/p>\n<p>&nbsp;<\/p>\n<p>PS. Pour associer le geste \u00e0 la parole, nous ouvrons ce week-end un nouveau concours dont les vainqueurs recevront des invitations pour le Cinevox Happening de ce mercredi 27 au Galeries. Si vous avez envie, non pas de soutenir le cin\u00e9ma belge, mais de passer un tr\u00e8s bon moment avec <em>Au Nom du Fils<\/em>, c\u2019est <a href=\"http:\/\/www.cinevox.be\/concours\" target=\"_blank\">ICI<\/a> (lien concours). C&rsquo;est gratuit. Et en plus, nous vous offrons le champagne Bernard Massard ou de la Carlsberg pour ceux qui pr\u00e9f\u00e8rent.<\/p>\n<p>&nbsp;<\/p>\n<p>&nbsp;<\/p>\n<p>&nbsp;<\/p>\n","protected":false},"excerpt":{"rendered":"<p>Le Bilan annuel du Centre du cin\u00e9ma\u00a0 a d\u00e9bouch\u00e9 mardi sur quelques conclusions in\u00e9luctables. Deux en particulier ont \u00e9t\u00e9 reprises ici et l\u00e0 depuis lors : \u00ab\u00a0il faut r\u00e9nover le tax-shelter\u00a0\u00bb, ont dit certains intervenants (\u00e7a tombe bien, la proc\u00e9dure est en cours), \u00ab\u00a0le spectateur belge francophone ne va pas voir suffisamment de films belges &hellip;<\/p>\n","protected":false},"author":7,"featured_media":39580,"comment_status":"closed","ping_status":"closed","sticky":false,"template":"","format":"standard","meta":{"ngg_post_thumbnail":0,"footnotes":""},"categories":[1923],"tags":[],"class_list":["post-39565","post","type-post","status-publish","format-standard","has-post-thumbnail","","category-en-bref"],"yoast_head":"<!-- This site is optimized with the Yoast SEO plugin v20.4 - https:\/\/yoast.com\/wordpress\/plugins\/seo\/ -->\n<title>Au nom du p\u00e8re, du fils et du cin\u00e9ma belge - w-l-c<\/title>\n<meta name=\"robots\" content=\"noindex, follow, max-snippet:-1, max-image-preview:large, max-video-preview:-1\" \/>\n<meta property=\"og:locale\" content=\"fr_FR\" \/>\n<meta property=\"og:type\" content=\"article\" \/>\n<meta property=\"og:title\" content=\"Au nom du p\u00e8re, du fils et du cin\u00e9ma belge - w-l-c\" \/>\n<meta property=\"og:description\" content=\"Le Bilan annuel du Centre du cin\u00e9ma\u00a0 a d\u00e9bouch\u00e9 mardi sur quelques conclusions in\u00e9luctables. Deux en particulier ont \u00e9t\u00e9 reprises ici et l\u00e0 depuis lors : \u00ab\u00a0il faut r\u00e9nover le tax-shelter\u00a0\u00bb, ont dit certains intervenants (\u00e7a tombe bien, la proc\u00e9dure est en cours), \u00ab\u00a0le spectateur belge francophone ne va pas voir suffisamment de films belges &hellip;\" \/>\n<meta property=\"og:url\" content=\"https:\/\/w-l-c.be\/fr\/au-nom-du-fils-cinema-belge\/\" \/>\n<meta property=\"og:site_name\" content=\"w-l-c\" \/>\n<meta property=\"article:published_time\" content=\"2013-03-22T04:43:19+00:00\" \/>\n<meta property=\"article:modified_time\" content=\"2013-05-10T10:31:25+00:00\" \/>\n<meta property=\"og:image\" content=\"https:\/\/w-l-c.be\/wp-content\/uploads\/2013\/03\/2013-03-21_15h31_43.jpg\" \/>\n\t<meta property=\"og:image:width\" content=\"1906\" \/>\n\t<meta property=\"og:image:height\" content=\"801\" \/>\n\t<meta property=\"og:image:type\" content=\"image\/jpeg\" \/>\n<meta name=\"author\" content=\"Philippe.Pierquin\" \/>\n<meta name=\"twitter:card\" content=\"summary_large_image\" \/>\n<meta name=\"twitter:label1\" content=\"\u00c9crit par\" \/>\n\t<meta name=\"twitter:data1\" content=\"Philippe.Pierquin\" \/>\n\t<meta name=\"twitter:label2\" content=\"Dur\u00e9e de lecture estim\u00e9e\" \/>\n\t<meta name=\"twitter:data2\" content=\"8 minutes\" \/>\n<script type=\"application\/ld+json\" class=\"yoast-schema-graph\">{\"@context\":\"https:\/\/schema.org\",\"@graph\":[{\"@type\":\"WebPage\",\"@id\":\"https:\/\/w-l-c.be\/fr\/au-nom-du-fils-cinema-belge\/\",\"url\":\"https:\/\/w-l-c.be\/fr\/au-nom-du-fils-cinema-belge\/\",\"name\":\"Au nom du p\u00e8re, du fils et du cin\u00e9ma belge - w-l-c\",\"isPartOf\":{\"@id\":\"https:\/\/w-l-c.be\/fr\/#website\"},\"datePublished\":\"2013-03-22T04:43:19+00:00\",\"dateModified\":\"2013-05-10T10:31:25+00:00\",\"author\":{\"@id\":\"https:\/\/w-l-c.be\/fr\/#\/schema\/person\/4b9b1d857f0943453a38a7c2859ef756\"},\"breadcrumb\":{\"@id\":\"https:\/\/w-l-c.be\/fr\/au-nom-du-fils-cinema-belge\/#breadcrumb\"},\"inLanguage\":\"fr-FR\",\"potentialAction\":[{\"@type\":\"ReadAction\",\"target\":[\"https:\/\/w-l-c.be\/fr\/au-nom-du-fils-cinema-belge\/\"]}]},{\"@type\":\"BreadcrumbList\",\"@id\":\"https:\/\/w-l-c.be\/fr\/au-nom-du-fils-cinema-belge\/#breadcrumb\",\"itemListElement\":[{\"@type\":\"ListItem\",\"position\":1,\"name\":\"Accueil\",\"item\":\"https:\/\/w-l-c.be\/fr\/\"},{\"@type\":\"ListItem\",\"position\":2,\"name\":\"Au nom du p\u00e8re, du fils et du cin\u00e9ma belge\"}]},{\"@type\":\"WebSite\",\"@id\":\"https:\/\/w-l-c.be\/fr\/#website\",\"url\":\"https:\/\/w-l-c.be\/fr\/\",\"name\":\"w-l-c\",\"description\":\"Le cin\u00e9ma vu par les belges\",\"potentialAction\":[{\"@type\":\"SearchAction\",\"target\":{\"@type\":\"EntryPoint\",\"urlTemplate\":\"https:\/\/w-l-c.be\/fr\/?s={search_term_string}\"},\"query-input\":\"required name=search_term_string\"}],\"inLanguage\":\"fr-FR\"},{\"@type\":\"Person\",\"@id\":\"https:\/\/w-l-c.be\/fr\/#\/schema\/person\/4b9b1d857f0943453a38a7c2859ef756\",\"name\":\"Philippe.Pierquin\",\"url\":\"https:\/\/w-l-c.be\/fr\/author\/philippe-pierquin\/\"}]}<\/script>\n<!-- \/ Yoast SEO plugin. -->","yoast_head_json":{"title":"Au nom du p\u00e8re, du fils et du cin\u00e9ma belge - w-l-c","robots":{"index":"noindex","follow":"follow","max-snippet":"max-snippet:-1","max-image-preview":"max-image-preview:large","max-video-preview":"max-video-preview:-1"},"og_locale":"fr_FR","og_type":"article","og_title":"Au nom du p\u00e8re, du fils et du cin\u00e9ma belge - w-l-c","og_description":"Le Bilan annuel du Centre du cin\u00e9ma\u00a0 a d\u00e9bouch\u00e9 mardi sur quelques conclusions in\u00e9luctables. Deux en particulier ont \u00e9t\u00e9 reprises ici et l\u00e0 depuis lors : \u00ab\u00a0il faut r\u00e9nover le tax-shelter\u00a0\u00bb, ont dit certains intervenants (\u00e7a tombe bien, la proc\u00e9dure est en cours), \u00ab\u00a0le spectateur belge francophone ne va pas voir suffisamment de films belges &hellip;","og_url":"https:\/\/w-l-c.be\/fr\/au-nom-du-fils-cinema-belge\/","og_site_name":"w-l-c","article_published_time":"2013-03-22T04:43:19+00:00","article_modified_time":"2013-05-10T10:31:25+00:00","og_image":[{"width":"1906","height":"801","url":"https:\/\/w-l-c.be\/wp-content\/uploads\/2013\/03\/2013-03-21_15h31_43.jpg","type":"image\/jpeg"}],"author":"Philippe.Pierquin","twitter_card":"summary_large_image","twitter_misc":{"\u00c9crit par":"Philippe.Pierquin","Dur\u00e9e de lecture estim\u00e9e":"8 minutes"},"schema":{"@context":"https:\/\/schema.org","@graph":[{"@type":"WebPage","@id":"https:\/\/w-l-c.be\/fr\/au-nom-du-fils-cinema-belge\/","url":"https:\/\/w-l-c.be\/fr\/au-nom-du-fils-cinema-belge\/","name":"Au nom du p\u00e8re, du fils et du cin\u00e9ma belge - w-l-c","isPartOf":{"@id":"https:\/\/w-l-c.be\/fr\/#website"},"datePublished":"2013-03-22T04:43:19+00:00","dateModified":"2013-05-10T10:31:25+00:00","author":{"@id":"https:\/\/w-l-c.be\/fr\/#\/schema\/person\/4b9b1d857f0943453a38a7c2859ef756"},"breadcrumb":{"@id":"https:\/\/w-l-c.be\/fr\/au-nom-du-fils-cinema-belge\/#breadcrumb"},"inLanguage":"fr-FR","potentialAction":[{"@type":"ReadAction","target":["https:\/\/w-l-c.be\/fr\/au-nom-du-fils-cinema-belge\/"]}]},{"@type":"BreadcrumbList","@id":"https:\/\/w-l-c.be\/fr\/au-nom-du-fils-cinema-belge\/#breadcrumb","itemListElement":[{"@type":"ListItem","position":1,"name":"Accueil","item":"https:\/\/w-l-c.be\/fr\/"},{"@type":"ListItem","position":2,"name":"Au nom du p\u00e8re, du fils et du cin\u00e9ma belge"}]},{"@type":"WebSite","@id":"https:\/\/w-l-c.be\/fr\/#website","url":"https:\/\/w-l-c.be\/fr\/","name":"w-l-c","description":"Le cin\u00e9ma vu par les belges","potentialAction":[{"@type":"SearchAction","target":{"@type":"EntryPoint","urlTemplate":"https:\/\/w-l-c.be\/fr\/?s={search_term_string}"},"query-input":"required name=search_term_string"}],"inLanguage":"fr-FR"},{"@type":"Person","@id":"https:\/\/w-l-c.be\/fr\/#\/schema\/person\/4b9b1d857f0943453a38a7c2859ef756","name":"Philippe.Pierquin","url":"https:\/\/w-l-c.be\/fr\/author\/philippe-pierquin\/"}]}},"_links":{"self":[{"href":"https:\/\/w-l-c.be\/fr\/wp-json\/wp\/v2\/posts\/39565","targetHints":{"allow":["GET"]}}],"collection":[{"href":"https:\/\/w-l-c.be\/fr\/wp-json\/wp\/v2\/posts"}],"about":[{"href":"https:\/\/w-l-c.be\/fr\/wp-json\/wp\/v2\/types\/post"}],"author":[{"embeddable":true,"href":"https:\/\/w-l-c.be\/fr\/wp-json\/wp\/v2\/users\/7"}],"replies":[{"embeddable":true,"href":"https:\/\/w-l-c.be\/fr\/wp-json\/wp\/v2\/comments?post=39565"}],"version-history":[{"count":0,"href":"https:\/\/w-l-c.be\/fr\/wp-json\/wp\/v2\/posts\/39565\/revisions"}],"wp:featuredmedia":[{"embeddable":true,"href":"https:\/\/w-l-c.be\/fr\/wp-json\/wp\/v2\/media\/39580"}],"wp:attachment":[{"href":"https:\/\/w-l-c.be\/fr\/wp-json\/wp\/v2\/media?parent=39565"}],"wp:term":[{"taxonomy":"category","embeddable":true,"href":"https:\/\/w-l-c.be\/fr\/wp-json\/wp\/v2\/categories?post=39565"},{"taxonomy":"post_tag","embeddable":true,"href":"https:\/\/w-l-c.be\/fr\/wp-json\/wp\/v2\/tags?post=39565"}],"curies":[{"name":"wp","href":"https:\/\/api.w.org\/{rel}","templated":true}]}}