
{"id":39610,"date":"2013-03-22T04:16:12","date_gmt":"2013-03-22T04:16:12","guid":{"rendered":"http:\/\/www.cinevox.be\/?p=39610"},"modified":"2013-03-25T10:36:25","modified_gmt":"2013-03-25T10:36:25","slug":"les-vainqueurs-du-concours-au-nom-du-fils","status":"publish","type":"post","link":"https:\/\/w-l-c.be\/fr\/les-vainqueurs-du-concours-au-nom-du-fils\/","title":{"rendered":"Les vainqueurs du concours Au Nom du Fils"},"content":{"rendered":"<p><span style=\"font-size: 16px;\">Les r\u00e9ponses exactes \u00e0 notre concours <\/span><em style=\"font-size: 16px;\">Au Nom du Fils<\/em><span style=\"font-size: 16px;\"> \u00e9taient : <\/span><\/p>\n<p>Astrid Whettnall \u2013 Achile Ridolfi et Zacharie Chasseriaud<\/p>\n<p>&nbsp;<\/p>\n<p>Un bug sur notre formulaire nous prive des adresses email des vainqueurs. Impossible donc de vous contacter personnellement.<\/p>\n<p>Si vous \u00eates parmi les heureux \u00e9lus, il suffit de vous pr\u00e9senter avec votre carte d&rsquo;identit\u00e9 au cin\u00e9ma Galeries mercredi 27 mars \u00e0 19h45. Et le tour est jou\u00e9. Vous recevrez <strong>deux invitations<\/strong><\/p>\n<p>Vous rencontrerez l&rsquo;\u00e9quipe du film et discuterez avec les acteurs ou le r\u00e9alisateur apr\u00e8s la projection en toute convivialit\u00e9. Belle soir\u00e9e en perspective.<\/p>\n<p>&nbsp;<\/p>\n<p>Vous n&rsquo;avez pas gagn\u00e9? Pas grave ! De\u00a0nouvelles invitations\u00a0sont \u00e0 remporter <a href=\"http:\/\/www.cinevox.be\/concours\" target=\"_blank\">ICI<\/a>.\u00a0<!--more--><\/p>\n<p>&nbsp;<\/p>\n<p>&nbsp;<\/p>\n<p><strong>Et les vainqueurs sont<\/strong><\/p>\n<p>&nbsp;<\/p>\n<p>Alexia Stavridis &#8211; Wemmel<\/p>\n<p>Philippe Smellinckx &#8211; Bruxelles<\/p>\n<p>Lorelyn De Laeter &#8211; Bousval<\/p>\n<p>H\u00e9l\u00e8ne Frare &#8211; Sint-pieters -leeuw<\/p>\n<p>Georges Tirions-\u00a0 Wavre<\/p>\n<p>Benoit\u00a0 Adams\u00a0 &#8211; Bruxelles<\/p>\n<p>Rapha\u00ebl Dupont &#8211; Mons<\/p>\n<p>Robert\u00a0 Dubois\u00a0 &#8211; Bruxelles<\/p>\n<p>Wendy Ponitka \u00a0 &#8211; Ixelles<\/p>\n<p>Corinne \u00a0 Chevalier &#8211; \u00a0Uccle<\/p>\n<p>Laetitia Te &#8211; Bruxelles<\/p>\n<p>Simitri\u00a0\u00a0 Soete\u00a0\u00a0\u00a0 &#8211; Bruxelles<\/p>\n<p>Pieter De bie &#8211; Keerbergen<\/p>\n<p>Marc Van Heuckelom &#8211; Bruxelles<\/p>\n<p>Marianne Grimont &#8211; Namur<\/p>\n<p>Marc Antoine &#8211; Namur<\/p>\n<p>Val\u00e9rie Azura &#8211; Bruxelles<\/p>\n<p>Valentine Roels \u00a0 &#8211; Bruxelles<\/p>\n<p>Alexis Muller\u00a0\u00a0\u00a0\u00a0 &#8211; Bruxelles (Uccle)<\/p>\n<p>Jean Vanhoubroeck &#8211; 1190 Bruxelles<\/p>\n<p>Resy Hick &#8211; Bruxelles<\/p>\n<p>Isabelle \u00a0Vandewynckel \u00a0&#8211; Bruxelles<\/p>\n<p>Nicole Romal \u00a0 &#8211; Braine l&rsquo;Alleud<\/p>\n<p>Isabelle Pierre \u2013 Les Bons Villers<\/p>\n<p>Renaud \u00a0 Delhaye &#8211; Bruxelles<\/p>\n<p>Rosane Demunter &#8211; Wauthier braine<\/p>\n<p>Dominique Jacobs &#8211; Bruxelles<\/p>\n<p>Corentin Claeys \u00a0 &#8211; Namur<\/p>\n<p>Jean marie CLAYS &#8211; Braine l&rsquo;alleud<\/p>\n<p>F ranky Teixeira &#8211; Braine l&rsquo;Alleud<\/p>\n<p>Jackie\u00a0\u00a0\u00a0 Mornard &#8211; Lillois<\/p>\n<p>Laurie\u00a0\u00a0 Clays\u00a0\u00a0\u00a0\u00a0 &#8211; Braine l&rsquo;Alleud<\/p>\n<p>Claudine Charles &#8211; Braine l&rsquo;alleud<\/p>\n<p>Resy Hick\u00a0 &#8211; Bruxelles<\/p>\n<p>Gerard Delwiche \u2013 Bruxelles<\/p>\n<p>Albina\u00a0\u00a0 Pidberezna &#8211; Bruxelles<\/p>\n<p>St\u00e9phane Mahy &#8211; Ruisbroek<\/p>\n<p>Francoise Ivol &#8211; Bruxelles<\/p>\n<p>Jeremy van Cromphaut \u00a0 \u00a0&#8211; Bruxelles<\/p>\n<p>Nguyen Tien Dat &#8211; Bruxelles<\/p>\n<p>St\u00e9phanie Beauloye \u2013 Namur<\/p>\n<p>Alexandre Crobeddu &#8211; Renaix<\/p>\n<p>Alexis\u00a0\u00a0\u00a0 Seny &#8211; Floreffe<\/p>\n<p>Sylvain\u00a0 Casu\u00a0\u00a0\u00a0\u00a0\u00a0 &#8211; Etterbeek<\/p>\n<p>Pieter de Die &#8211; Keerbergen<\/p>\n<p>J Radoux &#8211; \u00a0Bruxelles<\/p>\n<p>Justine Paulus\u00a0 Bruxelles<\/p>\n<p>Quentin Gyselinck &#8211; Braine l&rsquo;Alleud<\/p>\n<p>Christelle Demaerschalck &#8211; Pont-\u00e0-Celles<\/p>\n<p>S\u00e9bastien Porcu &#8211; Villers-Poterie<\/p>\n<p>&nbsp;<\/p>\n","protected":false},"excerpt":{"rendered":"<p>Les r\u00e9ponses exactes \u00e0 notre concours Au Nom du Fils \u00e9taient : Astrid Whettnall \u2013 Achile Ridolfi et Zacharie Chasseriaud &nbsp; Un bug sur notre formulaire nous prive des adresses email des vainqueurs. Impossible donc de vous contacter personnellement. Si vous \u00eates parmi les heureux \u00e9lus, il suffit de vous pr\u00e9senter avec votre carte d&rsquo;identit\u00e9 &hellip;<\/p>\n","protected":false},"author":7,"featured_media":39612,"comment_status":"closed","ping_status":"closed","sticky":false,"template":"","format":"standard","meta":{"ngg_post_thumbnail":0,"footnotes":""},"categories":[1923,7],"tags":[],"class_list":["post-39610","post","type-post","status-publish","format-standard","has-post-thumbnail","","category-en-bref","category-actualites"],"yoast_head":"<!-- This site is optimized with the Yoast SEO plugin v20.4 - https:\/\/yoast.com\/wordpress\/plugins\/seo\/ -->\n<title>Les vainqueurs du concours Au Nom du Fils - w-l-c<\/title>\n<meta name=\"robots\" content=\"noindex, follow, max-snippet:-1, max-image-preview:large, max-video-preview:-1\" \/>\n<meta property=\"og:locale\" content=\"fr_FR\" \/>\n<meta property=\"og:type\" content=\"article\" \/>\n<meta property=\"og:title\" content=\"Les vainqueurs du concours Au Nom du Fils - w-l-c\" \/>\n<meta property=\"og:description\" content=\"Les r\u00e9ponses exactes \u00e0 notre concours Au Nom du Fils \u00e9taient : Astrid Whettnall \u2013 Achile Ridolfi et Zacharie Chasseriaud &nbsp; Un bug sur notre formulaire nous prive des adresses email des vainqueurs. Impossible donc de vous contacter personnellement. Si vous \u00eates parmi les heureux \u00e9lus, il suffit de vous pr\u00e9senter avec votre carte d&rsquo;identit\u00e9 &hellip;\" \/>\n<meta property=\"og:url\" content=\"https:\/\/w-l-c.be\/fr\/les-vainqueurs-du-concours-au-nom-du-fils\/\" \/>\n<meta property=\"og:site_name\" content=\"w-l-c\" \/>\n<meta property=\"article:published_time\" content=\"2013-03-22T04:16:12+00:00\" \/>\n<meta property=\"article:modified_time\" content=\"2013-03-25T10:36:25+00:00\" \/>\n<meta property=\"og:image\" content=\"https:\/\/w-l-c.be\/wp-content\/uploads\/2013\/03\/2013-03-21_15h29_41.jpg\" \/>\n\t<meta property=\"og:image:width\" content=\"1914\" \/>\n\t<meta property=\"og:image:height\" content=\"784\" \/>\n\t<meta property=\"og:image:type\" content=\"image\/jpeg\" \/>\n<meta name=\"author\" content=\"Philippe.Pierquin\" \/>\n<meta name=\"twitter:card\" content=\"summary_large_image\" \/>\n<meta name=\"twitter:label1\" content=\"\u00c9crit par\" \/>\n\t<meta name=\"twitter:data1\" content=\"Philippe.Pierquin\" \/>\n\t<meta name=\"twitter:label2\" content=\"Dur\u00e9e de lecture estim\u00e9e\" \/>\n\t<meta name=\"twitter:data2\" content=\"2 minutes\" \/>\n<script type=\"application\/ld+json\" class=\"yoast-schema-graph\">{\"@context\":\"https:\/\/schema.org\",\"@graph\":[{\"@type\":\"WebPage\",\"@id\":\"https:\/\/w-l-c.be\/fr\/les-vainqueurs-du-concours-au-nom-du-fils\/\",\"url\":\"https:\/\/w-l-c.be\/fr\/les-vainqueurs-du-concours-au-nom-du-fils\/\",\"name\":\"Les vainqueurs du concours Au Nom du Fils - w-l-c\",\"isPartOf\":{\"@id\":\"https:\/\/w-l-c.be\/fr\/#website\"},\"datePublished\":\"2013-03-22T04:16:12+00:00\",\"dateModified\":\"2013-03-25T10:36:25+00:00\",\"author\":{\"@id\":\"https:\/\/w-l-c.be\/fr\/#\/schema\/person\/4b9b1d857f0943453a38a7c2859ef756\"},\"breadcrumb\":{\"@id\":\"https:\/\/w-l-c.be\/fr\/les-vainqueurs-du-concours-au-nom-du-fils\/#breadcrumb\"},\"inLanguage\":\"fr-FR\",\"potentialAction\":[{\"@type\":\"ReadAction\",\"target\":[\"https:\/\/w-l-c.be\/fr\/les-vainqueurs-du-concours-au-nom-du-fils\/\"]}]},{\"@type\":\"BreadcrumbList\",\"@id\":\"https:\/\/w-l-c.be\/fr\/les-vainqueurs-du-concours-au-nom-du-fils\/#breadcrumb\",\"itemListElement\":[{\"@type\":\"ListItem\",\"position\":1,\"name\":\"Accueil\",\"item\":\"https:\/\/w-l-c.be\/fr\/\"},{\"@type\":\"ListItem\",\"position\":2,\"name\":\"Les vainqueurs du concours Au Nom du Fils\"}]},{\"@type\":\"WebSite\",\"@id\":\"https:\/\/w-l-c.be\/fr\/#website\",\"url\":\"https:\/\/w-l-c.be\/fr\/\",\"name\":\"w-l-c\",\"description\":\"Le cin\u00e9ma vu par les belges\",\"potentialAction\":[{\"@type\":\"SearchAction\",\"target\":{\"@type\":\"EntryPoint\",\"urlTemplate\":\"https:\/\/w-l-c.be\/fr\/?s={search_term_string}\"},\"query-input\":\"required name=search_term_string\"}],\"inLanguage\":\"fr-FR\"},{\"@type\":\"Person\",\"@id\":\"https:\/\/w-l-c.be\/fr\/#\/schema\/person\/4b9b1d857f0943453a38a7c2859ef756\",\"name\":\"Philippe.Pierquin\",\"url\":\"https:\/\/w-l-c.be\/fr\/author\/philippe-pierquin\/\"}]}<\/script>\n<!-- \/ Yoast SEO plugin. -->","yoast_head_json":{"title":"Les vainqueurs du concours Au Nom du Fils - w-l-c","robots":{"index":"noindex","follow":"follow","max-snippet":"max-snippet:-1","max-image-preview":"max-image-preview:large","max-video-preview":"max-video-preview:-1"},"og_locale":"fr_FR","og_type":"article","og_title":"Les vainqueurs du concours Au Nom du Fils - w-l-c","og_description":"Les r\u00e9ponses exactes \u00e0 notre concours Au Nom du Fils \u00e9taient : Astrid Whettnall \u2013 Achile Ridolfi et Zacharie Chasseriaud &nbsp; Un bug sur notre formulaire nous prive des adresses email des vainqueurs. Impossible donc de vous contacter personnellement. Si vous \u00eates parmi les heureux \u00e9lus, il suffit de vous pr\u00e9senter avec votre carte d&rsquo;identit\u00e9 &hellip;","og_url":"https:\/\/w-l-c.be\/fr\/les-vainqueurs-du-concours-au-nom-du-fils\/","og_site_name":"w-l-c","article_published_time":"2013-03-22T04:16:12+00:00","article_modified_time":"2013-03-25T10:36:25+00:00","og_image":[{"width":"1914","height":"784","url":"https:\/\/w-l-c.be\/wp-content\/uploads\/2013\/03\/2013-03-21_15h29_41.jpg","type":"image\/jpeg"}],"author":"Philippe.Pierquin","twitter_card":"summary_large_image","twitter_misc":{"\u00c9crit par":"Philippe.Pierquin","Dur\u00e9e de lecture estim\u00e9e":"2 minutes"},"schema":{"@context":"https:\/\/schema.org","@graph":[{"@type":"WebPage","@id":"https:\/\/w-l-c.be\/fr\/les-vainqueurs-du-concours-au-nom-du-fils\/","url":"https:\/\/w-l-c.be\/fr\/les-vainqueurs-du-concours-au-nom-du-fils\/","name":"Les vainqueurs du concours Au Nom du Fils - w-l-c","isPartOf":{"@id":"https:\/\/w-l-c.be\/fr\/#website"},"datePublished":"2013-03-22T04:16:12+00:00","dateModified":"2013-03-25T10:36:25+00:00","author":{"@id":"https:\/\/w-l-c.be\/fr\/#\/schema\/person\/4b9b1d857f0943453a38a7c2859ef756"},"breadcrumb":{"@id":"https:\/\/w-l-c.be\/fr\/les-vainqueurs-du-concours-au-nom-du-fils\/#breadcrumb"},"inLanguage":"fr-FR","potentialAction":[{"@type":"ReadAction","target":["https:\/\/w-l-c.be\/fr\/les-vainqueurs-du-concours-au-nom-du-fils\/"]}]},{"@type":"BreadcrumbList","@id":"https:\/\/w-l-c.be\/fr\/les-vainqueurs-du-concours-au-nom-du-fils\/#breadcrumb","itemListElement":[{"@type":"ListItem","position":1,"name":"Accueil","item":"https:\/\/w-l-c.be\/fr\/"},{"@type":"ListItem","position":2,"name":"Les vainqueurs du concours Au Nom du Fils"}]},{"@type":"WebSite","@id":"https:\/\/w-l-c.be\/fr\/#website","url":"https:\/\/w-l-c.be\/fr\/","name":"w-l-c","description":"Le cin\u00e9ma vu par les belges","potentialAction":[{"@type":"SearchAction","target":{"@type":"EntryPoint","urlTemplate":"https:\/\/w-l-c.be\/fr\/?s={search_term_string}"},"query-input":"required name=search_term_string"}],"inLanguage":"fr-FR"},{"@type":"Person","@id":"https:\/\/w-l-c.be\/fr\/#\/schema\/person\/4b9b1d857f0943453a38a7c2859ef756","name":"Philippe.Pierquin","url":"https:\/\/w-l-c.be\/fr\/author\/philippe-pierquin\/"}]}},"_links":{"self":[{"href":"https:\/\/w-l-c.be\/fr\/wp-json\/wp\/v2\/posts\/39610","targetHints":{"allow":["GET"]}}],"collection":[{"href":"https:\/\/w-l-c.be\/fr\/wp-json\/wp\/v2\/posts"}],"about":[{"href":"https:\/\/w-l-c.be\/fr\/wp-json\/wp\/v2\/types\/post"}],"author":[{"embeddable":true,"href":"https:\/\/w-l-c.be\/fr\/wp-json\/wp\/v2\/users\/7"}],"replies":[{"embeddable":true,"href":"https:\/\/w-l-c.be\/fr\/wp-json\/wp\/v2\/comments?post=39610"}],"version-history":[{"count":0,"href":"https:\/\/w-l-c.be\/fr\/wp-json\/wp\/v2\/posts\/39610\/revisions"}],"wp:featuredmedia":[{"embeddable":true,"href":"https:\/\/w-l-c.be\/fr\/wp-json\/wp\/v2\/media\/39612"}],"wp:attachment":[{"href":"https:\/\/w-l-c.be\/fr\/wp-json\/wp\/v2\/media?parent=39610"}],"wp:term":[{"taxonomy":"category","embeddable":true,"href":"https:\/\/w-l-c.be\/fr\/wp-json\/wp\/v2\/categories?post=39610"},{"taxonomy":"post_tag","embeddable":true,"href":"https:\/\/w-l-c.be\/fr\/wp-json\/wp\/v2\/tags?post=39610"}],"curies":[{"name":"wp","href":"https:\/\/api.w.org\/{rel}","templated":true}]}}