
{"id":39636,"date":"2013-03-22T13:48:53","date_gmt":"2013-03-22T13:48:53","guid":{"rendered":"http:\/\/www.cinevox.be\/?p=39636"},"modified":"2013-05-29T20:01:22","modified_gmt":"2013-05-29T20:01:22","slug":"dead-man-talking-au-bagne","status":"publish","type":"post","link":"https:\/\/w-l-c.be\/fr\/dead-man-talking-au-bagne\/","title":{"rendered":"Dead Man Talking au bagne"},"content":{"rendered":"<p>Un bagne? Mais non, c&rsquo;est juste pour le jeu de mots. C&rsquo;est au contraire dans une ambiance gaie et\u00a0chaleureuse que s&rsquo;est d\u00e9roul\u00e9e hier la projection du Film Dead Man Talking au Festival International du Film d\u2019Aubagne (nous y voil\u00e0)<\/p>\n<p><em> Article et photos du festival de notre correspondante r\u00e9gionale, Maryline Laurin.<!--more--><\/em><\/p>\n<p>&nbsp;<\/p>\n<p>&nbsp;<\/p>\n<p><a rel=\"attachment wp-att-39638\" href=\"http:\/\/www.cinevox.be\/dead-man-talking-au-bagne\/shot_1363898963510\"><img loading=\"lazy\" decoding=\"async\" class=\"alignright size-large wp-image-39638\" title=\"shot_1363898963510\" src=\"http:\/\/www.cinevox.be\/wp-content\/uploads\/2013\/03\/shot_1363898963510-600x600.jpg\" alt=\"\" width=\"384\" height=\"384\" srcset=\"https:\/\/w-l-c.be\/wp-content\/uploads\/2013\/03\/shot_1363898963510-600x600.jpg 600w, https:\/\/w-l-c.be\/wp-content\/uploads\/2013\/03\/shot_1363898963510-270x270.jpg 270w, https:\/\/w-l-c.be\/wp-content\/uploads\/2013\/03\/shot_1363898963510-87x87.jpg 87w, https:\/\/w-l-c.be\/wp-content\/uploads\/2013\/03\/shot_1363898963510.jpg 768w\" sizes=\"auto, (max-width: 384px) 100vw, 384px\" \/><\/a>Le public, venu\u00a0tr\u00e8s\u00a0nombreux pour la projection, a pu rencontrer l&rsquo;\u00e9quipe du film envoy\u00e9e en \u00e9claireur dans le Sud. Avec notamment les com\u00e9diens <strong><em>Jean Luc\u00a0Couchard<\/em><\/strong> et <strong><em>Didier Ferrari<\/em><\/strong>, vu dans <em>Au cul du loup<\/em> et que les spectateurs fran\u00e7ais peuvent d\u00e9couvrir en ce moment sur Canal plus dans <em>Les Anonymes<strong> <\/strong><\/em>de <strong><em>Pierre Schoeller <\/em><\/strong>sur l\u2019affaire de l\u2019assassinat du pr\u00e9fet Erignac en Corse.<br \/>\nAussi de la partie, le tr\u00e8s fut\u00e9 distributeur fran\u00e7ais <strong><em>\u00c9ric <\/em><\/strong><strong><em>Boqu\u00e9ro<\/em><\/strong> (<em>Atypik Films<\/em>), homme heureux qui a \u00e9galement choisi de sortir prochainement <em>Au nom du fils<strong> <\/strong><\/em>de Vincent Lannoo. Il est clair que pour quelqu&rsquo;un qui adore le cin\u00e9ma atypique, la Belgique est un beau terrain de chasse.<\/p>\n<p>&nbsp;<\/p>\n<p>\u00c0 leurs c\u00f4t\u00e9s, au four et au moulin, <strong><em>Sylvain Goldberg<\/em><\/strong>, producteur du film (<em>Nexus Factory<\/em>) mais aussi compositeur de la musique du film. Or, il s&rsquo;agit ici d&rsquo;un festival qui aime autant la musique que le cin\u00e9ma. \u00a0On comprend qu&rsquo;il \u00e9tait dans ses petits souliers\u2026<\/p>\n<p>&nbsp;<\/p>\n<p><strong><em>Patrick Ridremont<\/em><\/strong> retenu \u00e0 Paris pour des interviews\u00a0t\u00e9l\u00e9s en raison de la prochaine sortie du film en France (le 27 mars) n&rsquo;avait pu faire le d\u00e9placement (on a les preuves, voir photo).<\/p>\n<p>&nbsp;<\/p>\n<p><a rel=\"attachment wp-att-39641\" href=\"http:\/\/www.cinevox.be\/dead-man-talking-au-bagne\/601388_165793606910606_497574706_n\"><img loading=\"lazy\" decoding=\"async\" class=\"aligncenter size-full wp-image-39641\" title=\"601388_165793606910606_497574706_n\" src=\"http:\/\/www.cinevox.be\/wp-content\/uploads\/2013\/03\/601388_165793606910606_497574706_n.jpg\" alt=\"\" width=\"960\" height=\"720\" srcset=\"https:\/\/w-l-c.be\/wp-content\/uploads\/2013\/03\/601388_165793606910606_497574706_n.jpg 960w, https:\/\/w-l-c.be\/wp-content\/uploads\/2013\/03\/601388_165793606910606_497574706_n-360x270.jpg 360w, https:\/\/w-l-c.be\/wp-content\/uploads\/2013\/03\/601388_165793606910606_497574706_n-800x600.jpg 800w, https:\/\/w-l-c.be\/wp-content\/uploads\/2013\/03\/601388_165793606910606_497574706_n-300x225.jpg 300w\" sizes=\"auto, (max-width: 960px) 100vw, 960px\" \/><\/a><\/p>\n<p>&nbsp;<\/p>\n<p>Mais le public n&rsquo;a pas eu \u00e0 regretter cette\u00a0absence au vu du show fort amusant que l&rsquo;\u00e9quipe a livr\u00e9 devant l&rsquo;\u00e9cran. Jean Luc Couchard en grande forme, volubile et imitateur \u00e0 l&rsquo;occasion, Sylvain Golberg \u00a0d\u00e9bordant d\u2019enthousiasme, disponible et g\u00e9n\u00e9reux malgr\u00e9 son anxi\u00e9t\u00e9 en attendant la r\u00e9action de la salle s&rsquo;en sont donn\u00e9 \u00e0 c\u0153ur joie.<\/p>\n<p>&nbsp;<\/p>\n<p><a rel=\"attachment wp-att-39639\" href=\"http:\/\/www.cinevox.be\/dead-man-talking-au-bagne\/shot_1363899048135\"><img loading=\"lazy\" decoding=\"async\" class=\"alignleft size-large wp-image-39639\" title=\"shot_1363899048135\" src=\"http:\/\/www.cinevox.be\/wp-content\/uploads\/2013\/03\/shot_1363899048135-600x600.jpg\" alt=\"\" width=\"384\" height=\"384\" srcset=\"https:\/\/w-l-c.be\/wp-content\/uploads\/2013\/03\/shot_1363899048135-600x600.jpg 600w, https:\/\/w-l-c.be\/wp-content\/uploads\/2013\/03\/shot_1363899048135-270x270.jpg 270w, https:\/\/w-l-c.be\/wp-content\/uploads\/2013\/03\/shot_1363899048135-87x87.jpg 87w, https:\/\/w-l-c.be\/wp-content\/uploads\/2013\/03\/shot_1363899048135.jpg 768w\" sizes=\"auto, (max-width: 384px) 100vw, 384px\" \/><\/a>Crainte injustifi\u00e9e (comme d&rsquo;habitude, Sylvain est un perp\u00e9tuel angoiss\u00e9 &#8211; ndlr) lorsque l\u2019on \u00e9coute un jeune r\u00e9alisateur italien parler du film \u00e0 l&rsquo;issue de la projection :\u00a0\u00ab\u00a0<em>J\u2019ai beaucoup aim\u00e9. Le film est tr\u00e8s complet, intense, \u00e9motif\u00a0! Bien act\u00e9 (jolie formule pour dire bien jou\u00e9). J\u2019ai particuli\u00e8rement appr\u00e9ci\u00e9 la musique, qui ne m\u2019a pas fait sentir ce que parfois je rencontre, c&rsquo;est-\u00e0-dire une dissonance entre l\u2019image et la musique. Ici c\u2019\u00e9tait un accord parfait\u00a0! Tout a march\u00e9\u00a0!<\/em> \u00bb\u00a0<strong> <\/strong><\/p>\n<p>&nbsp;<\/p>\n<p>Esp\u00e9rons que le jury men\u00e9 par <strong><em>Claude Duty<\/em><\/strong> soit du m\u00eame avis. Claude Duty qui \u00e9tait r\u00e9cemment \u00e0 Bruxelles pour son nouveau projet <em>Chez nous c\u2019est trois <\/em>avec <strong>St\u00e9phane De Groodt <\/strong>et<strong> Marie Kremer<\/strong>, une coproduction franco \u2013belge.<\/p>\n<p>&nbsp;<\/p>\n<p>&nbsp;<\/p>\n<p><a rel=\"attachment wp-att-39652\" href=\"http:\/\/www.cinevox.be\/dead-man-talking-au-bagne\/20130322_000804\"><img loading=\"lazy\" decoding=\"async\" class=\"alignright size-medium wp-image-39652\" title=\"20130322_000804\" src=\"http:\/\/www.cinevox.be\/wp-content\/uploads\/2013\/03\/20130322_000804-360x270.jpg\" alt=\"\" width=\"360\" height=\"270\" srcset=\"https:\/\/w-l-c.be\/wp-content\/uploads\/2013\/03\/20130322_000804-360x270.jpg 360w, https:\/\/w-l-c.be\/wp-content\/uploads\/2013\/03\/20130322_000804-800x600.jpg 800w, https:\/\/w-l-c.be\/wp-content\/uploads\/2013\/03\/20130322_000804-300x225.jpg 300w\" sizes=\"auto, (max-width: 360px) 100vw, 360px\" \/><\/a>En partance pour Rennes puis pour Paris avec dans le collimateur une s\u00e9rie d\u2019avant-premi\u00e8res li\u00e9es \u00e0 la sortie du film, cette joyeuse bande a juste eu le temps de boire quelques Mauresques ( Pastis\u00a0+ sirop d\u2019orgeat pour les non-initi\u00e9s), Cagoles (bi\u00e8re marseillaise\u00a0!) et de rencontrer leurs homologues flamands <strong><em>Senjan Jansen <\/em><\/strong>(compositeur) et <strong><em>Nico Leunen <\/em><\/strong>(monteur) du film <em>Kid<\/em> pr\u00e9sent\u00e9 aujourd\u2019hui en comp\u00e9tition (sur la photo avec Sylvain Goldberg).<\/p>\n<p>&nbsp;<\/p>\n<p>Le public aubagnais fera s\u00fbrement fonctionner le bouche-\u00e0-oreille avant l&rsquo;arriv\u00e9e de Dead Man Talking en salles, car ici, un mec qui ne s\u2019arr\u00eate pas de \u00a0\u00bb tchatcher\u00a0\u00ab\u00a0on ne peut que l\u2019adorer\u00a0!<\/p>\n<p>Verdict demain soir pour le palmar\u00e8s et le 27 mars dans les salles.<\/p>\n","protected":false},"excerpt":{"rendered":"<p>Un bagne? Mais non, c&rsquo;est juste pour le jeu de mots. C&rsquo;est au contraire dans une ambiance gaie et\u00a0chaleureuse que s&rsquo;est d\u00e9roul\u00e9e hier la projection du Film Dead Man Talking au Festival International du Film d\u2019Aubagne (nous y voil\u00e0) Article et photos du festival de notre correspondante r\u00e9gionale, Maryline Laurin.<\/p>\n","protected":false},"author":7,"featured_media":39643,"comment_status":"closed","ping_status":"closed","sticky":false,"template":"","format":"standard","meta":{"ngg_post_thumbnail":0,"footnotes":""},"categories":[12,7],"tags":[],"class_list":["post-39636","post","type-post","status-publish","format-standard","has-post-thumbnail","","category-awards","category-actualites"],"yoast_head":"<!-- This site is optimized with the Yoast SEO plugin v20.4 - https:\/\/yoast.com\/wordpress\/plugins\/seo\/ -->\n<title>Dead Man Talking au bagne - w-l-c<\/title>\n<meta name=\"robots\" content=\"noindex, follow, max-snippet:-1, max-image-preview:large, max-video-preview:-1\" \/>\n<meta property=\"og:locale\" content=\"fr_FR\" \/>\n<meta property=\"og:type\" content=\"article\" \/>\n<meta property=\"og:title\" content=\"Dead Man Talking au bagne - w-l-c\" \/>\n<meta property=\"og:description\" content=\"Un bagne? Mais non, c&rsquo;est juste pour le jeu de mots. C&rsquo;est au contraire dans une ambiance gaie et\u00a0chaleureuse que s&rsquo;est d\u00e9roul\u00e9e hier la projection du Film Dead Man Talking au Festival International du Film d\u2019Aubagne (nous y voil\u00e0) Article et photos du festival de notre correspondante r\u00e9gionale, Maryline Laurin.\" \/>\n<meta property=\"og:url\" content=\"https:\/\/w-l-c.be\/fr\/dead-man-talking-au-bagne\/\" \/>\n<meta property=\"og:site_name\" content=\"w-l-c\" \/>\n<meta property=\"article:published_time\" content=\"2013-03-22T13:48:53+00:00\" \/>\n<meta property=\"article:modified_time\" content=\"2013-05-29T20:01:22+00:00\" \/>\n<meta property=\"og:image\" content=\"https:\/\/w-l-c.be\/wp-content\/uploads\/2013\/03\/20130321_193028.jpg\" \/>\n\t<meta property=\"og:image:width\" content=\"3264\" \/>\n\t<meta property=\"og:image:height\" content=\"2448\" \/>\n\t<meta property=\"og:image:type\" content=\"image\/jpeg\" \/>\n<meta name=\"author\" content=\"Philippe.Pierquin\" \/>\n<meta name=\"twitter:card\" content=\"summary_large_image\" \/>\n<meta name=\"twitter:label1\" content=\"\u00c9crit par\" \/>\n\t<meta name=\"twitter:data1\" content=\"Philippe.Pierquin\" \/>\n\t<meta name=\"twitter:label2\" content=\"Dur\u00e9e de lecture estim\u00e9e\" \/>\n\t<meta name=\"twitter:data2\" content=\"3 minutes\" \/>\n<script type=\"application\/ld+json\" class=\"yoast-schema-graph\">{\"@context\":\"https:\/\/schema.org\",\"@graph\":[{\"@type\":\"WebPage\",\"@id\":\"https:\/\/w-l-c.be\/fr\/dead-man-talking-au-bagne\/\",\"url\":\"https:\/\/w-l-c.be\/fr\/dead-man-talking-au-bagne\/\",\"name\":\"Dead Man Talking au bagne - w-l-c\",\"isPartOf\":{\"@id\":\"https:\/\/w-l-c.be\/fr\/#website\"},\"datePublished\":\"2013-03-22T13:48:53+00:00\",\"dateModified\":\"2013-05-29T20:01:22+00:00\",\"author\":{\"@id\":\"https:\/\/w-l-c.be\/fr\/#\/schema\/person\/4b9b1d857f0943453a38a7c2859ef756\"},\"breadcrumb\":{\"@id\":\"https:\/\/w-l-c.be\/fr\/dead-man-talking-au-bagne\/#breadcrumb\"},\"inLanguage\":\"fr-FR\",\"potentialAction\":[{\"@type\":\"ReadAction\",\"target\":[\"https:\/\/w-l-c.be\/fr\/dead-man-talking-au-bagne\/\"]}]},{\"@type\":\"BreadcrumbList\",\"@id\":\"https:\/\/w-l-c.be\/fr\/dead-man-talking-au-bagne\/#breadcrumb\",\"itemListElement\":[{\"@type\":\"ListItem\",\"position\":1,\"name\":\"Accueil\",\"item\":\"https:\/\/w-l-c.be\/fr\/\"},{\"@type\":\"ListItem\",\"position\":2,\"name\":\"Dead Man Talking au bagne\"}]},{\"@type\":\"WebSite\",\"@id\":\"https:\/\/w-l-c.be\/fr\/#website\",\"url\":\"https:\/\/w-l-c.be\/fr\/\",\"name\":\"w-l-c\",\"description\":\"Le cin\u00e9ma vu par les belges\",\"potentialAction\":[{\"@type\":\"SearchAction\",\"target\":{\"@type\":\"EntryPoint\",\"urlTemplate\":\"https:\/\/w-l-c.be\/fr\/?s={search_term_string}\"},\"query-input\":\"required name=search_term_string\"}],\"inLanguage\":\"fr-FR\"},{\"@type\":\"Person\",\"@id\":\"https:\/\/w-l-c.be\/fr\/#\/schema\/person\/4b9b1d857f0943453a38a7c2859ef756\",\"name\":\"Philippe.Pierquin\",\"url\":\"https:\/\/w-l-c.be\/fr\/author\/philippe-pierquin\/\"}]}<\/script>\n<!-- \/ Yoast SEO plugin. -->","yoast_head_json":{"title":"Dead Man Talking au bagne - w-l-c","robots":{"index":"noindex","follow":"follow","max-snippet":"max-snippet:-1","max-image-preview":"max-image-preview:large","max-video-preview":"max-video-preview:-1"},"og_locale":"fr_FR","og_type":"article","og_title":"Dead Man Talking au bagne - w-l-c","og_description":"Un bagne? Mais non, c&rsquo;est juste pour le jeu de mots. C&rsquo;est au contraire dans une ambiance gaie et\u00a0chaleureuse que s&rsquo;est d\u00e9roul\u00e9e hier la projection du Film Dead Man Talking au Festival International du Film d\u2019Aubagne (nous y voil\u00e0) Article et photos du festival de notre correspondante r\u00e9gionale, Maryline Laurin.","og_url":"https:\/\/w-l-c.be\/fr\/dead-man-talking-au-bagne\/","og_site_name":"w-l-c","article_published_time":"2013-03-22T13:48:53+00:00","article_modified_time":"2013-05-29T20:01:22+00:00","og_image":[{"width":"3264","height":"2448","url":"https:\/\/w-l-c.be\/wp-content\/uploads\/2013\/03\/20130321_193028.jpg","type":"image\/jpeg"}],"author":"Philippe.Pierquin","twitter_card":"summary_large_image","twitter_misc":{"\u00c9crit par":"Philippe.Pierquin","Dur\u00e9e de lecture estim\u00e9e":"3 minutes"},"schema":{"@context":"https:\/\/schema.org","@graph":[{"@type":"WebPage","@id":"https:\/\/w-l-c.be\/fr\/dead-man-talking-au-bagne\/","url":"https:\/\/w-l-c.be\/fr\/dead-man-talking-au-bagne\/","name":"Dead Man Talking au bagne - w-l-c","isPartOf":{"@id":"https:\/\/w-l-c.be\/fr\/#website"},"datePublished":"2013-03-22T13:48:53+00:00","dateModified":"2013-05-29T20:01:22+00:00","author":{"@id":"https:\/\/w-l-c.be\/fr\/#\/schema\/person\/4b9b1d857f0943453a38a7c2859ef756"},"breadcrumb":{"@id":"https:\/\/w-l-c.be\/fr\/dead-man-talking-au-bagne\/#breadcrumb"},"inLanguage":"fr-FR","potentialAction":[{"@type":"ReadAction","target":["https:\/\/w-l-c.be\/fr\/dead-man-talking-au-bagne\/"]}]},{"@type":"BreadcrumbList","@id":"https:\/\/w-l-c.be\/fr\/dead-man-talking-au-bagne\/#breadcrumb","itemListElement":[{"@type":"ListItem","position":1,"name":"Accueil","item":"https:\/\/w-l-c.be\/fr\/"},{"@type":"ListItem","position":2,"name":"Dead Man Talking au bagne"}]},{"@type":"WebSite","@id":"https:\/\/w-l-c.be\/fr\/#website","url":"https:\/\/w-l-c.be\/fr\/","name":"w-l-c","description":"Le cin\u00e9ma vu par les belges","potentialAction":[{"@type":"SearchAction","target":{"@type":"EntryPoint","urlTemplate":"https:\/\/w-l-c.be\/fr\/?s={search_term_string}"},"query-input":"required name=search_term_string"}],"inLanguage":"fr-FR"},{"@type":"Person","@id":"https:\/\/w-l-c.be\/fr\/#\/schema\/person\/4b9b1d857f0943453a38a7c2859ef756","name":"Philippe.Pierquin","url":"https:\/\/w-l-c.be\/fr\/author\/philippe-pierquin\/"}]}},"_links":{"self":[{"href":"https:\/\/w-l-c.be\/fr\/wp-json\/wp\/v2\/posts\/39636","targetHints":{"allow":["GET"]}}],"collection":[{"href":"https:\/\/w-l-c.be\/fr\/wp-json\/wp\/v2\/posts"}],"about":[{"href":"https:\/\/w-l-c.be\/fr\/wp-json\/wp\/v2\/types\/post"}],"author":[{"embeddable":true,"href":"https:\/\/w-l-c.be\/fr\/wp-json\/wp\/v2\/users\/7"}],"replies":[{"embeddable":true,"href":"https:\/\/w-l-c.be\/fr\/wp-json\/wp\/v2\/comments?post=39636"}],"version-history":[{"count":0,"href":"https:\/\/w-l-c.be\/fr\/wp-json\/wp\/v2\/posts\/39636\/revisions"}],"wp:featuredmedia":[{"embeddable":true,"href":"https:\/\/w-l-c.be\/fr\/wp-json\/wp\/v2\/media\/39643"}],"wp:attachment":[{"href":"https:\/\/w-l-c.be\/fr\/wp-json\/wp\/v2\/media?parent=39636"}],"wp:term":[{"taxonomy":"category","embeddable":true,"href":"https:\/\/w-l-c.be\/fr\/wp-json\/wp\/v2\/categories?post=39636"},{"taxonomy":"post_tag","embeddable":true,"href":"https:\/\/w-l-c.be\/fr\/wp-json\/wp\/v2\/tags?post=39636"}],"curies":[{"name":"wp","href":"https:\/\/api.w.org\/{rel}","templated":true}]}}