
{"id":40191,"date":"2013-04-01T12:05:02","date_gmt":"2013-04-01T12:05:02","guid":{"rendered":"http:\/\/dev.cinevox.be\/?p=40191"},"modified":"2013-05-10T12:17:11","modified_gmt":"2013-05-10T12:17:11","slug":"pas-de-magritte-du-premier-film","status":"publish","type":"post","link":"https:\/\/w-l-c.be\/fr\/pas-de-magritte-du-premier-film\/","title":{"rendered":"Pas de Magritte du Premier film?"},"content":{"rendered":"<p>Stupeur et tremblements, comme dirait Am\u00e9lie : l\u2019op\u00e9ration Magritte du Premier film est provisoirement suspendue. En cause, la lev\u00e9e de boucliers d&rsquo;un groupe de r\u00e9alisateurs confirm\u00e9s, d\u00e9\u00e7us de ne pas pouvoir se confronter aux go\u00fbts du public.<img decoding=\"async\" title=\"More...\" alt=\"\" src=\"http:\/\/www.cinevox.be\/wp-includes\/js\/tinymce\/plugins\/wordpress\/img\/trans.gif\" \/><\/p>\n<p><!--more--><\/p>\n<p>&nbsp;<\/p>\n<p>&nbsp;<\/p>\n<p>\u00ab\u00a0Il n\u2019y a aucune raison que le public ne puisse voter que pour ces 12 longs m\u00e9trages\u00a0\u00bb, affirme \u00a0dans un communiqu\u00e9 un collectif de 15 cin\u00e9astes exp\u00e9riment\u00e9s.<\/p>\n<p>\u00ab\u00a0Chaque film est un nouveau d\u00e9part, une prise de risque, un premier film\u00a0\u00bb, a expliqu\u00e9 ce matin <strong>Joachim Lafosse<\/strong> lors d&rsquo;une conf\u00e9rence de presse qui a sorti du lit toute la profession.<\/p>\n<p>\u00ab\u00a0Tous les r\u00e9alisateurs sont des grands gamins dans leur t\u00eate. \u00c0 chaque fois, tu recommences \u00e0 tourner avec les yeux d\u2019un m\u00f4me innocent\u00a0\u00bb, a confirm\u00e9 <strong>Bouli Lanners<\/strong>. \u00ab\u00a0Pour moi, chaque tournage sera une premi\u00e8re fois.\u00a0\u00bb<\/p>\n<p>\u00ab\u00a0Chaque \u0153uvre n\u2019est que la version subjective d\u2019un autre qui a d\u00e9j\u00e0 exist\u00e9. Ou pas\u00a0\u00bb, conclut <strong>Jaco Van Dormael <\/strong>dans le texte commun publi\u00e9 ce matin.<\/p>\n<p>Des positions qui se d\u00e9fendent\u2026<\/p>\n<p>Pour <strong>Luc Dardenne<\/strong>, sortir ce communiqu\u00e9\u00a0 et organiser une conf\u00e9rence de presse aujourd&rsquo;hui est symbolique: \u00ab\u00a0comme pour la poule (de P\u00e2ques) et l&rsquo;\u0153uf on ne sait jamais quelle id\u00e9e est l\u00e0 avant l&rsquo;autre, laquelle est la cons\u00e9quence d&rsquo;une autre. Tout est dans tout. Et inversement. Il n&rsquo;y a eu qu&rsquo;un premier film dans l&rsquo;histoire du cin\u00e9ma. Et encore\u2026\u00a0\u00bb<\/p>\n<p>&nbsp;<\/p>\n<p>D&rsquo;apr\u00e8s nos informations, l\u2019Acad\u00e9mie Delvaux examine actuellement la possibilit\u00e9 de renommer le prix pour \u00e9viter tout conflit.<\/p>\n<p>\u00ab\u00a0Le Magritte du long m\u00e9trage r\u00e9alis\u00e9 par un r\u00e9alisateur qui n&rsquo;a pas encore r\u00e9alis\u00e9 de long m\u00e9trage avant\u00a0\u00bb est une option.<\/p>\n<p>Nous vous tiendrons rapidement inform\u00e9s des d\u00e9cisions prises. D\u2019ici l\u00e0, les votes et les projections sont suspendus.<\/p>\n<p>&nbsp;<\/p>\n","protected":false},"excerpt":{"rendered":"<p>Stupeur et tremblements, comme dirait Am\u00e9lie : l\u2019op\u00e9ration Magritte du Premier film est provisoirement suspendue. En cause, la lev\u00e9e de boucliers d&rsquo;un groupe de r\u00e9alisateurs confirm\u00e9s, d\u00e9\u00e7us de ne pas pouvoir se confronter aux go\u00fbts du public.<\/p>\n","protected":false},"author":7,"featured_media":40194,"comment_status":"closed","ping_status":"closed","sticky":false,"template":"","format":"standard","meta":{"ngg_post_thumbnail":0,"footnotes":""},"categories":[12,7],"tags":[],"class_list":["post-40191","post","type-post","status-publish","format-standard","has-post-thumbnail","","category-awards","category-actualites"],"yoast_head":"<!-- This site is optimized with the Yoast SEO plugin v20.4 - https:\/\/yoast.com\/wordpress\/plugins\/seo\/ -->\n<title>Pas de Magritte du Premier film? - w-l-c<\/title>\n<meta name=\"robots\" content=\"noindex, follow, max-snippet:-1, max-image-preview:large, max-video-preview:-1\" \/>\n<meta property=\"og:locale\" content=\"fr_FR\" \/>\n<meta property=\"og:type\" content=\"article\" \/>\n<meta property=\"og:title\" content=\"Pas de Magritte du Premier film? - w-l-c\" \/>\n<meta property=\"og:description\" content=\"Stupeur et tremblements, comme dirait Am\u00e9lie : l\u2019op\u00e9ration Magritte du Premier film est provisoirement suspendue. En cause, la lev\u00e9e de boucliers d&rsquo;un groupe de r\u00e9alisateurs confirm\u00e9s, d\u00e9\u00e7us de ne pas pouvoir se confronter aux go\u00fbts du public.\" \/>\n<meta property=\"og:url\" content=\"https:\/\/w-l-c.be\/fr\/pas-de-magritte-du-premier-film\/\" \/>\n<meta property=\"og:site_name\" content=\"w-l-c\" \/>\n<meta property=\"article:published_time\" content=\"2013-04-01T12:05:02+00:00\" \/>\n<meta property=\"article:modified_time\" content=\"2013-05-10T12:17:11+00:00\" \/>\n<meta property=\"og:image\" content=\"https:\/\/w-l-c.be\/wp-content\/uploads\/2013\/04\/IMAGELLAN_00003465-0771.jpg\" \/>\n\t<meta property=\"og:image:width\" content=\"2602\" \/>\n\t<meta property=\"og:image:height\" content=\"1836\" \/>\n\t<meta property=\"og:image:type\" content=\"image\/jpeg\" \/>\n<meta name=\"author\" content=\"Philippe.Pierquin\" \/>\n<meta name=\"twitter:card\" content=\"summary_large_image\" \/>\n<meta name=\"twitter:label1\" content=\"\u00c9crit par\" \/>\n\t<meta name=\"twitter:data1\" content=\"Philippe.Pierquin\" \/>\n\t<meta name=\"twitter:label2\" content=\"Dur\u00e9e de lecture estim\u00e9e\" \/>\n\t<meta name=\"twitter:data2\" content=\"2 minutes\" \/>\n<script type=\"application\/ld+json\" class=\"yoast-schema-graph\">{\"@context\":\"https:\/\/schema.org\",\"@graph\":[{\"@type\":\"WebPage\",\"@id\":\"https:\/\/w-l-c.be\/fr\/pas-de-magritte-du-premier-film\/\",\"url\":\"https:\/\/w-l-c.be\/fr\/pas-de-magritte-du-premier-film\/\",\"name\":\"Pas de Magritte du Premier film? - w-l-c\",\"isPartOf\":{\"@id\":\"https:\/\/w-l-c.be\/fr\/#website\"},\"datePublished\":\"2013-04-01T12:05:02+00:00\",\"dateModified\":\"2013-05-10T12:17:11+00:00\",\"author\":{\"@id\":\"https:\/\/w-l-c.be\/fr\/#\/schema\/person\/4b9b1d857f0943453a38a7c2859ef756\"},\"breadcrumb\":{\"@id\":\"https:\/\/w-l-c.be\/fr\/pas-de-magritte-du-premier-film\/#breadcrumb\"},\"inLanguage\":\"fr-FR\",\"potentialAction\":[{\"@type\":\"ReadAction\",\"target\":[\"https:\/\/w-l-c.be\/fr\/pas-de-magritte-du-premier-film\/\"]}]},{\"@type\":\"BreadcrumbList\",\"@id\":\"https:\/\/w-l-c.be\/fr\/pas-de-magritte-du-premier-film\/#breadcrumb\",\"itemListElement\":[{\"@type\":\"ListItem\",\"position\":1,\"name\":\"Accueil\",\"item\":\"https:\/\/w-l-c.be\/fr\/\"},{\"@type\":\"ListItem\",\"position\":2,\"name\":\"Pas de Magritte du Premier film?\"}]},{\"@type\":\"WebSite\",\"@id\":\"https:\/\/w-l-c.be\/fr\/#website\",\"url\":\"https:\/\/w-l-c.be\/fr\/\",\"name\":\"w-l-c\",\"description\":\"Le cin\u00e9ma vu par les belges\",\"potentialAction\":[{\"@type\":\"SearchAction\",\"target\":{\"@type\":\"EntryPoint\",\"urlTemplate\":\"https:\/\/w-l-c.be\/fr\/?s={search_term_string}\"},\"query-input\":\"required name=search_term_string\"}],\"inLanguage\":\"fr-FR\"},{\"@type\":\"Person\",\"@id\":\"https:\/\/w-l-c.be\/fr\/#\/schema\/person\/4b9b1d857f0943453a38a7c2859ef756\",\"name\":\"Philippe.Pierquin\",\"url\":\"https:\/\/w-l-c.be\/fr\/author\/philippe-pierquin\/\"}]}<\/script>\n<!-- \/ Yoast SEO plugin. -->","yoast_head_json":{"title":"Pas de Magritte du Premier film? - w-l-c","robots":{"index":"noindex","follow":"follow","max-snippet":"max-snippet:-1","max-image-preview":"max-image-preview:large","max-video-preview":"max-video-preview:-1"},"og_locale":"fr_FR","og_type":"article","og_title":"Pas de Magritte du Premier film? - w-l-c","og_description":"Stupeur et tremblements, comme dirait Am\u00e9lie : l\u2019op\u00e9ration Magritte du Premier film est provisoirement suspendue. En cause, la lev\u00e9e de boucliers d&rsquo;un groupe de r\u00e9alisateurs confirm\u00e9s, d\u00e9\u00e7us de ne pas pouvoir se confronter aux go\u00fbts du public.","og_url":"https:\/\/w-l-c.be\/fr\/pas-de-magritte-du-premier-film\/","og_site_name":"w-l-c","article_published_time":"2013-04-01T12:05:02+00:00","article_modified_time":"2013-05-10T12:17:11+00:00","og_image":[{"width":2602,"height":1836,"url":"https:\/\/w-l-c.be\/wp-content\/uploads\/2013\/04\/IMAGELLAN_00003465-0771.jpg","type":"image\/jpeg"}],"author":"Philippe.Pierquin","twitter_card":"summary_large_image","twitter_misc":{"\u00c9crit par":"Philippe.Pierquin","Dur\u00e9e de lecture estim\u00e9e":"2 minutes"},"schema":{"@context":"https:\/\/schema.org","@graph":[{"@type":"WebPage","@id":"https:\/\/w-l-c.be\/fr\/pas-de-magritte-du-premier-film\/","url":"https:\/\/w-l-c.be\/fr\/pas-de-magritte-du-premier-film\/","name":"Pas de Magritte du Premier film? - w-l-c","isPartOf":{"@id":"https:\/\/w-l-c.be\/fr\/#website"},"datePublished":"2013-04-01T12:05:02+00:00","dateModified":"2013-05-10T12:17:11+00:00","author":{"@id":"https:\/\/w-l-c.be\/fr\/#\/schema\/person\/4b9b1d857f0943453a38a7c2859ef756"},"breadcrumb":{"@id":"https:\/\/w-l-c.be\/fr\/pas-de-magritte-du-premier-film\/#breadcrumb"},"inLanguage":"fr-FR","potentialAction":[{"@type":"ReadAction","target":["https:\/\/w-l-c.be\/fr\/pas-de-magritte-du-premier-film\/"]}]},{"@type":"BreadcrumbList","@id":"https:\/\/w-l-c.be\/fr\/pas-de-magritte-du-premier-film\/#breadcrumb","itemListElement":[{"@type":"ListItem","position":1,"name":"Accueil","item":"https:\/\/w-l-c.be\/fr\/"},{"@type":"ListItem","position":2,"name":"Pas de Magritte du Premier film?"}]},{"@type":"WebSite","@id":"https:\/\/w-l-c.be\/fr\/#website","url":"https:\/\/w-l-c.be\/fr\/","name":"w-l-c","description":"Le cin\u00e9ma vu par les belges","potentialAction":[{"@type":"SearchAction","target":{"@type":"EntryPoint","urlTemplate":"https:\/\/w-l-c.be\/fr\/?s={search_term_string}"},"query-input":"required name=search_term_string"}],"inLanguage":"fr-FR"},{"@type":"Person","@id":"https:\/\/w-l-c.be\/fr\/#\/schema\/person\/4b9b1d857f0943453a38a7c2859ef756","name":"Philippe.Pierquin","url":"https:\/\/w-l-c.be\/fr\/author\/philippe-pierquin\/"}]}},"_links":{"self":[{"href":"https:\/\/w-l-c.be\/fr\/wp-json\/wp\/v2\/posts\/40191","targetHints":{"allow":["GET"]}}],"collection":[{"href":"https:\/\/w-l-c.be\/fr\/wp-json\/wp\/v2\/posts"}],"about":[{"href":"https:\/\/w-l-c.be\/fr\/wp-json\/wp\/v2\/types\/post"}],"author":[{"embeddable":true,"href":"https:\/\/w-l-c.be\/fr\/wp-json\/wp\/v2\/users\/7"}],"replies":[{"embeddable":true,"href":"https:\/\/w-l-c.be\/fr\/wp-json\/wp\/v2\/comments?post=40191"}],"version-history":[{"count":0,"href":"https:\/\/w-l-c.be\/fr\/wp-json\/wp\/v2\/posts\/40191\/revisions"}],"wp:featuredmedia":[{"embeddable":true,"href":"https:\/\/w-l-c.be\/fr\/wp-json\/wp\/v2\/media\/40194"}],"wp:attachment":[{"href":"https:\/\/w-l-c.be\/fr\/wp-json\/wp\/v2\/media?parent=40191"}],"wp:term":[{"taxonomy":"category","embeddable":true,"href":"https:\/\/w-l-c.be\/fr\/wp-json\/wp\/v2\/categories?post=40191"},{"taxonomy":"post_tag","embeddable":true,"href":"https:\/\/w-l-c.be\/fr\/wp-json\/wp\/v2\/tags?post=40191"}],"curies":[{"name":"wp","href":"https:\/\/api.w.org\/{rel}","templated":true}]}}