
{"id":40274,"date":"2013-04-17T14:16:55","date_gmt":"2013-04-17T14:16:55","guid":{"rendered":"http:\/\/dev.cinevox.be\/?p=40274"},"modified":"2013-05-29T20:00:55","modified_gmt":"2013-05-29T20:00:55","slug":"20-000e-pour-faire-rever-deurope","status":"publish","type":"post","link":"https:\/\/w-l-c.be\/fr\/20-000e-pour-faire-rever-deurope\/","title":{"rendered":"20.000\u20ac pour faire r\u00eaver d\u2019Europe"},"content":{"rendered":"<p>La Commission europ\u00e9enne du tourisme est \u00e0 la recherche d\u2019un nouveau r\u00e9alisateur qui sera capable de cr\u00e9er un court m\u00e9trage original et percutant pour promouvoir l\u2019Europe comme destination touristique aupr\u00e8s du reste du monde. Si vous r\u00eavez de r\u00e9aliser un grand film\u2026 et de sillonner le continent, ceci est une r\u00e9elle opportunit\u00e9.<img decoding=\"async\" title=\"More...\" alt=\"\" src=\"http:\/\/www.cinevox.be\/wp-includes\/js\/tinymce\/plugins\/wordpress\/img\/trans.gif\" \/><!--more--><\/p>\n<p>&nbsp;<\/p>\n<p>Comment pouvez-vous saisir l\u2019essence du continent en trois minutes? Pensez-vous pouvoir le faire? The European Travel Commission est \u00e0 la recherche d\u2019une id\u00e9e de film de trois minutes. Brillantes, inspirantes et captivantes. Le film pourra \u00eatre dr\u00f4le, \u00e9mouvant ou provocateur &#8211; le choix est le v\u00f4tre.<\/p>\n<p>&nbsp;<\/p>\n<p><a href=\"http:\/\/www.cinevox.be\/20-000e-pour-faire-rever-d%e2%80%99europe\/dsc00698\" rel=\"attachment wp-att-41326\"><img loading=\"lazy\" decoding=\"async\" title=\"DSC00698\" alt=\"\" src=\"http:\/\/www.cinevox.be\/wp-content\/uploads\/2013\/04\/DSC00698.jpg\" width=\"1200\" height=\"900\" \/><\/a><\/p>\n<p>&nbsp;<\/p>\n<p>Il pourra \u00eatre dramatique, documentaire ou d\u2019animation &#8211; ou un m\u00e9lange de tout cela. L\u2019important est l\u2019impact et la cr\u00e9ativit\u00e9.<\/p>\n<p>&nbsp;<\/p>\n<p>Le film gagnant sera distribu\u00e9 dans le monde entier par l\u2019interm\u00e9diaire du web et des vitrines vivantes. Ceci est peut-\u00eatre votre chance de vous \u00e9tablir comme un nouveau r\u00e9alisateur de talent\u2026 sur la sc\u00e8ne mondiale!<\/p>\n<p>&nbsp;<\/p>\n<p><a href=\"http:\/\/www.cinevox.be\/20-000e-pour-faire-rever-d%e2%80%99europe\/dsc03625\" rel=\"attachment wp-att-41327\"><img loading=\"lazy\" decoding=\"async\" title=\"DSC03625\" alt=\"\" src=\"http:\/\/www.cinevox.be\/wp-content\/uploads\/2013\/04\/DSC03625.jpg\" width=\"1146\" height=\"264\" \/><\/a><\/p>\n<p>&nbsp;<\/p>\n<p>En collaboration avec la Commission europ\u00e9enne et Screen South, la Commission europ\u00e9enne du tourisme vous invite d\u00e8s aujourd&rsquo;hui \u00e0 soumettre votre id\u00e9e de court-m\u00e9trage pour cette comp\u00e9tition Euroshorts \u00ab\u00a0Never-Ending Journey\u00a0\u00bb. Le cin\u00e9aste laur\u00e9at sera invit\u00e9 \u00e0 voyager \u00e0 travers l\u2019Europe pour filmer son court-m\u00e9trage, qui sera promu \u00e0 travers le monde. Elle est ouverte aux cin\u00e9astes europ\u00e9ens qui ont plus de 18 ans. Chacun devra se conformer aux crit\u00e8res d\u2019admissibilit\u00e9. Pour participer au concours, vous devez fournir un sc\u00e9nario qui capte l\u2019id\u00e9e de \u00ab\u00a0l\u2019Europe &#8211; A Journey Never-Ending.\u00a0\u00bb<\/p>\n<p>&nbsp;<\/p>\n<p><a href=\"http:\/\/www.cinevox.be\/20-000e-pour-faire-rever-d%e2%80%99europe\/dsc01522\" rel=\"attachment wp-att-41334\"><img loading=\"lazy\" decoding=\"async\" title=\"DSC01522\" alt=\"\" src=\"http:\/\/www.cinevox.be\/wp-content\/uploads\/2013\/04\/DSC01522.jpg\" width=\"1200\" height=\"666\" \/><\/a><\/p>\n<p>&nbsp;<\/p>\n<p>Le concours s\u2019articulera en trois phases :<\/p>\n<ol>\n<li>Jusqu\u2019\u00e0 10 gagnants potentiels seront s\u00e9lectionn\u00e9s sur base des premiers envois. Ils auront la chance de promouvoir leur proposition en ligne. Le sc\u00e9nario qui recevra le plus grand nombre de votes du public est assur\u00e9 d\u2019avoir une place dans la short liste.<\/li>\n<\/ol>\n<p>&nbsp;<\/p>\n<ol>\n<li>Une liste de 5 finalistes sera constitu\u00e9e. Chacun sera invit\u00e9 \u00e0 participer \u00e0 un entretien \u00e0 Bruxelles avec un panel d\u2019experts comprenant un Academy Award-winning r\u00e9alisateur, un certain Sir Alan Parker pour ne pas le nommer.<br \/>\nPhilippe Reynaert, pr\u00e9sident de Wallimage et de Cine Regio sera aux c\u00f4t\u00e9s du r\u00e9alisateur de <em>The Wall<\/em> ou Birdy avec Graham Benson, pr\u00e9sident de South Screen.<\/li>\n<\/ol>\n<p>&nbsp;<\/p>\n<p><a href=\"http:\/\/www.cinevox.be\/20-000e-pour-faire-rever-d%e2%80%99europe\/img_2730\" rel=\"attachment wp-att-41328\"><img loading=\"lazy\" decoding=\"async\" title=\"IMG_2730\" alt=\"\" src=\"http:\/\/www.cinevox.be\/wp-content\/uploads\/2013\/04\/IMG_2730.jpg\" width=\"1200\" height=\"708\" \/><\/a><\/p>\n<p>&nbsp;<\/p>\n<p>Le vainqueur sera s\u00e9lectionn\u00e9 sur base de son id\u00e9e et de sa capacit\u00e9 \u00e0 livrer.<\/p>\n<p>Pour transformer son synopsis en un film de 3 minutes, le gagnant re\u00e7oit un pass InterRail de premi\u00e8re classe pour lui et les membres cl\u00e9 de son \u00e9quipe. Plus un budget (maximum) de 20000 \u20ac.<\/p>\n<p>&nbsp;<\/p>\n<p>Int\u00e9ress\u00e9? Vous avez jusqu\u2019au 13 mai pour peaufiner, \u00e9crire et envoyer votre sc\u00e9nario. Les explications pratiques et le formulaire de participation sont sur le site officiel (en anglais), accessible <a href=\"http:\/\/www.euroshorts-films.com\/\">ICI<\/a>.<\/p>\n<p>&nbsp;<\/p>\n<p>&nbsp;<\/p>\n","protected":false},"excerpt":{"rendered":"<p>La Commission europ\u00e9enne du tourisme est \u00e0 la recherche d\u2019un nouveau r\u00e9alisateur qui sera capable de cr\u00e9er un court m\u00e9trage original et percutant pour promouvoir l\u2019Europe comme destination touristique aupr\u00e8s du reste du monde. Si vous r\u00eavez de r\u00e9aliser un grand film\u2026 et de sillonner le continent, ceci est une r\u00e9elle opportunit\u00e9.<\/p>\n","protected":false},"author":7,"featured_media":40276,"comment_status":"closed","ping_status":"closed","sticky":false,"template":"","format":"standard","meta":{"ngg_post_thumbnail":0,"footnotes":""},"categories":[1923,7],"tags":[],"class_list":["post-40274","post","type-post","status-publish","format-standard","has-post-thumbnail","","category-en-bref","category-actualites"],"yoast_head":"<!-- This site is optimized with the Yoast SEO plugin v20.4 - https:\/\/yoast.com\/wordpress\/plugins\/seo\/ -->\n<title>20.000\u20ac pour faire r\u00eaver d\u2019Europe - w-l-c<\/title>\n<meta name=\"robots\" content=\"noindex, follow, max-snippet:-1, max-image-preview:large, max-video-preview:-1\" \/>\n<meta property=\"og:locale\" content=\"fr_FR\" \/>\n<meta property=\"og:type\" content=\"article\" \/>\n<meta property=\"og:title\" content=\"20.000\u20ac pour faire r\u00eaver d\u2019Europe - w-l-c\" \/>\n<meta property=\"og:description\" content=\"La Commission europ\u00e9enne du tourisme est \u00e0 la recherche d\u2019un nouveau r\u00e9alisateur qui sera capable de cr\u00e9er un court m\u00e9trage original et percutant pour promouvoir l\u2019Europe comme destination touristique aupr\u00e8s du reste du monde. Si vous r\u00eavez de r\u00e9aliser un grand film\u2026 et de sillonner le continent, ceci est une r\u00e9elle opportunit\u00e9.\" \/>\n<meta property=\"og:url\" content=\"https:\/\/w-l-c.be\/fr\/20-000e-pour-faire-rever-deurope\/\" \/>\n<meta property=\"og:site_name\" content=\"w-l-c\" \/>\n<meta property=\"article:published_time\" content=\"2013-04-17T14:16:55+00:00\" \/>\n<meta property=\"article:modified_time\" content=\"2013-05-29T20:00:55+00:00\" \/>\n<meta property=\"og:image\" content=\"https:\/\/w-l-c.be\/wp-content\/uploads\/2013\/05\/IMG_2066.jpg\" \/>\n\t<meta property=\"og:image:width\" content=\"1200\" \/>\n\t<meta property=\"og:image:height\" content=\"800\" \/>\n\t<meta property=\"og:image:type\" content=\"image\/jpeg\" \/>\n<meta name=\"author\" content=\"Philippe.Pierquin\" \/>\n<meta name=\"twitter:card\" content=\"summary_large_image\" \/>\n<meta name=\"twitter:label1\" content=\"\u00c9crit par\" \/>\n\t<meta name=\"twitter:data1\" content=\"Philippe.Pierquin\" \/>\n\t<meta name=\"twitter:label2\" content=\"Dur\u00e9e de lecture estim\u00e9e\" \/>\n\t<meta name=\"twitter:data2\" content=\"2 minutes\" \/>\n<script type=\"application\/ld+json\" class=\"yoast-schema-graph\">{\"@context\":\"https:\/\/schema.org\",\"@graph\":[{\"@type\":\"WebPage\",\"@id\":\"https:\/\/w-l-c.be\/fr\/20-000e-pour-faire-rever-deurope\/\",\"url\":\"https:\/\/w-l-c.be\/fr\/20-000e-pour-faire-rever-deurope\/\",\"name\":\"20.000\u20ac pour faire r\u00eaver d\u2019Europe - w-l-c\",\"isPartOf\":{\"@id\":\"https:\/\/w-l-c.be\/fr\/#website\"},\"datePublished\":\"2013-04-17T14:16:55+00:00\",\"dateModified\":\"2013-05-29T20:00:55+00:00\",\"author\":{\"@id\":\"https:\/\/w-l-c.be\/fr\/#\/schema\/person\/4b9b1d857f0943453a38a7c2859ef756\"},\"breadcrumb\":{\"@id\":\"https:\/\/w-l-c.be\/fr\/20-000e-pour-faire-rever-deurope\/#breadcrumb\"},\"inLanguage\":\"fr-FR\",\"potentialAction\":[{\"@type\":\"ReadAction\",\"target\":[\"https:\/\/w-l-c.be\/fr\/20-000e-pour-faire-rever-deurope\/\"]}]},{\"@type\":\"BreadcrumbList\",\"@id\":\"https:\/\/w-l-c.be\/fr\/20-000e-pour-faire-rever-deurope\/#breadcrumb\",\"itemListElement\":[{\"@type\":\"ListItem\",\"position\":1,\"name\":\"Accueil\",\"item\":\"https:\/\/w-l-c.be\/fr\/\"},{\"@type\":\"ListItem\",\"position\":2,\"name\":\"20.000\u20ac pour faire r\u00eaver d\u2019Europe\"}]},{\"@type\":\"WebSite\",\"@id\":\"https:\/\/w-l-c.be\/fr\/#website\",\"url\":\"https:\/\/w-l-c.be\/fr\/\",\"name\":\"w-l-c\",\"description\":\"Le cin\u00e9ma vu par les belges\",\"potentialAction\":[{\"@type\":\"SearchAction\",\"target\":{\"@type\":\"EntryPoint\",\"urlTemplate\":\"https:\/\/w-l-c.be\/fr\/?s={search_term_string}\"},\"query-input\":\"required name=search_term_string\"}],\"inLanguage\":\"fr-FR\"},{\"@type\":\"Person\",\"@id\":\"https:\/\/w-l-c.be\/fr\/#\/schema\/person\/4b9b1d857f0943453a38a7c2859ef756\",\"name\":\"Philippe.Pierquin\",\"url\":\"https:\/\/w-l-c.be\/fr\/author\/philippe-pierquin\/\"}]}<\/script>\n<!-- \/ Yoast SEO plugin. -->","yoast_head_json":{"title":"20.000\u20ac pour faire r\u00eaver d\u2019Europe - w-l-c","robots":{"index":"noindex","follow":"follow","max-snippet":"max-snippet:-1","max-image-preview":"max-image-preview:large","max-video-preview":"max-video-preview:-1"},"og_locale":"fr_FR","og_type":"article","og_title":"20.000\u20ac pour faire r\u00eaver d\u2019Europe - w-l-c","og_description":"La Commission europ\u00e9enne du tourisme est \u00e0 la recherche d\u2019un nouveau r\u00e9alisateur qui sera capable de cr\u00e9er un court m\u00e9trage original et percutant pour promouvoir l\u2019Europe comme destination touristique aupr\u00e8s du reste du monde. Si vous r\u00eavez de r\u00e9aliser un grand film\u2026 et de sillonner le continent, ceci est une r\u00e9elle opportunit\u00e9.","og_url":"https:\/\/w-l-c.be\/fr\/20-000e-pour-faire-rever-deurope\/","og_site_name":"w-l-c","article_published_time":"2013-04-17T14:16:55+00:00","article_modified_time":"2013-05-29T20:00:55+00:00","og_image":[{"width":1200,"height":800,"url":"https:\/\/w-l-c.be\/wp-content\/uploads\/2013\/05\/IMG_2066.jpg","type":"image\/jpeg"}],"author":"Philippe.Pierquin","twitter_card":"summary_large_image","twitter_misc":{"\u00c9crit par":"Philippe.Pierquin","Dur\u00e9e de lecture estim\u00e9e":"2 minutes"},"schema":{"@context":"https:\/\/schema.org","@graph":[{"@type":"WebPage","@id":"https:\/\/w-l-c.be\/fr\/20-000e-pour-faire-rever-deurope\/","url":"https:\/\/w-l-c.be\/fr\/20-000e-pour-faire-rever-deurope\/","name":"20.000\u20ac pour faire r\u00eaver d\u2019Europe - w-l-c","isPartOf":{"@id":"https:\/\/w-l-c.be\/fr\/#website"},"datePublished":"2013-04-17T14:16:55+00:00","dateModified":"2013-05-29T20:00:55+00:00","author":{"@id":"https:\/\/w-l-c.be\/fr\/#\/schema\/person\/4b9b1d857f0943453a38a7c2859ef756"},"breadcrumb":{"@id":"https:\/\/w-l-c.be\/fr\/20-000e-pour-faire-rever-deurope\/#breadcrumb"},"inLanguage":"fr-FR","potentialAction":[{"@type":"ReadAction","target":["https:\/\/w-l-c.be\/fr\/20-000e-pour-faire-rever-deurope\/"]}]},{"@type":"BreadcrumbList","@id":"https:\/\/w-l-c.be\/fr\/20-000e-pour-faire-rever-deurope\/#breadcrumb","itemListElement":[{"@type":"ListItem","position":1,"name":"Accueil","item":"https:\/\/w-l-c.be\/fr\/"},{"@type":"ListItem","position":2,"name":"20.000\u20ac pour faire r\u00eaver d\u2019Europe"}]},{"@type":"WebSite","@id":"https:\/\/w-l-c.be\/fr\/#website","url":"https:\/\/w-l-c.be\/fr\/","name":"w-l-c","description":"Le cin\u00e9ma vu par les belges","potentialAction":[{"@type":"SearchAction","target":{"@type":"EntryPoint","urlTemplate":"https:\/\/w-l-c.be\/fr\/?s={search_term_string}"},"query-input":"required name=search_term_string"}],"inLanguage":"fr-FR"},{"@type":"Person","@id":"https:\/\/w-l-c.be\/fr\/#\/schema\/person\/4b9b1d857f0943453a38a7c2859ef756","name":"Philippe.Pierquin","url":"https:\/\/w-l-c.be\/fr\/author\/philippe-pierquin\/"}]}},"_links":{"self":[{"href":"https:\/\/w-l-c.be\/fr\/wp-json\/wp\/v2\/posts\/40274","targetHints":{"allow":["GET"]}}],"collection":[{"href":"https:\/\/w-l-c.be\/fr\/wp-json\/wp\/v2\/posts"}],"about":[{"href":"https:\/\/w-l-c.be\/fr\/wp-json\/wp\/v2\/types\/post"}],"author":[{"embeddable":true,"href":"https:\/\/w-l-c.be\/fr\/wp-json\/wp\/v2\/users\/7"}],"replies":[{"embeddable":true,"href":"https:\/\/w-l-c.be\/fr\/wp-json\/wp\/v2\/comments?post=40274"}],"version-history":[{"count":0,"href":"https:\/\/w-l-c.be\/fr\/wp-json\/wp\/v2\/posts\/40274\/revisions"}],"wp:featuredmedia":[{"embeddable":true,"href":"https:\/\/w-l-c.be\/fr\/wp-json\/wp\/v2\/media\/40276"}],"wp:attachment":[{"href":"https:\/\/w-l-c.be\/fr\/wp-json\/wp\/v2\/media?parent=40274"}],"wp:term":[{"taxonomy":"category","embeddable":true,"href":"https:\/\/w-l-c.be\/fr\/wp-json\/wp\/v2\/categories?post=40274"},{"taxonomy":"post_tag","embeddable":true,"href":"https:\/\/w-l-c.be\/fr\/wp-json\/wp\/v2\/tags?post=40274"}],"curies":[{"name":"wp","href":"https:\/\/api.w.org\/{rel}","templated":true}]}}