
{"id":40403,"date":"2013-05-06T16:41:23","date_gmt":"2013-05-06T16:41:23","guid":{"rendered":"http:\/\/dev.cinevox.be\/?p=40403"},"modified":"2013-05-23T08:55:19","modified_gmt":"2013-05-23T08:55:19","slug":"nono-leuropeen","status":"publish","type":"post","link":"https:\/\/w-l-c.be\/fr\/nono-leuropeen\/","title":{"rendered":"Nono l\u2019Europ\u00e9en"},"content":{"rendered":"<p>L\u2019European Film Academy d\u00e9cerne chaque ann\u00e9e les European film Awards. Le 1<sup>er<\/sup> d\u00e9cembre 2012 \u00e0 Malte, <em>Hasta La Vista<\/em> y avait remport\u00e9 le prix du public europ\u00e9en, une r\u00e9compense aussi prestigieuse qu\u2019inattendue pour un film qui n\u2019\u00e9tait pas sorti dans de tr\u00e8s nombreux territoires. Sur un autre mode, L\u2019EFA organise aussi l\u2019European Film Academy Young Audience Award. Qui vient tout juste d&rsquo;\u00eatre d\u00e9cern\u00e9.<\/p>\n<p>&nbsp;<\/p>\n<p>Grande nouvelle, c\u2019est un encore autre long m\u00e9trage belge qui vient d&rsquo;\u00eatre distingu\u00e9 au niveau europ\u00e9en : <em>Nono Het Zig Zag Kid<\/em> de <strong>Vincent Bal<\/strong> a remport\u00e9 de main de ma\u00eetre ce prix jeune public.<!--more--><\/p>\n<p>&nbsp;<\/p>\n<p>&nbsp;<\/p>\n<p><a href=\"http:\/\/www.cinevox.be\/nono-eba\/images-52\" rel=\"attachment wp-att-42762\"><img loading=\"lazy\" decoding=\"async\" class=\"alignright size-full wp-image-42762\" title=\"images\" alt=\"\" src=\"http:\/\/www.cinevox.be\/wp-content\/uploads\/2013\/05\/images.jpg\" width=\"188\" height=\"268\" \/><\/a>Caract\u00e9ristique int\u00e9ressante : le laur\u00e9at de cette comp\u00e9tition est \u00e9lu par un public de jeunes spectateurs \u00e2g\u00e9s de 12 \u00e0 14 ans issus de neuf villes europ\u00e9ennes : Copenhague (Danemark), Erfurt (Allemagne), Izola (Slov\u00e9nie), Londres (Grande-Bretagne), Riga (Lettonie), Sofia (Bulgarie), Turin (Italie), La Valette (Malte) et Wroclaw (Pologne). Ils sont en tout 600 jeunes cin\u00e9philes \u00e0 avoir regard\u00e9 les trois \u0153uvres nomin\u00e9es lors d\u2019une journ\u00e9e sp\u00e9ciale baptis\u00e9e Young Audience Film Day. \u00c0 l\u2019issue des projections, ils ont eu l\u2019opportunit\u00e9 de discuter des m\u00e9rites de chacun avant d\u2019\u00e9lire leur favori.<\/p>\n<p>De fa\u00e7on assez surprenante, les deux autres candidats au titre \u00e9taient <em>Le Magasin des suicides<\/em> (une autre coproduction belge sous la f\u00e9rule d\u2019<em>Entre Chien et Loup<\/em>) et le spectaculaire <em>Upsidedown. <\/em>Deux films qu\u2019on imaginait plut\u00f4t tourn\u00e9s pour un public plus adulte.<\/p>\n<p>&nbsp;<\/p>\n<p>Les r\u00e9sultats ont \u00e9t\u00e9 annonc\u00e9s ce dimanche \u00e0 l\u2019occasion d\u2019une vid\u00e9o-conf\u00e9rence en direct sur Skype \u00e0 Erfurt (Allemagne). C\u2019est le pr\u00e9sentateur t\u00e9l\u00e9 allemand Ben qui a anim\u00e9 la c\u00e9r\u00e9monie de remise des prix diffus\u00e9e en live streaming sur internet. Les porte-parole allemands des jurys, Lisa (14 ans) et Neal (13 ans) ont remis leur prix \u00e0 Vincent Bal qui a remerci\u00e9 les jurys de toutes les villes ainsi que tous ceux qui ont travaill\u00e9 sur le film, sa famille et, tout particuli\u00e8rement, ses enfants.<\/p>\n<p>&nbsp;<\/p>\n<p style=\"text-align: right;\"><a href=\"http:\/\/www.cinevox.be\/nono-eba\/080213_mk_0001_img_fix_1200x800\" rel=\"attachment wp-att-42763\"><img loading=\"lazy\" decoding=\"async\" class=\"size-full wp-image-42763 aligncenter\" title=\"080213_MK_0001_IMG_FIX_1200x800\" alt=\"\" src=\"http:\/\/www.cinevox.be\/wp-content\/uploads\/2013\/05\/080213_MK_0001_IMG_FIX_1200x800.jpg\" width=\"1200\" height=\"798\" \/><\/a><em>[Toute l&rsquo;\u00e9quipe du film au Festival de Berlin]<\/em><\/p>\n<p>&nbsp;<\/p>\n<p>Pour sa seconde \u00e9dition, cette initiative sp\u00e9ciale a \u00e9t\u00e9 r\u00e9alis\u00e9e avec l\u2019aide d\u2019un r\u00e9seau r\u00e9unissant neuf partenaires : BFI British Film Institute, Danish Film Institute, Deutsche Kindermedienstiftung Goldener Spatz (Allemagne), Latvian Film Centre, MEDIA Desk Malta, National Cinema Museum (Italie), New Horizons Association in Wroclaw (Pologne), Otok Institute for developing film culture (Slov\u00e9nie) et Sofia International Film Festival (Bulgarie).<\/p>\n<p>&nbsp;<\/p>\n<p>Adapt\u00e9 d\u2019un roman de l\u2019Isra\u00e9lien <strong>David Grossman<\/strong>, transpos\u00e9 en Europe entre la Hollande et le sud de la France, <em>The Zig-Zag Kid<\/em>, 3e long m\u00e9trage de Vincent Bal, raconte les (m\u00e9s)aventures inattendues de Nono, 13ans, qui aimerait \u00eatre comme son p\u00e8re, le meilleur flic du monde. Mais sa principale caract\u00e9ristique est plut\u00f4t de toujours trouver le moyen de se fourrer dans les pires ennuis. Deux jours avant sa bar-mitsvah, ses parents le confient \u00e0 son oncle charg\u00e9 de remettre Nono dans le droit chemin. Pourtant, fid\u00e8le \u00e0 sa r\u00e9putation, Nono profite du voyage pour rencontrer F\u00e9lix Glick, gentleman cambrioleur et vieille connaissance de son paternel. \u00c0 ses c\u00f4t\u00e9s, il va d\u00e9couvrir le monde de myst\u00e8re, de poursuites, de d\u00e9guisements, de chansons fran\u00e7aises. Sans oublier Zohara, une femme \u00e9nigmatique qui livrera \u00e0 Nono un secret qui changera sa vie \u00e0 jamais.<\/p>\n<p>&nbsp;<\/p>\n<p><a href=\"http:\/\/www.cinevox.be\/nono-eba\/2405_nono-het-zigzag-kind\" rel=\"attachment wp-att-42767\"><img loading=\"lazy\" decoding=\"async\" class=\"aligncenter size-full wp-image-42767\" title=\"2405_Nono, Het Zigzag Kind\" alt=\"\" src=\"http:\/\/www.cinevox.be\/wp-content\/uploads\/2013\/05\/2405_Nono-Het-Zigzag-Kind.jpg\" width=\"1600\" height=\"950\" \/><\/a><\/p>\n<p>&nbsp;<\/p>\n<p>&nbsp;<\/p>\n<p>Alors que ses producteurs misaient beaucoup sur ce film, apr\u00e8s le succ\u00e8s du pr\u00e9c\u00e9dent long m\u00e9trage de Vincent Bal, <em>Het Zig Zag Kid<\/em> s\u2019est bizarrement av\u00e9r\u00e9 une toute grosse d\u00e9ception au box-office belge. Ce prix relancera-t-il sa carri\u00e8re, au moins sur supports num\u00e9riques? Possible.<\/p>\n<p>&nbsp;<\/p>\n<p>Aujourd&rsquo;hui, le r\u00e9alisateur, plus motiv\u00e9 que jamais, pr\u00e9pare d\u2019arrache-pied <em>Braban\u00e7onne<\/em>, une&#8230; com\u00e9die musicale qui \u00e9voquera un conflit entre deux fanfares, une flamande et une wallonne\u2026 D\u2019apr\u00e8s les premiers \u00e9chos, ce sera une histoire d\u2019amour ainsi qu\u2019une satire sur la Belgique.<\/p>\n<p>Coproduit par <em>Eyeworks<\/em> et <em>Entre chien et loup<\/em>, le film suscite d\u00e9j\u00e0 beaucoup d&rsquo;int\u00e9r\u00eat. Son ton particulier et son th\u00e8me semblent le destiner \u00e0 un grand succ\u00e8s. Le tournage aura lieu en octobre-novembre 2013 ou en mars-avril 2014 avec un casting qui s\u2019annonce assez prestigieux. Les premiers com\u00e9diens contact\u00e9s des deux c\u00f4t\u00e9s de la fronti\u00e8re linguistique sont tr\u00e8s enthousiastes.<\/p>\n<p>&nbsp;<\/p>\n","protected":false},"excerpt":{"rendered":"<p>L\u2019European Film Academy d\u00e9cerne chaque ann\u00e9e les European film Awards. Le 1er d\u00e9cembre 2012 \u00e0 Malte, Hasta La Vista y avait remport\u00e9 le prix du public europ\u00e9en, une r\u00e9compense aussi prestigieuse qu\u2019inattendue pour un film qui n\u2019\u00e9tait pas sorti dans de tr\u00e8s nombreux territoires. Sur un autre mode, L\u2019EFA organise aussi l\u2019European Film Academy Young &hellip;<\/p>\n","protected":false},"author":7,"featured_media":40405,"comment_status":"closed","ping_status":"closed","sticky":false,"template":"","format":"standard","meta":{"ngg_post_thumbnail":0,"footnotes":""},"categories":[12,7],"tags":[],"class_list":["post-40403","post","type-post","status-publish","format-standard","has-post-thumbnail","","category-awards","category-actualites"],"yoast_head":"<!-- This site is optimized with the Yoast SEO plugin v20.4 - https:\/\/yoast.com\/wordpress\/plugins\/seo\/ -->\n<title>Nono l\u2019Europ\u00e9en - w-l-c<\/title>\n<meta name=\"robots\" content=\"noindex, follow, max-snippet:-1, max-image-preview:large, max-video-preview:-1\" \/>\n<meta property=\"og:locale\" content=\"fr_FR\" \/>\n<meta property=\"og:type\" content=\"article\" \/>\n<meta property=\"og:title\" content=\"Nono l\u2019Europ\u00e9en - w-l-c\" \/>\n<meta property=\"og:description\" content=\"L\u2019European Film Academy d\u00e9cerne chaque ann\u00e9e les European film Awards. Le 1er d\u00e9cembre 2012 \u00e0 Malte, Hasta La Vista y avait remport\u00e9 le prix du public europ\u00e9en, une r\u00e9compense aussi prestigieuse qu\u2019inattendue pour un film qui n\u2019\u00e9tait pas sorti dans de tr\u00e8s nombreux territoires. Sur un autre mode, L\u2019EFA organise aussi l\u2019European Film Academy Young &hellip;\" \/>\n<meta property=\"og:url\" content=\"https:\/\/w-l-c.be\/fr\/nono-leuropeen\/\" \/>\n<meta property=\"og:site_name\" content=\"w-l-c\" \/>\n<meta property=\"article:published_time\" content=\"2013-05-06T16:41:23+00:00\" \/>\n<meta property=\"article:modified_time\" content=\"2013-05-23T08:55:19+00:00\" \/>\n<meta property=\"og:image\" content=\"https:\/\/w-l-c.be\/wp-content\/uploads\/2013\/05\/twee-belgische-films-geselecteerd-voor-filmfestival-berlijn-id3775745-1000x800-n1.jpg\" \/>\n\t<meta property=\"og:image:width\" content=\"1000\" \/>\n\t<meta property=\"og:image:height\" content=\"562\" \/>\n\t<meta property=\"og:image:type\" content=\"image\/jpeg\" \/>\n<meta name=\"author\" content=\"Philippe.Pierquin\" \/>\n<meta name=\"twitter:card\" content=\"summary_large_image\" \/>\n<meta name=\"twitter:label1\" content=\"\u00c9crit par\" \/>\n\t<meta name=\"twitter:data1\" content=\"Philippe.Pierquin\" \/>\n\t<meta name=\"twitter:label2\" content=\"Dur\u00e9e de lecture estim\u00e9e\" \/>\n\t<meta name=\"twitter:data2\" content=\"4 minutes\" \/>\n<script type=\"application\/ld+json\" class=\"yoast-schema-graph\">{\"@context\":\"https:\/\/schema.org\",\"@graph\":[{\"@type\":\"WebPage\",\"@id\":\"https:\/\/w-l-c.be\/fr\/nono-leuropeen\/\",\"url\":\"https:\/\/w-l-c.be\/fr\/nono-leuropeen\/\",\"name\":\"Nono l\u2019Europ\u00e9en - w-l-c\",\"isPartOf\":{\"@id\":\"https:\/\/w-l-c.be\/fr\/#website\"},\"datePublished\":\"2013-05-06T16:41:23+00:00\",\"dateModified\":\"2013-05-23T08:55:19+00:00\",\"author\":{\"@id\":\"https:\/\/w-l-c.be\/fr\/#\/schema\/person\/4b9b1d857f0943453a38a7c2859ef756\"},\"breadcrumb\":{\"@id\":\"https:\/\/w-l-c.be\/fr\/nono-leuropeen\/#breadcrumb\"},\"inLanguage\":\"fr-FR\",\"potentialAction\":[{\"@type\":\"ReadAction\",\"target\":[\"https:\/\/w-l-c.be\/fr\/nono-leuropeen\/\"]}]},{\"@type\":\"BreadcrumbList\",\"@id\":\"https:\/\/w-l-c.be\/fr\/nono-leuropeen\/#breadcrumb\",\"itemListElement\":[{\"@type\":\"ListItem\",\"position\":1,\"name\":\"Accueil\",\"item\":\"https:\/\/w-l-c.be\/fr\/\"},{\"@type\":\"ListItem\",\"position\":2,\"name\":\"Nono l\u2019Europ\u00e9en\"}]},{\"@type\":\"WebSite\",\"@id\":\"https:\/\/w-l-c.be\/fr\/#website\",\"url\":\"https:\/\/w-l-c.be\/fr\/\",\"name\":\"w-l-c\",\"description\":\"Le cin\u00e9ma vu par les belges\",\"potentialAction\":[{\"@type\":\"SearchAction\",\"target\":{\"@type\":\"EntryPoint\",\"urlTemplate\":\"https:\/\/w-l-c.be\/fr\/?s={search_term_string}\"},\"query-input\":\"required name=search_term_string\"}],\"inLanguage\":\"fr-FR\"},{\"@type\":\"Person\",\"@id\":\"https:\/\/w-l-c.be\/fr\/#\/schema\/person\/4b9b1d857f0943453a38a7c2859ef756\",\"name\":\"Philippe.Pierquin\",\"url\":\"https:\/\/w-l-c.be\/fr\/author\/philippe-pierquin\/\"}]}<\/script>\n<!-- \/ Yoast SEO plugin. -->","yoast_head_json":{"title":"Nono l\u2019Europ\u00e9en - w-l-c","robots":{"index":"noindex","follow":"follow","max-snippet":"max-snippet:-1","max-image-preview":"max-image-preview:large","max-video-preview":"max-video-preview:-1"},"og_locale":"fr_FR","og_type":"article","og_title":"Nono l\u2019Europ\u00e9en - w-l-c","og_description":"L\u2019European Film Academy d\u00e9cerne chaque ann\u00e9e les European film Awards. Le 1er d\u00e9cembre 2012 \u00e0 Malte, Hasta La Vista y avait remport\u00e9 le prix du public europ\u00e9en, une r\u00e9compense aussi prestigieuse qu\u2019inattendue pour un film qui n\u2019\u00e9tait pas sorti dans de tr\u00e8s nombreux territoires. Sur un autre mode, L\u2019EFA organise aussi l\u2019European Film Academy Young &hellip;","og_url":"https:\/\/w-l-c.be\/fr\/nono-leuropeen\/","og_site_name":"w-l-c","article_published_time":"2013-05-06T16:41:23+00:00","article_modified_time":"2013-05-23T08:55:19+00:00","og_image":[{"width":1000,"height":562,"url":"https:\/\/w-l-c.be\/wp-content\/uploads\/2013\/05\/twee-belgische-films-geselecteerd-voor-filmfestival-berlijn-id3775745-1000x800-n1.jpg","type":"image\/jpeg"}],"author":"Philippe.Pierquin","twitter_card":"summary_large_image","twitter_misc":{"\u00c9crit par":"Philippe.Pierquin","Dur\u00e9e de lecture estim\u00e9e":"4 minutes"},"schema":{"@context":"https:\/\/schema.org","@graph":[{"@type":"WebPage","@id":"https:\/\/w-l-c.be\/fr\/nono-leuropeen\/","url":"https:\/\/w-l-c.be\/fr\/nono-leuropeen\/","name":"Nono l\u2019Europ\u00e9en - w-l-c","isPartOf":{"@id":"https:\/\/w-l-c.be\/fr\/#website"},"datePublished":"2013-05-06T16:41:23+00:00","dateModified":"2013-05-23T08:55:19+00:00","author":{"@id":"https:\/\/w-l-c.be\/fr\/#\/schema\/person\/4b9b1d857f0943453a38a7c2859ef756"},"breadcrumb":{"@id":"https:\/\/w-l-c.be\/fr\/nono-leuropeen\/#breadcrumb"},"inLanguage":"fr-FR","potentialAction":[{"@type":"ReadAction","target":["https:\/\/w-l-c.be\/fr\/nono-leuropeen\/"]}]},{"@type":"BreadcrumbList","@id":"https:\/\/w-l-c.be\/fr\/nono-leuropeen\/#breadcrumb","itemListElement":[{"@type":"ListItem","position":1,"name":"Accueil","item":"https:\/\/w-l-c.be\/fr\/"},{"@type":"ListItem","position":2,"name":"Nono l\u2019Europ\u00e9en"}]},{"@type":"WebSite","@id":"https:\/\/w-l-c.be\/fr\/#website","url":"https:\/\/w-l-c.be\/fr\/","name":"w-l-c","description":"Le cin\u00e9ma vu par les belges","potentialAction":[{"@type":"SearchAction","target":{"@type":"EntryPoint","urlTemplate":"https:\/\/w-l-c.be\/fr\/?s={search_term_string}"},"query-input":"required name=search_term_string"}],"inLanguage":"fr-FR"},{"@type":"Person","@id":"https:\/\/w-l-c.be\/fr\/#\/schema\/person\/4b9b1d857f0943453a38a7c2859ef756","name":"Philippe.Pierquin","url":"https:\/\/w-l-c.be\/fr\/author\/philippe-pierquin\/"}]}},"_links":{"self":[{"href":"https:\/\/w-l-c.be\/fr\/wp-json\/wp\/v2\/posts\/40403","targetHints":{"allow":["GET"]}}],"collection":[{"href":"https:\/\/w-l-c.be\/fr\/wp-json\/wp\/v2\/posts"}],"about":[{"href":"https:\/\/w-l-c.be\/fr\/wp-json\/wp\/v2\/types\/post"}],"author":[{"embeddable":true,"href":"https:\/\/w-l-c.be\/fr\/wp-json\/wp\/v2\/users\/7"}],"replies":[{"embeddable":true,"href":"https:\/\/w-l-c.be\/fr\/wp-json\/wp\/v2\/comments?post=40403"}],"version-history":[{"count":0,"href":"https:\/\/w-l-c.be\/fr\/wp-json\/wp\/v2\/posts\/40403\/revisions"}],"wp:featuredmedia":[{"embeddable":true,"href":"https:\/\/w-l-c.be\/fr\/wp-json\/wp\/v2\/media\/40405"}],"wp:attachment":[{"href":"https:\/\/w-l-c.be\/fr\/wp-json\/wp\/v2\/media?parent=40403"}],"wp:term":[{"taxonomy":"category","embeddable":true,"href":"https:\/\/w-l-c.be\/fr\/wp-json\/wp\/v2\/categories?post=40403"},{"taxonomy":"post_tag","embeddable":true,"href":"https:\/\/w-l-c.be\/fr\/wp-json\/wp\/v2\/tags?post=40403"}],"curies":[{"name":"wp","href":"https:\/\/api.w.org\/{rel}","templated":true}]}}