
{"id":41060,"date":"2013-05-21T09:46:18","date_gmt":"2013-05-21T09:46:18","guid":{"rendered":"http:\/\/dev.cinevox.be\/?p=41060"},"modified":"2013-05-28T09:47:20","modified_gmt":"2013-05-28T09:47:20","slug":"les-centres-nationaux-du-cinema-defendent-lexception-culturelle-a-cannes","status":"publish","type":"post","link":"https:\/\/w-l-c.be\/fr\/les-centres-nationaux-du-cinema-defendent-lexception-culturelle-a-cannes\/","title":{"rendered":"Les centres nationaux du cin\u00e9ma d\u00e9fendent l&rsquo;exception culturelle \u00e0 Cannes"},"content":{"rendered":"<div>\n<p>La diversit\u00e9 culturelle au c\u0153ur des pr\u00e9occupations des centres nationaux du cin\u00e9ma : le Partenariat Transatlantique de Commerce et d&rsquo;Investissement et la Communication cin\u00e9ma objets de vives pr\u00e9occupations ; lancement d&rsquo;un groupe de travail sur le financement de la cr\u00e9ation \u00e0 l&rsquo;heure num\u00e9rique.<\/p>\n<p><!--more--><\/p>\n<p>R\u00e9unis ce 19 mai au Festival de Cannes, les EFAD \u2013 r\u00e9seau europ\u00e9en des centres nationaux du cin\u00e9ma &#8211;  ont affirm\u00e9 leurs craintes relatives \u00e0 la possible inclusion du secteur audiovisuel dans le mandat de n\u00e9gociation de la Commission europ\u00e9enne relatif au Partenariat Transatlantique de Commerce et d&rsquo;Investissement.<\/p>\n<\/div>\n<div>\n<p>&nbsp;<\/p>\n<p>Ils soulignent que loin de constituer un combat d\u2019arri\u00e8re-garde, la d\u00e9fense de la possibilit\u00e9 de mener des politiques culturelles \u00e0 m\u00eame de promouvoir la diversit\u00e9 du cin\u00e9ma europ\u00e9en les concerne tous et repr\u00e9sente un enjeu majeur. En particulier, les mesures de lib\u00e9ralisation commerciale qui s\u2019ensuivraient non seulement ne permettraient pas de s\u2019attaquer aux probl\u00e8mes structurels qui freinent l\u2019acc\u00e8s des \u0153uvres europ\u00e9ennes au march\u00e9 am\u00e9ricain, mais elles rendraient impossible la mise en place de nouvelles politiques destin\u00e9es \u00e0 relever les d\u00e9fis de la r\u00e9volution num\u00e9rique.<br \/>\nLes EFAD regrettent que les sp\u00e9cificit\u00e9s du secteur cin\u00e9matographique et audiovisuel soient en outre remises en cause par le projet de communication cin\u00e9ma rendu public par la Commission europ\u00e9enne le 30 avril dernier. En effet, en l\u2019\u00e9tat, le texte propos\u00e9 vide de sa substance la territorialisation qui est pourtant l&rsquo;un des fondements de beaucoup de r\u00e9gimes d\u2019aides europ\u00e9ens, nationaux et r\u00e9gionaux.<\/p>\n<p>En adoptant une approche unique et uniformisatrice, la Commission ne tient pas compte de la diversit\u00e9 des politiques actuellement mises en \u0153uvre, ni donc son engagement de prendre en compte la sp\u00e9cificit\u00e9 du secteur audiovisuel au regard du droit communautaire. Cette position ne peut pas non plus servir la strat\u00e9gie de croissance et d\u2019innovation dont le secteur est pourtant porteur.<\/p>\n<p>Ils consid\u00e8rent qu\u2019il est imp\u00e9ratif de revenir \u00e0 un texte qui permette, comme c\u2019\u00e9tait le cas pour les r\u00e9gimes jusqu\u2019ici valid\u00e9s par la Commission,  de lier leurs aides aux activit\u00e9s faisant l\u2019objet de revenus imposables sur leur territoire ou \u00e0 des activit\u00e9s qui sont le fait d\u2019op\u00e9rateurs, qu\u2019ils soient nationaux ou europ\u00e9ens, \u00e9tablis sur leur territoire. Si le projet pr\u00e9sent\u00e9 devait \u00eatre appliqu\u00e9, les Etats n\u2019auraient d\u2019autre issue que d\u2019imposer des r\u00e8gles de territorialisation implicite, au  d\u00e9triment de la s\u00e9curit\u00e9 juridique des op\u00e9rateurs, ou bien de supprimer des r\u00e9gimes d\u2019aide qui ont fait leurs preuves mais n\u2019apporteraient plus le \u00ab retour sur investissements \u00bb attendu.<br \/>\nLes EFAD en appellent donc \u00e0 la Commission europ\u00e9enne pour que ces textes refl\u00e8tent l\u2019esprit du Trait\u00e9 qui inclut au nombre de ses principes le respect et la promotion de la diversit\u00e9 culturelle, par ailleurs repris dans la convention Unesco sur la diversit\u00e9 culturelle.<\/p>\n<p>Enfin, les EFAD ont lanc\u00e9 un groupe de travail autour de 9 Etats qui vise \u00e0 d\u00e9velopper une approche commune des d\u00e9fis pos\u00e9s par le financement de la cr\u00e9ation audiovisuelle \u00e0 l&rsquo;heure num\u00e9rique. Il ambitionne d&rsquo;examiner comment adapter les politiques jusqu&rsquo;ici mises en \u0153uvre avec succ\u00e8s en faveur de la richesse, la diversit\u00e9 et les performances du cin\u00e9ma europ\u00e9en, en adoptant une d\u00e9marche ouverte de rencontre et de coop\u00e9ration entre les deux mondes de l&rsquo;audiovisuel et des op\u00e9rateurs de l&rsquo;internet.<\/p>\n<\/div>\n<p><strong><span style=\"text-decoration: underline;\">Contact Presse<\/span><\/strong><br \/>\nThierry LECLERCQ, Centre du Cin\u00e9ma et de l\u2019Audiovisuel<br \/>\nTel. +32 (0)2 413 22 45 &#8211; +32 (0)495 999825 | <a href=\"mailto:thierry.leclercq@cfwb.be\">thierry.leclercq@cfwb.be<\/a><\/p>\n<p><strong><span style=\"text-decoration: underline;\">Contact \u00e0 Cannes<\/span><\/strong><br \/>\nJeanne BRUNFAUT, Directrice-g\u00e9n\u00e9rale adjointe &#8211; Centre du Cin\u00e9ma et de l&rsquo;Audiovisuel<br \/>\nT\u00e9l. +32 (0)475 75 67 95 | <a href=\"mailto:eric.franssen@wbimages.be\">j<\/a><a href=\"mailto:jeanne.brunfaut@cfwb.be\" target=\"_self\">eanne.brunfaut@cfwb.be<\/a><\/p>\n[communiqu\u00e9 de presse F\u00e9d\u00e9ration Wallonie-Bruxelles]\n<p>&nbsp;<\/p>\n","protected":false},"excerpt":{"rendered":"<p>La diversit\u00e9 culturelle au c\u0153ur des pr\u00e9occupations des centres nationaux du cin\u00e9ma : le Partenariat Transatlantique de Commerce et d&rsquo;Investissement et la Communication cin\u00e9ma objets de vives pr\u00e9occupations ; lancement d&rsquo;un groupe de travail sur le financement de la cr\u00e9ation \u00e0 l&rsquo;heure num\u00e9rique.<\/p>\n","protected":false},"author":339,"featured_media":41062,"comment_status":"closed","ping_status":"closed","sticky":false,"template":"","format":"standard","meta":{"ngg_post_thumbnail":0,"footnotes":""},"categories":[1923,7],"tags":[],"class_list":["post-41060","post","type-post","status-publish","format-standard","has-post-thumbnail","","category-en-bref","category-actualites"],"yoast_head":"<!-- This site is optimized with the Yoast SEO plugin v20.4 - https:\/\/yoast.com\/wordpress\/plugins\/seo\/ -->\n<title>Les centres nationaux du cin\u00e9ma d\u00e9fendent l&#039;exception culturelle \u00e0 Cannes - w-l-c<\/title>\n<meta name=\"robots\" content=\"noindex, follow, max-snippet:-1, max-image-preview:large, max-video-preview:-1\" \/>\n<meta property=\"og:locale\" content=\"fr_FR\" \/>\n<meta property=\"og:type\" content=\"article\" \/>\n<meta property=\"og:title\" content=\"Les centres nationaux du cin\u00e9ma d\u00e9fendent l&#039;exception culturelle \u00e0 Cannes - w-l-c\" \/>\n<meta property=\"og:description\" content=\"La diversit\u00e9 culturelle au c\u0153ur des pr\u00e9occupations des centres nationaux du cin\u00e9ma : le Partenariat Transatlantique de Commerce et d&rsquo;Investissement et la Communication cin\u00e9ma objets de vives pr\u00e9occupations ; lancement d&rsquo;un groupe de travail sur le financement de la cr\u00e9ation \u00e0 l&rsquo;heure num\u00e9rique.\" \/>\n<meta property=\"og:url\" content=\"https:\/\/w-l-c.be\/fr\/les-centres-nationaux-du-cinema-defendent-lexception-culturelle-a-cannes\/\" \/>\n<meta property=\"og:site_name\" content=\"w-l-c\" \/>\n<meta property=\"article:published_time\" content=\"2013-05-21T09:46:18+00:00\" \/>\n<meta property=\"article:modified_time\" content=\"2013-05-28T09:47:20+00:00\" \/>\n<meta property=\"og:image\" content=\"https:\/\/w-l-c.be\/wp-content\/uploads\/2013\/05\/EFAD_Cannes20131.png\" \/>\n\t<meta property=\"og:image:width\" content=\"650\" \/>\n\t<meta property=\"og:image:height\" content=\"433\" \/>\n\t<meta property=\"og:image:type\" content=\"image\/png\" \/>\n<meta name=\"author\" content=\"Laurent\" \/>\n<meta name=\"twitter:card\" content=\"summary_large_image\" \/>\n<meta name=\"twitter:label1\" content=\"\u00c9crit par\" \/>\n\t<meta name=\"twitter:data1\" content=\"Laurent\" \/>\n\t<meta name=\"twitter:label2\" content=\"Dur\u00e9e de lecture estim\u00e9e\" \/>\n\t<meta name=\"twitter:data2\" content=\"3 minutes\" \/>\n<script type=\"application\/ld+json\" class=\"yoast-schema-graph\">{\"@context\":\"https:\/\/schema.org\",\"@graph\":[{\"@type\":\"WebPage\",\"@id\":\"https:\/\/w-l-c.be\/fr\/les-centres-nationaux-du-cinema-defendent-lexception-culturelle-a-cannes\/\",\"url\":\"https:\/\/w-l-c.be\/fr\/les-centres-nationaux-du-cinema-defendent-lexception-culturelle-a-cannes\/\",\"name\":\"Les centres nationaux du cin\u00e9ma d\u00e9fendent l'exception culturelle \u00e0 Cannes - w-l-c\",\"isPartOf\":{\"@id\":\"https:\/\/w-l-c.be\/fr\/#website\"},\"datePublished\":\"2013-05-21T09:46:18+00:00\",\"dateModified\":\"2013-05-28T09:47:20+00:00\",\"author\":{\"@id\":\"https:\/\/w-l-c.be\/fr\/#\/schema\/person\/4722f79d5e4255f537dc2d0f44988650\"},\"breadcrumb\":{\"@id\":\"https:\/\/w-l-c.be\/fr\/les-centres-nationaux-du-cinema-defendent-lexception-culturelle-a-cannes\/#breadcrumb\"},\"inLanguage\":\"fr-FR\",\"potentialAction\":[{\"@type\":\"ReadAction\",\"target\":[\"https:\/\/w-l-c.be\/fr\/les-centres-nationaux-du-cinema-defendent-lexception-culturelle-a-cannes\/\"]}]},{\"@type\":\"BreadcrumbList\",\"@id\":\"https:\/\/w-l-c.be\/fr\/les-centres-nationaux-du-cinema-defendent-lexception-culturelle-a-cannes\/#breadcrumb\",\"itemListElement\":[{\"@type\":\"ListItem\",\"position\":1,\"name\":\"Accueil\",\"item\":\"https:\/\/w-l-c.be\/fr\/\"},{\"@type\":\"ListItem\",\"position\":2,\"name\":\"Les centres nationaux du cin\u00e9ma d\u00e9fendent l&rsquo;exception culturelle \u00e0 Cannes\"}]},{\"@type\":\"WebSite\",\"@id\":\"https:\/\/w-l-c.be\/fr\/#website\",\"url\":\"https:\/\/w-l-c.be\/fr\/\",\"name\":\"w-l-c\",\"description\":\"Le cin\u00e9ma vu par les belges\",\"potentialAction\":[{\"@type\":\"SearchAction\",\"target\":{\"@type\":\"EntryPoint\",\"urlTemplate\":\"https:\/\/w-l-c.be\/fr\/?s={search_term_string}\"},\"query-input\":\"required name=search_term_string\"}],\"inLanguage\":\"fr-FR\"},{\"@type\":\"Person\",\"@id\":\"https:\/\/w-l-c.be\/fr\/#\/schema\/person\/4722f79d5e4255f537dc2d0f44988650\",\"name\":\"Laurent\",\"url\":\"https:\/\/w-l-c.be\/fr\/author\/laurent\/\"}]}<\/script>\n<!-- \/ Yoast SEO plugin. -->","yoast_head_json":{"title":"Les centres nationaux du cin\u00e9ma d\u00e9fendent l'exception culturelle \u00e0 Cannes - w-l-c","robots":{"index":"noindex","follow":"follow","max-snippet":"max-snippet:-1","max-image-preview":"max-image-preview:large","max-video-preview":"max-video-preview:-1"},"og_locale":"fr_FR","og_type":"article","og_title":"Les centres nationaux du cin\u00e9ma d\u00e9fendent l'exception culturelle \u00e0 Cannes - w-l-c","og_description":"La diversit\u00e9 culturelle au c\u0153ur des pr\u00e9occupations des centres nationaux du cin\u00e9ma : le Partenariat Transatlantique de Commerce et d&rsquo;Investissement et la Communication cin\u00e9ma objets de vives pr\u00e9occupations ; lancement d&rsquo;un groupe de travail sur le financement de la cr\u00e9ation \u00e0 l&rsquo;heure num\u00e9rique.","og_url":"https:\/\/w-l-c.be\/fr\/les-centres-nationaux-du-cinema-defendent-lexception-culturelle-a-cannes\/","og_site_name":"w-l-c","article_published_time":"2013-05-21T09:46:18+00:00","article_modified_time":"2013-05-28T09:47:20+00:00","og_image":[{"width":650,"height":433,"url":"https:\/\/w-l-c.be\/wp-content\/uploads\/2013\/05\/EFAD_Cannes20131.png","type":"image\/png"}],"author":"Laurent","twitter_card":"summary_large_image","twitter_misc":{"\u00c9crit par":"Laurent","Dur\u00e9e de lecture estim\u00e9e":"3 minutes"},"schema":{"@context":"https:\/\/schema.org","@graph":[{"@type":"WebPage","@id":"https:\/\/w-l-c.be\/fr\/les-centres-nationaux-du-cinema-defendent-lexception-culturelle-a-cannes\/","url":"https:\/\/w-l-c.be\/fr\/les-centres-nationaux-du-cinema-defendent-lexception-culturelle-a-cannes\/","name":"Les centres nationaux du cin\u00e9ma d\u00e9fendent l'exception culturelle \u00e0 Cannes - w-l-c","isPartOf":{"@id":"https:\/\/w-l-c.be\/fr\/#website"},"datePublished":"2013-05-21T09:46:18+00:00","dateModified":"2013-05-28T09:47:20+00:00","author":{"@id":"https:\/\/w-l-c.be\/fr\/#\/schema\/person\/4722f79d5e4255f537dc2d0f44988650"},"breadcrumb":{"@id":"https:\/\/w-l-c.be\/fr\/les-centres-nationaux-du-cinema-defendent-lexception-culturelle-a-cannes\/#breadcrumb"},"inLanguage":"fr-FR","potentialAction":[{"@type":"ReadAction","target":["https:\/\/w-l-c.be\/fr\/les-centres-nationaux-du-cinema-defendent-lexception-culturelle-a-cannes\/"]}]},{"@type":"BreadcrumbList","@id":"https:\/\/w-l-c.be\/fr\/les-centres-nationaux-du-cinema-defendent-lexception-culturelle-a-cannes\/#breadcrumb","itemListElement":[{"@type":"ListItem","position":1,"name":"Accueil","item":"https:\/\/w-l-c.be\/fr\/"},{"@type":"ListItem","position":2,"name":"Les centres nationaux du cin\u00e9ma d\u00e9fendent l&rsquo;exception culturelle \u00e0 Cannes"}]},{"@type":"WebSite","@id":"https:\/\/w-l-c.be\/fr\/#website","url":"https:\/\/w-l-c.be\/fr\/","name":"w-l-c","description":"Le cin\u00e9ma vu par les belges","potentialAction":[{"@type":"SearchAction","target":{"@type":"EntryPoint","urlTemplate":"https:\/\/w-l-c.be\/fr\/?s={search_term_string}"},"query-input":"required name=search_term_string"}],"inLanguage":"fr-FR"},{"@type":"Person","@id":"https:\/\/w-l-c.be\/fr\/#\/schema\/person\/4722f79d5e4255f537dc2d0f44988650","name":"Laurent","url":"https:\/\/w-l-c.be\/fr\/author\/laurent\/"}]}},"_links":{"self":[{"href":"https:\/\/w-l-c.be\/fr\/wp-json\/wp\/v2\/posts\/41060","targetHints":{"allow":["GET"]}}],"collection":[{"href":"https:\/\/w-l-c.be\/fr\/wp-json\/wp\/v2\/posts"}],"about":[{"href":"https:\/\/w-l-c.be\/fr\/wp-json\/wp\/v2\/types\/post"}],"author":[{"embeddable":true,"href":"https:\/\/w-l-c.be\/fr\/wp-json\/wp\/v2\/users\/339"}],"replies":[{"embeddable":true,"href":"https:\/\/w-l-c.be\/fr\/wp-json\/wp\/v2\/comments?post=41060"}],"version-history":[{"count":0,"href":"https:\/\/w-l-c.be\/fr\/wp-json\/wp\/v2\/posts\/41060\/revisions"}],"wp:featuredmedia":[{"embeddable":true,"href":"https:\/\/w-l-c.be\/fr\/wp-json\/wp\/v2\/media\/41062"}],"wp:attachment":[{"href":"https:\/\/w-l-c.be\/fr\/wp-json\/wp\/v2\/media?parent=41060"}],"wp:term":[{"taxonomy":"category","embeddable":true,"href":"https:\/\/w-l-c.be\/fr\/wp-json\/wp\/v2\/categories?post=41060"},{"taxonomy":"post_tag","embeddable":true,"href":"https:\/\/w-l-c.be\/fr\/wp-json\/wp\/v2\/tags?post=41060"}],"curies":[{"name":"wp","href":"https:\/\/api.w.org\/{rel}","templated":true}]}}