
{"id":41063,"date":"2013-05-21T09:47:37","date_gmt":"2013-05-21T09:47:37","guid":{"rendered":"http:\/\/dev.cinevox.be\/?p=41063"},"modified":"2013-05-29T19:28:28","modified_gmt":"2013-05-29T19:28:28","slug":"nuit-des-belges-lalbum-officiel","status":"publish","type":"post","link":"https:\/\/w-l-c.be\/fr\/nuit-des-belges-lalbum-officiel\/","title":{"rendered":"Nuit des belges: l&rsquo;album officiel"},"content":{"rendered":"<p>La f\u00eate du cin\u00e9ma belge a donc anim\u00e9 les abords de la Croisette durant la nuit de lundi \u00e0 mari. beaucoup d&rsquo;invit\u00e9s, beaucoup de sourires.<br \/>\nApr\u00e8s nos photos maison (<a href=\"http:\/\/www.cinevox.be\/cannes-la-soiree-belge-man-talking\" target=\"_blank\">ici<\/a>) et notre r\u00e9cit de la remise du Magritte (<a href=\"http:\/\/www.cinevox.be\/dead-man-winning\" target=\"_blank\">ici<\/a>), voici notre s\u00e9lection des photos officielles propos\u00e9es par Les Magritte du cin\u00e9ma, l&rsquo;Acad\u00e9mie Delvaux et Wallonie Bruxelles-Images.<\/p>\n<p>&nbsp;<\/p>\n<p>Tous les clich\u00e9s pris au Radisson Blu 1835 Hotel \u00e0 Cannes sont de Marc Bo. <!--more--><\/p>\n<p>&nbsp;<\/p>\n<p>&nbsp;<\/p>\n<p>&nbsp;<\/p>\n<p style=\"text-align: right;\"><a rel=\"attachment wp-att-43802\" href=\"http:\/\/www.cinevox.be\/nuit-des-belges-lalbum-officiel\/931255_10151601048337192_953451625_n\"><img loading=\"lazy\" decoding=\"async\" class=\"aligncenter size-full wp-image-43802\" title=\"931255_10151601048337192_953451625_n\" src=\"http:\/\/www.cinevox.be\/wp-content\/uploads\/2013\/05\/931255_10151601048337192_953451625_n.jpg\" alt=\"\" width=\"960\" height=\"608\" \/><\/a>Yolande Moreau, pr\u00e9sidente d&rsquo;honneur des Magritte 2013 pr\u00e9sentera <em>Henri <\/em>vendredi \u00e0 Cannes. Marc-Henri Wajnberg a pour sa part beaucoup soutenu son film Kinshasa Kids \u00e0 travers de nombreux festivals.<\/p>\n<p>&nbsp;<\/p>\n<p><a rel=\"attachment wp-att-43784\" href=\"http:\/\/www.cinevox.be\/nuit-des-belges-lalbum-officiel\/600958_10151601052362192_1227606159_n\"><img loading=\"lazy\" decoding=\"async\" class=\"aligncenter size-full wp-image-43784\" title=\"600958_10151601052362192_1227606159_n\" src=\"http:\/\/www.cinevox.be\/wp-content\/uploads\/2013\/05\/600958_10151601052362192_1227606159_n.jpg\" alt=\"\" width=\"960\" height=\"553\" \/><\/a><em>Matthieu Donck (Torpedo), Serge de Poucques et Sylvain Golberg (Dead Man Talking) et Fran\u00e7ois Pirot (Mobile Home) : \u00e0 qui le Magritte du Premier Film ?<\/em><\/p>\n<p>&nbsp;<\/p>\n<p style=\"text-align: right;\"><a rel=\"attachment wp-att-43785\" href=\"http:\/\/www.cinevox.be\/nuit-des-belges-lalbum-officiel\/389400_10151601052097192_2068852659_n\"><img loading=\"lazy\" decoding=\"async\" class=\"aligncenter size-full wp-image-43785\" title=\"389400_10151601052097192_2068852659_n\" src=\"http:\/\/www.cinevox.be\/wp-content\/uploads\/2013\/05\/389400_10151601052097192_2068852659_n.jpg\" alt=\"\" width=\"640\" height=\"463\" \/><\/a>David Murgia en invit\u00e9 d&rsquo;honneur.<\/p>\n<p style=\"text-align: right;\">&nbsp;<\/p>\n<p style=\"text-align: right;\"><a rel=\"attachment wp-att-43786\" href=\"http:\/\/www.cinevox.be\/nuit-des-belges-lalbum-officiel\/312115_10151601048577192_1009921901_n\"><img loading=\"lazy\" decoding=\"async\" class=\"aligncenter size-full wp-image-43786\" title=\"312115_10151601048577192_1009921901_n\" src=\"http:\/\/www.cinevox.be\/wp-content\/uploads\/2013\/05\/312115_10151601048577192_1009921901_n.jpg\" alt=\"\" width=\"960\" height=\"608\" \/><\/a>Quelques auteurs belges prennent la pose.<\/p>\n<p style=\"text-align: right;\">&nbsp;<\/p>\n<p style=\"text-align: right;\"><a rel=\"attachment wp-att-43787\" href=\"http:\/\/www.cinevox.be\/nuit-des-belges-lalbum-officiel\/168258_10151601047277192_732118103_n\"><img loading=\"lazy\" decoding=\"async\" class=\"aligncenter size-full wp-image-43787\" title=\"168258_10151601047277192_732118103_n\" src=\"http:\/\/www.cinevox.be\/wp-content\/uploads\/2013\/05\/168258_10151601047277192_732118103_n.jpg\" alt=\"\" width=\"960\" height=\"602\" \/><\/a>Wallonie Bruxelles-Images en mission sur la Croisette : le cin\u00e9ma belge a la cote et c&rsquo;est aussi gr\u00e2ce \u00e0 eux.<\/p>\n<p style=\"text-align: right;\">&nbsp;<\/p>\n<p style=\"text-align: right;\"><a rel=\"attachment wp-att-43788\" href=\"http:\/\/www.cinevox.be\/nuit-des-belges-lalbum-officiel\/575601_10151601047817192_1890673983_n\"><img loading=\"lazy\" decoding=\"async\" class=\"aligncenter size-full wp-image-43788\" title=\"575601_10151601047817192_1890673983_n\" src=\"http:\/\/www.cinevox.be\/wp-content\/uploads\/2013\/05\/575601_10151601047817192_1890673983_n.jpg\" alt=\"\" width=\"960\" height=\"664\" \/><\/a>Ces deux-l\u00e0 ne pouvaient pas ne pas se retrouver : Isabelle de Hertogh (<em>Hasta La Vista<\/em>) et J\u00e9r\u00f4me Le Maire (Magritte du meilleur documentaire 2013 pour <em>Le Th\u00e9 ou l&rsquo;\u00e9lectricit\u00e9<\/em>)<\/p>\n<p style=\"text-align: right;\">&nbsp;<\/p>\n<p style=\"text-align: right;\"><a rel=\"attachment wp-att-43789\" href=\"http:\/\/www.cinevox.be\/nuit-des-belges-lalbum-officiel\/431951_10151601050217192_601130899_n\"><img loading=\"lazy\" decoding=\"async\" class=\"aligncenter size-full wp-image-43789\" title=\"431951_10151601050217192_601130899_n\" src=\"http:\/\/www.cinevox.be\/wp-content\/uploads\/2013\/05\/431951_10151601050217192_601130899_n.jpg\" alt=\"\" width=\"960\" height=\"640\" \/><\/a>Et le Magritte du Premier Film est attribu\u00e9 \u00e0 Dead Man Talking : Sylvain Goldberg et Pauline Burlet pavoisent enfin.<\/p>\n<p style=\"text-align: right;\">&nbsp;<\/p>\n<p style=\"text-align: right;\"><a rel=\"attachment wp-att-43790\" href=\"http:\/\/www.cinevox.be\/nuit-des-belges-lalbum-officiel\/487617_10151601048037192_109176255_n\"><img loading=\"lazy\" decoding=\"async\" class=\"aligncenter size-large wp-image-43790\" title=\"487617_10151601048037192_109176255_n\" src=\"http:\/\/www.cinevox.be\/wp-content\/uploads\/2013\/05\/487617_10151601048037192_109176255_n-429x600.jpg\" alt=\"\" width=\"429\" height=\"600\" \/><\/a>Astrid Whettnall est \u00e0 Cannes pour promouvoir In the Name of the Son qui int\u00e9resse les distributeurs internationaux.<\/p>\n<p style=\"text-align: right;\">&nbsp;<\/p>\n<p style=\"text-align: right;\"><a rel=\"attachment wp-att-43791\" href=\"http:\/\/www.cinevox.be\/nuit-des-belges-lalbum-officiel\/933933_10151601047892192_2061235985_n\"><img loading=\"lazy\" decoding=\"async\" class=\"aligncenter size-full wp-image-43791\" title=\"933933_10151601047892192_2061235985_n\" src=\"http:\/\/www.cinevox.be\/wp-content\/uploads\/2013\/05\/933933_10151601047892192_2061235985_n.jpg\" alt=\"\" width=\"958\" height=\"544\" \/><\/a>Une partie de l&rsquo;\u00e9quipe des Magritte du cin\u00e9ma.<\/p>\n<p style=\"text-align: right;\">&nbsp;<\/p>\n<p style=\"text-align: right;\"><a rel=\"attachment wp-att-43796\" href=\"http:\/\/www.cinevox.be\/nuit-des-belges-lalbum-officiel\/941807_10151601050257192_1790601872_n\"><img loading=\"lazy\" decoding=\"async\" class=\"aligncenter size-full wp-image-43796\" title=\"941807_10151601050257192_1790601872_n\" src=\"http:\/\/www.cinevox.be\/wp-content\/uploads\/2013\/05\/941807_10151601050257192_1790601872_n.jpg\" alt=\"\" width=\"960\" height=\"640\" \/><\/a>Comem <em>Torpedo<\/em> et <em>Mobile Home, Dead Man Talking<\/em> a \u00e9t\u00e9 coproduit par Wallimage. Philippe Reynaert \u00e9tait donc certain de faire la f\u00eate !<\/p>\n<p style=\"text-align: right;\">&nbsp;<\/p>\n<p style=\"text-align: right;\"><a rel=\"attachment wp-att-43810\" href=\"http:\/\/www.cinevox.be\/nuit-des-belges-lalbum-officiel\/969573_10151601050907192_771859605_n\"><img loading=\"lazy\" decoding=\"async\" class=\"aligncenter size-full wp-image-43810\" title=\"969573_10151601050907192_771859605_n\" src=\"http:\/\/www.cinevox.be\/wp-content\/uploads\/2013\/05\/969573_10151601050907192_771859605_n.jpg\" alt=\"\" width=\"960\" height=\"640\" \/><\/a>Dan Cuckier et madame.<\/p>\n<p style=\"text-align: right;\">&nbsp;<\/p>\n<p style=\"text-align: right;\"><a rel=\"attachment wp-att-43811\" href=\"http:\/\/www.cinevox.be\/nuit-des-belges-lalbum-officiel\/954656_10151601052532192_1024794295_n\"><img loading=\"lazy\" decoding=\"async\" class=\"aligncenter size-full wp-image-43811\" title=\"954656_10151601052532192_1024794295_n\" src=\"http:\/\/www.cinevox.be\/wp-content\/uploads\/2013\/05\/954656_10151601052532192_1024794295_n.jpg\" alt=\"\" width=\"960\" height=\"640\" \/><\/a>Une partie de la rel\u00e8ve du cin\u00e9ma belge :  David Murgia, Anne-Pascale Clairembourg et Pauline Burlet<\/p>\n<p style=\"text-align: right;\">&nbsp;<\/p>\n<p style=\"text-align: right;\"><a rel=\"attachment wp-att-43792\" href=\"http:\/\/www.cinevox.be\/nuit-des-belges-lalbum-officiel\/431898_10151601052422192_1060106341_n\"><img loading=\"lazy\" decoding=\"async\" class=\"aligncenter size-full wp-image-43792\" title=\"431898_10151601052422192_1060106341_n\" src=\"http:\/\/www.cinevox.be\/wp-content\/uploads\/2013\/05\/431898_10151601052422192_1060106341_n.jpg\" alt=\"\" width=\"853\" height=\"494\" \/><\/a>Fran\u00e7ois Pirot (Mobile Home) avec Joachim Lafosse (A Perdre la raison) : ils ont \u00e9crit deux films ensemble.<\/p>\n<p style=\"text-align: right;\">&nbsp;<\/p>\n<p style=\"text-align: right;\"><a rel=\"attachment wp-att-43793\" href=\"http:\/\/www.cinevox.be\/nuit-des-belges-lalbum-officiel\/581928_10151601047292192_1490669117_n\"><img loading=\"lazy\" decoding=\"async\" class=\"aligncenter size-full wp-image-43793\" title=\"581928_10151601047292192_1490669117_n\" src=\"http:\/\/www.cinevox.be\/wp-content\/uploads\/2013\/05\/581928_10151601047292192_1490669117_n.jpg\" alt=\"\" width=\"960\" height=\"611\" \/><\/a>La fine fleur de la post-production belge<\/p>\n<p style=\"text-align: right;\">&nbsp;<\/p>\n<p style=\"text-align: right;\"><a rel=\"attachment wp-att-43794\" href=\"http:\/\/www.cinevox.be\/nuit-des-belges-lalbum-officiel\/941868_10151601051667192_1591364722_n\"><img loading=\"lazy\" decoding=\"async\" class=\"aligncenter size-full wp-image-43794\" title=\"941868_10151601051667192_1591364722_n\" src=\"http:\/\/www.cinevox.be\/wp-content\/uploads\/2013\/05\/941868_10151601051667192_1591364722_n.jpg\" alt=\"\" width=\"955\" height=\"526\" \/><\/a>Louis H\u00e9liot l&rsquo;homme qui fait aimer le cin\u00e9ma belge \u00e0 la France avec Patrick Quinet et son \u00e9pouse.<\/p>\n<p style=\"text-align: right;\">&nbsp;<\/p>\n<p style=\"text-align: right;\"><a rel=\"attachment wp-att-43820\" href=\"http:\/\/www.cinevox.be\/nuit-des-belges-lalbum-officiel\/946951_10151601047507192_856245351_n-1\"><img loading=\"lazy\" decoding=\"async\" class=\"aligncenter size-full wp-image-43820\" title=\"946951_10151601047507192_856245351_n (1)\" src=\"http:\/\/www.cinevox.be\/wp-content\/uploads\/2013\/05\/946951_10151601047507192_856245351_n-1.jpg\" alt=\"\" width=\"960\" height=\"613\" \/><\/a>Quelques f\u00eal\u00e9s du cin\u00e9ma belge et \u00e0 l\u2019extr\u00eame gauche notre correspondante\/paparazzi sur place, Maryline Laurin<\/p>\n<p style=\"text-align: right;\">&nbsp;<\/p>\n<p style=\"text-align: right;\"><a rel=\"attachment wp-att-43795\" href=\"http:\/\/www.cinevox.be\/nuit-des-belges-lalbum-officiel\/400691_10151601047342192_1207099261_n\"><img loading=\"lazy\" decoding=\"async\" class=\"aligncenter size-full wp-image-43795\" title=\"400691_10151601047342192_1207099261_n\" src=\"http:\/\/www.cinevox.be\/wp-content\/uploads\/2013\/05\/400691_10151601047342192_1207099261_n.jpg\" alt=\"\" width=\"960\" height=\"640\" \/><\/a>It&rsquo;s DJ time. Gonna be a long night, folks<\/p>\n<p style=\"text-align: right;\">&nbsp;<\/p>\n<p style=\"text-align: right;\">&nbsp;<\/p>\n<p style=\"text-align: left;\">Plus de photos sur <a href=\"http:\/\/www.facebook.com\/media\/set\/?set=a.514896501880596.1073741825.150760608294189&amp;type=1\" target=\"_blank\">la page Facebook des Magritte du Cin\u00e9ma<\/a><\/p>\n","protected":false},"excerpt":{"rendered":"<p>La f\u00eate du cin\u00e9ma belge a donc anim\u00e9 les abords de la Croisette durant la nuit de lundi \u00e0 mari. beaucoup d&rsquo;invit\u00e9s, beaucoup de sourires. Apr\u00e8s nos photos maison (ici) et notre r\u00e9cit de la remise du Magritte (ici), voici notre s\u00e9lection des photos officielles propos\u00e9es par Les Magritte du cin\u00e9ma, l&rsquo;Acad\u00e9mie Delvaux et Wallonie &hellip;<\/p>\n","protected":false},"author":339,"featured_media":41065,"comment_status":"closed","ping_status":"closed","sticky":false,"template":"","format":"standard","meta":{"ngg_post_thumbnail":0,"footnotes":""},"categories":[12,7],"tags":[],"class_list":["post-41063","post","type-post","status-publish","format-standard","has-post-thumbnail","","category-awards","category-actualites"],"yoast_head":"<!-- This site is optimized with the Yoast SEO plugin v20.4 - https:\/\/yoast.com\/wordpress\/plugins\/seo\/ -->\n<title>Nuit des belges: l&#039;album officiel - w-l-c<\/title>\n<meta name=\"robots\" content=\"noindex, follow, max-snippet:-1, max-image-preview:large, max-video-preview:-1\" \/>\n<meta property=\"og:locale\" content=\"fr_FR\" \/>\n<meta property=\"og:type\" content=\"article\" \/>\n<meta property=\"og:title\" content=\"Nuit des belges: l&#039;album officiel - w-l-c\" \/>\n<meta property=\"og:description\" content=\"La f\u00eate du cin\u00e9ma belge a donc anim\u00e9 les abords de la Croisette durant la nuit de lundi \u00e0 mari. beaucoup d&rsquo;invit\u00e9s, beaucoup de sourires. Apr\u00e8s nos photos maison (ici) et notre r\u00e9cit de la remise du Magritte (ici), voici notre s\u00e9lection des photos officielles propos\u00e9es par Les Magritte du cin\u00e9ma, l&rsquo;Acad\u00e9mie Delvaux et Wallonie &hellip;\" \/>\n<meta property=\"og:url\" content=\"https:\/\/w-l-c.be\/fr\/nuit-des-belges-lalbum-officiel\/\" \/>\n<meta property=\"og:site_name\" content=\"w-l-c\" \/>\n<meta property=\"article:published_time\" content=\"2013-05-21T09:47:37+00:00\" \/>\n<meta property=\"article:modified_time\" content=\"2013-05-29T19:28:28+00:00\" \/>\n<meta property=\"og:image\" content=\"https:\/\/w-l-c.be\/wp-content\/uploads\/2013\/05\/581774_10151601051882192_378416358_n1.jpg\" \/>\n\t<meta property=\"og:image:width\" content=\"823\" \/>\n\t<meta property=\"og:image:height\" content=\"531\" \/>\n\t<meta property=\"og:image:type\" content=\"image\/jpeg\" \/>\n<meta name=\"author\" content=\"Laurent\" \/>\n<meta name=\"twitter:card\" content=\"summary_large_image\" \/>\n<meta name=\"twitter:label1\" content=\"\u00c9crit par\" \/>\n\t<meta name=\"twitter:data1\" content=\"Laurent\" \/>\n\t<meta name=\"twitter:label2\" content=\"Dur\u00e9e de lecture estim\u00e9e\" \/>\n\t<meta name=\"twitter:data2\" content=\"2 minutes\" \/>\n<script type=\"application\/ld+json\" class=\"yoast-schema-graph\">{\"@context\":\"https:\/\/schema.org\",\"@graph\":[{\"@type\":\"WebPage\",\"@id\":\"https:\/\/w-l-c.be\/fr\/nuit-des-belges-lalbum-officiel\/\",\"url\":\"https:\/\/w-l-c.be\/fr\/nuit-des-belges-lalbum-officiel\/\",\"name\":\"Nuit des belges: l'album officiel - w-l-c\",\"isPartOf\":{\"@id\":\"https:\/\/w-l-c.be\/fr\/#website\"},\"datePublished\":\"2013-05-21T09:47:37+00:00\",\"dateModified\":\"2013-05-29T19:28:28+00:00\",\"author\":{\"@id\":\"https:\/\/w-l-c.be\/fr\/#\/schema\/person\/4722f79d5e4255f537dc2d0f44988650\"},\"breadcrumb\":{\"@id\":\"https:\/\/w-l-c.be\/fr\/nuit-des-belges-lalbum-officiel\/#breadcrumb\"},\"inLanguage\":\"fr-FR\",\"potentialAction\":[{\"@type\":\"ReadAction\",\"target\":[\"https:\/\/w-l-c.be\/fr\/nuit-des-belges-lalbum-officiel\/\"]}]},{\"@type\":\"BreadcrumbList\",\"@id\":\"https:\/\/w-l-c.be\/fr\/nuit-des-belges-lalbum-officiel\/#breadcrumb\",\"itemListElement\":[{\"@type\":\"ListItem\",\"position\":1,\"name\":\"Accueil\",\"item\":\"https:\/\/w-l-c.be\/fr\/\"},{\"@type\":\"ListItem\",\"position\":2,\"name\":\"Nuit des belges: l&rsquo;album officiel\"}]},{\"@type\":\"WebSite\",\"@id\":\"https:\/\/w-l-c.be\/fr\/#website\",\"url\":\"https:\/\/w-l-c.be\/fr\/\",\"name\":\"w-l-c\",\"description\":\"Le cin\u00e9ma vu par les belges\",\"potentialAction\":[{\"@type\":\"SearchAction\",\"target\":{\"@type\":\"EntryPoint\",\"urlTemplate\":\"https:\/\/w-l-c.be\/fr\/?s={search_term_string}\"},\"query-input\":\"required name=search_term_string\"}],\"inLanguage\":\"fr-FR\"},{\"@type\":\"Person\",\"@id\":\"https:\/\/w-l-c.be\/fr\/#\/schema\/person\/4722f79d5e4255f537dc2d0f44988650\",\"name\":\"Laurent\",\"url\":\"https:\/\/w-l-c.be\/fr\/author\/laurent\/\"}]}<\/script>\n<!-- \/ Yoast SEO plugin. -->","yoast_head_json":{"title":"Nuit des belges: l'album officiel - w-l-c","robots":{"index":"noindex","follow":"follow","max-snippet":"max-snippet:-1","max-image-preview":"max-image-preview:large","max-video-preview":"max-video-preview:-1"},"og_locale":"fr_FR","og_type":"article","og_title":"Nuit des belges: l'album officiel - w-l-c","og_description":"La f\u00eate du cin\u00e9ma belge a donc anim\u00e9 les abords de la Croisette durant la nuit de lundi \u00e0 mari. beaucoup d&rsquo;invit\u00e9s, beaucoup de sourires. Apr\u00e8s nos photos maison (ici) et notre r\u00e9cit de la remise du Magritte (ici), voici notre s\u00e9lection des photos officielles propos\u00e9es par Les Magritte du cin\u00e9ma, l&rsquo;Acad\u00e9mie Delvaux et Wallonie &hellip;","og_url":"https:\/\/w-l-c.be\/fr\/nuit-des-belges-lalbum-officiel\/","og_site_name":"w-l-c","article_published_time":"2013-05-21T09:47:37+00:00","article_modified_time":"2013-05-29T19:28:28+00:00","og_image":[{"width":823,"height":531,"url":"https:\/\/w-l-c.be\/wp-content\/uploads\/2013\/05\/581774_10151601051882192_378416358_n1.jpg","type":"image\/jpeg"}],"author":"Laurent","twitter_card":"summary_large_image","twitter_misc":{"\u00c9crit par":"Laurent","Dur\u00e9e de lecture estim\u00e9e":"2 minutes"},"schema":{"@context":"https:\/\/schema.org","@graph":[{"@type":"WebPage","@id":"https:\/\/w-l-c.be\/fr\/nuit-des-belges-lalbum-officiel\/","url":"https:\/\/w-l-c.be\/fr\/nuit-des-belges-lalbum-officiel\/","name":"Nuit des belges: l'album officiel - w-l-c","isPartOf":{"@id":"https:\/\/w-l-c.be\/fr\/#website"},"datePublished":"2013-05-21T09:47:37+00:00","dateModified":"2013-05-29T19:28:28+00:00","author":{"@id":"https:\/\/w-l-c.be\/fr\/#\/schema\/person\/4722f79d5e4255f537dc2d0f44988650"},"breadcrumb":{"@id":"https:\/\/w-l-c.be\/fr\/nuit-des-belges-lalbum-officiel\/#breadcrumb"},"inLanguage":"fr-FR","potentialAction":[{"@type":"ReadAction","target":["https:\/\/w-l-c.be\/fr\/nuit-des-belges-lalbum-officiel\/"]}]},{"@type":"BreadcrumbList","@id":"https:\/\/w-l-c.be\/fr\/nuit-des-belges-lalbum-officiel\/#breadcrumb","itemListElement":[{"@type":"ListItem","position":1,"name":"Accueil","item":"https:\/\/w-l-c.be\/fr\/"},{"@type":"ListItem","position":2,"name":"Nuit des belges: l&rsquo;album officiel"}]},{"@type":"WebSite","@id":"https:\/\/w-l-c.be\/fr\/#website","url":"https:\/\/w-l-c.be\/fr\/","name":"w-l-c","description":"Le cin\u00e9ma vu par les belges","potentialAction":[{"@type":"SearchAction","target":{"@type":"EntryPoint","urlTemplate":"https:\/\/w-l-c.be\/fr\/?s={search_term_string}"},"query-input":"required name=search_term_string"}],"inLanguage":"fr-FR"},{"@type":"Person","@id":"https:\/\/w-l-c.be\/fr\/#\/schema\/person\/4722f79d5e4255f537dc2d0f44988650","name":"Laurent","url":"https:\/\/w-l-c.be\/fr\/author\/laurent\/"}]}},"_links":{"self":[{"href":"https:\/\/w-l-c.be\/fr\/wp-json\/wp\/v2\/posts\/41063","targetHints":{"allow":["GET"]}}],"collection":[{"href":"https:\/\/w-l-c.be\/fr\/wp-json\/wp\/v2\/posts"}],"about":[{"href":"https:\/\/w-l-c.be\/fr\/wp-json\/wp\/v2\/types\/post"}],"author":[{"embeddable":true,"href":"https:\/\/w-l-c.be\/fr\/wp-json\/wp\/v2\/users\/339"}],"replies":[{"embeddable":true,"href":"https:\/\/w-l-c.be\/fr\/wp-json\/wp\/v2\/comments?post=41063"}],"version-history":[{"count":0,"href":"https:\/\/w-l-c.be\/fr\/wp-json\/wp\/v2\/posts\/41063\/revisions"}],"wp:featuredmedia":[{"embeddable":true,"href":"https:\/\/w-l-c.be\/fr\/wp-json\/wp\/v2\/media\/41065"}],"wp:attachment":[{"href":"https:\/\/w-l-c.be\/fr\/wp-json\/wp\/v2\/media?parent=41063"}],"wp:term":[{"taxonomy":"category","embeddable":true,"href":"https:\/\/w-l-c.be\/fr\/wp-json\/wp\/v2\/categories?post=41063"},{"taxonomy":"post_tag","embeddable":true,"href":"https:\/\/w-l-c.be\/fr\/wp-json\/wp\/v2\/tags?post=41063"}],"curies":[{"name":"wp","href":"https:\/\/api.w.org\/{rel}","templated":true}]}}