
{"id":41072,"date":"2013-05-23T09:51:55","date_gmt":"2013-05-23T09:51:55","guid":{"rendered":"http:\/\/dev.cinevox.be\/?p=41072"},"modified":"2013-05-28T09:52:59","modified_gmt":"2013-05-28T09:52:59","slug":"jonathan-zaccai-ya-pas-photo-2","status":"publish","type":"post","link":"https:\/\/w-l-c.be\/fr\/jonathan-zaccai-ya-pas-photo-2\/","title":{"rendered":"Jonathan Zacca\u00ef : Y&rsquo;a pas photo"},"content":{"rendered":"<p>Jeff a 38 ans, une carri\u00e8re d\u2019artiste photographe au point mort, une petite amie ravissante, un boulot qui l\u2019ennuie et des r\u00eaves trop grands pour lui. Tout bascule le jour o\u00f9 un vieillard excentrique lui confie un tr\u00e8s ancien appareil. Parmi les clich\u00e9s de Jeff surgit celui, sublime, d\u2019une femme belle et triste. Une photo qui va lui apporter le succ\u00e8s et les probl\u00e8mes. Car Anna, la jeune fille de la photo, est morte assassin\u00e9e dans d\u2019\u00e9tranges circonstances. Et son visage m\u00e9lancolique va venir le hanter, jusqu\u2019aux lisi\u00e8res de la folie.<!--more--><\/p>\n<p>&nbsp;<\/p>\n<p>Tourn\u00e9e en 2012 \u00e0 Paris et proche banlieue, le t\u00e9l\u00e9film <em>Chambre noire<\/em> sera diffus\u00e9 vendredi soir sur France 2.<\/p>\n<p>En t\u00eate de casting, on retrouve <strong>Jonathan Zacca\u00ef<\/strong>. A ses c\u00f4t\u00e9s, Armelle Deutsch; Francis Perrin, Chlo\u00e9 Stefani, Michel Aumont et Sylvie Granotier. Le t\u00e9l\u00e9film a \u00e9t\u00e9 r\u00e9alis\u00e9 par Arnaud Malherbe \u00e0 qui on doit notamment <em>Dans leur Peau<\/em> avec <strong>Fred Testot<\/strong> (2007)<\/p>\n<p>&nbsp;<\/p>\n<p><a rel=\"attachment wp-att-43868\" href=\"http:\/\/www.cinevox.be\/jonathan-zaccai-ya-pas-photo-2\/casting-3\"><img loading=\"lazy\" decoding=\"async\" class=\"aligncenter size-full wp-image-43868\" title=\"casting\" src=\"http:\/\/www.cinevox.be\/wp-content\/uploads\/2013\/05\/casting.png\" alt=\"\" width=\"584\" height=\"403\" \/><\/a><\/p>\n<p>&nbsp;<\/p>\n<p><em>Chambre Noire<\/em> a remport\u00e9 au festival de Luchon, le prix de la meilleure\u2026 photo. \u00c7a ne s&rsquo;invente pas.<\/p>\n<p>&nbsp;<\/p>\n<p>&nbsp;<\/p>\n<p>&nbsp;<\/p>\n","protected":false},"excerpt":{"rendered":"<p>Jeff a 38 ans, une carri\u00e8re d\u2019artiste photographe au point mort, une petite amie ravissante, un boulot qui l\u2019ennuie et des r\u00eaves trop grands pour lui. Tout bascule le jour o\u00f9 un vieillard excentrique lui confie un tr\u00e8s ancien appareil. Parmi les clich\u00e9s de Jeff surgit celui, sublime, d\u2019une femme belle et triste. Une photo &hellip;<\/p>\n","protected":false},"author":339,"featured_media":41074,"comment_status":"closed","ping_status":"closed","sticky":false,"template":"","format":"standard","meta":{"ngg_post_thumbnail":0,"footnotes":""},"categories":[7,14],"tags":[],"class_list":["post-41072","post","type-post","status-publish","format-standard","has-post-thumbnail","","category-actualites","category-home-cinema"],"yoast_head":"<!-- This site is optimized with the Yoast SEO plugin v20.4 - https:\/\/yoast.com\/wordpress\/plugins\/seo\/ -->\n<title>Jonathan Zacca\u00ef : Y&#039;a pas photo - w-l-c<\/title>\n<meta name=\"robots\" content=\"noindex, follow, max-snippet:-1, max-image-preview:large, max-video-preview:-1\" \/>\n<meta property=\"og:locale\" content=\"fr_FR\" \/>\n<meta property=\"og:type\" content=\"article\" \/>\n<meta property=\"og:title\" content=\"Jonathan Zacca\u00ef : Y&#039;a pas photo - w-l-c\" \/>\n<meta property=\"og:description\" content=\"Jeff a 38 ans, une carri\u00e8re d\u2019artiste photographe au point mort, une petite amie ravissante, un boulot qui l\u2019ennuie et des r\u00eaves trop grands pour lui. Tout bascule le jour o\u00f9 un vieillard excentrique lui confie un tr\u00e8s ancien appareil. Parmi les clich\u00e9s de Jeff surgit celui, sublime, d\u2019une femme belle et triste. Une photo &hellip;\" \/>\n<meta property=\"og:url\" content=\"https:\/\/w-l-c.be\/fr\/jonathan-zaccai-ya-pas-photo-2\/\" \/>\n<meta property=\"og:site_name\" content=\"w-l-c\" \/>\n<meta property=\"article:published_time\" content=\"2013-05-23T09:51:55+00:00\" \/>\n<meta property=\"article:modified_time\" content=\"2013-05-28T09:52:59+00:00\" \/>\n<meta property=\"og:image\" content=\"https:\/\/w-l-c.be\/wp-content\/uploads\/2013\/05\/ChambreNoire-620x3651.jpg\" \/>\n\t<meta property=\"og:image:width\" content=\"620\" \/>\n\t<meta property=\"og:image:height\" content=\"365\" \/>\n\t<meta property=\"og:image:type\" content=\"image\/jpeg\" \/>\n<meta name=\"author\" content=\"Laurent\" \/>\n<meta name=\"twitter:card\" content=\"summary_large_image\" \/>\n<meta name=\"twitter:label1\" content=\"\u00c9crit par\" \/>\n\t<meta name=\"twitter:data1\" content=\"Laurent\" \/>\n\t<meta name=\"twitter:label2\" content=\"Dur\u00e9e de lecture estim\u00e9e\" \/>\n\t<meta name=\"twitter:data2\" content=\"1 minute\" \/>\n<script type=\"application\/ld+json\" class=\"yoast-schema-graph\">{\"@context\":\"https:\/\/schema.org\",\"@graph\":[{\"@type\":\"WebPage\",\"@id\":\"https:\/\/w-l-c.be\/fr\/jonathan-zaccai-ya-pas-photo-2\/\",\"url\":\"https:\/\/w-l-c.be\/fr\/jonathan-zaccai-ya-pas-photo-2\/\",\"name\":\"Jonathan Zacca\u00ef : Y'a pas photo - w-l-c\",\"isPartOf\":{\"@id\":\"https:\/\/w-l-c.be\/fr\/#website\"},\"datePublished\":\"2013-05-23T09:51:55+00:00\",\"dateModified\":\"2013-05-28T09:52:59+00:00\",\"author\":{\"@id\":\"https:\/\/w-l-c.be\/fr\/#\/schema\/person\/4722f79d5e4255f537dc2d0f44988650\"},\"breadcrumb\":{\"@id\":\"https:\/\/w-l-c.be\/fr\/jonathan-zaccai-ya-pas-photo-2\/#breadcrumb\"},\"inLanguage\":\"fr-FR\",\"potentialAction\":[{\"@type\":\"ReadAction\",\"target\":[\"https:\/\/w-l-c.be\/fr\/jonathan-zaccai-ya-pas-photo-2\/\"]}]},{\"@type\":\"BreadcrumbList\",\"@id\":\"https:\/\/w-l-c.be\/fr\/jonathan-zaccai-ya-pas-photo-2\/#breadcrumb\",\"itemListElement\":[{\"@type\":\"ListItem\",\"position\":1,\"name\":\"Accueil\",\"item\":\"https:\/\/w-l-c.be\/fr\/\"},{\"@type\":\"ListItem\",\"position\":2,\"name\":\"Jonathan Zacca\u00ef : Y&rsquo;a pas photo\"}]},{\"@type\":\"WebSite\",\"@id\":\"https:\/\/w-l-c.be\/fr\/#website\",\"url\":\"https:\/\/w-l-c.be\/fr\/\",\"name\":\"w-l-c\",\"description\":\"Le cin\u00e9ma vu par les belges\",\"potentialAction\":[{\"@type\":\"SearchAction\",\"target\":{\"@type\":\"EntryPoint\",\"urlTemplate\":\"https:\/\/w-l-c.be\/fr\/?s={search_term_string}\"},\"query-input\":\"required name=search_term_string\"}],\"inLanguage\":\"fr-FR\"},{\"@type\":\"Person\",\"@id\":\"https:\/\/w-l-c.be\/fr\/#\/schema\/person\/4722f79d5e4255f537dc2d0f44988650\",\"name\":\"Laurent\",\"url\":\"https:\/\/w-l-c.be\/fr\/author\/laurent\/\"}]}<\/script>\n<!-- \/ Yoast SEO plugin. -->","yoast_head_json":{"title":"Jonathan Zacca\u00ef : Y'a pas photo - w-l-c","robots":{"index":"noindex","follow":"follow","max-snippet":"max-snippet:-1","max-image-preview":"max-image-preview:large","max-video-preview":"max-video-preview:-1"},"og_locale":"fr_FR","og_type":"article","og_title":"Jonathan Zacca\u00ef : Y'a pas photo - w-l-c","og_description":"Jeff a 38 ans, une carri\u00e8re d\u2019artiste photographe au point mort, une petite amie ravissante, un boulot qui l\u2019ennuie et des r\u00eaves trop grands pour lui. Tout bascule le jour o\u00f9 un vieillard excentrique lui confie un tr\u00e8s ancien appareil. Parmi les clich\u00e9s de Jeff surgit celui, sublime, d\u2019une femme belle et triste. Une photo &hellip;","og_url":"https:\/\/w-l-c.be\/fr\/jonathan-zaccai-ya-pas-photo-2\/","og_site_name":"w-l-c","article_published_time":"2013-05-23T09:51:55+00:00","article_modified_time":"2013-05-28T09:52:59+00:00","og_image":[{"width":620,"height":365,"url":"https:\/\/w-l-c.be\/wp-content\/uploads\/2013\/05\/ChambreNoire-620x3651.jpg","type":"image\/jpeg"}],"author":"Laurent","twitter_card":"summary_large_image","twitter_misc":{"\u00c9crit par":"Laurent","Dur\u00e9e de lecture estim\u00e9e":"1 minute"},"schema":{"@context":"https:\/\/schema.org","@graph":[{"@type":"WebPage","@id":"https:\/\/w-l-c.be\/fr\/jonathan-zaccai-ya-pas-photo-2\/","url":"https:\/\/w-l-c.be\/fr\/jonathan-zaccai-ya-pas-photo-2\/","name":"Jonathan Zacca\u00ef : Y'a pas photo - w-l-c","isPartOf":{"@id":"https:\/\/w-l-c.be\/fr\/#website"},"datePublished":"2013-05-23T09:51:55+00:00","dateModified":"2013-05-28T09:52:59+00:00","author":{"@id":"https:\/\/w-l-c.be\/fr\/#\/schema\/person\/4722f79d5e4255f537dc2d0f44988650"},"breadcrumb":{"@id":"https:\/\/w-l-c.be\/fr\/jonathan-zaccai-ya-pas-photo-2\/#breadcrumb"},"inLanguage":"fr-FR","potentialAction":[{"@type":"ReadAction","target":["https:\/\/w-l-c.be\/fr\/jonathan-zaccai-ya-pas-photo-2\/"]}]},{"@type":"BreadcrumbList","@id":"https:\/\/w-l-c.be\/fr\/jonathan-zaccai-ya-pas-photo-2\/#breadcrumb","itemListElement":[{"@type":"ListItem","position":1,"name":"Accueil","item":"https:\/\/w-l-c.be\/fr\/"},{"@type":"ListItem","position":2,"name":"Jonathan Zacca\u00ef : Y&rsquo;a pas photo"}]},{"@type":"WebSite","@id":"https:\/\/w-l-c.be\/fr\/#website","url":"https:\/\/w-l-c.be\/fr\/","name":"w-l-c","description":"Le cin\u00e9ma vu par les belges","potentialAction":[{"@type":"SearchAction","target":{"@type":"EntryPoint","urlTemplate":"https:\/\/w-l-c.be\/fr\/?s={search_term_string}"},"query-input":"required name=search_term_string"}],"inLanguage":"fr-FR"},{"@type":"Person","@id":"https:\/\/w-l-c.be\/fr\/#\/schema\/person\/4722f79d5e4255f537dc2d0f44988650","name":"Laurent","url":"https:\/\/w-l-c.be\/fr\/author\/laurent\/"}]}},"_links":{"self":[{"href":"https:\/\/w-l-c.be\/fr\/wp-json\/wp\/v2\/posts\/41072","targetHints":{"allow":["GET"]}}],"collection":[{"href":"https:\/\/w-l-c.be\/fr\/wp-json\/wp\/v2\/posts"}],"about":[{"href":"https:\/\/w-l-c.be\/fr\/wp-json\/wp\/v2\/types\/post"}],"author":[{"embeddable":true,"href":"https:\/\/w-l-c.be\/fr\/wp-json\/wp\/v2\/users\/339"}],"replies":[{"embeddable":true,"href":"https:\/\/w-l-c.be\/fr\/wp-json\/wp\/v2\/comments?post=41072"}],"version-history":[{"count":0,"href":"https:\/\/w-l-c.be\/fr\/wp-json\/wp\/v2\/posts\/41072\/revisions"}],"wp:featuredmedia":[{"embeddable":true,"href":"https:\/\/w-l-c.be\/fr\/wp-json\/wp\/v2\/media\/41074"}],"wp:attachment":[{"href":"https:\/\/w-l-c.be\/fr\/wp-json\/wp\/v2\/media?parent=41072"}],"wp:term":[{"taxonomy":"category","embeddable":true,"href":"https:\/\/w-l-c.be\/fr\/wp-json\/wp\/v2\/categories?post=41072"},{"taxonomy":"post_tag","embeddable":true,"href":"https:\/\/w-l-c.be\/fr\/wp-json\/wp\/v2\/tags?post=41072"}],"curies":[{"name":"wp","href":"https:\/\/api.w.org\/{rel}","templated":true}]}}