
{"id":41090,"date":"2013-05-27T10:06:53","date_gmt":"2013-05-27T10:06:53","guid":{"rendered":"http:\/\/dev.cinevox.be\/?p=41090"},"modified":"2013-06-14T16:52:04","modified_gmt":"2013-06-14T16:52:04","slug":"les-docs-du-millenaire","status":"publish","type":"post","link":"https:\/\/w-l-c.be\/fr\/les-docs-du-millenaire\/","title":{"rendered":"Les docs du Mill\u00e9naire"},"content":{"rendered":"<p>En Belgique, le documentaire est un genre qui se porte tr\u00e8s bien. Les \u0153uvres produites chez nous sont tr\u00e8s appr\u00e9ci\u00e9es \u00e0 travers le monde gr\u00e2ce \u00e0 des festivals nombreux et tr\u00e8s bien achaland\u00e9s. Bien s\u00fbr, notre pays n\u2019est pas un cas \u00e0 part : la plupart des pays du monde produisent \u00e9norm\u00e9ment de films qui renoncent \u00e0 la fiction pour mieux d\u00e9cortiquer en profondeur les \u00e9tranges rouages de nos soci\u00e9t\u00e9s, des faits divers troublants, des ph\u00e9nom\u00e8nes globaux qui semblent \u00e9chapper aux m\u00e9dias traditionnels et des personnalit\u00e9s attachantes ou controvers\u00e9es, publiques ou anonymes.<\/p>\n<p>La t\u00e9l\u00e9vision est naturellement un des vecteurs privil\u00e9gi\u00e9s de ce type de films, mais l\u2019exp\u00e9rience du grand \u00e9cran reste ici aussi un in\u00e9galable plaisir. L\u2019impact du message en est d\u00e9cupl\u00e9.<!--more--><\/p>\n<p>&nbsp;<\/p>\n<p><a rel=\"attachment wp-att-44100\" href=\"http:\/\/www.cinevox.be\/les-docs-du-millenaire\/festival_millenium_2013_-_affiche_2013_03\"><img loading=\"lazy\" decoding=\"async\" class=\"alignright size-large wp-image-44100\" title=\"Festival_Millenium_2013_-_Affiche_2013_03\" src=\"http:\/\/www.cinevox.be\/wp-content\/uploads\/2013\/05\/Festival_Millenium_2013_-_Affiche_2013_03-421x600.jpg\" alt=\"\" width=\"421\" height=\"600\" \/><\/a>En Belgique, le festival Millenium de Bruxelles a \u00e9t\u00e9 cr\u00e9\u00e9 en 2009 avec la volont\u00e9 de pr\u00e9senter des documentaires qui interrogent, qui participent dans notre vie et notre avenir, qui nous font d\u00e9couvrir l\u2019autre, sa complexit\u00e9, la beaut\u00e9 de la diff\u00e9rence.<\/p>\n<p>&nbsp;<\/p>\n<p>La programmation de la 5e \u00e9dition du festival est travers\u00e9e par un th\u00e8me interpellant \u00abTout \u00e0 vendre\u00bb. Notre soci\u00e9t\u00e9 est inond\u00e9e d\u2019images, de paroles et de messages qui transforment tout en \u00abproduit\u00bb : notre corps, nos visions, notre sensibilit\u00e9, nos \u00e9motions, nos angoisses, m\u00eame nos id\u00e9aux\u2026  Sommes-nous pr\u00e9par\u00e9s \u00e0 cela?<\/p>\n<p>Millenium a donc r\u00e9uni une s\u00e9lection de films qui explorent les m\u00e9canismes du \u00ab commerce global \u00bb pour r\u00e9v\u00e9ler ses multiples facettes, astuces et cruaut\u00e9s. Il nous envoie une invitation \u00e0 r\u00e9fl\u00e9chir avec les cin\u00e9astes sur les effets de ce ph\u00e9nom\u00e8ne sur notre vie et notre futur. Bienvenue dans notre monde merveilleux !<\/p>\n<p>&nbsp;<\/p>\n<p>Cette ann\u00e9e, le Millenium Film festival se d\u00e9roulera du 3 mai au 9 juin dans trois endroits de la capitale : le Vend\u00f4me, Flagey et le CIVA (Le Centre International pour la Ville, l\u2019Architecture et le Paysage, 55 rue de l\u2019Ermitage).<\/p>\n<p>&nbsp;<\/p>\n<p><a rel=\"attachment wp-att-44101\" href=\"http:\/\/www.cinevox.be\/les-docs-du-millenaire\/dolphin_boy_web1\"><img loading=\"lazy\" decoding=\"async\" class=\"aligncenter size-full wp-image-44101\" title=\"dolphin_boy_web1\" src=\"http:\/\/www.cinevox.be\/wp-content\/uploads\/2013\/05\/dolphin_boy_web1.jpg\" alt=\"\" width=\"600\" height=\"400\" \/><\/a><\/p>\n<p>Un jury, pr\u00e9sid\u00e9 par le Turc  Ahmet Atilla Boyacioglu et compos\u00e9 de sept personnalit\u00e9s de six pays diff\u00e9rents remettra quatre prix. Un jury du public avec trente spectateurs en octroiera un cinqui\u00e8me. Cette ann\u00e9e, dix-huit films du monde entier seront en comp\u00e9tition. Millenium proposera \u00e9galement dix incontournables des ann\u00e9es 2000 et une section de sept films r\u00e9serv\u00e9e au jeune public. Plus des r\u00e9trospectives, des panoramas, des master class, des web-doc meetings, des conf\u00e9rences et des d\u00e9bats.<\/p>\n<p>&nbsp;<\/p>\n<p>Comme il n\u2019est pas question de d\u00e9trousser le visiteur pour un \u00e9v\u00e8nement qui porte en lui des valeurs humanistes aussi fortes, un pass de 30 euros donne acc\u00e8s \u00e0 10 films et pour 50 euros, n\u2019importe qui peut assister \u00e0 toutes les s\u00e9ances qu\u2019il a envie de fr\u00e9quenter. Une entr\u00e9e unique pour un public adulte est de 5 euros.<\/p>\n<p>&nbsp;<\/p>\n<p>Vous trouverez tous les renseignements et horaires sur le site Internet du festival, fort pratique (<a href=\"http:\/\/www.festivalmillenium.org\/fr\/tickets-et-reservations\" target=\"_blank\">ici)<\/a> et vous pouvez aussi remporter des invitations pour un des films belges de la manifestation en cliquant <a href=\"http:\/\/www.cinevox.be\/concours#wpcf7-f63-p97-o1\" target=\"_blank\">ICI<\/a><\/p>\n<p>&nbsp;<\/p>\n<p><a rel=\"attachment wp-att-44102\" href=\"http:\/\/www.cinevox.be\/les-docs-du-millenaire\/ion_web1\"><img loading=\"lazy\" decoding=\"async\" class=\"aligncenter size-full wp-image-44102\" title=\"ion_web1\" src=\"http:\/\/www.cinevox.be\/wp-content\/uploads\/2013\/05\/ion_web1.jpg\" alt=\"\" width=\"700\" height=\"394\" \/><\/a><\/p>\n<p>&nbsp;<\/p>\n<p>&nbsp;<\/p>\n<p>Profitons de l\u2019occasion pour vous annoncer la naissance d\u2019une page Facebook enti\u00e8rement d\u00e9di\u00e9e aux documentaires vus de Belgique. Si le domaine vous int\u00e9resse, n\u2019h\u00e9sitez pas \u00e0 la rallier en cliquant <a href=\"http:\/\/www.facebook.com\/pages\/Belgiumdoc\/199442653485655\" target=\"_blank\">ICI<\/a>.<\/p>\n<p>&nbsp;<\/p>\n","protected":false},"excerpt":{"rendered":"<p>En Belgique, le documentaire est un genre qui se porte tr\u00e8s bien. Les \u0153uvres produites chez nous sont tr\u00e8s appr\u00e9ci\u00e9es \u00e0 travers le monde gr\u00e2ce \u00e0 des festivals nombreux et tr\u00e8s bien achaland\u00e9s. Bien s\u00fbr, notre pays n\u2019est pas un cas \u00e0 part : la plupart des pays du monde produisent \u00e9norm\u00e9ment de films qui &hellip;<\/p>\n","protected":false},"author":339,"featured_media":41092,"comment_status":"closed","ping_status":"closed","sticky":false,"template":"","format":"standard","meta":{"ngg_post_thumbnail":0,"footnotes":""},"categories":[10,7],"tags":[],"class_list":["post-41090","post","type-post","status-publish","format-standard","has-post-thumbnail","","category-a-l-affiche","category-actualites"],"yoast_head":"<!-- This site is optimized with the Yoast SEO plugin v20.4 - https:\/\/yoast.com\/wordpress\/plugins\/seo\/ -->\n<title>Les docs du Mill\u00e9naire - w-l-c<\/title>\n<meta name=\"robots\" content=\"noindex, follow, max-snippet:-1, max-image-preview:large, max-video-preview:-1\" \/>\n<meta property=\"og:locale\" content=\"fr_FR\" \/>\n<meta property=\"og:type\" content=\"article\" \/>\n<meta property=\"og:title\" content=\"Les docs du Mill\u00e9naire - w-l-c\" \/>\n<meta property=\"og:description\" content=\"En Belgique, le documentaire est un genre qui se porte tr\u00e8s bien. Les \u0153uvres produites chez nous sont tr\u00e8s appr\u00e9ci\u00e9es \u00e0 travers le monde gr\u00e2ce \u00e0 des festivals nombreux et tr\u00e8s bien achaland\u00e9s. Bien s\u00fbr, notre pays n\u2019est pas un cas \u00e0 part : la plupart des pays du monde produisent \u00e9norm\u00e9ment de films qui &hellip;\" \/>\n<meta property=\"og:url\" content=\"https:\/\/w-l-c.be\/fr\/les-docs-du-millenaire\/\" \/>\n<meta property=\"og:site_name\" content=\"w-l-c\" \/>\n<meta property=\"article:published_time\" content=\"2013-05-27T10:06:53+00:00\" \/>\n<meta property=\"article:modified_time\" content=\"2013-06-14T16:52:04+00:00\" \/>\n<meta property=\"og:image\" content=\"https:\/\/w-l-c.be\/wp-content\/uploads\/2013\/05\/bay-of-all-saints_web1-300x169.jpg\" \/>\n\t<meta property=\"og:image:width\" content=\"300\" \/>\n\t<meta property=\"og:image:height\" content=\"169\" \/>\n\t<meta property=\"og:image:type\" content=\"image\/jpeg\" \/>\n<meta name=\"author\" content=\"Laurent\" \/>\n<meta name=\"twitter:card\" content=\"summary_large_image\" \/>\n<meta name=\"twitter:label1\" content=\"\u00c9crit par\" \/>\n\t<meta name=\"twitter:data1\" content=\"Laurent\" \/>\n\t<meta name=\"twitter:label2\" content=\"Dur\u00e9e de lecture estim\u00e9e\" \/>\n\t<meta name=\"twitter:data2\" content=\"3 minutes\" \/>\n<script type=\"application\/ld+json\" class=\"yoast-schema-graph\">{\"@context\":\"https:\/\/schema.org\",\"@graph\":[{\"@type\":\"WebPage\",\"@id\":\"https:\/\/w-l-c.be\/fr\/les-docs-du-millenaire\/\",\"url\":\"https:\/\/w-l-c.be\/fr\/les-docs-du-millenaire\/\",\"name\":\"Les docs du Mill\u00e9naire - w-l-c\",\"isPartOf\":{\"@id\":\"https:\/\/w-l-c.be\/fr\/#website\"},\"datePublished\":\"2013-05-27T10:06:53+00:00\",\"dateModified\":\"2013-06-14T16:52:04+00:00\",\"author\":{\"@id\":\"https:\/\/w-l-c.be\/fr\/#\/schema\/person\/4722f79d5e4255f537dc2d0f44988650\"},\"breadcrumb\":{\"@id\":\"https:\/\/w-l-c.be\/fr\/les-docs-du-millenaire\/#breadcrumb\"},\"inLanguage\":\"fr-FR\",\"potentialAction\":[{\"@type\":\"ReadAction\",\"target\":[\"https:\/\/w-l-c.be\/fr\/les-docs-du-millenaire\/\"]}]},{\"@type\":\"BreadcrumbList\",\"@id\":\"https:\/\/w-l-c.be\/fr\/les-docs-du-millenaire\/#breadcrumb\",\"itemListElement\":[{\"@type\":\"ListItem\",\"position\":1,\"name\":\"Accueil\",\"item\":\"https:\/\/w-l-c.be\/fr\/\"},{\"@type\":\"ListItem\",\"position\":2,\"name\":\"Les docs du Mill\u00e9naire\"}]},{\"@type\":\"WebSite\",\"@id\":\"https:\/\/w-l-c.be\/fr\/#website\",\"url\":\"https:\/\/w-l-c.be\/fr\/\",\"name\":\"w-l-c\",\"description\":\"Le cin\u00e9ma vu par les belges\",\"potentialAction\":[{\"@type\":\"SearchAction\",\"target\":{\"@type\":\"EntryPoint\",\"urlTemplate\":\"https:\/\/w-l-c.be\/fr\/?s={search_term_string}\"},\"query-input\":\"required name=search_term_string\"}],\"inLanguage\":\"fr-FR\"},{\"@type\":\"Person\",\"@id\":\"https:\/\/w-l-c.be\/fr\/#\/schema\/person\/4722f79d5e4255f537dc2d0f44988650\",\"name\":\"Laurent\",\"url\":\"https:\/\/w-l-c.be\/fr\/author\/laurent\/\"}]}<\/script>\n<!-- \/ Yoast SEO plugin. -->","yoast_head_json":{"title":"Les docs du Mill\u00e9naire - w-l-c","robots":{"index":"noindex","follow":"follow","max-snippet":"max-snippet:-1","max-image-preview":"max-image-preview:large","max-video-preview":"max-video-preview:-1"},"og_locale":"fr_FR","og_type":"article","og_title":"Les docs du Mill\u00e9naire - w-l-c","og_description":"En Belgique, le documentaire est un genre qui se porte tr\u00e8s bien. Les \u0153uvres produites chez nous sont tr\u00e8s appr\u00e9ci\u00e9es \u00e0 travers le monde gr\u00e2ce \u00e0 des festivals nombreux et tr\u00e8s bien achaland\u00e9s. Bien s\u00fbr, notre pays n\u2019est pas un cas \u00e0 part : la plupart des pays du monde produisent \u00e9norm\u00e9ment de films qui &hellip;","og_url":"https:\/\/w-l-c.be\/fr\/les-docs-du-millenaire\/","og_site_name":"w-l-c","article_published_time":"2013-05-27T10:06:53+00:00","article_modified_time":"2013-06-14T16:52:04+00:00","og_image":[{"width":300,"height":169,"url":"https:\/\/w-l-c.be\/wp-content\/uploads\/2013\/05\/bay-of-all-saints_web1-300x169.jpg","type":"image\/jpeg"}],"author":"Laurent","twitter_card":"summary_large_image","twitter_misc":{"\u00c9crit par":"Laurent","Dur\u00e9e de lecture estim\u00e9e":"3 minutes"},"schema":{"@context":"https:\/\/schema.org","@graph":[{"@type":"WebPage","@id":"https:\/\/w-l-c.be\/fr\/les-docs-du-millenaire\/","url":"https:\/\/w-l-c.be\/fr\/les-docs-du-millenaire\/","name":"Les docs du Mill\u00e9naire - w-l-c","isPartOf":{"@id":"https:\/\/w-l-c.be\/fr\/#website"},"datePublished":"2013-05-27T10:06:53+00:00","dateModified":"2013-06-14T16:52:04+00:00","author":{"@id":"https:\/\/w-l-c.be\/fr\/#\/schema\/person\/4722f79d5e4255f537dc2d0f44988650"},"breadcrumb":{"@id":"https:\/\/w-l-c.be\/fr\/les-docs-du-millenaire\/#breadcrumb"},"inLanguage":"fr-FR","potentialAction":[{"@type":"ReadAction","target":["https:\/\/w-l-c.be\/fr\/les-docs-du-millenaire\/"]}]},{"@type":"BreadcrumbList","@id":"https:\/\/w-l-c.be\/fr\/les-docs-du-millenaire\/#breadcrumb","itemListElement":[{"@type":"ListItem","position":1,"name":"Accueil","item":"https:\/\/w-l-c.be\/fr\/"},{"@type":"ListItem","position":2,"name":"Les docs du Mill\u00e9naire"}]},{"@type":"WebSite","@id":"https:\/\/w-l-c.be\/fr\/#website","url":"https:\/\/w-l-c.be\/fr\/","name":"w-l-c","description":"Le cin\u00e9ma vu par les belges","potentialAction":[{"@type":"SearchAction","target":{"@type":"EntryPoint","urlTemplate":"https:\/\/w-l-c.be\/fr\/?s={search_term_string}"},"query-input":"required name=search_term_string"}],"inLanguage":"fr-FR"},{"@type":"Person","@id":"https:\/\/w-l-c.be\/fr\/#\/schema\/person\/4722f79d5e4255f537dc2d0f44988650","name":"Laurent","url":"https:\/\/w-l-c.be\/fr\/author\/laurent\/"}]}},"_links":{"self":[{"href":"https:\/\/w-l-c.be\/fr\/wp-json\/wp\/v2\/posts\/41090","targetHints":{"allow":["GET"]}}],"collection":[{"href":"https:\/\/w-l-c.be\/fr\/wp-json\/wp\/v2\/posts"}],"about":[{"href":"https:\/\/w-l-c.be\/fr\/wp-json\/wp\/v2\/types\/post"}],"author":[{"embeddable":true,"href":"https:\/\/w-l-c.be\/fr\/wp-json\/wp\/v2\/users\/339"}],"replies":[{"embeddable":true,"href":"https:\/\/w-l-c.be\/fr\/wp-json\/wp\/v2\/comments?post=41090"}],"version-history":[{"count":0,"href":"https:\/\/w-l-c.be\/fr\/wp-json\/wp\/v2\/posts\/41090\/revisions"}],"wp:featuredmedia":[{"embeddable":true,"href":"https:\/\/w-l-c.be\/fr\/wp-json\/wp\/v2\/media\/41092"}],"wp:attachment":[{"href":"https:\/\/w-l-c.be\/fr\/wp-json\/wp\/v2\/media?parent=41090"}],"wp:term":[{"taxonomy":"category","embeddable":true,"href":"https:\/\/w-l-c.be\/fr\/wp-json\/wp\/v2\/categories?post=41090"},{"taxonomy":"post_tag","embeddable":true,"href":"https:\/\/w-l-c.be\/fr\/wp-json\/wp\/v2\/tags?post=41090"}],"curies":[{"name":"wp","href":"https:\/\/api.w.org\/{rel}","templated":true}]}}