
{"id":41796,"date":"2013-06-10T08:36:51","date_gmt":"2013-06-10T08:36:51","guid":{"rendered":"http:\/\/www.cinevox.be\/?p=41796"},"modified":"2013-10-11T15:03:28","modified_gmt":"2013-10-11T13:03:28","slug":"grand-ecran-n21-juin-2013-six-pieds-sur-terre","status":"publish","type":"post","link":"https:\/\/w-l-c.be\/fr\/grand-ecran-n21-juin-2013-six-pieds-sur-terre\/","title":{"rendered":"Cinevox #22 \u2013 Juin 2013 \u2013 Les \u00e2mes de papier"},"content":{"rendered":"<p><i>Les Ames de Papier e<\/i>st le nouveau long m\u00e9trage de <b>Vincent Lannoo <\/b><i>(Au nom du Fils)<\/i><b>.<\/b> Franc-tireur iconoclaste, Vincent s\u2019impose au fil des ans comme un r\u00e9alisateur de tout premier plan. Ici, il aborde une exp\u00e9rience peu courante en Belgique: la r\u00e9alisation d\u2019un film dont il n\u2019a pas \u00e9crit le sc\u00e9nario.<\/p>\n[au moment de la diffusion de la capsule en salles, le film \u00e9tait cens\u00e9 s&rsquo;appeler Six Pieds sur Terre]\n<p><!--more--><\/p>\n<p>&nbsp;<\/p>\n<p>D\u2019habitude auteur complet, le sympathique Pantagruel du cin\u00e9ma belge s\u2019est mis au service d\u2019un texte existant, tir\u00e9 \u00e0 quatre \u00e9pingles, dr\u00f4le et \u00e9mouvant, conviant sur le plateau son auteur pour qu\u2019il puisse au jour le jour accompagner l\u2019histoire.<\/p>\n<p>Il faut dire que, devant la cam\u00e9ra, les deux acteurs complices que vous retrouverez dans cette capsule s\u2019en donnent \u00e0 c\u0153ur joie n\u2019h\u00e9sitant jamais \u00e0 habiller les sc\u00e8nes de bons mots improvis\u00e9s qui font mouche. <b>Pierre Richard<\/b> qu\u2019on n\u2019avait pas vu aussi heureux depuis longtemps \u00e9paule <b>St\u00e9phane Guillon<\/b> qui h\u00e9rite enfin d\u2019un vrai grand premier r\u00f4le.<\/p>\n<p>&nbsp;<\/p>\n<p>Les deux autres com\u00e9diens principaux sont <b>Julie Gayet<\/b> et <b>Jonathan Zacca\u00ef.<\/b><\/p>\n<p>&nbsp;<\/p>\n<p>Nous avons d\u00e9j\u00e0 consacr\u00e9 <a href=\"http:\/\/www.cinevox.be\/ce-supplement-d%E2%80%99ame\/\">ICI<\/a> un article au tournage de ce film, coproduit en Belgique par Artemis, qui devrait sortir fin 2013, au moment des f\u00eates.<\/p>\n<p>&nbsp;<\/p>\n<p>Pour accompagner ce plat all\u00e9chant, nous n\u2019avons pas r\u00e9sist\u00e9 \u00e0 la tentation de vous montrer quelques images de <i>Le Grand M\u00e9chant Loup<\/i> (coproduction Scope Pictures) dans lequel <b>Benoit Poelvoorde <\/b>partage l\u2019affiche avec Kad Merad et Fred Testot. Une com\u00e9die qui s\u2019annonce plut\u00f4t d\u00e9lirante, non? Sortie le 10 juillet<\/p>\n<p>&nbsp;<\/p>\n<p>Enfin, parce qu\u2019il n\u2019est jamais trop t\u00f4t pour bloquer quelques dates dans votre agenda, nous vous convions \u00e0 lib\u00e9rer vos soir\u00e9es du 18 au 21 septembre pour profiter \u00e0 fond des BNP Paribas Fortis Film Days. Pendant quatre jours, toutes les s\u00e9ances seront \u00e0 4 euros dans l\u2019immense majorit\u00e9 des cin\u00e9mas du pays. Ce sera aussi l\u2019occasion de d\u00e9couvrir quelques films en avant-premi\u00e8re.<\/p>\n<p>&nbsp;<\/p>\n<p>Parmi ceux-ci, deux longs m\u00e9trages belges feront l\u2019objet de Cinevox Happenings en grandes pompes. Au nord comme au Sud. Pour l\u2019instant, les n\u00e9gociations vont bon train, mais Cinevox esp\u00e8re bien ferrer deux gros poissons qui devraient animer le box-office belge de cette fin d\u2019ann\u00e9e. Une com\u00e9die et un drame aux lisi\u00e8res du thriller. Restez branch\u00e9s pour en savoir plus\u2026<\/p>\n","protected":false},"excerpt":{"rendered":"<p>Les Ames de Papier est le nouveau long m\u00e9trage de Vincent Lannoo (Au nom du Fils). Franc-tireur iconoclaste, Vincent s\u2019impose au fil des ans comme un r\u00e9alisateur de tout premier plan. Ici, il aborde une exp\u00e9rience peu courante en Belgique: la r\u00e9alisation d\u2019un film dont il n\u2019a pas \u00e9crit le sc\u00e9nario. [au moment de la &hellip;<\/p>\n","protected":false},"author":7,"featured_media":41799,"comment_status":"closed","ping_status":"closed","sticky":false,"template":"","format":"standard","meta":{"ngg_post_thumbnail":0,"footnotes":""},"categories":[1886],"tags":[],"class_list":["post-41796","post","type-post","status-publish","format-standard","has-post-thumbnail","","category-cinevox"],"yoast_head":"<!-- This site is optimized with the Yoast SEO plugin v20.4 - https:\/\/yoast.com\/wordpress\/plugins\/seo\/ -->\n<title>Cinevox #22 \u2013 Juin 2013 \u2013 Les \u00e2mes de papier  - w-l-c<\/title>\n<meta name=\"robots\" content=\"noindex, follow, max-snippet:-1, max-image-preview:large, max-video-preview:-1\" \/>\n<meta property=\"og:locale\" content=\"fr_FR\" \/>\n<meta property=\"og:type\" content=\"article\" \/>\n<meta property=\"og:title\" content=\"Cinevox #22 \u2013 Juin 2013 \u2013 Les \u00e2mes de papier  - w-l-c\" \/>\n<meta property=\"og:description\" content=\"Les Ames de Papier est le nouveau long m\u00e9trage de Vincent Lannoo (Au nom du Fils). Franc-tireur iconoclaste, Vincent s\u2019impose au fil des ans comme un r\u00e9alisateur de tout premier plan. Ici, il aborde une exp\u00e9rience peu courante en Belgique: la r\u00e9alisation d\u2019un film dont il n\u2019a pas \u00e9crit le sc\u00e9nario. [au moment de la &hellip;\" \/>\n<meta property=\"og:url\" content=\"https:\/\/w-l-c.be\/fr\/grand-ecran-n21-juin-2013-six-pieds-sur-terre\/\" \/>\n<meta property=\"og:site_name\" content=\"w-l-c\" \/>\n<meta property=\"article:published_time\" content=\"2013-06-10T08:36:51+00:00\" \/>\n<meta property=\"article:modified_time\" content=\"2013-10-11T13:03:28+00:00\" \/>\n<meta property=\"og:image\" content=\"https:\/\/w-l-c.be\/wp-content\/uploads\/2010\/06\/2013-06-06_11h42_48.jpg\" \/>\n\t<meta property=\"og:image:width\" content=\"787\" \/>\n\t<meta property=\"og:image:height\" content=\"426\" \/>\n\t<meta property=\"og:image:type\" content=\"image\/jpeg\" \/>\n<meta name=\"author\" content=\"Philippe.Pierquin\" \/>\n<meta name=\"twitter:card\" content=\"summary_large_image\" \/>\n<meta name=\"twitter:label1\" content=\"\u00c9crit par\" \/>\n\t<meta name=\"twitter:data1\" content=\"Philippe.Pierquin\" \/>\n\t<meta name=\"twitter:label2\" content=\"Dur\u00e9e de lecture estim\u00e9e\" \/>\n\t<meta name=\"twitter:data2\" content=\"2 minutes\" \/>\n<script type=\"application\/ld+json\" class=\"yoast-schema-graph\">{\"@context\":\"https:\/\/schema.org\",\"@graph\":[{\"@type\":\"WebPage\",\"@id\":\"https:\/\/w-l-c.be\/fr\/grand-ecran-n21-juin-2013-six-pieds-sur-terre\/\",\"url\":\"https:\/\/w-l-c.be\/fr\/grand-ecran-n21-juin-2013-six-pieds-sur-terre\/\",\"name\":\"Cinevox #22 \u2013 Juin 2013 \u2013 Les \u00e2mes de papier - w-l-c\",\"isPartOf\":{\"@id\":\"https:\/\/w-l-c.be\/fr\/#website\"},\"datePublished\":\"2013-06-10T08:36:51+00:00\",\"dateModified\":\"2013-10-11T13:03:28+00:00\",\"author\":{\"@id\":\"https:\/\/w-l-c.be\/fr\/#\/schema\/person\/4b9b1d857f0943453a38a7c2859ef756\"},\"breadcrumb\":{\"@id\":\"https:\/\/w-l-c.be\/fr\/grand-ecran-n21-juin-2013-six-pieds-sur-terre\/#breadcrumb\"},\"inLanguage\":\"fr-FR\",\"potentialAction\":[{\"@type\":\"ReadAction\",\"target\":[\"https:\/\/w-l-c.be\/fr\/grand-ecran-n21-juin-2013-six-pieds-sur-terre\/\"]}]},{\"@type\":\"BreadcrumbList\",\"@id\":\"https:\/\/w-l-c.be\/fr\/grand-ecran-n21-juin-2013-six-pieds-sur-terre\/#breadcrumb\",\"itemListElement\":[{\"@type\":\"ListItem\",\"position\":1,\"name\":\"Accueil\",\"item\":\"https:\/\/w-l-c.be\/fr\/\"},{\"@type\":\"ListItem\",\"position\":2,\"name\":\"Cinevox #22 \u2013 Juin 2013 \u2013 Les \u00e2mes de papier\"}]},{\"@type\":\"WebSite\",\"@id\":\"https:\/\/w-l-c.be\/fr\/#website\",\"url\":\"https:\/\/w-l-c.be\/fr\/\",\"name\":\"w-l-c\",\"description\":\"Le cin\u00e9ma vu par les belges\",\"potentialAction\":[{\"@type\":\"SearchAction\",\"target\":{\"@type\":\"EntryPoint\",\"urlTemplate\":\"https:\/\/w-l-c.be\/fr\/?s={search_term_string}\"},\"query-input\":\"required name=search_term_string\"}],\"inLanguage\":\"fr-FR\"},{\"@type\":\"Person\",\"@id\":\"https:\/\/w-l-c.be\/fr\/#\/schema\/person\/4b9b1d857f0943453a38a7c2859ef756\",\"name\":\"Philippe.Pierquin\",\"url\":\"https:\/\/w-l-c.be\/fr\/author\/philippe-pierquin\/\"}]}<\/script>\n<!-- \/ Yoast SEO plugin. -->","yoast_head_json":{"title":"Cinevox #22 \u2013 Juin 2013 \u2013 Les \u00e2mes de papier  - w-l-c","robots":{"index":"noindex","follow":"follow","max-snippet":"max-snippet:-1","max-image-preview":"max-image-preview:large","max-video-preview":"max-video-preview:-1"},"og_locale":"fr_FR","og_type":"article","og_title":"Cinevox #22 \u2013 Juin 2013 \u2013 Les \u00e2mes de papier  - w-l-c","og_description":"Les Ames de Papier est le nouveau long m\u00e9trage de Vincent Lannoo (Au nom du Fils). Franc-tireur iconoclaste, Vincent s\u2019impose au fil des ans comme un r\u00e9alisateur de tout premier plan. Ici, il aborde une exp\u00e9rience peu courante en Belgique: la r\u00e9alisation d\u2019un film dont il n\u2019a pas \u00e9crit le sc\u00e9nario. [au moment de la &hellip;","og_url":"https:\/\/w-l-c.be\/fr\/grand-ecran-n21-juin-2013-six-pieds-sur-terre\/","og_site_name":"w-l-c","article_published_time":"2013-06-10T08:36:51+00:00","article_modified_time":"2013-10-11T13:03:28+00:00","og_image":[{"width":787,"height":426,"url":"https:\/\/w-l-c.be\/wp-content\/uploads\/2010\/06\/2013-06-06_11h42_48.jpg","type":"image\/jpeg"}],"author":"Philippe.Pierquin","twitter_card":"summary_large_image","twitter_misc":{"\u00c9crit par":"Philippe.Pierquin","Dur\u00e9e de lecture estim\u00e9e":"2 minutes"},"schema":{"@context":"https:\/\/schema.org","@graph":[{"@type":"WebPage","@id":"https:\/\/w-l-c.be\/fr\/grand-ecran-n21-juin-2013-six-pieds-sur-terre\/","url":"https:\/\/w-l-c.be\/fr\/grand-ecran-n21-juin-2013-six-pieds-sur-terre\/","name":"Cinevox #22 \u2013 Juin 2013 \u2013 Les \u00e2mes de papier - w-l-c","isPartOf":{"@id":"https:\/\/w-l-c.be\/fr\/#website"},"datePublished":"2013-06-10T08:36:51+00:00","dateModified":"2013-10-11T13:03:28+00:00","author":{"@id":"https:\/\/w-l-c.be\/fr\/#\/schema\/person\/4b9b1d857f0943453a38a7c2859ef756"},"breadcrumb":{"@id":"https:\/\/w-l-c.be\/fr\/grand-ecran-n21-juin-2013-six-pieds-sur-terre\/#breadcrumb"},"inLanguage":"fr-FR","potentialAction":[{"@type":"ReadAction","target":["https:\/\/w-l-c.be\/fr\/grand-ecran-n21-juin-2013-six-pieds-sur-terre\/"]}]},{"@type":"BreadcrumbList","@id":"https:\/\/w-l-c.be\/fr\/grand-ecran-n21-juin-2013-six-pieds-sur-terre\/#breadcrumb","itemListElement":[{"@type":"ListItem","position":1,"name":"Accueil","item":"https:\/\/w-l-c.be\/fr\/"},{"@type":"ListItem","position":2,"name":"Cinevox #22 \u2013 Juin 2013 \u2013 Les \u00e2mes de papier"}]},{"@type":"WebSite","@id":"https:\/\/w-l-c.be\/fr\/#website","url":"https:\/\/w-l-c.be\/fr\/","name":"w-l-c","description":"Le cin\u00e9ma vu par les belges","potentialAction":[{"@type":"SearchAction","target":{"@type":"EntryPoint","urlTemplate":"https:\/\/w-l-c.be\/fr\/?s={search_term_string}"},"query-input":"required name=search_term_string"}],"inLanguage":"fr-FR"},{"@type":"Person","@id":"https:\/\/w-l-c.be\/fr\/#\/schema\/person\/4b9b1d857f0943453a38a7c2859ef756","name":"Philippe.Pierquin","url":"https:\/\/w-l-c.be\/fr\/author\/philippe-pierquin\/"}]}},"_links":{"self":[{"href":"https:\/\/w-l-c.be\/fr\/wp-json\/wp\/v2\/posts\/41796","targetHints":{"allow":["GET"]}}],"collection":[{"href":"https:\/\/w-l-c.be\/fr\/wp-json\/wp\/v2\/posts"}],"about":[{"href":"https:\/\/w-l-c.be\/fr\/wp-json\/wp\/v2\/types\/post"}],"author":[{"embeddable":true,"href":"https:\/\/w-l-c.be\/fr\/wp-json\/wp\/v2\/users\/7"}],"replies":[{"embeddable":true,"href":"https:\/\/w-l-c.be\/fr\/wp-json\/wp\/v2\/comments?post=41796"}],"version-history":[{"count":0,"href":"https:\/\/w-l-c.be\/fr\/wp-json\/wp\/v2\/posts\/41796\/revisions"}],"wp:featuredmedia":[{"embeddable":true,"href":"https:\/\/w-l-c.be\/fr\/wp-json\/wp\/v2\/media\/41799"}],"wp:attachment":[{"href":"https:\/\/w-l-c.be\/fr\/wp-json\/wp\/v2\/media?parent=41796"}],"wp:term":[{"taxonomy":"category","embeddable":true,"href":"https:\/\/w-l-c.be\/fr\/wp-json\/wp\/v2\/categories?post=41796"},{"taxonomy":"post_tag","embeddable":true,"href":"https:\/\/w-l-c.be\/fr\/wp-json\/wp\/v2\/tags?post=41796"}],"curies":[{"name":"wp","href":"https:\/\/api.w.org\/{rel}","templated":true}]}}