
{"id":42032,"date":"2013-06-10T17:52:48","date_gmt":"2013-06-10T17:52:48","guid":{"rendered":"http:\/\/www.cinevox.be\/?p=42032"},"modified":"2013-06-11T11:33:39","modified_gmt":"2013-06-11T11:33:39","slug":"le-court-qui-en-dit-long-le-palmares","status":"publish","type":"post","link":"https:\/\/w-l-c.be\/fr\/le-court-qui-en-dit-long-le-palmares\/","title":{"rendered":"Le Court qui en dit long : le Palmar\u00e8s !"},"content":{"rendered":"<p>Le 21e Festival Le Court en dit long s&rsquo;est cl\u00f4tur\u00e9 le 8 juin. 38 courts m\u00e9trages (co)produits en Wallonie et \u00e0 Bruxelles \u00e9taient en comp\u00e9tition.<!--more--><\/p>\n<p>&nbsp;<\/p>\n<p>&nbsp;<\/p>\n<p>&nbsp;<\/p>\n<p>&nbsp;<\/p>\n<p>&nbsp;<\/p>\n<p>&nbsp;<\/p>\n<p>Le Jury 2013, compos\u00e9 de <b>B\u00e9n\u00e9dicte Couvreur<\/b> (productrice), <b>Blandine Lenoir<\/b> (actrice et r\u00e9alisatrice), <b>Thomas Bidegain<\/b> (sc\u00e9nariste), <b>David Reyes<\/b> (compositeur) et <b>Nicolas Robin <\/b>(acteur) a attribu\u00e9:<\/p>\n<p>&nbsp;<\/p>\n<p><a href=\"http:\/\/www.cinevox.be\/le-court-qui-en-dit-long-le-palmares\/cdl-jury\/\" rel=\"attachment wp-att-42069\"><img loading=\"lazy\" decoding=\"async\" class=\"aligncenter size-large wp-image-42069\" alt=\"\" src=\"http:\/\/www.cinevox.be\/wp-content\/uploads\/2013\/06\/cdl-jury-800x486.jpg\" width=\"640\" height=\"388\" srcset=\"https:\/\/w-l-c.be\/wp-content\/uploads\/2013\/06\/cdl-jury-800x486.jpg 800w, https:\/\/w-l-c.be\/wp-content\/uploads\/2013\/06\/cdl-jury-443x270.jpg 443w, https:\/\/w-l-c.be\/wp-content\/uploads\/2013\/06\/cdl-jury.jpg 960w\" sizes=\"auto, (max-width: 640px) 100vw, 640px\" \/><\/a><\/p>\n<p>&nbsp;<\/p>\n<p>&nbsp;<\/p>\n<p>\u2022 Le Grand Prix du Jury, dot\u00e9 2.000 \u20ac par le Centre du Cin\u00e9ma et de l\u2019Audiovisuel de la F\u00e9d\u00e9ration Wallonie-Bruxelles et le Centre Wallonie-Bruxelles \u00e0 Paris, ainsi que de deux semaines de montage offertes par le Studio l\u2019Equipe France : <i>Betty\u2019s Blues<\/i> de <b>R\u00e9mi Vandenitte<\/b> (La Bo\u00eete Productions, Les Films du Nord) &#8211; photo en accroche<\/p>\n<p>&nbsp;<\/p>\n<p>\u2022 Le Prix de la Mise en Sc\u00e8ne, dot\u00e9 1.000 \u20ac par la SABAM : <i>Merci d\u2019\u00e9teindre en partant<\/i> de <b>Thierry De Coster<\/b> (Sokan, Kino).<\/p>\n<p>\u2022 Le Prix du Sc\u00e9nario, dot\u00e9 de 1.000 \u20ac par le Comit\u00e9 belge de la SACD : <b>Gr\u00e9gory Lecocq<\/b> pour <i>Premiers pas <\/i>(Cookies Films).<\/p>\n<p>&nbsp;<\/p>\n<p><a href=\"http:\/\/www.cinevox.be\/le-court-qui-en-dit-long-le-palmares\/brisy-pauline\/\" rel=\"attachment wp-att-42034\"><img loading=\"lazy\" decoding=\"async\" class=\"aligncenter size-large wp-image-42034\" alt=\"\" src=\"http:\/\/www.cinevox.be\/wp-content\/uploads\/2013\/06\/BRISY-Pauline-800x533.jpg\" width=\"640\" height=\"426\" srcset=\"https:\/\/w-l-c.be\/wp-content\/uploads\/2013\/06\/BRISY-Pauline-800x533.jpg 800w, https:\/\/w-l-c.be\/wp-content\/uploads\/2013\/06\/BRISY-Pauline-404x270.jpg 404w\" sizes=\"auto, (max-width: 640px) 100vw, 640px\" \/><\/a><\/p>\n<p style=\"text-align: right;\"><em>[Photo FIFF]<\/em><\/p>\n<p>\u2022 Le Prix d\u2019interpr\u00e9tation f\u00e9minine, dot\u00e9 de 750 \u20ac par le Parlement francophone bruxellois : <b>Pauline Brisy <\/b>dans <i>Premiers pas<\/i> de Gr\u00e9gory Lecocq (Cookies Films).<\/p>\n<p>&nbsp;<\/p>\n<p>\u2022 Le Prix d\u2019interpr\u00e9tation masculine, dot\u00e9 de 750 \u20ac par le Parlement francophone bruxellois : <b>Sam Louwyck <\/b>dans <i>La Part sauvage<\/i> de Gu\u00e9rin Van de Vorst (Entre Chien et Loup).<\/p>\n<p>\u2022 Mention sp\u00e9ciale : <i>Le Fils du Blanc<\/i> de <b>Maxence Robert<\/b> (IAD).<\/p>\n<p>\u2022 Mention Sp\u00e9ciale : <i>La Faveur des moineaux<\/i> de <b>Serge Mirzabekiantz<\/b> (H\u00e9licotronc).<\/p>\n<p>&nbsp;<\/p>\n<p>Les autres Prix:<\/p>\n<p>&nbsp;<\/p>\n<p><a href=\"http:\/\/www.cinevox.be\/le-court-qui-en-dit-long-le-palmares\/electric-indigo-3\/\" rel=\"attachment wp-att-42035\"><img loading=\"lazy\" decoding=\"async\" class=\"aligncenter size-full wp-image-42035\" alt=\"\" src=\"http:\/\/www.cinevox.be\/wp-content\/uploads\/2013\/06\/electric-indigo2.jpg\" width=\"714\" height=\"282\" srcset=\"https:\/\/w-l-c.be\/wp-content\/uploads\/2013\/06\/electric-indigo2.jpg 714w, https:\/\/w-l-c.be\/wp-content\/uploads\/2013\/06\/electric-indigo2-480x189.jpg 480w\" sizes=\"auto, (max-width: 714px) 100vw, 714px\" \/><\/a><\/p>\n<p>&nbsp;<\/p>\n<p>\u2022 Le Prix du Public, dot\u00e9 de 1.000 \u20ac par le Centre Wallonie-Bruxelles \u00e0 Paris : <i>Electric Indigo <\/i>de<b> Jean-Julien Collette <\/b>(Cookies Films, Les Films du Cygne).<\/p>\n<p>\u2022 Le Prix Cin\u00e9courts, d\u00e9cern\u00e9 par CINE+ : <i>En attendant le d\u00e9gel<\/i> de <b>Sarah Hirtt<\/b> (INSAS).<\/p>\n<p>\u2022 Le Prix Coup de C\u0153ur RTBF : <i>Intus <\/i>de <b>Gary Seghers<\/b> (Sherpah Vid\u00e9o Projects).<\/p>\n<p>\u2022 Le Prix Coup de C\u0153ur Be-TV : <i>Titre ind\u00e9termin\u00e9<\/i> de <b>St\u00e9phane Papet<\/b> (Revolver Prod).<\/p>\n<p>\u2022 Le Prix Coup de C\u0153ur Critikat.com : <i>Vie de r\u00eave en promotion <\/i>d<b><i>\u2019Ellen Salom\u00e9<\/i>, Alice Keppenne, K\u00e9vin Dupont <\/b>(IAD).<\/p>\n<p>&nbsp;<\/p>\n<p>Le 21e Festival Le Court en dit long est organis\u00e9 par le Centre Wallonie-Bruxelles \u00e0 Paris avec le soutien du Centre du Cin\u00e9ma et de l\u2019Audiovisuel de la F\u00e9d\u00e9ration Wallonie-Bruxelles, du Parlement francophone bruxellois, de la SACD Belgique, de la SABAM, du Studio L\u2019Equipe France, de Cin\u00e9 +, de la RTBF, de Be-TV, de Critikat.com, de la Maison du Film Court, en partenariat avec Cin\u00e9fac, Universcine.be, A Nous Paris, T\u00e9l\u00e9rama et Heineken France.<\/p>\n","protected":false},"excerpt":{"rendered":"<p>Le 21e Festival Le Court en dit long s&rsquo;est cl\u00f4tur\u00e9 le 8 juin. 38 courts m\u00e9trages (co)produits en Wallonie et \u00e0 Bruxelles \u00e9taient en comp\u00e9tition.<\/p>\n","protected":false},"author":7,"featured_media":42040,"comment_status":"closed","ping_status":"closed","sticky":false,"template":"","format":"standard","meta":{"ngg_post_thumbnail":0,"footnotes":""},"categories":[12],"tags":[],"class_list":["post-42032","post","type-post","status-publish","format-standard","has-post-thumbnail","","category-awards"],"yoast_head":"<!-- This site is optimized with the Yoast SEO plugin v20.4 - https:\/\/yoast.com\/wordpress\/plugins\/seo\/ -->\n<title>Le Court qui en dit long : le Palmar\u00e8s ! - w-l-c<\/title>\n<meta name=\"robots\" content=\"noindex, follow, max-snippet:-1, max-image-preview:large, max-video-preview:-1\" \/>\n<meta property=\"og:locale\" content=\"fr_FR\" \/>\n<meta property=\"og:type\" content=\"article\" \/>\n<meta property=\"og:title\" content=\"Le Court qui en dit long : le Palmar\u00e8s ! - w-l-c\" \/>\n<meta property=\"og:description\" content=\"Le 21e Festival Le Court en dit long s&rsquo;est cl\u00f4tur\u00e9 le 8 juin. 38 courts m\u00e9trages (co)produits en Wallonie et \u00e0 Bruxelles \u00e9taient en comp\u00e9tition.\" \/>\n<meta property=\"og:url\" content=\"https:\/\/w-l-c.be\/fr\/le-court-qui-en-dit-long-le-palmares\/\" \/>\n<meta property=\"og:site_name\" content=\"w-l-c\" \/>\n<meta property=\"article:published_time\" content=\"2013-06-10T17:52:48+00:00\" \/>\n<meta property=\"article:modified_time\" content=\"2013-06-11T11:33:39+00:00\" \/>\n<meta property=\"og:image\" content=\"https:\/\/w-l-c.be\/wp-content\/uploads\/2013\/06\/967167_652199041463394_1365901547_o.jpg\" \/>\n\t<meta property=\"og:image:width\" content=\"2048\" \/>\n\t<meta property=\"og:image:height\" content=\"1152\" \/>\n\t<meta property=\"og:image:type\" content=\"image\/jpeg\" \/>\n<meta name=\"author\" content=\"Philippe.Pierquin\" \/>\n<meta name=\"twitter:card\" content=\"summary_large_image\" \/>\n<meta name=\"twitter:label1\" content=\"\u00c9crit par\" \/>\n\t<meta name=\"twitter:data1\" content=\"Philippe.Pierquin\" \/>\n\t<meta name=\"twitter:label2\" content=\"Dur\u00e9e de lecture estim\u00e9e\" \/>\n\t<meta name=\"twitter:data2\" content=\"2 minutes\" \/>\n<script type=\"application\/ld+json\" class=\"yoast-schema-graph\">{\"@context\":\"https:\/\/schema.org\",\"@graph\":[{\"@type\":\"WebPage\",\"@id\":\"https:\/\/w-l-c.be\/fr\/le-court-qui-en-dit-long-le-palmares\/\",\"url\":\"https:\/\/w-l-c.be\/fr\/le-court-qui-en-dit-long-le-palmares\/\",\"name\":\"Le Court qui en dit long : le Palmar\u00e8s ! - w-l-c\",\"isPartOf\":{\"@id\":\"https:\/\/w-l-c.be\/fr\/#website\"},\"datePublished\":\"2013-06-10T17:52:48+00:00\",\"dateModified\":\"2013-06-11T11:33:39+00:00\",\"author\":{\"@id\":\"https:\/\/w-l-c.be\/fr\/#\/schema\/person\/4b9b1d857f0943453a38a7c2859ef756\"},\"breadcrumb\":{\"@id\":\"https:\/\/w-l-c.be\/fr\/le-court-qui-en-dit-long-le-palmares\/#breadcrumb\"},\"inLanguage\":\"fr-FR\",\"potentialAction\":[{\"@type\":\"ReadAction\",\"target\":[\"https:\/\/w-l-c.be\/fr\/le-court-qui-en-dit-long-le-palmares\/\"]}]},{\"@type\":\"BreadcrumbList\",\"@id\":\"https:\/\/w-l-c.be\/fr\/le-court-qui-en-dit-long-le-palmares\/#breadcrumb\",\"itemListElement\":[{\"@type\":\"ListItem\",\"position\":1,\"name\":\"Accueil\",\"item\":\"https:\/\/w-l-c.be\/fr\/\"},{\"@type\":\"ListItem\",\"position\":2,\"name\":\"Le Court qui en dit long : le Palmar\u00e8s !\"}]},{\"@type\":\"WebSite\",\"@id\":\"https:\/\/w-l-c.be\/fr\/#website\",\"url\":\"https:\/\/w-l-c.be\/fr\/\",\"name\":\"w-l-c\",\"description\":\"Le cin\u00e9ma vu par les belges\",\"potentialAction\":[{\"@type\":\"SearchAction\",\"target\":{\"@type\":\"EntryPoint\",\"urlTemplate\":\"https:\/\/w-l-c.be\/fr\/?s={search_term_string}\"},\"query-input\":\"required name=search_term_string\"}],\"inLanguage\":\"fr-FR\"},{\"@type\":\"Person\",\"@id\":\"https:\/\/w-l-c.be\/fr\/#\/schema\/person\/4b9b1d857f0943453a38a7c2859ef756\",\"name\":\"Philippe.Pierquin\",\"url\":\"https:\/\/w-l-c.be\/fr\/author\/philippe-pierquin\/\"}]}<\/script>\n<!-- \/ Yoast SEO plugin. -->","yoast_head_json":{"title":"Le Court qui en dit long : le Palmar\u00e8s ! - w-l-c","robots":{"index":"noindex","follow":"follow","max-snippet":"max-snippet:-1","max-image-preview":"max-image-preview:large","max-video-preview":"max-video-preview:-1"},"og_locale":"fr_FR","og_type":"article","og_title":"Le Court qui en dit long : le Palmar\u00e8s ! - w-l-c","og_description":"Le 21e Festival Le Court en dit long s&rsquo;est cl\u00f4tur\u00e9 le 8 juin. 38 courts m\u00e9trages (co)produits en Wallonie et \u00e0 Bruxelles \u00e9taient en comp\u00e9tition.","og_url":"https:\/\/w-l-c.be\/fr\/le-court-qui-en-dit-long-le-palmares\/","og_site_name":"w-l-c","article_published_time":"2013-06-10T17:52:48+00:00","article_modified_time":"2013-06-11T11:33:39+00:00","og_image":[{"width":2048,"height":1152,"url":"https:\/\/w-l-c.be\/wp-content\/uploads\/2013\/06\/967167_652199041463394_1365901547_o.jpg","type":"image\/jpeg"}],"author":"Philippe.Pierquin","twitter_card":"summary_large_image","twitter_misc":{"\u00c9crit par":"Philippe.Pierquin","Dur\u00e9e de lecture estim\u00e9e":"2 minutes"},"schema":{"@context":"https:\/\/schema.org","@graph":[{"@type":"WebPage","@id":"https:\/\/w-l-c.be\/fr\/le-court-qui-en-dit-long-le-palmares\/","url":"https:\/\/w-l-c.be\/fr\/le-court-qui-en-dit-long-le-palmares\/","name":"Le Court qui en dit long : le Palmar\u00e8s ! - w-l-c","isPartOf":{"@id":"https:\/\/w-l-c.be\/fr\/#website"},"datePublished":"2013-06-10T17:52:48+00:00","dateModified":"2013-06-11T11:33:39+00:00","author":{"@id":"https:\/\/w-l-c.be\/fr\/#\/schema\/person\/4b9b1d857f0943453a38a7c2859ef756"},"breadcrumb":{"@id":"https:\/\/w-l-c.be\/fr\/le-court-qui-en-dit-long-le-palmares\/#breadcrumb"},"inLanguage":"fr-FR","potentialAction":[{"@type":"ReadAction","target":["https:\/\/w-l-c.be\/fr\/le-court-qui-en-dit-long-le-palmares\/"]}]},{"@type":"BreadcrumbList","@id":"https:\/\/w-l-c.be\/fr\/le-court-qui-en-dit-long-le-palmares\/#breadcrumb","itemListElement":[{"@type":"ListItem","position":1,"name":"Accueil","item":"https:\/\/w-l-c.be\/fr\/"},{"@type":"ListItem","position":2,"name":"Le Court qui en dit long : le Palmar\u00e8s !"}]},{"@type":"WebSite","@id":"https:\/\/w-l-c.be\/fr\/#website","url":"https:\/\/w-l-c.be\/fr\/","name":"w-l-c","description":"Le cin\u00e9ma vu par les belges","potentialAction":[{"@type":"SearchAction","target":{"@type":"EntryPoint","urlTemplate":"https:\/\/w-l-c.be\/fr\/?s={search_term_string}"},"query-input":"required name=search_term_string"}],"inLanguage":"fr-FR"},{"@type":"Person","@id":"https:\/\/w-l-c.be\/fr\/#\/schema\/person\/4b9b1d857f0943453a38a7c2859ef756","name":"Philippe.Pierquin","url":"https:\/\/w-l-c.be\/fr\/author\/philippe-pierquin\/"}]}},"_links":{"self":[{"href":"https:\/\/w-l-c.be\/fr\/wp-json\/wp\/v2\/posts\/42032","targetHints":{"allow":["GET"]}}],"collection":[{"href":"https:\/\/w-l-c.be\/fr\/wp-json\/wp\/v2\/posts"}],"about":[{"href":"https:\/\/w-l-c.be\/fr\/wp-json\/wp\/v2\/types\/post"}],"author":[{"embeddable":true,"href":"https:\/\/w-l-c.be\/fr\/wp-json\/wp\/v2\/users\/7"}],"replies":[{"embeddable":true,"href":"https:\/\/w-l-c.be\/fr\/wp-json\/wp\/v2\/comments?post=42032"}],"version-history":[{"count":0,"href":"https:\/\/w-l-c.be\/fr\/wp-json\/wp\/v2\/posts\/42032\/revisions"}],"wp:featuredmedia":[{"embeddable":true,"href":"https:\/\/w-l-c.be\/fr\/wp-json\/wp\/v2\/media\/42040"}],"wp:attachment":[{"href":"https:\/\/w-l-c.be\/fr\/wp-json\/wp\/v2\/media?parent=42032"}],"wp:term":[{"taxonomy":"category","embeddable":true,"href":"https:\/\/w-l-c.be\/fr\/wp-json\/wp\/v2\/categories?post=42032"},{"taxonomy":"post_tag","embeddable":true,"href":"https:\/\/w-l-c.be\/fr\/wp-json\/wp\/v2\/tags?post=42032"}],"curies":[{"name":"wp","href":"https:\/\/api.w.org\/{rel}","templated":true}]}}