
{"id":42522,"date":"2013-06-22T06:37:59","date_gmt":"2013-06-22T06:37:59","guid":{"rendered":"http:\/\/www.cinevox.be\/?p=42522"},"modified":"2013-06-22T06:42:10","modified_gmt":"2013-06-22T06:42:10","slug":"5000-amis-sur-notre-page-facebook-six-invites","status":"publish","type":"post","link":"https:\/\/w-l-c.be\/fr\/5000-amis-sur-notre-page-facebook-six-invites\/","title":{"rendered":"5000 amis sur notre page Facebook. Six invit\u00e9s !"},"content":{"rendered":"<p>C&rsquo;est une premi\u00e8re : un cap (importantissime pour nous) a \u00e9t\u00e9 franchi sur notre page Facebook\u2026 en pleine nuit. Malgr\u00e9 \u00e7a, une poign\u00e9e de cin\u00e9philes (insomniaques donc) \u00e9taient l\u00e0 pour c\u00e9l\u00e9brer l&rsquo;\u00e9v\u00e8nement et nous envoyer des captures d&rsquo;\u00e9cran c\u00e9l\u00e9brant cette arriv\u00e9e dans l&rsquo;\u00e2ge adulte.<!--more--><\/p>\n<p>&nbsp;<\/p>\n<p>C&rsquo;est donc pendant que nous dormions bien paisiblement, nos r\u00eaves gorg\u00e9s d&rsquo;images des <i>G\u00e9ants<\/i>, de <i>Mobile home<\/i> ou de <i>Torpedo<\/i> (campagne, camping-car, sourires complices\u2026) que la page Facebook francophone de Cinevox a atteint le palier des 5000 amis. 5000 cin\u00e9philes r\u00e9unis dans l&rsquo;unique but de se tenir au courant de l&rsquo;actualit\u00e9 du cin\u00e9ma belge, de ses films, r\u00e9alisateurs(trices), actrices(teurs), techniciens(ciennes), festivals\u2026 Invraisemblable(ment r\u00e9jouissant).<\/p>\n<p>&nbsp;<\/p>\n<p>5000 fans en 25 mois sur un th\u00e8me aussi pointu, c&rsquo;est bien. Tr\u00e8s tr\u00e8s bien m\u00eame. Et cette interaction au quotidien nous pousse plus que tout \u00e0 aller de l&rsquo;avant. A ce sujet, et puisque ce d\u00e9but d&rsquo;\u00e9t\u00e9 est officiellement jour de f\u00eate, nous pouvons d\u00e9j\u00e0 vous dire (sans en r\u00e9v\u00e9ler plus) que Cinevox vient de glaner de nouveaux partenaires cin\u00e9philes qui garantissent notre existence pour les deux prochaines ann\u00e9es. Et demie. Elle n&rsquo;est pas belle la vie? Si, si, tr\u00e8s !<\/p>\n<p>Plus d&rsquo;infos d\u00e8s le mois de septembre.<\/p>\n<p>&nbsp;<\/p>\n<p><a href=\"http:\/\/www.cinevox.be\/5000-amis-sur-notre-page-facebook-six-invites\/1002095_10151664483554568_1754036028_n\/\" rel=\"attachment wp-att-42523\"><img loading=\"lazy\" decoding=\"async\" class=\"aligncenter size-full wp-image-42523\" alt=\"\" src=\"http:\/\/www.cinevox.be\/wp-content\/uploads\/2013\/06\/1002095_10151664483554568_1754036028_n.jpg\" width=\"760\" height=\"443\" srcset=\"https:\/\/w-l-c.be\/wp-content\/uploads\/2013\/06\/1002095_10151664483554568_1754036028_n.jpg 760w, https:\/\/w-l-c.be\/wp-content\/uploads\/2013\/06\/1002095_10151664483554568_1754036028_n-463x270.jpg 463w\" sizes=\"auto, (max-width: 760px) 100vw, 760px\" \/><\/a><\/p>\n<p>&nbsp;<\/p>\n<p>Pour f\u00eater le passage du cap des 5000, nous avions bien s\u00fbr pr\u00e9vu un petit jeu. Cinq d&rsquo;entre vous ont remport\u00e9 deux invitations (chacun) pour une avant-premi\u00e8re Cinevox des Bnp Paribas Fortis Film Days 2013 (du 18 au 21 septembre). L&rsquo;identit\u00e9 du long m\u00e9trage belge francophone en vedette n&rsquo;est pas encore officielle, mais ce sera forc\u00e9ment la cr\u00e8me de la rentr\u00e9e, un film grand public et f\u00e9d\u00e9rateur. Les n\u00e9gociations vont bon train et on devrait pouvoir vous en dire plus dans les semaines \u00e0 venir. Les gagnants du concours ont post\u00e9 une capture d&rsquo;\u00e9cran c\u00e9l\u00e9brant ce passage crucial.<\/p>\n<p>Les cinq \u00e9lus sont donc. <b>Tof Bert, Marie Pal, Sabrina Assabah, Adrien Papeians<\/b> et <b>Julien Stanus<\/b>. Un sixi\u00e8me prix a \u00e9t\u00e9 attribu\u00e9 \u00e0 la tr\u00e8s fid\u00e8le <b>Gigi Buelens<\/b> qui n&rsquo;a pas compl\u00e8tement compris l&rsquo;objet du concours, mais fut n\u00e9anmoins la premi\u00e8re \u00e0 r\u00e9agir.<\/p>\n<p>&nbsp;<\/p>\n<p><a href=\"http:\/\/www.cinevox.be\/5000-amis-sur-notre-page-facebook-six-invites\/1039506_10201424899204293_850633697_o\/\" rel=\"attachment wp-att-42524\"><img loading=\"lazy\" decoding=\"async\" class=\"aligncenter size-large wp-image-42524\" alt=\"\" src=\"http:\/\/www.cinevox.be\/wp-content\/uploads\/2013\/06\/1039506_10201424899204293_850633697_o-800x533.jpg\" width=\"640\" height=\"426\" srcset=\"https:\/\/w-l-c.be\/wp-content\/uploads\/2013\/06\/1039506_10201424899204293_850633697_o-800x533.jpg 800w, https:\/\/w-l-c.be\/wp-content\/uploads\/2013\/06\/1039506_10201424899204293_850633697_o-404x270.jpg 404w, https:\/\/w-l-c.be\/wp-content\/uploads\/2013\/06\/1039506_10201424899204293_850633697_o.jpg 1024w\" sizes=\"auto, (max-width: 640px) 100vw, 640px\" \/><\/a><\/p>\n<p style=\"text-align: right;\"><em>[La capture atypique de Gigi Buelens qui lui vaut n\u00e9anmoins deux invitations. Merci\u00a0pour\u00a0le champagne Gigi, belle attention \u00a0\ud83d\ude09 ]<\/em><\/p>\n<p>&nbsp;<\/p>\n<p>&nbsp;<\/p>\n<p>Merci aux vainqueurs de nous envoyer leur adresse mail en message priv\u00e9 sur notre page Facebook. Nous les mettons sur la liste et les recontacterons d\u00e9but septembre avec toutes les informations n\u00e9cessaires. Bravo \u00e0 vous.<\/p>\n<p>Et surtout un \u00e9norme merci \u00e0 vous tous, amis qui nous suivez depuis le premier jour ou depuis cette nuit. Sans vous nous n&rsquo;aurions aucune raison d&rsquo;exister. N&rsquo;h\u00e9sitez jamais \u00e0 intervenir sur cette page. C&rsquo;est aussi la v\u00f4tre.<\/p>\n","protected":false},"excerpt":{"rendered":"<p>C&rsquo;est une premi\u00e8re : un cap (importantissime pour nous) a \u00e9t\u00e9 franchi sur notre page Facebook\u2026 en pleine nuit. Malgr\u00e9 \u00e7a, une poign\u00e9e de cin\u00e9philes (insomniaques donc) \u00e9taient l\u00e0 pour c\u00e9l\u00e9brer l&rsquo;\u00e9v\u00e8nement et nous envoyer des captures d&rsquo;\u00e9cran c\u00e9l\u00e9brant cette arriv\u00e9e dans l&rsquo;\u00e2ge adulte.<\/p>\n","protected":false},"author":7,"featured_media":42529,"comment_status":"closed","ping_status":"closed","sticky":false,"template":"","format":"standard","meta":{"ngg_post_thumbnail":0,"footnotes":""},"categories":[1923],"tags":[],"class_list":["post-42522","post","type-post","status-publish","format-standard","has-post-thumbnail","","category-en-bref"],"yoast_head":"<!-- This site is optimized with the Yoast SEO plugin v20.4 - https:\/\/yoast.com\/wordpress\/plugins\/seo\/ -->\n<title>5000 amis sur notre page Facebook. Six invit\u00e9s ! - w-l-c<\/title>\n<meta name=\"robots\" content=\"noindex, follow, max-snippet:-1, max-image-preview:large, max-video-preview:-1\" \/>\n<meta property=\"og:locale\" content=\"fr_FR\" \/>\n<meta property=\"og:type\" content=\"article\" \/>\n<meta property=\"og:title\" content=\"5000 amis sur notre page Facebook. Six invit\u00e9s ! - w-l-c\" \/>\n<meta property=\"og:description\" content=\"C&rsquo;est une premi\u00e8re : un cap (importantissime pour nous) a \u00e9t\u00e9 franchi sur notre page Facebook\u2026 en pleine nuit. Malgr\u00e9 \u00e7a, une poign\u00e9e de cin\u00e9philes (insomniaques donc) \u00e9taient l\u00e0 pour c\u00e9l\u00e9brer l&rsquo;\u00e9v\u00e8nement et nous envoyer des captures d&rsquo;\u00e9cran c\u00e9l\u00e9brant cette arriv\u00e9e dans l&rsquo;\u00e2ge adulte.\" \/>\n<meta property=\"og:url\" content=\"https:\/\/w-l-c.be\/fr\/5000-amis-sur-notre-page-facebook-six-invites\/\" \/>\n<meta property=\"og:site_name\" content=\"w-l-c\" \/>\n<meta property=\"article:published_time\" content=\"2013-06-22T06:37:59+00:00\" \/>\n<meta property=\"article:modified_time\" content=\"2013-06-22T06:42:10+00:00\" \/>\n<meta property=\"og:image\" content=\"https:\/\/w-l-c.be\/wp-content\/uploads\/2013\/06\/5000-site.jpg\" \/>\n\t<meta property=\"og:image:width\" content=\"2667\" \/>\n\t<meta property=\"og:image:height\" content=\"1582\" \/>\n\t<meta property=\"og:image:type\" content=\"image\/jpeg\" \/>\n<meta name=\"author\" content=\"Philippe.Pierquin\" \/>\n<meta name=\"twitter:card\" content=\"summary_large_image\" \/>\n<meta name=\"twitter:label1\" content=\"\u00c9crit par\" \/>\n\t<meta name=\"twitter:data1\" content=\"Philippe.Pierquin\" \/>\n\t<meta name=\"twitter:label2\" content=\"Dur\u00e9e de lecture estim\u00e9e\" \/>\n\t<meta name=\"twitter:data2\" content=\"2 minutes\" \/>\n<script type=\"application\/ld+json\" class=\"yoast-schema-graph\">{\"@context\":\"https:\/\/schema.org\",\"@graph\":[{\"@type\":\"WebPage\",\"@id\":\"https:\/\/w-l-c.be\/fr\/5000-amis-sur-notre-page-facebook-six-invites\/\",\"url\":\"https:\/\/w-l-c.be\/fr\/5000-amis-sur-notre-page-facebook-six-invites\/\",\"name\":\"5000 amis sur notre page Facebook. Six invit\u00e9s ! - w-l-c\",\"isPartOf\":{\"@id\":\"https:\/\/w-l-c.be\/fr\/#website\"},\"datePublished\":\"2013-06-22T06:37:59+00:00\",\"dateModified\":\"2013-06-22T06:42:10+00:00\",\"author\":{\"@id\":\"https:\/\/w-l-c.be\/fr\/#\/schema\/person\/4b9b1d857f0943453a38a7c2859ef756\"},\"breadcrumb\":{\"@id\":\"https:\/\/w-l-c.be\/fr\/5000-amis-sur-notre-page-facebook-six-invites\/#breadcrumb\"},\"inLanguage\":\"fr-FR\",\"potentialAction\":[{\"@type\":\"ReadAction\",\"target\":[\"https:\/\/w-l-c.be\/fr\/5000-amis-sur-notre-page-facebook-six-invites\/\"]}]},{\"@type\":\"BreadcrumbList\",\"@id\":\"https:\/\/w-l-c.be\/fr\/5000-amis-sur-notre-page-facebook-six-invites\/#breadcrumb\",\"itemListElement\":[{\"@type\":\"ListItem\",\"position\":1,\"name\":\"Accueil\",\"item\":\"https:\/\/w-l-c.be\/fr\/\"},{\"@type\":\"ListItem\",\"position\":2,\"name\":\"5000 amis sur notre page Facebook. Six invit\u00e9s !\"}]},{\"@type\":\"WebSite\",\"@id\":\"https:\/\/w-l-c.be\/fr\/#website\",\"url\":\"https:\/\/w-l-c.be\/fr\/\",\"name\":\"w-l-c\",\"description\":\"Le cin\u00e9ma vu par les belges\",\"potentialAction\":[{\"@type\":\"SearchAction\",\"target\":{\"@type\":\"EntryPoint\",\"urlTemplate\":\"https:\/\/w-l-c.be\/fr\/?s={search_term_string}\"},\"query-input\":\"required name=search_term_string\"}],\"inLanguage\":\"fr-FR\"},{\"@type\":\"Person\",\"@id\":\"https:\/\/w-l-c.be\/fr\/#\/schema\/person\/4b9b1d857f0943453a38a7c2859ef756\",\"name\":\"Philippe.Pierquin\",\"url\":\"https:\/\/w-l-c.be\/fr\/author\/philippe-pierquin\/\"}]}<\/script>\n<!-- \/ Yoast SEO plugin. -->","yoast_head_json":{"title":"5000 amis sur notre page Facebook. Six invit\u00e9s ! - w-l-c","robots":{"index":"noindex","follow":"follow","max-snippet":"max-snippet:-1","max-image-preview":"max-image-preview:large","max-video-preview":"max-video-preview:-1"},"og_locale":"fr_FR","og_type":"article","og_title":"5000 amis sur notre page Facebook. Six invit\u00e9s ! - w-l-c","og_description":"C&rsquo;est une premi\u00e8re : un cap (importantissime pour nous) a \u00e9t\u00e9 franchi sur notre page Facebook\u2026 en pleine nuit. Malgr\u00e9 \u00e7a, une poign\u00e9e de cin\u00e9philes (insomniaques donc) \u00e9taient l\u00e0 pour c\u00e9l\u00e9brer l&rsquo;\u00e9v\u00e8nement et nous envoyer des captures d&rsquo;\u00e9cran c\u00e9l\u00e9brant cette arriv\u00e9e dans l&rsquo;\u00e2ge adulte.","og_url":"https:\/\/w-l-c.be\/fr\/5000-amis-sur-notre-page-facebook-six-invites\/","og_site_name":"w-l-c","article_published_time":"2013-06-22T06:37:59+00:00","article_modified_time":"2013-06-22T06:42:10+00:00","og_image":[{"width":2667,"height":1582,"url":"https:\/\/w-l-c.be\/wp-content\/uploads\/2013\/06\/5000-site.jpg","type":"image\/jpeg"}],"author":"Philippe.Pierquin","twitter_card":"summary_large_image","twitter_misc":{"\u00c9crit par":"Philippe.Pierquin","Dur\u00e9e de lecture estim\u00e9e":"2 minutes"},"schema":{"@context":"https:\/\/schema.org","@graph":[{"@type":"WebPage","@id":"https:\/\/w-l-c.be\/fr\/5000-amis-sur-notre-page-facebook-six-invites\/","url":"https:\/\/w-l-c.be\/fr\/5000-amis-sur-notre-page-facebook-six-invites\/","name":"5000 amis sur notre page Facebook. Six invit\u00e9s ! - w-l-c","isPartOf":{"@id":"https:\/\/w-l-c.be\/fr\/#website"},"datePublished":"2013-06-22T06:37:59+00:00","dateModified":"2013-06-22T06:42:10+00:00","author":{"@id":"https:\/\/w-l-c.be\/fr\/#\/schema\/person\/4b9b1d857f0943453a38a7c2859ef756"},"breadcrumb":{"@id":"https:\/\/w-l-c.be\/fr\/5000-amis-sur-notre-page-facebook-six-invites\/#breadcrumb"},"inLanguage":"fr-FR","potentialAction":[{"@type":"ReadAction","target":["https:\/\/w-l-c.be\/fr\/5000-amis-sur-notre-page-facebook-six-invites\/"]}]},{"@type":"BreadcrumbList","@id":"https:\/\/w-l-c.be\/fr\/5000-amis-sur-notre-page-facebook-six-invites\/#breadcrumb","itemListElement":[{"@type":"ListItem","position":1,"name":"Accueil","item":"https:\/\/w-l-c.be\/fr\/"},{"@type":"ListItem","position":2,"name":"5000 amis sur notre page Facebook. Six invit\u00e9s !"}]},{"@type":"WebSite","@id":"https:\/\/w-l-c.be\/fr\/#website","url":"https:\/\/w-l-c.be\/fr\/","name":"w-l-c","description":"Le cin\u00e9ma vu par les belges","potentialAction":[{"@type":"SearchAction","target":{"@type":"EntryPoint","urlTemplate":"https:\/\/w-l-c.be\/fr\/?s={search_term_string}"},"query-input":"required name=search_term_string"}],"inLanguage":"fr-FR"},{"@type":"Person","@id":"https:\/\/w-l-c.be\/fr\/#\/schema\/person\/4b9b1d857f0943453a38a7c2859ef756","name":"Philippe.Pierquin","url":"https:\/\/w-l-c.be\/fr\/author\/philippe-pierquin\/"}]}},"_links":{"self":[{"href":"https:\/\/w-l-c.be\/fr\/wp-json\/wp\/v2\/posts\/42522","targetHints":{"allow":["GET"]}}],"collection":[{"href":"https:\/\/w-l-c.be\/fr\/wp-json\/wp\/v2\/posts"}],"about":[{"href":"https:\/\/w-l-c.be\/fr\/wp-json\/wp\/v2\/types\/post"}],"author":[{"embeddable":true,"href":"https:\/\/w-l-c.be\/fr\/wp-json\/wp\/v2\/users\/7"}],"replies":[{"embeddable":true,"href":"https:\/\/w-l-c.be\/fr\/wp-json\/wp\/v2\/comments?post=42522"}],"version-history":[{"count":0,"href":"https:\/\/w-l-c.be\/fr\/wp-json\/wp\/v2\/posts\/42522\/revisions"}],"wp:featuredmedia":[{"embeddable":true,"href":"https:\/\/w-l-c.be\/fr\/wp-json\/wp\/v2\/media\/42529"}],"wp:attachment":[{"href":"https:\/\/w-l-c.be\/fr\/wp-json\/wp\/v2\/media?parent=42522"}],"wp:term":[{"taxonomy":"category","embeddable":true,"href":"https:\/\/w-l-c.be\/fr\/wp-json\/wp\/v2\/categories?post=42522"},{"taxonomy":"post_tag","embeddable":true,"href":"https:\/\/w-l-c.be\/fr\/wp-json\/wp\/v2\/tags?post=42522"}],"curies":[{"name":"wp","href":"https:\/\/api.w.org\/{rel}","templated":true}]}}