
{"id":42533,"date":"2013-06-22T09:24:50","date_gmt":"2013-06-22T09:24:50","guid":{"rendered":"http:\/\/www.cinevox.be\/?p=42533"},"modified":"2014-01-11T14:21:14","modified_gmt":"2014-01-11T13:21:14","slug":"premiere-mondiale-de-post-partum-au-brussels-film-festival","status":"publish","type":"post","link":"https:\/\/w-l-c.be\/fr\/premiere-mondiale-de-post-partum-au-brussels-film-festival\/","title":{"rendered":"Premi\u00e8re mondiale de Post Partum au Brussels Film Festival"},"content":{"rendered":"<p>Hier soir, le <i>Brussels Film Festival<\/i> \u00e9tait le cadre de la premi\u00e8re projection publique mondiale de <i>Post Partum<\/i>, premier long m\u00e9trage de <b>Delphine No\u00ebls<\/b> avec<b> Jalil Lespert,\u00a0 Fran\u00e7oise Fabian&#8230;<\/b> mais surtout <b>M\u00e9lanie Doutey<\/b> qui est de quasi tous les plans du film.<\/p>\n<p>Une avant-premi\u00e8re organis\u00e9e dans le cadre de la soir\u00e9e de la F\u00e9d\u00e9ration Wallonie Bruxelles en pr\u00e9sence d&rsquo;une brochette d&rsquo;invit\u00e9s prestigieux qui repr\u00e9sentait une partie de la flamboyante avant-garde du nouveau cin\u00e9ma \u00a0belge.<!--more--><\/p>\n<p>&nbsp;<\/p>\n<p>&nbsp;<\/p>\n<p>&nbsp;<\/p>\n<p>Nous vous avons pr\u00e9sent\u00e9 hier <i>Post Partum<\/i> (<a href=\"http:\/\/www.cinevox.be\/post-partum-la-maree-etait-en-noir\/\" target=\"_blank\">ici<\/a>) dont nous vous parlons en fait sur ce site depuis un an et demi. Mais pour la premi\u00e8re fois, l&rsquo;\u00e9lectro-choc de Delphine No\u00ebls \u00e9tait projet\u00e9 devant un public, compos\u00e9 certes de pas mal de professionnels, mais aussi de cin\u00e9philes totalement neutres.<\/p>\n<p>Comme pr\u00e9vu, le film a m\u00e9dus\u00e9 l&rsquo;assistance Et si tout le monde \u00e9tait d&rsquo;accord pour souligner l&rsquo;excellence de la mise en sc\u00e8ne, du cadre et de l&rsquo;interpr\u00e9tation, les r\u00e9actions quant \u00e0 l&rsquo;exp\u00e9rience elle-m\u00eame variaient entre le d\u00e9lice et le malaise.<\/p>\n<p>Ces r\u00e9actions ne sont en rien surprenantes: Delphine No\u00ebls a enfant\u00e9 [facile\u2026 \ud83d\ude09 ] une oeuvre radical, autour de la folie d&rsquo;une jeune m\u00e8re incapable d&rsquo;aimer son b\u00e9b\u00e9. Du coup, on est soit fascin\u00e9 par cette audace, soit tr\u00e8s perturb\u00e9 par ce tabou que la cin\u00e9aste fait exploser \u00e0 l&rsquo;\u00e9cran avec une maestria qui en d\u00e9cuple la force.<\/p>\n<p><i>Post Partum<\/i> n&rsquo;est donc pas une exp\u00e9rience anodine, mais <i>Funny Games<\/i> de <b>Michael Haneke<\/b> ne l&rsquo;\u00e9tait pas non plus.<\/p>\n<p>&nbsp;<\/p>\n<p><a href=\"http:\/\/www.cinevox.be\/premiere-mondiale-de-post-partum-au-brussels-film-festival\/img_9110\/\" rel=\"attachment wp-att-42534\"><img loading=\"lazy\" decoding=\"async\" class=\"aligncenter size-large wp-image-42534\" alt=\"\" src=\"http:\/\/www.cinevox.be\/wp-content\/uploads\/2013\/06\/IMG_9110-800x533.jpg\" width=\"640\" height=\"426\" srcset=\"https:\/\/w-l-c.be\/wp-content\/uploads\/2013\/06\/IMG_9110-800x533.jpg 800w, https:\/\/w-l-c.be\/wp-content\/uploads\/2013\/06\/IMG_9110-404x270.jpg 404w, https:\/\/w-l-c.be\/wp-content\/uploads\/2013\/06\/IMG_9110.jpg 1024w\" sizes=\"auto, (max-width: 640px) 100vw, 640px\" \/><\/a><\/p>\n<p>&nbsp;<\/p>\n<p>Dans la salle pour d\u00e9couvrir enfin ce film dont on parle beaucoup dans les coulisses depuis longtemps, de nombreux r\u00e9alisateurs belges en vue: le nouveau papa <b>Matthieu Donck<\/b> <a href=\"http:\/\/www.cinevox.be\/premiere-mondiale-de-post-partum-au-brussels-film-festival\/img_9111\/\" rel=\"attachment wp-att-42535\"><img loading=\"lazy\" decoding=\"async\" class=\"alignright size-medium wp-image-42535\" alt=\"\" src=\"http:\/\/www.cinevox.be\/wp-content\/uploads\/2013\/06\/IMG_9111-404x270.jpg\" width=\"404\" height=\"270\" srcset=\"https:\/\/w-l-c.be\/wp-content\/uploads\/2013\/06\/IMG_9111-404x270.jpg 404w, https:\/\/w-l-c.be\/wp-content\/uploads\/2013\/06\/IMG_9111-800x533.jpg 800w, https:\/\/w-l-c.be\/wp-content\/uploads\/2013\/06\/IMG_9111.jpg 1024w\" sizes=\"auto, (max-width: 404px) 100vw, 404px\" \/><\/a>(<i>Torpedo &#8211; ci dessus<\/i>), <b>Fran\u00e7ois Pirot <\/b>(<i>Mobile Home , ci-contre<\/i>), <b>David Lambert<\/b> (<i>Hors les Murs,<\/i> qui a co\u00e9crit<i> Post Partum<\/i>), <b>Ismael Sa\u00efdi<\/b> (<i>Morrocan Gigolos<\/i>), <b>Pierre Duculot<\/b> (<i>Au Cul du Loup),<\/i> quelques repr\u00e9sentants de la prochaine vague comme <b>Xavier Seron<\/b>\u00a0(le court <i>Mauvaise Lune<\/i>) ou <b>Maxime Pistorio<\/b> (le court <i>Chambre Noire<\/i>), \u00a0des acteurs comme <b>Pierre Nisse, Jan Hammenecker, St\u00e9phane Bissot, C\u00e9cile Rittweger <\/b>ou <b>Reda Chebchoubi<\/b>, une partie de l&rsquo;\u00e9quipe de tournage et de post production et beaucoup d&rsquo;autres encore que nous n&rsquo;avons pas forc\u00e9ment crois\u00e9s : il y avait peu d&rsquo;espace pour se mouvoir par rapport au nombre impressionnant de festivaliers qui se pressaient l\u00e0.<\/p>\n<p>&nbsp;<\/p>\n<p><a href=\"http:\/\/www.cinevox.be\/premiere-mondiale-de-post-partum-au-brussels-film-festival\/img_9118\/\" rel=\"attachment wp-att-42539\"><img loading=\"lazy\" decoding=\"async\" class=\"aligncenter size-large wp-image-42539\" alt=\"\" src=\"http:\/\/www.cinevox.be\/wp-content\/uploads\/2013\/06\/IMG_9118-800x533.jpg\" width=\"640\" height=\"426\" srcset=\"https:\/\/w-l-c.be\/wp-content\/uploads\/2013\/06\/IMG_9118-800x533.jpg 800w, https:\/\/w-l-c.be\/wp-content\/uploads\/2013\/06\/IMG_9118-404x270.jpg 404w, https:\/\/w-l-c.be\/wp-content\/uploads\/2013\/06\/IMG_9118.jpg 1024w\" sizes=\"auto, (max-width: 640px) 100vw, 640px\" \/><\/a><\/p>\n<p>&nbsp;<\/p>\n<p>Pour pr\u00e9senter la soir\u00e9e (en deux temps, deux s\u00e9ances), <b>Ivan Corbisier<\/b>, directeur d&rsquo;un Festival en pleine expansion, accueillait d&rsquo;abord <b>Fr\u00e9d\u00e9ric Delcor<\/b>, secr\u00e9taire g\u00e9n\u00e9ral de la F\u00e9d\u00e9ration Wallonie Bruxelles (photo ci-dessus), ensuite, Delphine No\u00ebls, son actrice principale, <strong>M\u00e9lanie Doutey<\/strong> qui devrait gr\u00e2ce \u00e0 <i>Post Partum<\/i> faire son entr\u00e9e en grandes pompes dans les pages des Inrockuptibles ou de T\u00e9l\u00e9rama et le producteur Jean-Yves Roubin qui s&rsquo;est offert pour l&rsquo;occasion un Frakassante pr\u00e9-g\u00e9n\u00e9rique avec le logo de sa soci\u00e9t\u00e9.<\/p>\n<p>Tr\u00e8s stress\u00e9es M\u00e9lanie Doutey et Delphine No\u00ebls ont n\u00e9anmoins align\u00e9 quelques vannes et anecdotes fort dr\u00f4les : preuve que ce n&rsquo;est pas forc\u00e9ment sur les plateaux des com\u00e9dies fofolles qu&rsquo;on s&rsquo;amuse le mieux\u2026<\/p>\n<p>&nbsp;<\/p>\n<p><a href=\"http:\/\/www.cinevox.be\/premiere-mondiale-de-post-partum-au-brussels-film-festival\/img_9112\/\" rel=\"attachment wp-att-42540\"><img loading=\"lazy\" decoding=\"async\" class=\"aligncenter size-large wp-image-42540\" alt=\"\" src=\"http:\/\/www.cinevox.be\/wp-content\/uploads\/2013\/06\/IMG_9112-800x533.jpg\" width=\"640\" height=\"426\" srcset=\"https:\/\/w-l-c.be\/wp-content\/uploads\/2013\/06\/IMG_9112-800x533.jpg 800w, https:\/\/w-l-c.be\/wp-content\/uploads\/2013\/06\/IMG_9112-404x270.jpg 404w, https:\/\/w-l-c.be\/wp-content\/uploads\/2013\/06\/IMG_9112.jpg 1024w\" sizes=\"auto, (max-width: 640px) 100vw, 640px\" \/><\/a><\/p>\n<p style=\"text-align: right;\"><em>Delphine No\u00ebls, Jean-Yves Roubin, M\u00e9lanie Doutey, trio chic pour film choc<\/em><\/p>\n<p>&nbsp;<\/p>\n<p><a href=\"http:\/\/www.cinevox.be\/premiere-mondiale-de-post-partum-au-brussels-film-festival\/img_9105\/\" rel=\"attachment wp-att-42541\"><img loading=\"lazy\" decoding=\"async\" class=\"aligncenter size-large wp-image-42541\" alt=\"\" src=\"http:\/\/www.cinevox.be\/wp-content\/uploads\/2013\/06\/IMG_9105-800x533.jpg\" width=\"640\" height=\"426\" srcset=\"https:\/\/w-l-c.be\/wp-content\/uploads\/2013\/06\/IMG_9105-800x533.jpg 800w, https:\/\/w-l-c.be\/wp-content\/uploads\/2013\/06\/IMG_9105-404x270.jpg 404w, https:\/\/w-l-c.be\/wp-content\/uploads\/2013\/06\/IMG_9105.jpg 1024w\" sizes=\"auto, (max-width: 640px) 100vw, 640px\" \/><\/a><\/p>\n<p style=\"text-align: right;\"><em>Isma\u00ebl Sa\u00eedi, son \u00e9pouse et Reda Chebchoubi, \u00a0un de ses acteurs de Morrocan Gigolos<\/em><\/p>\n<p>&nbsp;<\/p>\n<p><a href=\"http:\/\/www.cinevox.be\/premiere-mondiale-de-post-partum-au-brussels-film-festival\/img_9108\/\" rel=\"attachment wp-att-42542\"><img loading=\"lazy\" decoding=\"async\" class=\"aligncenter size-large wp-image-42542\" alt=\"\" src=\"http:\/\/www.cinevox.be\/wp-content\/uploads\/2013\/06\/IMG_9108-800x525.jpg\" width=\"640\" height=\"420\" srcset=\"https:\/\/w-l-c.be\/wp-content\/uploads\/2013\/06\/IMG_9108-800x525.jpg 800w, https:\/\/w-l-c.be\/wp-content\/uploads\/2013\/06\/IMG_9108-411x270.jpg 411w, https:\/\/w-l-c.be\/wp-content\/uploads\/2013\/06\/IMG_9108.jpg 1024w\" sizes=\"auto, (max-width: 640px) 100vw, 640px\" \/><\/a><\/p>\n<p style=\"text-align: right;\">\u00a0<em>Jan Hammenecker entre le Chili, une s\u00e9rie flamande \u00e0 suspense et un film d&rsquo;horreur tourn\u00e9 cet \u00e9t\u00e9 dans les Ardennes<\/em><\/p>\n<p>&nbsp;<\/p>\n<p><a href=\"http:\/\/www.cinevox.be\/premiere-mondiale-de-post-partum-au-brussels-film-festival\/img_9109\/\" rel=\"attachment wp-att-42543\"><img loading=\"lazy\" decoding=\"async\" class=\"aligncenter size-large wp-image-42543\" alt=\"\" src=\"http:\/\/www.cinevox.be\/wp-content\/uploads\/2013\/06\/IMG_9109-800x533.jpg\" width=\"640\" height=\"426\" srcset=\"https:\/\/w-l-c.be\/wp-content\/uploads\/2013\/06\/IMG_9109-800x533.jpg 800w, https:\/\/w-l-c.be\/wp-content\/uploads\/2013\/06\/IMG_9109-404x270.jpg 404w, https:\/\/w-l-c.be\/wp-content\/uploads\/2013\/06\/IMG_9109.jpg 1024w\" sizes=\"auto, (max-width: 640px) 100vw, 640px\" \/><\/a><\/p>\n<p style=\"text-align: right;\">\u00a0<em>Pierre Duculot, r\u00e9alisateur d&rsquo;Au Cul du Loup<\/em><\/p>\n<p>&nbsp;<\/p>\n<p><a href=\"http:\/\/www.cinevox.be\/premiere-mondiale-de-post-partum-au-brussels-film-festival\/img_9120\/\" rel=\"attachment wp-att-42544\"><img loading=\"lazy\" decoding=\"async\" class=\"aligncenter size-large wp-image-42544\" alt=\"\" src=\"http:\/\/www.cinevox.be\/wp-content\/uploads\/2013\/06\/IMG_9120-800x533.jpg\" width=\"640\" height=\"426\" srcset=\"https:\/\/w-l-c.be\/wp-content\/uploads\/2013\/06\/IMG_9120-800x533.jpg 800w, https:\/\/w-l-c.be\/wp-content\/uploads\/2013\/06\/IMG_9120-404x270.jpg 404w, https:\/\/w-l-c.be\/wp-content\/uploads\/2013\/06\/IMG_9120.jpg 1024w\" sizes=\"auto, (max-width: 640px) 100vw, 640px\" \/><\/a><\/p>\n<p style=\"text-align: right;\">\u00a0<em>Ivan Corbisier, directeur du festival \u00a0et l&rsquo;\u00e9quipe du film<\/em><\/p>\n<p><a href=\"http:\/\/www.cinevox.be\/premiere-mondiale-de-post-partum-au-brussels-film-festival\/img_9125\/\" rel=\"attachment wp-att-42545\"><img loading=\"lazy\" decoding=\"async\" class=\"aligncenter size-large wp-image-42545\" alt=\"\" src=\"http:\/\/www.cinevox.be\/wp-content\/uploads\/2013\/06\/IMG_9125-800x533.jpg\" width=\"640\" height=\"426\" srcset=\"https:\/\/w-l-c.be\/wp-content\/uploads\/2013\/06\/IMG_9125-800x533.jpg 800w, https:\/\/w-l-c.be\/wp-content\/uploads\/2013\/06\/IMG_9125-404x270.jpg 404w, https:\/\/w-l-c.be\/wp-content\/uploads\/2013\/06\/IMG_9125.jpg 1024w\" sizes=\"auto, (max-width: 640px) 100vw, 640px\" \/><\/a><\/p>\n<p>&nbsp;<\/p>\n<p>&nbsp;<\/p>\n<p style=\"text-align: right;\"><em>Toutes les photos\u00a0\u00a9 Philippe Pierquin\/Cinevox 2013<\/em><\/p>\n","protected":false},"excerpt":{"rendered":"<p>Hier soir, le Brussels Film Festival \u00e9tait le cadre de la premi\u00e8re projection publique mondiale de Post Partum, premier long m\u00e9trage de Delphine No\u00ebls avec Jalil Lespert,\u00a0 Fran\u00e7oise Fabian&#8230; mais surtout M\u00e9lanie Doutey qui est de quasi tous les plans du film. Une avant-premi\u00e8re organis\u00e9e dans le cadre de la soir\u00e9e de la F\u00e9d\u00e9ration Wallonie &hellip;<\/p>\n","protected":false},"author":7,"featured_media":42537,"comment_status":"closed","ping_status":"closed","sticky":false,"template":"","format":"standard","meta":{"ngg_post_thumbnail":0,"footnotes":""},"categories":[1923],"tags":[],"class_list":["post-42533","post","type-post","status-publish","format-standard","has-post-thumbnail","","category-en-bref"],"yoast_head":"<!-- This site is optimized with the Yoast SEO plugin v20.4 - https:\/\/yoast.com\/wordpress\/plugins\/seo\/ -->\n<title>Premi\u00e8re mondiale de Post Partum au Brussels Film Festival - w-l-c<\/title>\n<meta name=\"robots\" content=\"noindex, follow, max-snippet:-1, max-image-preview:large, max-video-preview:-1\" \/>\n<meta property=\"og:locale\" content=\"fr_FR\" \/>\n<meta property=\"og:type\" content=\"article\" \/>\n<meta property=\"og:title\" content=\"Premi\u00e8re mondiale de Post Partum au Brussels Film Festival - w-l-c\" \/>\n<meta property=\"og:description\" content=\"Hier soir, le Brussels Film Festival \u00e9tait le cadre de la premi\u00e8re projection publique mondiale de Post Partum, premier long m\u00e9trage de Delphine No\u00ebls avec Jalil Lespert,\u00a0 Fran\u00e7oise Fabian&#8230; mais surtout M\u00e9lanie Doutey qui est de quasi tous les plans du film. Une avant-premi\u00e8re organis\u00e9e dans le cadre de la soir\u00e9e de la F\u00e9d\u00e9ration Wallonie &hellip;\" \/>\n<meta property=\"og:url\" content=\"https:\/\/w-l-c.be\/fr\/premiere-mondiale-de-post-partum-au-brussels-film-festival\/\" \/>\n<meta property=\"og:site_name\" content=\"w-l-c\" \/>\n<meta property=\"article:published_time\" content=\"2013-06-22T09:24:50+00:00\" \/>\n<meta property=\"article:modified_time\" content=\"2014-01-11T13:21:14+00:00\" \/>\n<meta property=\"og:image\" content=\"https:\/\/w-l-c.be\/wp-content\/uploads\/2013\/06\/IMG_9123.jpg\" \/>\n\t<meta property=\"og:image:width\" content=\"1200\" \/>\n\t<meta property=\"og:image:height\" content=\"800\" \/>\n\t<meta property=\"og:image:type\" content=\"image\/jpeg\" \/>\n<meta name=\"author\" content=\"Philippe.Pierquin\" \/>\n<meta name=\"twitter:card\" content=\"summary_large_image\" \/>\n<meta name=\"twitter:label1\" content=\"\u00c9crit par\" \/>\n\t<meta name=\"twitter:data1\" content=\"Philippe.Pierquin\" \/>\n\t<meta name=\"twitter:label2\" content=\"Dur\u00e9e de lecture estim\u00e9e\" \/>\n\t<meta name=\"twitter:data2\" content=\"3 minutes\" \/>\n<script type=\"application\/ld+json\" class=\"yoast-schema-graph\">{\"@context\":\"https:\/\/schema.org\",\"@graph\":[{\"@type\":\"WebPage\",\"@id\":\"https:\/\/w-l-c.be\/fr\/premiere-mondiale-de-post-partum-au-brussels-film-festival\/\",\"url\":\"https:\/\/w-l-c.be\/fr\/premiere-mondiale-de-post-partum-au-brussels-film-festival\/\",\"name\":\"Premi\u00e8re mondiale de Post Partum au Brussels Film Festival - w-l-c\",\"isPartOf\":{\"@id\":\"https:\/\/w-l-c.be\/fr\/#website\"},\"datePublished\":\"2013-06-22T09:24:50+00:00\",\"dateModified\":\"2014-01-11T13:21:14+00:00\",\"author\":{\"@id\":\"https:\/\/w-l-c.be\/fr\/#\/schema\/person\/4b9b1d857f0943453a38a7c2859ef756\"},\"breadcrumb\":{\"@id\":\"https:\/\/w-l-c.be\/fr\/premiere-mondiale-de-post-partum-au-brussels-film-festival\/#breadcrumb\"},\"inLanguage\":\"fr-FR\",\"potentialAction\":[{\"@type\":\"ReadAction\",\"target\":[\"https:\/\/w-l-c.be\/fr\/premiere-mondiale-de-post-partum-au-brussels-film-festival\/\"]}]},{\"@type\":\"BreadcrumbList\",\"@id\":\"https:\/\/w-l-c.be\/fr\/premiere-mondiale-de-post-partum-au-brussels-film-festival\/#breadcrumb\",\"itemListElement\":[{\"@type\":\"ListItem\",\"position\":1,\"name\":\"Accueil\",\"item\":\"https:\/\/w-l-c.be\/fr\/\"},{\"@type\":\"ListItem\",\"position\":2,\"name\":\"Premi\u00e8re mondiale de Post Partum au Brussels Film Festival\"}]},{\"@type\":\"WebSite\",\"@id\":\"https:\/\/w-l-c.be\/fr\/#website\",\"url\":\"https:\/\/w-l-c.be\/fr\/\",\"name\":\"w-l-c\",\"description\":\"Le cin\u00e9ma vu par les belges\",\"potentialAction\":[{\"@type\":\"SearchAction\",\"target\":{\"@type\":\"EntryPoint\",\"urlTemplate\":\"https:\/\/w-l-c.be\/fr\/?s={search_term_string}\"},\"query-input\":\"required name=search_term_string\"}],\"inLanguage\":\"fr-FR\"},{\"@type\":\"Person\",\"@id\":\"https:\/\/w-l-c.be\/fr\/#\/schema\/person\/4b9b1d857f0943453a38a7c2859ef756\",\"name\":\"Philippe.Pierquin\",\"url\":\"https:\/\/w-l-c.be\/fr\/author\/philippe-pierquin\/\"}]}<\/script>\n<!-- \/ Yoast SEO plugin. -->","yoast_head_json":{"title":"Premi\u00e8re mondiale de Post Partum au Brussels Film Festival - w-l-c","robots":{"index":"noindex","follow":"follow","max-snippet":"max-snippet:-1","max-image-preview":"max-image-preview:large","max-video-preview":"max-video-preview:-1"},"og_locale":"fr_FR","og_type":"article","og_title":"Premi\u00e8re mondiale de Post Partum au Brussels Film Festival - w-l-c","og_description":"Hier soir, le Brussels Film Festival \u00e9tait le cadre de la premi\u00e8re projection publique mondiale de Post Partum, premier long m\u00e9trage de Delphine No\u00ebls avec Jalil Lespert,\u00a0 Fran\u00e7oise Fabian&#8230; mais surtout M\u00e9lanie Doutey qui est de quasi tous les plans du film. Une avant-premi\u00e8re organis\u00e9e dans le cadre de la soir\u00e9e de la F\u00e9d\u00e9ration Wallonie &hellip;","og_url":"https:\/\/w-l-c.be\/fr\/premiere-mondiale-de-post-partum-au-brussels-film-festival\/","og_site_name":"w-l-c","article_published_time":"2013-06-22T09:24:50+00:00","article_modified_time":"2014-01-11T13:21:14+00:00","og_image":[{"width":1200,"height":800,"url":"https:\/\/w-l-c.be\/wp-content\/uploads\/2013\/06\/IMG_9123.jpg","type":"image\/jpeg"}],"author":"Philippe.Pierquin","twitter_card":"summary_large_image","twitter_misc":{"\u00c9crit par":"Philippe.Pierquin","Dur\u00e9e de lecture estim\u00e9e":"3 minutes"},"schema":{"@context":"https:\/\/schema.org","@graph":[{"@type":"WebPage","@id":"https:\/\/w-l-c.be\/fr\/premiere-mondiale-de-post-partum-au-brussels-film-festival\/","url":"https:\/\/w-l-c.be\/fr\/premiere-mondiale-de-post-partum-au-brussels-film-festival\/","name":"Premi\u00e8re mondiale de Post Partum au Brussels Film Festival - w-l-c","isPartOf":{"@id":"https:\/\/w-l-c.be\/fr\/#website"},"datePublished":"2013-06-22T09:24:50+00:00","dateModified":"2014-01-11T13:21:14+00:00","author":{"@id":"https:\/\/w-l-c.be\/fr\/#\/schema\/person\/4b9b1d857f0943453a38a7c2859ef756"},"breadcrumb":{"@id":"https:\/\/w-l-c.be\/fr\/premiere-mondiale-de-post-partum-au-brussels-film-festival\/#breadcrumb"},"inLanguage":"fr-FR","potentialAction":[{"@type":"ReadAction","target":["https:\/\/w-l-c.be\/fr\/premiere-mondiale-de-post-partum-au-brussels-film-festival\/"]}]},{"@type":"BreadcrumbList","@id":"https:\/\/w-l-c.be\/fr\/premiere-mondiale-de-post-partum-au-brussels-film-festival\/#breadcrumb","itemListElement":[{"@type":"ListItem","position":1,"name":"Accueil","item":"https:\/\/w-l-c.be\/fr\/"},{"@type":"ListItem","position":2,"name":"Premi\u00e8re mondiale de Post Partum au Brussels Film Festival"}]},{"@type":"WebSite","@id":"https:\/\/w-l-c.be\/fr\/#website","url":"https:\/\/w-l-c.be\/fr\/","name":"w-l-c","description":"Le cin\u00e9ma vu par les belges","potentialAction":[{"@type":"SearchAction","target":{"@type":"EntryPoint","urlTemplate":"https:\/\/w-l-c.be\/fr\/?s={search_term_string}"},"query-input":"required name=search_term_string"}],"inLanguage":"fr-FR"},{"@type":"Person","@id":"https:\/\/w-l-c.be\/fr\/#\/schema\/person\/4b9b1d857f0943453a38a7c2859ef756","name":"Philippe.Pierquin","url":"https:\/\/w-l-c.be\/fr\/author\/philippe-pierquin\/"}]}},"_links":{"self":[{"href":"https:\/\/w-l-c.be\/fr\/wp-json\/wp\/v2\/posts\/42533","targetHints":{"allow":["GET"]}}],"collection":[{"href":"https:\/\/w-l-c.be\/fr\/wp-json\/wp\/v2\/posts"}],"about":[{"href":"https:\/\/w-l-c.be\/fr\/wp-json\/wp\/v2\/types\/post"}],"author":[{"embeddable":true,"href":"https:\/\/w-l-c.be\/fr\/wp-json\/wp\/v2\/users\/7"}],"replies":[{"embeddable":true,"href":"https:\/\/w-l-c.be\/fr\/wp-json\/wp\/v2\/comments?post=42533"}],"version-history":[{"count":0,"href":"https:\/\/w-l-c.be\/fr\/wp-json\/wp\/v2\/posts\/42533\/revisions"}],"wp:featuredmedia":[{"embeddable":true,"href":"https:\/\/w-l-c.be\/fr\/wp-json\/wp\/v2\/media\/42537"}],"wp:attachment":[{"href":"https:\/\/w-l-c.be\/fr\/wp-json\/wp\/v2\/media?parent=42533"}],"wp:term":[{"taxonomy":"category","embeddable":true,"href":"https:\/\/w-l-c.be\/fr\/wp-json\/wp\/v2\/categories?post=42533"},{"taxonomy":"post_tag","embeddable":true,"href":"https:\/\/w-l-c.be\/fr\/wp-json\/wp\/v2\/tags?post=42533"}],"curies":[{"name":"wp","href":"https:\/\/api.w.org\/{rel}","templated":true}]}}