
{"id":42561,"date":"2013-06-24T06:37:11","date_gmt":"2013-06-24T06:37:11","guid":{"rendered":"http:\/\/www.cinevox.be\/?p=42561"},"modified":"2013-06-24T06:41:55","modified_gmt":"2013-06-24T06:41:55","slug":"qui-va-voir-les-courts-metrages-belges-au-brussels-film-festival","status":"publish","type":"post","link":"https:\/\/w-l-c.be\/fr\/qui-va-voir-les-courts-metrages-belges-au-brussels-film-festival\/","title":{"rendered":"Qui va voir les courts m\u00e9trages belges au Brussels Film festival ?"},"content":{"rendered":"<p>Cinevox et le Brussels Film festival vous offraient des invitations pour la comp\u00e9tition de courts m\u00e9trages belges compos\u00e9e de deux s\u00e9ances, ce mardi 25 \u00e0 19h et 21h. Le programme est \u00e0 d\u00e9couvrir <a href=\"http:\/\/www.cinevox.be\/?p=41993\">ICI<\/a>.<!--more--><\/p>\n<p>&nbsp;<\/p>\n<p>Si vous \u00eates parmi les vainqueurs, il vous suffit de vous pr\u00e9senter au deck d&rsquo;accueil du Festival un quart d&rsquo;heure au moins avant la s\u00e9ance avec une pi\u00e8ce d&rsquo;identit\u00e9 ou le mail qu&rsquo;on va vous envoyer: l&rsquo;organisation a re\u00e7u votre nom et vous donnera deux invitations.<\/p>\n<p>&nbsp;<\/p>\n<p>Quand ? Mardi 25 \u2013 19 ET 21 h (pr\u00e9sence obligatoire au plus tard \u00e0 18h45)<\/p>\n<p>Ou ? Place Flagey, B\u00e2timent Flagey<\/p>\n<p>&nbsp;<\/p>\n<p>La r\u00e9ponse que nous attendions \u00e9tait <b><span style=\"text-decoration: underline;\">Mont Blanc<\/span><\/b>. Il y avait un pi\u00e8ge, car <i>En Attendant le D\u00e9gel,<\/i> souvent cit\u00e9, \u00e9tait \u00e9videmment \u00e0 Cannes mais n&rsquo;est PAS programm\u00e9 au Brussels Film festival. Hahaha, oui, nous sommes ainsi. Une bonne question en somme qui favorise les cin\u00e9philes tr\u00e8s attentifs.<\/p>\n<p>&nbsp;<\/p>\n<p>Pour d\u00e9partager les participants, nous vous avions propos\u00e9 de nous donner un chiffre ou un nombre entre 1 et 5000. Une personne innocente n&rsquo;ayant pas acc\u00e8s aux r\u00e9ponses a choisi 1333.<\/p>\n<p>Ce sont donc, les trois personnes qui ont donn\u00e9 une bonne r\u00e9ponse et un nombre se rapprochant le plus de 1333 qui remportent deux invitations chacune.<\/p>\n<p>&nbsp;<\/p>\n<p>A savoir :<\/p>\n<p>Julie De Wispelaere <a href=\"mailto:juliedewispelaere@gmail.com\"><br \/>\n<\/a><\/p>\n<p>Camille Dequeker<\/p>\n<p>Ana\u00efs Lambert<\/p>\n<p>Sabrina assabah <a href=\"mailto:sabrinoah@hotmail.fr\"><br \/>\n<\/a><\/p>\n<p>Amandine Schneider-Depouhon<\/p>\n<p>&nbsp;<\/p>\n<p>Soit, \u00e0 nouveau, cinq demoiselles. On notera donc que tous les gagnants de nos trois concours consacr\u00e9s au Brussels Film Festival sont des gagnantes.<\/p>\n<p>&nbsp;<\/p>\n<p>Bon amusement !<\/p>\n<p>&nbsp;<\/p>\n<p>Un nouveau concours est en ligne <a href=\"http:\/\/www.cinevox.be\/concours\/\" target=\"_blank\">ICI<\/a> pour gagner des tickets de cin\u00e9ma pour le film Cinevox de votre choix dans la salle de votre choix.<\/p>\n","protected":false},"excerpt":{"rendered":"<p>Cinevox et le Brussels Film festival vous offraient des invitations pour la comp\u00e9tition de courts m\u00e9trages belges compos\u00e9e de deux s\u00e9ances, ce mardi 25 \u00e0 19h et 21h. Le programme est \u00e0 d\u00e9couvrir ICI.<\/p>\n","protected":false},"author":7,"featured_media":42563,"comment_status":"closed","ping_status":"closed","sticky":false,"template":"","format":"standard","meta":{"ngg_post_thumbnail":0,"footnotes":""},"categories":[1923],"tags":[],"class_list":["post-42561","post","type-post","status-publish","format-standard","has-post-thumbnail","","category-en-bref"],"yoast_head":"<!-- This site is optimized with the Yoast SEO plugin v20.4 - https:\/\/yoast.com\/wordpress\/plugins\/seo\/ -->\n<title>Qui va voir les courts m\u00e9trages belges au Brussels Film festival ? - w-l-c<\/title>\n<meta name=\"robots\" content=\"noindex, follow, max-snippet:-1, max-image-preview:large, max-video-preview:-1\" \/>\n<meta property=\"og:locale\" content=\"fr_FR\" \/>\n<meta property=\"og:type\" content=\"article\" \/>\n<meta property=\"og:title\" content=\"Qui va voir les courts m\u00e9trages belges au Brussels Film festival ? - w-l-c\" \/>\n<meta property=\"og:description\" content=\"Cinevox et le Brussels Film festival vous offraient des invitations pour la comp\u00e9tition de courts m\u00e9trages belges compos\u00e9e de deux s\u00e9ances, ce mardi 25 \u00e0 19h et 21h. Le programme est \u00e0 d\u00e9couvrir ICI.\" \/>\n<meta property=\"og:url\" content=\"https:\/\/w-l-c.be\/fr\/qui-va-voir-les-courts-metrages-belges-au-brussels-film-festival\/\" \/>\n<meta property=\"og:site_name\" content=\"w-l-c\" \/>\n<meta property=\"article:published_time\" content=\"2013-06-24T06:37:11+00:00\" \/>\n<meta property=\"article:modified_time\" content=\"2013-06-24T06:41:55+00:00\" \/>\n<meta property=\"og:image\" content=\"https:\/\/w-l-c.be\/wp-content\/uploads\/2013\/06\/mont-blanc-2b.jpg\" \/>\n\t<meta property=\"og:image:width\" content=\"762\" \/>\n\t<meta property=\"og:image:height\" content=\"401\" \/>\n\t<meta property=\"og:image:type\" content=\"image\/jpeg\" \/>\n<meta name=\"author\" content=\"Philippe.Pierquin\" \/>\n<meta name=\"twitter:card\" content=\"summary_large_image\" \/>\n<meta name=\"twitter:label1\" content=\"\u00c9crit par\" \/>\n\t<meta name=\"twitter:data1\" content=\"Philippe.Pierquin\" \/>\n\t<meta name=\"twitter:label2\" content=\"Dur\u00e9e de lecture estim\u00e9e\" \/>\n\t<meta name=\"twitter:data2\" content=\"1 minute\" \/>\n<script type=\"application\/ld+json\" class=\"yoast-schema-graph\">{\"@context\":\"https:\/\/schema.org\",\"@graph\":[{\"@type\":\"WebPage\",\"@id\":\"https:\/\/w-l-c.be\/fr\/qui-va-voir-les-courts-metrages-belges-au-brussels-film-festival\/\",\"url\":\"https:\/\/w-l-c.be\/fr\/qui-va-voir-les-courts-metrages-belges-au-brussels-film-festival\/\",\"name\":\"Qui va voir les courts m\u00e9trages belges au Brussels Film festival ? - w-l-c\",\"isPartOf\":{\"@id\":\"https:\/\/w-l-c.be\/fr\/#website\"},\"datePublished\":\"2013-06-24T06:37:11+00:00\",\"dateModified\":\"2013-06-24T06:41:55+00:00\",\"author\":{\"@id\":\"https:\/\/w-l-c.be\/fr\/#\/schema\/person\/4b9b1d857f0943453a38a7c2859ef756\"},\"breadcrumb\":{\"@id\":\"https:\/\/w-l-c.be\/fr\/qui-va-voir-les-courts-metrages-belges-au-brussels-film-festival\/#breadcrumb\"},\"inLanguage\":\"fr-FR\",\"potentialAction\":[{\"@type\":\"ReadAction\",\"target\":[\"https:\/\/w-l-c.be\/fr\/qui-va-voir-les-courts-metrages-belges-au-brussels-film-festival\/\"]}]},{\"@type\":\"BreadcrumbList\",\"@id\":\"https:\/\/w-l-c.be\/fr\/qui-va-voir-les-courts-metrages-belges-au-brussels-film-festival\/#breadcrumb\",\"itemListElement\":[{\"@type\":\"ListItem\",\"position\":1,\"name\":\"Accueil\",\"item\":\"https:\/\/w-l-c.be\/fr\/\"},{\"@type\":\"ListItem\",\"position\":2,\"name\":\"Qui va voir les courts m\u00e9trages belges au Brussels Film festival ?\"}]},{\"@type\":\"WebSite\",\"@id\":\"https:\/\/w-l-c.be\/fr\/#website\",\"url\":\"https:\/\/w-l-c.be\/fr\/\",\"name\":\"w-l-c\",\"description\":\"Le cin\u00e9ma vu par les belges\",\"potentialAction\":[{\"@type\":\"SearchAction\",\"target\":{\"@type\":\"EntryPoint\",\"urlTemplate\":\"https:\/\/w-l-c.be\/fr\/?s={search_term_string}\"},\"query-input\":\"required name=search_term_string\"}],\"inLanguage\":\"fr-FR\"},{\"@type\":\"Person\",\"@id\":\"https:\/\/w-l-c.be\/fr\/#\/schema\/person\/4b9b1d857f0943453a38a7c2859ef756\",\"name\":\"Philippe.Pierquin\",\"url\":\"https:\/\/w-l-c.be\/fr\/author\/philippe-pierquin\/\"}]}<\/script>\n<!-- \/ Yoast SEO plugin. -->","yoast_head_json":{"title":"Qui va voir les courts m\u00e9trages belges au Brussels Film festival ? - w-l-c","robots":{"index":"noindex","follow":"follow","max-snippet":"max-snippet:-1","max-image-preview":"max-image-preview:large","max-video-preview":"max-video-preview:-1"},"og_locale":"fr_FR","og_type":"article","og_title":"Qui va voir les courts m\u00e9trages belges au Brussels Film festival ? - w-l-c","og_description":"Cinevox et le Brussels Film festival vous offraient des invitations pour la comp\u00e9tition de courts m\u00e9trages belges compos\u00e9e de deux s\u00e9ances, ce mardi 25 \u00e0 19h et 21h. Le programme est \u00e0 d\u00e9couvrir ICI.","og_url":"https:\/\/w-l-c.be\/fr\/qui-va-voir-les-courts-metrages-belges-au-brussels-film-festival\/","og_site_name":"w-l-c","article_published_time":"2013-06-24T06:37:11+00:00","article_modified_time":"2013-06-24T06:41:55+00:00","og_image":[{"width":762,"height":401,"url":"https:\/\/w-l-c.be\/wp-content\/uploads\/2013\/06\/mont-blanc-2b.jpg","type":"image\/jpeg"}],"author":"Philippe.Pierquin","twitter_card":"summary_large_image","twitter_misc":{"\u00c9crit par":"Philippe.Pierquin","Dur\u00e9e de lecture estim\u00e9e":"1 minute"},"schema":{"@context":"https:\/\/schema.org","@graph":[{"@type":"WebPage","@id":"https:\/\/w-l-c.be\/fr\/qui-va-voir-les-courts-metrages-belges-au-brussels-film-festival\/","url":"https:\/\/w-l-c.be\/fr\/qui-va-voir-les-courts-metrages-belges-au-brussels-film-festival\/","name":"Qui va voir les courts m\u00e9trages belges au Brussels Film festival ? - w-l-c","isPartOf":{"@id":"https:\/\/w-l-c.be\/fr\/#website"},"datePublished":"2013-06-24T06:37:11+00:00","dateModified":"2013-06-24T06:41:55+00:00","author":{"@id":"https:\/\/w-l-c.be\/fr\/#\/schema\/person\/4b9b1d857f0943453a38a7c2859ef756"},"breadcrumb":{"@id":"https:\/\/w-l-c.be\/fr\/qui-va-voir-les-courts-metrages-belges-au-brussels-film-festival\/#breadcrumb"},"inLanguage":"fr-FR","potentialAction":[{"@type":"ReadAction","target":["https:\/\/w-l-c.be\/fr\/qui-va-voir-les-courts-metrages-belges-au-brussels-film-festival\/"]}]},{"@type":"BreadcrumbList","@id":"https:\/\/w-l-c.be\/fr\/qui-va-voir-les-courts-metrages-belges-au-brussels-film-festival\/#breadcrumb","itemListElement":[{"@type":"ListItem","position":1,"name":"Accueil","item":"https:\/\/w-l-c.be\/fr\/"},{"@type":"ListItem","position":2,"name":"Qui va voir les courts m\u00e9trages belges au Brussels Film festival ?"}]},{"@type":"WebSite","@id":"https:\/\/w-l-c.be\/fr\/#website","url":"https:\/\/w-l-c.be\/fr\/","name":"w-l-c","description":"Le cin\u00e9ma vu par les belges","potentialAction":[{"@type":"SearchAction","target":{"@type":"EntryPoint","urlTemplate":"https:\/\/w-l-c.be\/fr\/?s={search_term_string}"},"query-input":"required name=search_term_string"}],"inLanguage":"fr-FR"},{"@type":"Person","@id":"https:\/\/w-l-c.be\/fr\/#\/schema\/person\/4b9b1d857f0943453a38a7c2859ef756","name":"Philippe.Pierquin","url":"https:\/\/w-l-c.be\/fr\/author\/philippe-pierquin\/"}]}},"_links":{"self":[{"href":"https:\/\/w-l-c.be\/fr\/wp-json\/wp\/v2\/posts\/42561","targetHints":{"allow":["GET"]}}],"collection":[{"href":"https:\/\/w-l-c.be\/fr\/wp-json\/wp\/v2\/posts"}],"about":[{"href":"https:\/\/w-l-c.be\/fr\/wp-json\/wp\/v2\/types\/post"}],"author":[{"embeddable":true,"href":"https:\/\/w-l-c.be\/fr\/wp-json\/wp\/v2\/users\/7"}],"replies":[{"embeddable":true,"href":"https:\/\/w-l-c.be\/fr\/wp-json\/wp\/v2\/comments?post=42561"}],"version-history":[{"count":0,"href":"https:\/\/w-l-c.be\/fr\/wp-json\/wp\/v2\/posts\/42561\/revisions"}],"wp:featuredmedia":[{"embeddable":true,"href":"https:\/\/w-l-c.be\/fr\/wp-json\/wp\/v2\/media\/42563"}],"wp:attachment":[{"href":"https:\/\/w-l-c.be\/fr\/wp-json\/wp\/v2\/media?parent=42561"}],"wp:term":[{"taxonomy":"category","embeddable":true,"href":"https:\/\/w-l-c.be\/fr\/wp-json\/wp\/v2\/categories?post=42561"},{"taxonomy":"post_tag","embeddable":true,"href":"https:\/\/w-l-c.be\/fr\/wp-json\/wp\/v2\/tags?post=42561"}],"curies":[{"name":"wp","href":"https:\/\/api.w.org\/{rel}","templated":true}]}}