
{"id":43228,"date":"2013-07-25T05:26:54","date_gmt":"2013-07-25T03:26:54","guid":{"rendered":"http:\/\/www.cinevox.be\/?p=43228"},"modified":"2013-07-25T17:06:50","modified_gmt":"2013-07-25T15:06:50","slug":"moreau-tournage","status":"publish","type":"post","link":"https:\/\/w-l-c.be\/fr\/moreau-tournage\/","title":{"rendered":"Yolande Moreau ne s&rsquo;arr\u00eate jamais"},"content":{"rendered":"<p>\u00c0 peine a-t-elle pr\u00e9sent\u00e9 Henri \u00e0 Cannes et dans quelques manifestations relayant la Quinzaine des r\u00e9alisateurs en France et en Belgique que Yolande Moreau est d\u00e9j\u00e0 repartie sur les plateaux.<\/p>\n<p>La g\u00e9n\u00e9reuse actrice belgo-normande s\u2019est mise au service d\u2019un tout jeune cin\u00e9aste de 24 ans, <b>Arnold de Parscau<\/b> qui tourne son premier long m\u00e9trage, <i>Ablation<\/i>. Percutant !<\/p>\n<p>&nbsp;<\/p>\n<p style=\"text-align: right;\"><em>[Photo &#8211; Magritte 2013\u00a0&#8211; par Marie Adam-Leenaerdt]<!--more--><\/em><\/p>\n<p>&nbsp;<\/p>\n<p>Film\u00e9 dans le Nord-Pas-Calais (la gare de Lille a notamment \u00e9t\u00e9 relook\u00e9e en a\u00e9roport), Ablation r\u00e9unit un casting all\u00e9chant. Aux c\u00f4t\u00e9s de Yolande, on retrouvera Denis Menochet (<i>Grand Central<\/i>), Virginie Ledoyen (<i>Les Adieux \u00e0 la Reine<\/i>), Florence Thomassin, Philippe Nahon et quelques Belges dont Michael Fromowicz.<\/p>\n<p>&nbsp;<\/p>\n<p>\u00c9crit par Beno\u00eet Del\u00e9pine, l\u2019homme du <i>Grand Soir<\/i>, de <i>Mammouth <\/i>et de quelques-uns des sketches les plus trash de <i>Groland,<\/i> <i>Ablation<\/i> ne fait pas dans la dentelle : un homme se r\u00e9veille au petit matin dans un terrain vague. Au sortir d\u2019une nuit agit\u00e9e? Il n\u2019a aucun souvenir de ce qu\u2019il a fait la veille. Une douleur le taraude pourtant. Au bas du dos, il d\u00e9couvre une cicatrice. Et bient\u00f4t l\u2019horrible v\u00e9rit\u00e9: on lui a vol\u00e9 un rein.<\/p>\n<p>&nbsp;<\/p>\n<p>M\u00eame si le pitch de d\u00e9part \u00e9voque une sc\u00e8ne culte du r\u00e9cent <i>Vive la France<\/i>, il est probable que les deux films n\u2019auront au final pas grand-chose \u00e0 voir\u2026<\/p>\n<p>Le tournage se termine le 18 juillet pour une sortie en 2014.<\/p>\n","protected":false},"excerpt":{"rendered":"<p>\u00c0 peine a-t-elle pr\u00e9sent\u00e9 Henri \u00e0 Cannes et dans quelques manifestations relayant la Quinzaine des r\u00e9alisateurs en France et en Belgique que Yolande Moreau est d\u00e9j\u00e0 repartie sur les plateaux. La g\u00e9n\u00e9reuse actrice belgo-normande s\u2019est mise au service d\u2019un tout jeune cin\u00e9aste de 24 ans, Arnold de Parscau qui tourne son premier long m\u00e9trage, Ablation. &hellip;<\/p>\n","protected":false},"author":7,"featured_media":43230,"comment_status":"closed","ping_status":"closed","sticky":false,"template":"","format":"standard","meta":{"ngg_post_thumbnail":0,"footnotes":""},"categories":[7,11],"tags":[],"class_list":["post-43228","post","type-post","status-publish","format-standard","has-post-thumbnail","","category-actualites","category-tournages"],"yoast_head":"<!-- This site is optimized with the Yoast SEO plugin v20.4 - https:\/\/yoast.com\/wordpress\/plugins\/seo\/ -->\n<title>Yolande Moreau ne s&#039;arr\u00eate jamais - w-l-c<\/title>\n<meta name=\"robots\" content=\"noindex, follow, max-snippet:-1, max-image-preview:large, max-video-preview:-1\" \/>\n<meta property=\"og:locale\" content=\"fr_FR\" \/>\n<meta property=\"og:type\" content=\"article\" \/>\n<meta property=\"og:title\" content=\"Yolande Moreau ne s&#039;arr\u00eate jamais - w-l-c\" \/>\n<meta property=\"og:description\" content=\"\u00c0 peine a-t-elle pr\u00e9sent\u00e9 Henri \u00e0 Cannes et dans quelques manifestations relayant la Quinzaine des r\u00e9alisateurs en France et en Belgique que Yolande Moreau est d\u00e9j\u00e0 repartie sur les plateaux. La g\u00e9n\u00e9reuse actrice belgo-normande s\u2019est mise au service d\u2019un tout jeune cin\u00e9aste de 24 ans, Arnold de Parscau qui tourne son premier long m\u00e9trage, Ablation. &hellip;\" \/>\n<meta property=\"og:url\" content=\"https:\/\/w-l-c.be\/fr\/moreau-tournage\/\" \/>\n<meta property=\"og:site_name\" content=\"w-l-c\" \/>\n<meta property=\"article:published_time\" content=\"2013-07-25T03:26:54+00:00\" \/>\n<meta property=\"article:modified_time\" content=\"2013-07-25T15:06:50+00:00\" \/>\n<meta property=\"og:image\" content=\"https:\/\/w-l-c.be\/wp-content\/uploads\/2013\/07\/DSC_3376.jpg\" \/>\n\t<meta property=\"og:image:width\" content=\"7360\" \/>\n\t<meta property=\"og:image:height\" content=\"4912\" \/>\n\t<meta property=\"og:image:type\" content=\"image\/jpeg\" \/>\n<meta name=\"author\" content=\"Philippe.Pierquin\" \/>\n<meta name=\"twitter:card\" content=\"summary_large_image\" \/>\n<meta name=\"twitter:label1\" content=\"\u00c9crit par\" \/>\n\t<meta name=\"twitter:data1\" content=\"Philippe.Pierquin\" \/>\n\t<meta name=\"twitter:label2\" content=\"Dur\u00e9e de lecture estim\u00e9e\" \/>\n\t<meta name=\"twitter:data2\" content=\"1 minute\" \/>\n<script type=\"application\/ld+json\" class=\"yoast-schema-graph\">{\"@context\":\"https:\/\/schema.org\",\"@graph\":[{\"@type\":\"WebPage\",\"@id\":\"https:\/\/w-l-c.be\/fr\/moreau-tournage\/\",\"url\":\"https:\/\/w-l-c.be\/fr\/moreau-tournage\/\",\"name\":\"Yolande Moreau ne s'arr\u00eate jamais - w-l-c\",\"isPartOf\":{\"@id\":\"https:\/\/w-l-c.be\/fr\/#website\"},\"datePublished\":\"2013-07-25T03:26:54+00:00\",\"dateModified\":\"2013-07-25T15:06:50+00:00\",\"author\":{\"@id\":\"https:\/\/w-l-c.be\/fr\/#\/schema\/person\/4b9b1d857f0943453a38a7c2859ef756\"},\"breadcrumb\":{\"@id\":\"https:\/\/w-l-c.be\/fr\/moreau-tournage\/#breadcrumb\"},\"inLanguage\":\"fr-FR\",\"potentialAction\":[{\"@type\":\"ReadAction\",\"target\":[\"https:\/\/w-l-c.be\/fr\/moreau-tournage\/\"]}]},{\"@type\":\"BreadcrumbList\",\"@id\":\"https:\/\/w-l-c.be\/fr\/moreau-tournage\/#breadcrumb\",\"itemListElement\":[{\"@type\":\"ListItem\",\"position\":1,\"name\":\"Accueil\",\"item\":\"https:\/\/w-l-c.be\/fr\/\"},{\"@type\":\"ListItem\",\"position\":2,\"name\":\"Yolande Moreau ne s&rsquo;arr\u00eate jamais\"}]},{\"@type\":\"WebSite\",\"@id\":\"https:\/\/w-l-c.be\/fr\/#website\",\"url\":\"https:\/\/w-l-c.be\/fr\/\",\"name\":\"w-l-c\",\"description\":\"Le cin\u00e9ma vu par les belges\",\"potentialAction\":[{\"@type\":\"SearchAction\",\"target\":{\"@type\":\"EntryPoint\",\"urlTemplate\":\"https:\/\/w-l-c.be\/fr\/?s={search_term_string}\"},\"query-input\":\"required name=search_term_string\"}],\"inLanguage\":\"fr-FR\"},{\"@type\":\"Person\",\"@id\":\"https:\/\/w-l-c.be\/fr\/#\/schema\/person\/4b9b1d857f0943453a38a7c2859ef756\",\"name\":\"Philippe.Pierquin\",\"url\":\"https:\/\/w-l-c.be\/fr\/author\/philippe-pierquin\/\"}]}<\/script>\n<!-- \/ Yoast SEO plugin. -->","yoast_head_json":{"title":"Yolande Moreau ne s'arr\u00eate jamais - w-l-c","robots":{"index":"noindex","follow":"follow","max-snippet":"max-snippet:-1","max-image-preview":"max-image-preview:large","max-video-preview":"max-video-preview:-1"},"og_locale":"fr_FR","og_type":"article","og_title":"Yolande Moreau ne s'arr\u00eate jamais - w-l-c","og_description":"\u00c0 peine a-t-elle pr\u00e9sent\u00e9 Henri \u00e0 Cannes et dans quelques manifestations relayant la Quinzaine des r\u00e9alisateurs en France et en Belgique que Yolande Moreau est d\u00e9j\u00e0 repartie sur les plateaux. La g\u00e9n\u00e9reuse actrice belgo-normande s\u2019est mise au service d\u2019un tout jeune cin\u00e9aste de 24 ans, Arnold de Parscau qui tourne son premier long m\u00e9trage, Ablation. &hellip;","og_url":"https:\/\/w-l-c.be\/fr\/moreau-tournage\/","og_site_name":"w-l-c","article_published_time":"2013-07-25T03:26:54+00:00","article_modified_time":"2013-07-25T15:06:50+00:00","og_image":[{"width":7360,"height":4912,"url":"https:\/\/w-l-c.be\/wp-content\/uploads\/2013\/07\/DSC_3376.jpg","type":"image\/jpeg"}],"author":"Philippe.Pierquin","twitter_card":"summary_large_image","twitter_misc":{"\u00c9crit par":"Philippe.Pierquin","Dur\u00e9e de lecture estim\u00e9e":"1 minute"},"schema":{"@context":"https:\/\/schema.org","@graph":[{"@type":"WebPage","@id":"https:\/\/w-l-c.be\/fr\/moreau-tournage\/","url":"https:\/\/w-l-c.be\/fr\/moreau-tournage\/","name":"Yolande Moreau ne s'arr\u00eate jamais - w-l-c","isPartOf":{"@id":"https:\/\/w-l-c.be\/fr\/#website"},"datePublished":"2013-07-25T03:26:54+00:00","dateModified":"2013-07-25T15:06:50+00:00","author":{"@id":"https:\/\/w-l-c.be\/fr\/#\/schema\/person\/4b9b1d857f0943453a38a7c2859ef756"},"breadcrumb":{"@id":"https:\/\/w-l-c.be\/fr\/moreau-tournage\/#breadcrumb"},"inLanguage":"fr-FR","potentialAction":[{"@type":"ReadAction","target":["https:\/\/w-l-c.be\/fr\/moreau-tournage\/"]}]},{"@type":"BreadcrumbList","@id":"https:\/\/w-l-c.be\/fr\/moreau-tournage\/#breadcrumb","itemListElement":[{"@type":"ListItem","position":1,"name":"Accueil","item":"https:\/\/w-l-c.be\/fr\/"},{"@type":"ListItem","position":2,"name":"Yolande Moreau ne s&rsquo;arr\u00eate jamais"}]},{"@type":"WebSite","@id":"https:\/\/w-l-c.be\/fr\/#website","url":"https:\/\/w-l-c.be\/fr\/","name":"w-l-c","description":"Le cin\u00e9ma vu par les belges","potentialAction":[{"@type":"SearchAction","target":{"@type":"EntryPoint","urlTemplate":"https:\/\/w-l-c.be\/fr\/?s={search_term_string}"},"query-input":"required name=search_term_string"}],"inLanguage":"fr-FR"},{"@type":"Person","@id":"https:\/\/w-l-c.be\/fr\/#\/schema\/person\/4b9b1d857f0943453a38a7c2859ef756","name":"Philippe.Pierquin","url":"https:\/\/w-l-c.be\/fr\/author\/philippe-pierquin\/"}]}},"_links":{"self":[{"href":"https:\/\/w-l-c.be\/fr\/wp-json\/wp\/v2\/posts\/43228","targetHints":{"allow":["GET"]}}],"collection":[{"href":"https:\/\/w-l-c.be\/fr\/wp-json\/wp\/v2\/posts"}],"about":[{"href":"https:\/\/w-l-c.be\/fr\/wp-json\/wp\/v2\/types\/post"}],"author":[{"embeddable":true,"href":"https:\/\/w-l-c.be\/fr\/wp-json\/wp\/v2\/users\/7"}],"replies":[{"embeddable":true,"href":"https:\/\/w-l-c.be\/fr\/wp-json\/wp\/v2\/comments?post=43228"}],"version-history":[{"count":0,"href":"https:\/\/w-l-c.be\/fr\/wp-json\/wp\/v2\/posts\/43228\/revisions"}],"wp:featuredmedia":[{"embeddable":true,"href":"https:\/\/w-l-c.be\/fr\/wp-json\/wp\/v2\/media\/43230"}],"wp:attachment":[{"href":"https:\/\/w-l-c.be\/fr\/wp-json\/wp\/v2\/media?parent=43228"}],"wp:term":[{"taxonomy":"category","embeddable":true,"href":"https:\/\/w-l-c.be\/fr\/wp-json\/wp\/v2\/categories?post=43228"},{"taxonomy":"post_tag","embeddable":true,"href":"https:\/\/w-l-c.be\/fr\/wp-json\/wp\/v2\/tags?post=43228"}],"curies":[{"name":"wp","href":"https:\/\/api.w.org\/{rel}","templated":true}]}}