
{"id":43277,"date":"2013-07-18T04:14:11","date_gmt":"2013-07-18T02:14:11","guid":{"rendered":"http:\/\/www.cinevox.be\/?p=43277"},"modified":"2013-07-14T12:27:43","modified_gmt":"2013-07-14T10:27:43","slug":"mon-oncle-damerique-est-belge","status":"publish","type":"post","link":"https:\/\/w-l-c.be\/fr\/mon-oncle-damerique-est-belge\/","title":{"rendered":"Mon Oncle d&rsquo;Am\u00e9rique est belge"},"content":{"rendered":"<p>Toujours dans le cadre de la collection \u00ab Fen\u00eatre sur Doc \u00bb, La Trois propose <i style=\"font-size: 16px;\">Mon oncle d&rsquo;Am\u00e9rique est belge<\/i>.<\/p>\n<p>Fran\u00e7oise a un oncle un peu exceptionnel. Cartooniste, caricaturiste, r\u00e9alisateur de dessins anim\u00e9s d\u00e9cal\u00e9s et provocateurs, aux antipodes du politiquement correct et des valeurs familiales, c&rsquo;est un artiste, un homme public, une c\u00e9l\u00e9brit\u00e9 internationale : c&rsquo;est Picha.<\/p>\n<p>A voir le jeudi 18 juillet \u00e0 21h sur la Trois. Rediffusion le 23 \u00e0 11h30<!--more--><\/p>\n<p>&nbsp;<\/p>\n<p>Pour Fran\u00e7oise Walravens, journaliste \u00e0 la RTBF, Picha est rest\u00e9 l\u2019oncle myst\u00e9rieux et LE SUPER HEROS de son enfance. Pourtant, ce pr\u00e9curseur du cartoon politiquement incorrect se r\u00e9v\u00e8le \u00eatre UN SUPER ANTIHEROS qui a du caract\u00e8re ! Au moins autant que les personnages d\u00e9cal\u00e9s qu\u2019il dessine ! Et autant que les comparses, dignes repr\u00e9sentants de \u00ab la fantaisie surr\u00e9aliste belge \u00ab qui tenteront, dans un ton proche de son oeuvre, de percer qui se cache derri\u00e8re ce coup de crayon acide et atypique et s\u2019interrogeront avec Picha :\u00a0\u00a0 \u00ab L\u2019antih\u00e9ros, une sp\u00e9cialit\u00e9 belge qui s\u2019exporte bien ? \u00bb<\/p>\n<p>&nbsp;<\/p>\n<p>D\u00e9couvrez ici un extrait du film :<\/p>\n<p>&nbsp;<br \/>\n<iframe loading=\"lazy\" width=\"620\" height=\"347\" src=\"\/\/www.youtube.com\/embed\/vq52fCwRyfc\" frameborder=\"0\" allowfullscreen><\/iframe><br \/>\n&nbsp;<\/p>\n<p>&nbsp;<\/p>\n<p>R\u00e9alisation : Eric Figon<\/p>\n<p>Sc\u00e9nario : Fran\u00e7oise Walravens et Eric Figon<\/p>\n<p>Compositeur : Cyril Orcel<\/p>\n<p>Image: Fran\u00e7ois Schmitt, Xavier Fiems, Bruno Degrave, Alain Fish, J\u00e9r\u00f4me de Gerlache<\/p>\n<p>Son : Philippe Sellier<\/p>\n<p>Mixage son : Cyril Orcel<\/p>\n<p>Sound Design : Nils Fauth<\/p>\n<p>Montage : Ronald Alexandre<\/p>\n<p>Effets sp\u00e9ciaux : Laurent Hayot, Jonathan Palouzie, David Nataf<\/p>\n<p>Directeur de production : Joseph Claes<\/p>\n<p>&nbsp;<\/p>\n<p>Production : YC Aligator Film &#8211; Idfx &#8211; Triangle7 &#8211; Studio Moli\u00e8re \u2013 R.T.B.F. (T\u00e9l\u00e9vision belge) avec l\u2019aide du Centre du Cin\u00e9ma et de l\u2019Audiovisuel et les T\u00e9l\u00e9distributeurs wallons<\/p>\n","protected":false},"excerpt":{"rendered":"<p>Toujours dans le cadre de la collection \u00ab Fen\u00eatre sur Doc \u00bb, La Trois propose Mon oncle d&rsquo;Am\u00e9rique est belge. Fran\u00e7oise a un oncle un peu exceptionnel. Cartooniste, caricaturiste, r\u00e9alisateur de dessins anim\u00e9s d\u00e9cal\u00e9s et provocateurs, aux antipodes du politiquement correct et des valeurs familiales, c&rsquo;est un artiste, un homme public, une c\u00e9l\u00e9brit\u00e9 internationale : &hellip;<\/p>\n","protected":false},"author":7,"featured_media":43279,"comment_status":"closed","ping_status":"closed","sticky":false,"template":"","format":"standard","meta":{"ngg_post_thumbnail":0,"footnotes":""},"categories":[7,14],"tags":[],"class_list":["post-43277","post","type-post","status-publish","format-standard","has-post-thumbnail","","category-actualites","category-home-cinema"],"yoast_head":"<!-- This site is optimized with the Yoast SEO plugin v20.4 - https:\/\/yoast.com\/wordpress\/plugins\/seo\/ -->\n<title>Mon Oncle d&#039;Am\u00e9rique est belge - w-l-c<\/title>\n<meta name=\"robots\" content=\"noindex, follow, max-snippet:-1, max-image-preview:large, max-video-preview:-1\" \/>\n<meta property=\"og:locale\" content=\"fr_FR\" \/>\n<meta property=\"og:type\" content=\"article\" \/>\n<meta property=\"og:title\" content=\"Mon Oncle d&#039;Am\u00e9rique est belge - w-l-c\" \/>\n<meta property=\"og:description\" content=\"Toujours dans le cadre de la collection \u00ab Fen\u00eatre sur Doc \u00bb, La Trois propose Mon oncle d&rsquo;Am\u00e9rique est belge. Fran\u00e7oise a un oncle un peu exceptionnel. Cartooniste, caricaturiste, r\u00e9alisateur de dessins anim\u00e9s d\u00e9cal\u00e9s et provocateurs, aux antipodes du politiquement correct et des valeurs familiales, c&rsquo;est un artiste, un homme public, une c\u00e9l\u00e9brit\u00e9 internationale : &hellip;\" \/>\n<meta property=\"og:url\" content=\"https:\/\/w-l-c.be\/fr\/mon-oncle-damerique-est-belge\/\" \/>\n<meta property=\"og:site_name\" content=\"w-l-c\" \/>\n<meta property=\"article:published_time\" content=\"2013-07-18T02:14:11+00:00\" \/>\n<meta property=\"article:modified_time\" content=\"2013-07-14T10:27:43+00:00\" \/>\n<meta property=\"og:image\" content=\"https:\/\/w-l-c.be\/wp-content\/uploads\/2013\/07\/oncle.jpg\" \/>\n\t<meta property=\"og:image:width\" content=\"570\" \/>\n\t<meta property=\"og:image:height\" content=\"269\" \/>\n\t<meta property=\"og:image:type\" content=\"image\/jpeg\" \/>\n<meta name=\"author\" content=\"Philippe.Pierquin\" \/>\n<meta name=\"twitter:card\" content=\"summary_large_image\" \/>\n<meta name=\"twitter:label1\" content=\"\u00c9crit par\" \/>\n\t<meta name=\"twitter:data1\" content=\"Philippe.Pierquin\" \/>\n\t<meta name=\"twitter:label2\" content=\"Dur\u00e9e de lecture estim\u00e9e\" \/>\n\t<meta name=\"twitter:data2\" content=\"1 minute\" \/>\n<script type=\"application\/ld+json\" class=\"yoast-schema-graph\">{\"@context\":\"https:\/\/schema.org\",\"@graph\":[{\"@type\":\"WebPage\",\"@id\":\"https:\/\/w-l-c.be\/fr\/mon-oncle-damerique-est-belge\/\",\"url\":\"https:\/\/w-l-c.be\/fr\/mon-oncle-damerique-est-belge\/\",\"name\":\"Mon Oncle d'Am\u00e9rique est belge - w-l-c\",\"isPartOf\":{\"@id\":\"https:\/\/w-l-c.be\/fr\/#website\"},\"datePublished\":\"2013-07-18T02:14:11+00:00\",\"dateModified\":\"2013-07-14T10:27:43+00:00\",\"author\":{\"@id\":\"https:\/\/w-l-c.be\/fr\/#\/schema\/person\/4b9b1d857f0943453a38a7c2859ef756\"},\"breadcrumb\":{\"@id\":\"https:\/\/w-l-c.be\/fr\/mon-oncle-damerique-est-belge\/#breadcrumb\"},\"inLanguage\":\"fr-FR\",\"potentialAction\":[{\"@type\":\"ReadAction\",\"target\":[\"https:\/\/w-l-c.be\/fr\/mon-oncle-damerique-est-belge\/\"]}]},{\"@type\":\"BreadcrumbList\",\"@id\":\"https:\/\/w-l-c.be\/fr\/mon-oncle-damerique-est-belge\/#breadcrumb\",\"itemListElement\":[{\"@type\":\"ListItem\",\"position\":1,\"name\":\"Accueil\",\"item\":\"https:\/\/w-l-c.be\/fr\/\"},{\"@type\":\"ListItem\",\"position\":2,\"name\":\"Mon Oncle d&rsquo;Am\u00e9rique est belge\"}]},{\"@type\":\"WebSite\",\"@id\":\"https:\/\/w-l-c.be\/fr\/#website\",\"url\":\"https:\/\/w-l-c.be\/fr\/\",\"name\":\"w-l-c\",\"description\":\"Le cin\u00e9ma vu par les belges\",\"potentialAction\":[{\"@type\":\"SearchAction\",\"target\":{\"@type\":\"EntryPoint\",\"urlTemplate\":\"https:\/\/w-l-c.be\/fr\/?s={search_term_string}\"},\"query-input\":\"required name=search_term_string\"}],\"inLanguage\":\"fr-FR\"},{\"@type\":\"Person\",\"@id\":\"https:\/\/w-l-c.be\/fr\/#\/schema\/person\/4b9b1d857f0943453a38a7c2859ef756\",\"name\":\"Philippe.Pierquin\",\"url\":\"https:\/\/w-l-c.be\/fr\/author\/philippe-pierquin\/\"}]}<\/script>\n<!-- \/ Yoast SEO plugin. -->","yoast_head_json":{"title":"Mon Oncle d'Am\u00e9rique est belge - w-l-c","robots":{"index":"noindex","follow":"follow","max-snippet":"max-snippet:-1","max-image-preview":"max-image-preview:large","max-video-preview":"max-video-preview:-1"},"og_locale":"fr_FR","og_type":"article","og_title":"Mon Oncle d'Am\u00e9rique est belge - w-l-c","og_description":"Toujours dans le cadre de la collection \u00ab Fen\u00eatre sur Doc \u00bb, La Trois propose Mon oncle d&rsquo;Am\u00e9rique est belge. Fran\u00e7oise a un oncle un peu exceptionnel. Cartooniste, caricaturiste, r\u00e9alisateur de dessins anim\u00e9s d\u00e9cal\u00e9s et provocateurs, aux antipodes du politiquement correct et des valeurs familiales, c&rsquo;est un artiste, un homme public, une c\u00e9l\u00e9brit\u00e9 internationale : &hellip;","og_url":"https:\/\/w-l-c.be\/fr\/mon-oncle-damerique-est-belge\/","og_site_name":"w-l-c","article_published_time":"2013-07-18T02:14:11+00:00","article_modified_time":"2013-07-14T10:27:43+00:00","og_image":[{"width":570,"height":269,"url":"https:\/\/w-l-c.be\/wp-content\/uploads\/2013\/07\/oncle.jpg","type":"image\/jpeg"}],"author":"Philippe.Pierquin","twitter_card":"summary_large_image","twitter_misc":{"\u00c9crit par":"Philippe.Pierquin","Dur\u00e9e de lecture estim\u00e9e":"1 minute"},"schema":{"@context":"https:\/\/schema.org","@graph":[{"@type":"WebPage","@id":"https:\/\/w-l-c.be\/fr\/mon-oncle-damerique-est-belge\/","url":"https:\/\/w-l-c.be\/fr\/mon-oncle-damerique-est-belge\/","name":"Mon Oncle d'Am\u00e9rique est belge - w-l-c","isPartOf":{"@id":"https:\/\/w-l-c.be\/fr\/#website"},"datePublished":"2013-07-18T02:14:11+00:00","dateModified":"2013-07-14T10:27:43+00:00","author":{"@id":"https:\/\/w-l-c.be\/fr\/#\/schema\/person\/4b9b1d857f0943453a38a7c2859ef756"},"breadcrumb":{"@id":"https:\/\/w-l-c.be\/fr\/mon-oncle-damerique-est-belge\/#breadcrumb"},"inLanguage":"fr-FR","potentialAction":[{"@type":"ReadAction","target":["https:\/\/w-l-c.be\/fr\/mon-oncle-damerique-est-belge\/"]}]},{"@type":"BreadcrumbList","@id":"https:\/\/w-l-c.be\/fr\/mon-oncle-damerique-est-belge\/#breadcrumb","itemListElement":[{"@type":"ListItem","position":1,"name":"Accueil","item":"https:\/\/w-l-c.be\/fr\/"},{"@type":"ListItem","position":2,"name":"Mon Oncle d&rsquo;Am\u00e9rique est belge"}]},{"@type":"WebSite","@id":"https:\/\/w-l-c.be\/fr\/#website","url":"https:\/\/w-l-c.be\/fr\/","name":"w-l-c","description":"Le cin\u00e9ma vu par les belges","potentialAction":[{"@type":"SearchAction","target":{"@type":"EntryPoint","urlTemplate":"https:\/\/w-l-c.be\/fr\/?s={search_term_string}"},"query-input":"required name=search_term_string"}],"inLanguage":"fr-FR"},{"@type":"Person","@id":"https:\/\/w-l-c.be\/fr\/#\/schema\/person\/4b9b1d857f0943453a38a7c2859ef756","name":"Philippe.Pierquin","url":"https:\/\/w-l-c.be\/fr\/author\/philippe-pierquin\/"}]}},"_links":{"self":[{"href":"https:\/\/w-l-c.be\/fr\/wp-json\/wp\/v2\/posts\/43277","targetHints":{"allow":["GET"]}}],"collection":[{"href":"https:\/\/w-l-c.be\/fr\/wp-json\/wp\/v2\/posts"}],"about":[{"href":"https:\/\/w-l-c.be\/fr\/wp-json\/wp\/v2\/types\/post"}],"author":[{"embeddable":true,"href":"https:\/\/w-l-c.be\/fr\/wp-json\/wp\/v2\/users\/7"}],"replies":[{"embeddable":true,"href":"https:\/\/w-l-c.be\/fr\/wp-json\/wp\/v2\/comments?post=43277"}],"version-history":[{"count":0,"href":"https:\/\/w-l-c.be\/fr\/wp-json\/wp\/v2\/posts\/43277\/revisions"}],"wp:featuredmedia":[{"embeddable":true,"href":"https:\/\/w-l-c.be\/fr\/wp-json\/wp\/v2\/media\/43279"}],"wp:attachment":[{"href":"https:\/\/w-l-c.be\/fr\/wp-json\/wp\/v2\/media?parent=43277"}],"wp:term":[{"taxonomy":"category","embeddable":true,"href":"https:\/\/w-l-c.be\/fr\/wp-json\/wp\/v2\/categories?post=43277"},{"taxonomy":"post_tag","embeddable":true,"href":"https:\/\/w-l-c.be\/fr\/wp-json\/wp\/v2\/tags?post=43277"}],"curies":[{"name":"wp","href":"https:\/\/api.w.org\/{rel}","templated":true}]}}