
{"id":43403,"date":"2013-08-01T05:27:16","date_gmt":"2013-08-01T03:27:16","guid":{"rendered":"http:\/\/www.cinevox.be\/?p=43403"},"modified":"2014-01-09T22:03:20","modified_gmt":"2014-01-09T21:03:20","slug":"dieu-est-parmi-nous","status":"publish","type":"post","link":"https:\/\/w-l-c.be\/fr\/dieu-est-parmi-nous\/","title":{"rendered":"Dieu est parmi nous, il s\u2019appelle Jaco"},"content":{"rendered":"<p><b style=\"font-size: 16px;\">Jaco Van Dormael<\/b><span style=\"font-size: 16px;\"> a de la suite dans les id\u00e9es\u2026 m\u00eame si parfois ses id\u00e9es mettent du temps \u00e0 se concr\u00e9tiser. Lors de la conf\u00e9rence de pr\u00e9sentation des tout premiers Magritte du cin\u00e9ma, en 2010 donc, il nous avait expliqu\u00e9 en apart\u00e9 qu&rsquo;il pr\u00e9voyait de tourner tr\u00e8s vite une petite com\u00e9die fantastique.<br \/>\n<!--more--><\/span><\/p>\n<p>&nbsp;<\/p>\n<p>&nbsp;<\/p>\n<p>&nbsp;<\/p>\n<p>Il s&rsquo;agirait d&rsquo;un exercice fa\u00e7on commando pour un film en noir et blanc avec une \u00e9quipe r\u00e9duite. Une mani\u00e8re tr\u00e8s libre de revenir sereinement aux affaires apr\u00e8s l&rsquo;\u00e9chec commercial de son chef d&rsquo;\u0153uvre, <i>Mister Nobody. <\/i>\u00c0 ce moment, Jaco ignorait encore qu&rsquo;il allait amasser quelques mois plus tard la bagatelle de six Magritte du cin\u00e9ma, parmi lesquels les plus prestigieux: meilleur film, meilleur r\u00e9alisateur, meilleure photo, etc.<\/p>\n<p>&nbsp;<\/p>\n<p><a href=\"http:\/\/www.cinevox.be\/dieu-est-parmi-nous\/film-title-mr-nobody\/\" rel=\"attachment wp-att-43404\"><img loading=\"lazy\" decoding=\"async\" class=\"aligncenter size-large wp-image-43404\" alt=\"\" src=\"http:\/\/www.cinevox.be\/wp-content\/uploads\/2013\/07\/nob-2-800x533.jpg\" width=\"640\" height=\"426\" srcset=\"https:\/\/w-l-c.be\/wp-content\/uploads\/2013\/07\/nob-2-800x533.jpg 800w, https:\/\/w-l-c.be\/wp-content\/uploads\/2013\/07\/nob-2-405x270.jpg 405w, https:\/\/w-l-c.be\/wp-content\/uploads\/2013\/07\/nob-2.jpg 1500w\" sizes=\"auto, (max-width: 640px) 100vw, 640px\" \/><\/a><\/p>\n<p>&nbsp;<\/p>\n<p>Cette ann\u00e9e-l\u00e0, le ph\u00e9nom\u00e8ne <i>Mr Nobody<\/i> \u00e9clipsa des \u0153uvres pourtant de tout premier plan comme <i>Ill\u00e9gal, \u00c9l\u00e8ve Libre<\/i> et <i>Les Barons<\/i> qui, heureusement, r\u00e9colt\u00e8rent aussi quelques statuettes bien m\u00e9rit\u00e9es.<\/p>\n<p>&nbsp;<\/p>\n<p><a href=\"http:\/\/www.cinevox.be\/dieu-est-parmi-nous\/kc-2\/\" rel=\"attachment wp-att-43406\"><img loading=\"lazy\" decoding=\"async\" class=\"aligncenter size-large wp-image-43406\" alt=\"\" src=\"http:\/\/www.cinevox.be\/wp-content\/uploads\/2013\/07\/kc-2-800x514.jpg\" width=\"640\" height=\"411\" srcset=\"https:\/\/w-l-c.be\/wp-content\/uploads\/2013\/07\/kc-2-800x514.jpg 800w, https:\/\/w-l-c.be\/wp-content\/uploads\/2013\/07\/kc-2-420x270.jpg 420w, https:\/\/w-l-c.be\/wp-content\/uploads\/2013\/07\/kc-2.jpg 1400w\" sizes=\"auto, (max-width: 640px) 100vw, 640px\" \/><\/a><\/p>\n<p>&nbsp;<\/p>\n<p>Depuis ce triomphe, Jaco van Dormael n&rsquo;a pas vraiment pris une pause-carri\u00e8re, mais il a emprunt\u00e9 des chemins de traverse qui l&rsquo;ont men\u00e9 au succ\u00e8s international de Kiss&amp;Cry, le spectacle qu&rsquo;il a con\u00e7u avec sa compagne, la chor\u00e9graphe Mich\u00e8le Anne De Mey et quelques complices comme Thomas Gunzig sur des musiques de Haendel, Ligeti, Gorecki, Vivaldi, Gershwin ou John Cage (voir la bande-annonce <a href=\"http:\/\/www.cinevox.be\/kiss-and-cry\">ici<\/a>)<\/p>\n<p>&nbsp;<\/p>\n<p>\u00c0 l&rsquo;\u00e9poque, Jaco nous avait dit que son prochain film s&rsquo;appellerait <i>Dieu existe, il habite \u00e0 Bruxelles<\/i>. Le titre a chang\u00e9, mais le projet qu&rsquo;il a r\u00e9cemment annonc\u00e9 pour un tournage au d\u00e9but de l&rsquo;\u00e9t\u00e9 prochain sera bien celui qu&rsquo;il avait d\u00e9j\u00e0 en t\u00eate il y a trois ans et demi.<\/p>\n<p>&nbsp;<\/p>\n<p><i>Le Tout Nouveau Testament<\/i>\u00a0(nouveau titre provisoirement officiel) sera produit par Climax Films.<\/p>\n<p>Au d\u00e9part, Daniel Auteuil \u00a0devait jouer le r\u00f4le principal de cette com\u00e9die fantastique, soit\u2026 Dieu le P\u00e8re, en chair et en os. Il serait finalement remplac\u00e9 par Benoit Poelvoorde. Vous admettrez que c&rsquo;est le genre de personnage qui ne se refuse pas. M\u00eame si le Tout Puissant est ici aux prises avec sa propre fille. Et qu&rsquo;il n&rsquo;a pas toujours \u00e9t\u00e9 tr\u00e8s sympa avec elle&#8230;<\/p>\n<p>&nbsp;<\/p>\n<p><a href=\"http:\/\/www.cinevox.be\/dieu-est-parmi-nous\/huitieme-jour-1996-03-g-2\/\" rel=\"attachment wp-att-43407\"><img loading=\"lazy\" decoding=\"async\" class=\"aligncenter size-large wp-image-43407\" alt=\"\" src=\"http:\/\/www.cinevox.be\/wp-content\/uploads\/2013\/07\/huitieme-jour-1996-03-g-800x521.jpg\" width=\"640\" height=\"416\" srcset=\"https:\/\/w-l-c.be\/wp-content\/uploads\/2013\/07\/huitieme-jour-1996-03-g-800x521.jpg 800w, https:\/\/w-l-c.be\/wp-content\/uploads\/2013\/07\/huitieme-jour-1996-03-g-414x270.jpg 414w, https:\/\/w-l-c.be\/wp-content\/uploads\/2013\/07\/huitieme-jour-1996-03-g.jpg 1200w\" sizes=\"auto, (max-width: 640px) 100vw, 640px\" \/><\/a><\/p>\n<p>&nbsp;<\/p>\n<p>Tourn\u00e9 en d\u00e9cors et en lumi\u00e8res naturelles, le film semble bien avoir pourtant le profil d&rsquo;une \u0153uvre cannoise. On se rappellera non sans une certaine nostalgie que la premi\u00e8re collaboration entre Jaco et Daniel Auteuil, Le fameux <em>Huiti\u00e8me Jour,<\/em> \u00a0avait valu \u00e0 l&rsquo;acteur et \u00e0 son comparse Pascal Duquenne un double prix d&rsquo;interpr\u00e9tation en 1996. Tous les atouts sont ici r\u00e9unis, r\u00e9f\u00e9rence biblique comprise.<\/p>\n<p>Un premier\u00a0 pr\u00e9tendant pour la cuv\u00e9e 2015 du festival?<\/p>\n","protected":false},"excerpt":{"rendered":"<p>Jaco Van Dormael a de la suite dans les id\u00e9es\u2026 m\u00eame si parfois ses id\u00e9es mettent du temps \u00e0 se concr\u00e9tiser. Lors de la conf\u00e9rence de pr\u00e9sentation des tout premiers Magritte du cin\u00e9ma, en 2010 donc, il nous avait expliqu\u00e9 en apart\u00e9 qu&rsquo;il pr\u00e9voyait de tourner tr\u00e8s vite une petite com\u00e9die fantastique.<\/p>\n","protected":false},"author":7,"featured_media":43410,"comment_status":"closed","ping_status":"closed","sticky":false,"template":"","format":"standard","meta":{"ngg_post_thumbnail":0,"footnotes":""},"categories":[1923,7],"tags":[],"class_list":["post-43403","post","type-post","status-publish","format-standard","has-post-thumbnail","","category-en-bref","category-actualites"],"yoast_head":"<!-- This site is optimized with the Yoast SEO plugin v20.4 - https:\/\/yoast.com\/wordpress\/plugins\/seo\/ -->\n<title>Dieu est parmi nous, il s\u2019appelle Jaco - w-l-c<\/title>\n<meta name=\"robots\" content=\"noindex, follow, max-snippet:-1, max-image-preview:large, max-video-preview:-1\" \/>\n<meta property=\"og:locale\" content=\"fr_FR\" \/>\n<meta property=\"og:type\" content=\"article\" \/>\n<meta property=\"og:title\" content=\"Dieu est parmi nous, il s\u2019appelle Jaco - w-l-c\" \/>\n<meta property=\"og:description\" content=\"Jaco Van Dormael a de la suite dans les id\u00e9es\u2026 m\u00eame si parfois ses id\u00e9es mettent du temps \u00e0 se concr\u00e9tiser. Lors de la conf\u00e9rence de pr\u00e9sentation des tout premiers Magritte du cin\u00e9ma, en 2010 donc, il nous avait expliqu\u00e9 en apart\u00e9 qu&rsquo;il pr\u00e9voyait de tourner tr\u00e8s vite une petite com\u00e9die fantastique.\" \/>\n<meta property=\"og:url\" content=\"https:\/\/w-l-c.be\/fr\/dieu-est-parmi-nous\/\" \/>\n<meta property=\"og:site_name\" content=\"w-l-c\" \/>\n<meta property=\"article:published_time\" content=\"2013-08-01T03:27:16+00:00\" \/>\n<meta property=\"article:modified_time\" content=\"2014-01-09T21:03:20+00:00\" \/>\n<meta property=\"og:image\" content=\"https:\/\/w-l-c.be\/wp-content\/uploads\/2013\/08\/IMG_4010.jpg\" \/>\n\t<meta property=\"og:image:width\" content=\"5184\" \/>\n\t<meta property=\"og:image:height\" content=\"3456\" \/>\n\t<meta property=\"og:image:type\" content=\"image\/jpeg\" \/>\n<meta name=\"author\" content=\"Philippe.Pierquin\" \/>\n<meta name=\"twitter:card\" content=\"summary_large_image\" \/>\n<meta name=\"twitter:label1\" content=\"\u00c9crit par\" \/>\n\t<meta name=\"twitter:data1\" content=\"Philippe.Pierquin\" \/>\n\t<meta name=\"twitter:label2\" content=\"Dur\u00e9e de lecture estim\u00e9e\" \/>\n\t<meta name=\"twitter:data2\" content=\"2 minutes\" \/>\n<script type=\"application\/ld+json\" class=\"yoast-schema-graph\">{\"@context\":\"https:\/\/schema.org\",\"@graph\":[{\"@type\":\"WebPage\",\"@id\":\"https:\/\/w-l-c.be\/fr\/dieu-est-parmi-nous\/\",\"url\":\"https:\/\/w-l-c.be\/fr\/dieu-est-parmi-nous\/\",\"name\":\"Dieu est parmi nous, il s\u2019appelle Jaco - w-l-c\",\"isPartOf\":{\"@id\":\"https:\/\/w-l-c.be\/fr\/#website\"},\"datePublished\":\"2013-08-01T03:27:16+00:00\",\"dateModified\":\"2014-01-09T21:03:20+00:00\",\"author\":{\"@id\":\"https:\/\/w-l-c.be\/fr\/#\/schema\/person\/4b9b1d857f0943453a38a7c2859ef756\"},\"breadcrumb\":{\"@id\":\"https:\/\/w-l-c.be\/fr\/dieu-est-parmi-nous\/#breadcrumb\"},\"inLanguage\":\"fr-FR\",\"potentialAction\":[{\"@type\":\"ReadAction\",\"target\":[\"https:\/\/w-l-c.be\/fr\/dieu-est-parmi-nous\/\"]}]},{\"@type\":\"BreadcrumbList\",\"@id\":\"https:\/\/w-l-c.be\/fr\/dieu-est-parmi-nous\/#breadcrumb\",\"itemListElement\":[{\"@type\":\"ListItem\",\"position\":1,\"name\":\"Accueil\",\"item\":\"https:\/\/w-l-c.be\/fr\/\"},{\"@type\":\"ListItem\",\"position\":2,\"name\":\"Dieu est parmi nous, il s\u2019appelle Jaco\"}]},{\"@type\":\"WebSite\",\"@id\":\"https:\/\/w-l-c.be\/fr\/#website\",\"url\":\"https:\/\/w-l-c.be\/fr\/\",\"name\":\"w-l-c\",\"description\":\"Le cin\u00e9ma vu par les belges\",\"potentialAction\":[{\"@type\":\"SearchAction\",\"target\":{\"@type\":\"EntryPoint\",\"urlTemplate\":\"https:\/\/w-l-c.be\/fr\/?s={search_term_string}\"},\"query-input\":\"required name=search_term_string\"}],\"inLanguage\":\"fr-FR\"},{\"@type\":\"Person\",\"@id\":\"https:\/\/w-l-c.be\/fr\/#\/schema\/person\/4b9b1d857f0943453a38a7c2859ef756\",\"name\":\"Philippe.Pierquin\",\"url\":\"https:\/\/w-l-c.be\/fr\/author\/philippe-pierquin\/\"}]}<\/script>\n<!-- \/ Yoast SEO plugin. -->","yoast_head_json":{"title":"Dieu est parmi nous, il s\u2019appelle Jaco - w-l-c","robots":{"index":"noindex","follow":"follow","max-snippet":"max-snippet:-1","max-image-preview":"max-image-preview:large","max-video-preview":"max-video-preview:-1"},"og_locale":"fr_FR","og_type":"article","og_title":"Dieu est parmi nous, il s\u2019appelle Jaco - w-l-c","og_description":"Jaco Van Dormael a de la suite dans les id\u00e9es\u2026 m\u00eame si parfois ses id\u00e9es mettent du temps \u00e0 se concr\u00e9tiser. Lors de la conf\u00e9rence de pr\u00e9sentation des tout premiers Magritte du cin\u00e9ma, en 2010 donc, il nous avait expliqu\u00e9 en apart\u00e9 qu&rsquo;il pr\u00e9voyait de tourner tr\u00e8s vite une petite com\u00e9die fantastique.","og_url":"https:\/\/w-l-c.be\/fr\/dieu-est-parmi-nous\/","og_site_name":"w-l-c","article_published_time":"2013-08-01T03:27:16+00:00","article_modified_time":"2014-01-09T21:03:20+00:00","og_image":[{"width":5184,"height":3456,"url":"https:\/\/w-l-c.be\/wp-content\/uploads\/2013\/08\/IMG_4010.jpg","type":"image\/jpeg"}],"author":"Philippe.Pierquin","twitter_card":"summary_large_image","twitter_misc":{"\u00c9crit par":"Philippe.Pierquin","Dur\u00e9e de lecture estim\u00e9e":"2 minutes"},"schema":{"@context":"https:\/\/schema.org","@graph":[{"@type":"WebPage","@id":"https:\/\/w-l-c.be\/fr\/dieu-est-parmi-nous\/","url":"https:\/\/w-l-c.be\/fr\/dieu-est-parmi-nous\/","name":"Dieu est parmi nous, il s\u2019appelle Jaco - w-l-c","isPartOf":{"@id":"https:\/\/w-l-c.be\/fr\/#website"},"datePublished":"2013-08-01T03:27:16+00:00","dateModified":"2014-01-09T21:03:20+00:00","author":{"@id":"https:\/\/w-l-c.be\/fr\/#\/schema\/person\/4b9b1d857f0943453a38a7c2859ef756"},"breadcrumb":{"@id":"https:\/\/w-l-c.be\/fr\/dieu-est-parmi-nous\/#breadcrumb"},"inLanguage":"fr-FR","potentialAction":[{"@type":"ReadAction","target":["https:\/\/w-l-c.be\/fr\/dieu-est-parmi-nous\/"]}]},{"@type":"BreadcrumbList","@id":"https:\/\/w-l-c.be\/fr\/dieu-est-parmi-nous\/#breadcrumb","itemListElement":[{"@type":"ListItem","position":1,"name":"Accueil","item":"https:\/\/w-l-c.be\/fr\/"},{"@type":"ListItem","position":2,"name":"Dieu est parmi nous, il s\u2019appelle Jaco"}]},{"@type":"WebSite","@id":"https:\/\/w-l-c.be\/fr\/#website","url":"https:\/\/w-l-c.be\/fr\/","name":"w-l-c","description":"Le cin\u00e9ma vu par les belges","potentialAction":[{"@type":"SearchAction","target":{"@type":"EntryPoint","urlTemplate":"https:\/\/w-l-c.be\/fr\/?s={search_term_string}"},"query-input":"required name=search_term_string"}],"inLanguage":"fr-FR"},{"@type":"Person","@id":"https:\/\/w-l-c.be\/fr\/#\/schema\/person\/4b9b1d857f0943453a38a7c2859ef756","name":"Philippe.Pierquin","url":"https:\/\/w-l-c.be\/fr\/author\/philippe-pierquin\/"}]}},"_links":{"self":[{"href":"https:\/\/w-l-c.be\/fr\/wp-json\/wp\/v2\/posts\/43403","targetHints":{"allow":["GET"]}}],"collection":[{"href":"https:\/\/w-l-c.be\/fr\/wp-json\/wp\/v2\/posts"}],"about":[{"href":"https:\/\/w-l-c.be\/fr\/wp-json\/wp\/v2\/types\/post"}],"author":[{"embeddable":true,"href":"https:\/\/w-l-c.be\/fr\/wp-json\/wp\/v2\/users\/7"}],"replies":[{"embeddable":true,"href":"https:\/\/w-l-c.be\/fr\/wp-json\/wp\/v2\/comments?post=43403"}],"version-history":[{"count":0,"href":"https:\/\/w-l-c.be\/fr\/wp-json\/wp\/v2\/posts\/43403\/revisions"}],"wp:featuredmedia":[{"embeddable":true,"href":"https:\/\/w-l-c.be\/fr\/wp-json\/wp\/v2\/media\/43410"}],"wp:attachment":[{"href":"https:\/\/w-l-c.be\/fr\/wp-json\/wp\/v2\/media?parent=43403"}],"wp:term":[{"taxonomy":"category","embeddable":true,"href":"https:\/\/w-l-c.be\/fr\/wp-json\/wp\/v2\/categories?post=43403"},{"taxonomy":"post_tag","embeddable":true,"href":"https:\/\/w-l-c.be\/fr\/wp-json\/wp\/v2\/tags?post=43403"}],"curies":[{"name":"wp","href":"https:\/\/api.w.org\/{rel}","templated":true}]}}