
{"id":43420,"date":"2013-08-15T05:30:20","date_gmt":"2013-08-15T03:30:20","guid":{"rendered":"http:\/\/www.cinevox.be\/?p=43420"},"modified":"2014-10-11T20:15:19","modified_gmt":"2014-10-11T18:15:19","slug":"le-gout-des-myrtilles-a-lautomne","status":"publish","type":"post","link":"https:\/\/w-l-c.be\/fr\/le-gout-des-myrtilles-a-lautomne\/","title":{"rendered":"Le Go\u00fbt des Myrtilles \u00e0 l\u2019automne?"},"content":{"rendered":"<p>Ils sont partis go\u00fbter le <i>Go\u00fbt des Myrtilles<\/i> Les reverra-t-on? Oui, tr\u00e8s bient\u00f4t&#8230;<\/p>\n<p>Alors qu\u2019il pr\u00e9pare d\u00e9j\u00e0 son prochain film, une \u0153uvre \u00e9trange et d\u00e9cal\u00e9e qui promet de nous remuer les tripes, <b>Thomas de Thier<\/b> s\u2019appr\u00eate \u00e0 accompagner la sortie de son deuxi\u00e8me long m\u00e9trage dans lequel il a dirig\u00e9 un couple d\u2019exception : <b>Natacha Parry <\/b>et <b>Michel Piccoli. <\/b>Couple \u00e0 l\u2019\u00e9cran,<b> <\/b>au bout du voyage.<!--more--><\/p>\n<p>&nbsp;<\/p>\n<p>&nbsp;<\/p>\n<p><i>Jeanne et Michel, un couple d\u2019octog\u00e9naires unis m\u00e8nent une vie de plus en plus r\u00e9gl\u00e9e. \u00c0 partir d\u2019un certain \u00e2ge, les jours commencent \u00e0 \u00eatre tous semblables. Mais ce trois ao\u00fbt, pourtant, ne ressemble(ra) \u00e0 aucune autre journ\u00e9e.\u00a0 Jeanne s\u2019est lev\u00e9e au chant du merle pour pr\u00e9parer un pique-nique. Michel charge le coffre de la voiture. Bient\u00f4t, ils d\u00e9marrent pour une destination inconnue.\u00a0 <\/i><\/p>\n<p><i>Sur une aire d\u2019autoroute, ils manquent d\u2019\u00e9craser un enfant qui a \u00e9chapp\u00e9 \u00e0 la vigilance de ses parents. Un peu plus tard, ils \u00e9garent les cl\u00e9s du v\u00e9hicule. Alors, sans explication, ils abandonnent l\u2019auto et s\u2019enfoncent dans les bois. <\/i><\/p>\n<p><i>Au cours d\u2019une halte, Jeanne s\u2019endort. \u00c0 son r\u00e9veil, le soleil est d\u00e9j\u00e0 bas dans le ciel et son mari a disparu. L\u2019obscurit\u00e9 gagne peu \u00e0 peu la for\u00eat. Des lucioles traversent la nuit en \u00e9mettant des signaux lumineux. <\/i><\/p>\n<p>&nbsp;<\/p>\n<p><a href=\"http:\/\/www.cinevox.be\/le-gout-des-myrtilles-a-lautomne\/thomas_de_thier001\/\" rel=\"attachment wp-att-43421\"><img loading=\"lazy\" decoding=\"async\" class=\"alignright size-large wp-image-43421\" src=\"http:\/\/www.cinevox.be\/wp-content\/uploads\/2013\/07\/thomas_de_thier001-400x600.jpg\" alt=\"\" width=\"400\" height=\"600\" srcset=\"https:\/\/w-l-c.be\/wp-content\/uploads\/2013\/07\/thomas_de_thier001-400x600.jpg 400w, https:\/\/w-l-c.be\/wp-content\/uploads\/2013\/07\/thomas_de_thier001-180x270.jpg 180w, https:\/\/w-l-c.be\/wp-content\/uploads\/2013\/07\/thomas_de_thier001.jpg 427w\" sizes=\"auto, (max-width: 400px) 100vw, 400px\" \/><\/a>Le premier film de <b>Thomas de Thier<\/b> (photo ci-contre), <i>Des Plumes dans la t\u00eate<\/i> fut retenu \u00e0 la Quinzaine des R\u00e9alisateurs cannoise. C\u2019\u00e9tait en\u2026 2003 et ce drame aux lisi\u00e8res du fantastique o\u00f9, pour fuir le deuil de son fils, une m\u00e8re basculait progressivement dans la folie r\u00e9unissait Sophie Museur, Francis Renaud, Ulysse de Swaef, Colette Emmanuelle et\u2026 Bouli Lanners. \u00a0Une premi\u00e8re incursion marquante et r\u00e9ussie dans le domaine du long m\u00e9trage pour ce r\u00e9alisateur exigeant.<\/p>\n<p>&nbsp;<\/p>\n<p>Et ensuite? Dix ans de silence? Pas vraiment\u2026<\/p>\n<p>&nbsp;<\/p>\n<p>Le cin\u00e9aste a, en fait, commenc\u00e9 sa carri\u00e8re par un premier documentaire <i>Je suis votre voisin<\/i>, puis a encha\u00een\u00e9 avec deux courts m\u00e9trages de fiction. Il a aussi r\u00e9alis\u00e9 une trilogie documentaire qui l\u2019a conduit dans la jungle indon\u00e9sienne, le d\u00e9sert marocain, les for\u00eats canadiennes.<\/p>\n<p>Pas question de ch\u00f4mer : tourner, tourner encore, c\u2019est ce qu\u2019il aime par-dessus tout.<\/p>\n<p>&nbsp;<\/p>\n<p>Pour ce deuxi\u00e8me long, \u00e9trange et po\u00e9tique, au sc\u00e9nario finement cisel\u00e9 et \u00e0 la r\u00e9alisation envo\u00fbtante (nous a-t-on dit, car nous n\u2019avons pas encore vu le film), Thomas a donc r\u00e9uni un magnifique duo : <b>Michel Piccoli<\/b> et <b>Natacha Parry.<\/b><\/p>\n<p>&nbsp;<\/p>\n<p><a href=\"http:\/\/www.cinevox.be\/le-gout-des-myrtilles-a-lautomne\/img_0455-2\/\" rel=\"attachment wp-att-43425\"><img loading=\"lazy\" decoding=\"async\" class=\"aligncenter size-full wp-image-43425\" src=\"http:\/\/www.cinevox.be\/wp-content\/uploads\/2013\/07\/IMG_04551.jpeg\" alt=\"\" width=\"640\" height=\"261\" srcset=\"https:\/\/w-l-c.be\/wp-content\/uploads\/2013\/07\/IMG_04551.jpeg 640w, https:\/\/w-l-c.be\/wp-content\/uploads\/2013\/07\/IMG_04551-480x195.jpeg 480w\" sizes=\"auto, (max-width: 640px) 100vw, 640px\" \/><\/a><\/p>\n<p>&nbsp;<\/p>\n<p>Au cr\u00e9puscule d\u2019une incroyable carri\u00e8re, le premier a d\u00e9cid\u00e9 de moins travailler et de se consacrer exclusivement \u00e0 des projets qui lui semblent exceptionnels. M\u00eame si ce sont des exp\u00e9riences confidentielles, il les choisit avec un soin maniaque, selon ses go\u00fbts profonds et ses ambitions. De temps en temps, on le voit dans une production plus opulente, et le succ\u00e8s d\u2019<i>Habemus Papam <\/i>o\u00f9 il est tout simplement grandiose a redonn\u00e9 \u00e0 son box-office un certain tonus. Mais le profil financier du projet ne l\u2019int\u00e9resse plus. Il veut surtout contribuer \u00e0 des \u0153uvres marquantes et fortes.<\/p>\n<p>&nbsp;<\/p>\n<p style=\"text-align: center;\"><a href=\"http:\/\/www.cinevox.be\/le-gout-des-myrtilles-a-lautomne\/the-bitter\/\" rel=\"attachment wp-att-43423\"><img loading=\"lazy\" decoding=\"async\" class=\" wp-image-43423 aligncenter\" src=\"http:\/\/www.cinevox.be\/wp-content\/uploads\/2013\/07\/the-bitter-760x600.jpg\" alt=\"\" width=\"620\" height=\"495\" \/><\/a><\/p>\n<p style=\"text-align: right;\"><em>Natasha Parry et Tony Britton, en 1959 dans \u00ab\u00a0The Bitter et le sucr\u00e9\u00a0\u00bb<\/em><\/p>\n<p>&nbsp;<\/p>\n<p>N\u00e9e le 2 d\u00e9cembre 1930 \u00e0 Londres, Natasha Parry est la fille du r\u00e9alisateur britannique Gordon Parry. C\u2019est en 1942, que cette enfant entame sa vie d\u2019artiste au th\u00e9\u00e2tre et se fait remarquer par John Gielguld. On l\u2019a vue au cin\u00e9ma, mais de fa\u00e7on assez sporadique, et principalement dans les ann\u00e9es 50\/60. Dans la grande tradition anglaise, c\u2019est sur les planches qu\u2019elle a men\u00e9 l\u2019essentiel de sa glorieuse carri\u00e8re : elle a bien s\u00fbr \u00e9norm\u00e9ment jou\u00e9 en Angleterre, mais aussi en France, aux \u00c9tats-Unis, en Afrique, en Australie et dans plusieurs autres pays du Commonwealth.<\/p>\n<p>&nbsp;<\/p>\n<p style=\"text-align: center;\"><a href=\"http:\/\/www.cinevox.be\/le-gout-des-myrtilles-a-lautomne\/cersieraie\/\" rel=\"attachment wp-att-43422\"><img loading=\"lazy\" decoding=\"async\" class=\" wp-image-43422 aligncenter\" src=\"http:\/\/www.cinevox.be\/wp-content\/uploads\/2013\/07\/cersieraie.jpg\" alt=\"\" width=\"620\" height=\"468\" srcset=\"https:\/\/w-l-c.be\/wp-content\/uploads\/2013\/07\/cersieraie-359x270.jpg 359w, https:\/\/w-l-c.be\/wp-content\/uploads\/2013\/07\/cersieraie-300x225.jpg 300w\" sizes=\"auto, (max-width: 620px) 100vw, 620px\" \/><\/a><\/p>\n<p>&nbsp;<\/p>\n<p>&nbsp;<\/p>\n<p>Les deux acteurs se connaissent. On les a notamment vus ensemble en 1981 dans une adaptation de la <em>Cerisaie<\/em> de Tchekhov sous la houlette de Peter Brook (photo)<\/p>\n<p>&nbsp;<\/p>\n<p>La r\u00e9union de ces deux monstres sacr\u00e9s sous la houlette d\u2019un quadra plein d\u2019allant peut para\u00eetre surprenante, mais Thomas de Thier est un artiste qui est en passe de s\u2019inscrire dans la marge dor\u00e9e du cin\u00e9ma belge. Atypique, mais ambitieux, port\u00e9 par une volont\u00e9 de proposer \u00ab\u00a0autre chose\u00a0\u00bb [il a \u00e9t\u00e9 vir\u00e9 de l\u2019IAD pour manque de dispositions ;-)], il a donc d\u00e9j\u00e0 termin\u00e9 d\u2019\u00e9crire son prochain sc\u00e9nario, \u00e9trange et hypnotique qui est une autre m\u00e9taphore d\u00e9routante de la fin d\u2019un monde; une th\u00e9matique qui semble lui \u00eatre ch\u00e8re.<\/p>\n<p>Et qui n\u2019a pas fini de nous fasciner.<\/p>\n","protected":false},"excerpt":{"rendered":"<p>Ils sont partis go\u00fbter le Go\u00fbt des Myrtilles Les reverra-t-on? Oui, tr\u00e8s bient\u00f4t&#8230; Alors qu\u2019il pr\u00e9pare d\u00e9j\u00e0 son prochain film, une \u0153uvre \u00e9trange et d\u00e9cal\u00e9e qui promet de nous remuer les tripes, Thomas de Thier s\u2019appr\u00eate \u00e0 accompagner la sortie de son deuxi\u00e8me long m\u00e9trage dans lequel il a dirig\u00e9 un couple d\u2019exception : Natacha &hellip;<\/p>\n","protected":false},"author":7,"featured_media":43427,"comment_status":"closed","ping_status":"closed","sticky":false,"template":"","format":"standard","meta":{"ngg_post_thumbnail":0,"footnotes":""},"categories":[53],"tags":[],"class_list":["post-43420","post","type-post","status-publish","format-standard","has-post-thumbnail","","category-coming-soon"],"yoast_head":"<!-- This site is optimized with the Yoast SEO plugin v20.4 - https:\/\/yoast.com\/wordpress\/plugins\/seo\/ -->\n<title>Le Go\u00fbt des Myrtilles \u00e0 l\u2019automne? - w-l-c<\/title>\n<meta name=\"description\" content=\"Alors qu\u2019il pr\u00e9pare d\u00e9j\u00e0 son prochain film, une \u0153uvre \u00e9trange et d\u00e9cal\u00e9e qui promet de nous remuer les tripes, Thomas de Thier s\u2019appr\u00eate \u00e0 accompagner la sortie de son deuxi\u00e8me long m\u00e9trage (Le Go\u00fbt des Myrtilles) dans lequel il a dirig\u00e9 un couple d\u2019exception : Natacha Parry et Michel Piccoli. Couple \u00e0 l\u2019\u00e9cran, au bout du voyage.\" \/>\n<meta name=\"robots\" content=\"noindex, follow, max-snippet:-1, max-image-preview:large, max-video-preview:-1\" \/>\n<meta property=\"og:locale\" content=\"fr_FR\" \/>\n<meta property=\"og:type\" content=\"article\" \/>\n<meta property=\"og:title\" content=\"Le Go\u00fbt des Myrtilles \u00e0 l\u2019automne? - w-l-c\" \/>\n<meta property=\"og:description\" content=\"Alors qu\u2019il pr\u00e9pare d\u00e9j\u00e0 son prochain film, une \u0153uvre \u00e9trange et d\u00e9cal\u00e9e qui promet de nous remuer les tripes, Thomas de Thier s\u2019appr\u00eate \u00e0 accompagner la sortie de son deuxi\u00e8me long m\u00e9trage (Le Go\u00fbt des Myrtilles) dans lequel il a dirig\u00e9 un couple d\u2019exception : Natacha Parry et Michel Piccoli. Couple \u00e0 l\u2019\u00e9cran, au bout du voyage.\" \/>\n<meta property=\"og:url\" content=\"https:\/\/w-l-c.be\/fr\/le-gout-des-myrtilles-a-lautomne\/\" \/>\n<meta property=\"og:site_name\" content=\"w-l-c\" \/>\n<meta property=\"article:published_time\" content=\"2013-08-15T03:30:20+00:00\" \/>\n<meta property=\"article:modified_time\" content=\"2014-10-11T18:15:19+00:00\" \/>\n<meta property=\"og:image\" content=\"https:\/\/w-l-c.be\/wp-content\/uploads\/2013\/08\/myrtilles.jpg\" \/>\n\t<meta property=\"og:image:width\" content=\"714\" \/>\n\t<meta property=\"og:image:height\" content=\"282\" \/>\n\t<meta property=\"og:image:type\" content=\"image\/jpeg\" \/>\n<meta name=\"author\" content=\"Philippe.Pierquin\" \/>\n<meta name=\"twitter:card\" content=\"summary_large_image\" \/>\n<meta name=\"twitter:label1\" content=\"\u00c9crit par\" \/>\n\t<meta name=\"twitter:data1\" content=\"Philippe.Pierquin\" \/>\n\t<meta name=\"twitter:label2\" content=\"Dur\u00e9e de lecture estim\u00e9e\" \/>\n\t<meta name=\"twitter:data2\" content=\"4 minutes\" \/>\n<script type=\"application\/ld+json\" class=\"yoast-schema-graph\">{\"@context\":\"https:\/\/schema.org\",\"@graph\":[{\"@type\":\"WebPage\",\"@id\":\"https:\/\/w-l-c.be\/fr\/le-gout-des-myrtilles-a-lautomne\/\",\"url\":\"https:\/\/w-l-c.be\/fr\/le-gout-des-myrtilles-a-lautomne\/\",\"name\":\"Le Go\u00fbt des Myrtilles \u00e0 l\u2019automne? - w-l-c\",\"isPartOf\":{\"@id\":\"https:\/\/w-l-c.be\/fr\/#website\"},\"datePublished\":\"2013-08-15T03:30:20+00:00\",\"dateModified\":\"2014-10-11T18:15:19+00:00\",\"author\":{\"@id\":\"https:\/\/w-l-c.be\/fr\/#\/schema\/person\/4b9b1d857f0943453a38a7c2859ef756\"},\"description\":\"Alors qu\u2019il pr\u00e9pare d\u00e9j\u00e0 son prochain film, une \u0153uvre \u00e9trange et d\u00e9cal\u00e9e qui promet de nous remuer les tripes, Thomas de Thier s\u2019appr\u00eate \u00e0 accompagner la sortie de son deuxi\u00e8me long m\u00e9trage (Le Go\u00fbt des Myrtilles) dans lequel il a dirig\u00e9 un couple d\u2019exception : Natacha Parry et Michel Piccoli. Couple \u00e0 l\u2019\u00e9cran, au bout du voyage.\",\"breadcrumb\":{\"@id\":\"https:\/\/w-l-c.be\/fr\/le-gout-des-myrtilles-a-lautomne\/#breadcrumb\"},\"inLanguage\":\"fr-FR\",\"potentialAction\":[{\"@type\":\"ReadAction\",\"target\":[\"https:\/\/w-l-c.be\/fr\/le-gout-des-myrtilles-a-lautomne\/\"]}]},{\"@type\":\"BreadcrumbList\",\"@id\":\"https:\/\/w-l-c.be\/fr\/le-gout-des-myrtilles-a-lautomne\/#breadcrumb\",\"itemListElement\":[{\"@type\":\"ListItem\",\"position\":1,\"name\":\"Accueil\",\"item\":\"https:\/\/w-l-c.be\/fr\/\"},{\"@type\":\"ListItem\",\"position\":2,\"name\":\"Le Go\u00fbt des Myrtilles \u00e0 l\u2019automne?\"}]},{\"@type\":\"WebSite\",\"@id\":\"https:\/\/w-l-c.be\/fr\/#website\",\"url\":\"https:\/\/w-l-c.be\/fr\/\",\"name\":\"w-l-c\",\"description\":\"Le cin\u00e9ma vu par les belges\",\"potentialAction\":[{\"@type\":\"SearchAction\",\"target\":{\"@type\":\"EntryPoint\",\"urlTemplate\":\"https:\/\/w-l-c.be\/fr\/?s={search_term_string}\"},\"query-input\":\"required name=search_term_string\"}],\"inLanguage\":\"fr-FR\"},{\"@type\":\"Person\",\"@id\":\"https:\/\/w-l-c.be\/fr\/#\/schema\/person\/4b9b1d857f0943453a38a7c2859ef756\",\"name\":\"Philippe.Pierquin\",\"url\":\"https:\/\/w-l-c.be\/fr\/author\/philippe-pierquin\/\"}]}<\/script>\n<!-- \/ Yoast SEO plugin. -->","yoast_head_json":{"title":"Le Go\u00fbt des Myrtilles \u00e0 l\u2019automne? - w-l-c","description":"Alors qu\u2019il pr\u00e9pare d\u00e9j\u00e0 son prochain film, une \u0153uvre \u00e9trange et d\u00e9cal\u00e9e qui promet de nous remuer les tripes, Thomas de Thier s\u2019appr\u00eate \u00e0 accompagner la sortie de son deuxi\u00e8me long m\u00e9trage (Le Go\u00fbt des Myrtilles) dans lequel il a dirig\u00e9 un couple d\u2019exception : Natacha Parry et Michel Piccoli. Couple \u00e0 l\u2019\u00e9cran, au bout du voyage.","robots":{"index":"noindex","follow":"follow","max-snippet":"max-snippet:-1","max-image-preview":"max-image-preview:large","max-video-preview":"max-video-preview:-1"},"og_locale":"fr_FR","og_type":"article","og_title":"Le Go\u00fbt des Myrtilles \u00e0 l\u2019automne? - w-l-c","og_description":"Alors qu\u2019il pr\u00e9pare d\u00e9j\u00e0 son prochain film, une \u0153uvre \u00e9trange et d\u00e9cal\u00e9e qui promet de nous remuer les tripes, Thomas de Thier s\u2019appr\u00eate \u00e0 accompagner la sortie de son deuxi\u00e8me long m\u00e9trage (Le Go\u00fbt des Myrtilles) dans lequel il a dirig\u00e9 un couple d\u2019exception : Natacha Parry et Michel Piccoli. Couple \u00e0 l\u2019\u00e9cran, au bout du voyage.","og_url":"https:\/\/w-l-c.be\/fr\/le-gout-des-myrtilles-a-lautomne\/","og_site_name":"w-l-c","article_published_time":"2013-08-15T03:30:20+00:00","article_modified_time":"2014-10-11T18:15:19+00:00","og_image":[{"width":714,"height":282,"url":"https:\/\/w-l-c.be\/wp-content\/uploads\/2013\/08\/myrtilles.jpg","type":"image\/jpeg"}],"author":"Philippe.Pierquin","twitter_card":"summary_large_image","twitter_misc":{"\u00c9crit par":"Philippe.Pierquin","Dur\u00e9e de lecture estim\u00e9e":"4 minutes"},"schema":{"@context":"https:\/\/schema.org","@graph":[{"@type":"WebPage","@id":"https:\/\/w-l-c.be\/fr\/le-gout-des-myrtilles-a-lautomne\/","url":"https:\/\/w-l-c.be\/fr\/le-gout-des-myrtilles-a-lautomne\/","name":"Le Go\u00fbt des Myrtilles \u00e0 l\u2019automne? - w-l-c","isPartOf":{"@id":"https:\/\/w-l-c.be\/fr\/#website"},"datePublished":"2013-08-15T03:30:20+00:00","dateModified":"2014-10-11T18:15:19+00:00","author":{"@id":"https:\/\/w-l-c.be\/fr\/#\/schema\/person\/4b9b1d857f0943453a38a7c2859ef756"},"description":"Alors qu\u2019il pr\u00e9pare d\u00e9j\u00e0 son prochain film, une \u0153uvre \u00e9trange et d\u00e9cal\u00e9e qui promet de nous remuer les tripes, Thomas de Thier s\u2019appr\u00eate \u00e0 accompagner la sortie de son deuxi\u00e8me long m\u00e9trage (Le Go\u00fbt des Myrtilles) dans lequel il a dirig\u00e9 un couple d\u2019exception : Natacha Parry et Michel Piccoli. Couple \u00e0 l\u2019\u00e9cran, au bout du voyage.","breadcrumb":{"@id":"https:\/\/w-l-c.be\/fr\/le-gout-des-myrtilles-a-lautomne\/#breadcrumb"},"inLanguage":"fr-FR","potentialAction":[{"@type":"ReadAction","target":["https:\/\/w-l-c.be\/fr\/le-gout-des-myrtilles-a-lautomne\/"]}]},{"@type":"BreadcrumbList","@id":"https:\/\/w-l-c.be\/fr\/le-gout-des-myrtilles-a-lautomne\/#breadcrumb","itemListElement":[{"@type":"ListItem","position":1,"name":"Accueil","item":"https:\/\/w-l-c.be\/fr\/"},{"@type":"ListItem","position":2,"name":"Le Go\u00fbt des Myrtilles \u00e0 l\u2019automne?"}]},{"@type":"WebSite","@id":"https:\/\/w-l-c.be\/fr\/#website","url":"https:\/\/w-l-c.be\/fr\/","name":"w-l-c","description":"Le cin\u00e9ma vu par les belges","potentialAction":[{"@type":"SearchAction","target":{"@type":"EntryPoint","urlTemplate":"https:\/\/w-l-c.be\/fr\/?s={search_term_string}"},"query-input":"required name=search_term_string"}],"inLanguage":"fr-FR"},{"@type":"Person","@id":"https:\/\/w-l-c.be\/fr\/#\/schema\/person\/4b9b1d857f0943453a38a7c2859ef756","name":"Philippe.Pierquin","url":"https:\/\/w-l-c.be\/fr\/author\/philippe-pierquin\/"}]}},"_links":{"self":[{"href":"https:\/\/w-l-c.be\/fr\/wp-json\/wp\/v2\/posts\/43420","targetHints":{"allow":["GET"]}}],"collection":[{"href":"https:\/\/w-l-c.be\/fr\/wp-json\/wp\/v2\/posts"}],"about":[{"href":"https:\/\/w-l-c.be\/fr\/wp-json\/wp\/v2\/types\/post"}],"author":[{"embeddable":true,"href":"https:\/\/w-l-c.be\/fr\/wp-json\/wp\/v2\/users\/7"}],"replies":[{"embeddable":true,"href":"https:\/\/w-l-c.be\/fr\/wp-json\/wp\/v2\/comments?post=43420"}],"version-history":[{"count":0,"href":"https:\/\/w-l-c.be\/fr\/wp-json\/wp\/v2\/posts\/43420\/revisions"}],"wp:featuredmedia":[{"embeddable":true,"href":"https:\/\/w-l-c.be\/fr\/wp-json\/wp\/v2\/media\/43427"}],"wp:attachment":[{"href":"https:\/\/w-l-c.be\/fr\/wp-json\/wp\/v2\/media?parent=43420"}],"wp:term":[{"taxonomy":"category","embeddable":true,"href":"https:\/\/w-l-c.be\/fr\/wp-json\/wp\/v2\/categories?post=43420"},{"taxonomy":"post_tag","embeddable":true,"href":"https:\/\/w-l-c.be\/fr\/wp-json\/wp\/v2\/tags?post=43420"}],"curies":[{"name":"wp","href":"https:\/\/api.w.org\/{rel}","templated":true}]}}