
{"id":44297,"date":"2013-08-22T09:53:58","date_gmt":"2013-08-22T07:53:58","guid":{"rendered":"http:\/\/www.cinevox.be\/?p=44297"},"modified":"2013-08-22T10:22:15","modified_gmt":"2013-08-22T08:22:15","slug":"en-tournage-tous-les-chats-sont-gris-la-nuit","status":"publish","type":"post","link":"https:\/\/w-l-c.be\/fr\/en-tournage-tous-les-chats-sont-gris-la-nuit\/","title":{"rendered":"En tournage : Tous les chats sont gris (la nuit)"},"content":{"rendered":"<p>Chaque ann\u00e9e, en Belgique, on monte une vingtaine de films en production majoritaire. Environ sept ou huit en Flandre. Le reste dans la partie francophone du pays.<\/p>\n<p>Par \u00ab\u00a0films majoritaires\u00a0\u00bb, on entend un film dont l\u2019essentiel du financement est assur\u00e9 par la Belgique via une maison de production belge. Dans presque tous les cas, ces films reposent donc sur des montages structurels plus ou moins complexes avec des partenaires internationaux, souvent fran\u00e7ais, luxembourgeois, allemands ; ou hollandais pour les films en flamand.<\/p>\n<p>Qu\u2019un long m\u00e9trage soit port\u00e9 par une soci\u00e9t\u00e9 belge sans aucun apport ext\u00e9rieur est une vraie raret\u00e9. Excitante.<!--more--><\/p>\n<p>&nbsp;<\/p>\n<p>Un risque ? Calcul\u00e9 ! Partir sur l\u2019aventure d\u2019un long m\u00e9trage en solo implique naturellement de revoir ses budgets \u00e0 la baisse, mais ouvre aussi de nouvelles perspectives et offre \u00e0 l\u2019\u00e9quipe une libert\u00e9 unique : pas de concessions territoriales au niveau du casting, de l\u2019\u00e9quipe technique ou des lieux de tournages; libert\u00e9 artistique plus grande pour le r\u00e9alisateur qui traite avec un seul producteur g\u00e9n\u00e9ralement convaincu par sa vision.<\/p>\n<p>&nbsp;<\/p>\n<p><a href=\"http:\/\/www.cinevox.be\/en-tournage-tous-les-chats-sont-gris-la-nuit\/photo-chat20\/\" rel=\"attachment wp-att-44298\"><img loading=\"lazy\" decoding=\"async\" class=\"aligncenter size-large wp-image-44298\" alt=\"\" src=\"http:\/\/www.cinevox.be\/wp-content\/uploads\/2013\/08\/photo-chat20-800x450.jpg\" width=\"640\" height=\"360\" srcset=\"https:\/\/w-l-c.be\/wp-content\/uploads\/2013\/08\/photo-chat20-800x450.jpg 800w, https:\/\/w-l-c.be\/wp-content\/uploads\/2013\/08\/photo-chat20-200x113.jpg 200w, https:\/\/w-l-c.be\/wp-content\/uploads\/2013\/08\/photo-chat20-480x270.jpg 480w, https:\/\/w-l-c.be\/wp-content\/uploads\/2013\/08\/photo-chat20-300x169.jpg 300w, https:\/\/w-l-c.be\/wp-content\/uploads\/2013\/08\/photo-chat20-620x350.jpg 620w, https:\/\/w-l-c.be\/wp-content\/uploads\/2013\/08\/photo-chat20.jpg 1920w\" sizes=\"auto, (max-width: 640px) 100vw, 640px\" \/><\/a><\/p>\n<p>&nbsp;<\/p>\n<p>Bref, ce genre de projet, tr\u00e8s rare chez nous, nous para\u00eet excitant et nous \u00e9tions donc tr\u00e8s enthousiastes lundi chez Madame Moustache,\u00a0sur le plateau de <i>Tous les Chats sont gris (la nuit),<\/i>\u00a0 premier long m\u00e9trage de <b>Savina Dellicour,<\/b> produit en solo par Tarantula Belgique (Mobile Home), un des films les plus all\u00e9chants du moment.\u00a0 Car oui, a priori, cette entreprise a dans sa besace tous les atouts qui devraient en faire une \u0153uvre diff\u00e9rente, touchante et captivante.<\/p>\n<p>&nbsp;<\/p>\n<p>L\u2019histoire est assez simple, \u2026 mais moins qu\u2019il n\u2019y parait.<\/p>\n<p>Dorothy est une ado un peu rebelle qui ne se sent pas vraiment \u00e0 sa place dans sa famille BCBG. Persuad\u00e9e qu\u2019elle n\u2019est pas la fille de l&rsquo;homme qui l&rsquo;\u00e9l\u00e8ve, elle d\u00e9cide d\u2019essayer d\u2019en savoir plus. Un d\u00e9tective pourrait l\u2019aider dans sa t\u00e2che\u2026 mais il est lui-m\u00eame convaincu d\u2019\u00eatre le p\u00e8re biologique de la demoiselle. Situation corn\u00e9lienne s\u2019il en est qui n\u2019est que le point de d\u00e9part d\u2019un chass\u00e9-crois\u00e9 sur fond de secrets de famille dans un univers bourgeois o\u00f9 les apparences ont plus d\u2019importance que la v\u00e9rit\u00e9.<\/p>\n<p>&nbsp;<\/p>\n<p>Ce sc\u00e9nario, <b>Savina Dellicour<\/b> aura mis huit ans \u00e0 le peaufiner avec <b>Matthieu de Braconier.<\/b> Huit ans pendant lesquels elle a notamment, avec ce texte, particip\u00e9 aux ateliers du Festival Premiers Plans \u00e0 Angers sous la supervision de Jeanne Moreau, puis \u00e9t\u00e9 laur\u00e9ate en 2009 d\u2019une session Emergence organis\u00e9e par Elisabeth Depardieu. Avec <i>Tarantula,<\/i> elle a ensuite d\u00e9croch\u00e9 \u00e0 l\u2019unanimit\u00e9 le soutien de la f\u00e9d\u00e9ration Wallonie-Bruxelles. C&rsquo;\u00e9tait en 2010, d\u00e9j\u00e0. Parmi les lecteurs du dossier se trouvait une certaine\u2026 <b>Anne Coesens,<\/b> la merveilleuse interpr\u00e8te d\u2019<i>Ill\u00e9gal<\/i>, Magritte de la meilleure actrice\u00a02011.<\/p>\n<p>&nbsp;<\/p>\n<p><a href=\"http:\/\/www.cinevox.be\/en-tournage-tous-les-chats-sont-gris-la-nuit\/photo-chat13\/\" rel=\"attachment wp-att-44301\"><img loading=\"lazy\" decoding=\"async\" class=\"aligncenter size-large wp-image-44301\" alt=\"\" src=\"http:\/\/www.cinevox.be\/wp-content\/uploads\/2013\/08\/photo-chat13-800x450.jpg\" width=\"640\" height=\"360\" srcset=\"https:\/\/w-l-c.be\/wp-content\/uploads\/2013\/08\/photo-chat13-800x450.jpg 800w, https:\/\/w-l-c.be\/wp-content\/uploads\/2013\/08\/photo-chat13-200x113.jpg 200w, https:\/\/w-l-c.be\/wp-content\/uploads\/2013\/08\/photo-chat13-480x270.jpg 480w, https:\/\/w-l-c.be\/wp-content\/uploads\/2013\/08\/photo-chat13-300x169.jpg 300w, https:\/\/w-l-c.be\/wp-content\/uploads\/2013\/08\/photo-chat13-620x350.jpg 620w, https:\/\/w-l-c.be\/wp-content\/uploads\/2013\/08\/photo-chat13.jpg 1920w\" sizes=\"auto, (max-width: 640px) 100vw, 640px\" \/><\/a><\/p>\n<p>&nbsp;<\/p>\n<p>Il aura encore fallu trois ann\u00e9es suppl\u00e9mentaires pour que le profil de ce projet se pr\u00e9cise : au bout du compte, ce sera donc un film 100% belge avec un casting qui l\u2019est tout autant. La grande satisfaction \u00e9tant qu\u2019on retrouvera \u00e0 l\u2019affiche quelques-uns des meilleurs com\u00e9diens d\u2019ici: <b>Anne Coesens<\/b>, mais \u00e9galement <b>Bouli Lanners<\/b> en t\u00eate d\u2019affiche. L\u2019homme est pourtant tr\u00e8s demand\u00e9, mais ce r\u00f4le il ne voulait pas le laisser passer. Dans le film il sera flanqu\u00e9 d\u2019un comparse, jou\u00e9 par <b>Vincent Lecuyer<\/b> (d\u2019origine fran\u00e7aise, OK), ex-conducteur de taxi pour la RTBF. Lundi, on a aussi eu le plaisir de croiser sur le plateau <b>Astrid Whettnall,<\/b> venue pour un r\u00f4le secondaire. Petit budget, certes, mais casting quatre \u00e9toiles !<\/p>\n<p>&nbsp;<\/p>\n<p><a href=\"http:\/\/www.cinevox.be\/en-tournage-tous-les-chats-sont-gris-la-nuit\/photo-chat4\/\" rel=\"attachment wp-att-44302\"><img loading=\"lazy\" decoding=\"async\" class=\"aligncenter size-large wp-image-44302\" alt=\"\" src=\"http:\/\/www.cinevox.be\/wp-content\/uploads\/2013\/08\/photo-chat4-800x450.jpg\" width=\"640\" height=\"360\" srcset=\"https:\/\/w-l-c.be\/wp-content\/uploads\/2013\/08\/photo-chat4-800x450.jpg 800w, https:\/\/w-l-c.be\/wp-content\/uploads\/2013\/08\/photo-chat4-200x113.jpg 200w, https:\/\/w-l-c.be\/wp-content\/uploads\/2013\/08\/photo-chat4-480x270.jpg 480w, https:\/\/w-l-c.be\/wp-content\/uploads\/2013\/08\/photo-chat4-300x169.jpg 300w, https:\/\/w-l-c.be\/wp-content\/uploads\/2013\/08\/photo-chat4-620x350.jpg 620w, https:\/\/w-l-c.be\/wp-content\/uploads\/2013\/08\/photo-chat4.jpg 1920w\" sizes=\"auto, (max-width: 640px) 100vw, 640px\" \/><\/a><\/p>\n<p>&nbsp;<\/p>\n<p>Pour le r\u00f4le-cl\u00e9 de la jeune ado, plus de 300 candidates ont \u00e9t\u00e9 vues par la production. Certaines professionnelles et d\u2019autres qui ne l\u2019\u00e9taient pas du tout. C\u2019est finalement <b>Manon Capelle,<\/b> une Uccloise de 17 ans qui a \u00e9t\u00e9 retenue \u00e0 l\u2019issue d\u2019une longue proc\u00e9dure de s\u00e9lection orchestr\u00e9e par Michael Bier, un sp\u00e9cialiste du genre. Elle a, depuis lors, particip\u00e9 aux nombreuses r\u00e9p\u00e9titions organis\u00e9es par la r\u00e9alisatrice et semble pr\u00eate \u00e0 affronter les cam\u00e9ras.<\/p>\n<p>&nbsp;<\/p>\n<p><a href=\"http:\/\/www.cinevox.be\/en-tournage-tous-les-chats-sont-gris-la-nuit\/photo-chat19\/\" rel=\"attachment wp-att-44303\"><img loading=\"lazy\" decoding=\"async\" class=\"aligncenter size-large wp-image-44303\" alt=\"\" src=\"http:\/\/www.cinevox.be\/wp-content\/uploads\/2013\/08\/photo-chat19-800x450.jpg\" width=\"640\" height=\"360\" srcset=\"https:\/\/w-l-c.be\/wp-content\/uploads\/2013\/08\/photo-chat19-800x450.jpg 800w, https:\/\/w-l-c.be\/wp-content\/uploads\/2013\/08\/photo-chat19-200x113.jpg 200w, https:\/\/w-l-c.be\/wp-content\/uploads\/2013\/08\/photo-chat19-480x270.jpg 480w, https:\/\/w-l-c.be\/wp-content\/uploads\/2013\/08\/photo-chat19-300x169.jpg 300w, https:\/\/w-l-c.be\/wp-content\/uploads\/2013\/08\/photo-chat19-620x350.jpg 620w, https:\/\/w-l-c.be\/wp-content\/uploads\/2013\/08\/photo-chat19.jpg 1920w\" sizes=\"auto, (max-width: 640px) 100vw, 640px\" \/><\/a><\/p>\n<p>&nbsp;<\/p>\n<p>D\u00e9butante la r\u00e9alisatrice belge qui signe ici son premier long m\u00e9trage\u2026 ne l\u2019est, elle, pas totalement. Dipl\u00f4m\u00e9e en 98 de l\u2019IAD o\u00f9 elle \u00e9tait entr\u00e9e \u00e0 17 ans, elle a ensuite effectu\u00e9 un Master \u00e0 la National Film and Television School au Royaume-Uni. Dans la foul\u00e9e, elle a \u0153uvr\u00e9 pour la t\u00e9l\u00e9vision anglaise, r\u00e9alisant en rafale de nombreux \u00e9pisodes d\u2019une s\u00e9rie. Une formation \u00ab\u00a0\u00e0 la flamande\u00a0\u00bb qui lui a donn\u00e9 l\u2019habitude du travail en \u00e9quipe, de la vitesse de r\u00e9action et un sens aigu de l\u2019adaptation.<\/p>\n<p>&nbsp;<\/p>\n<p>Sous l\u2019\u0153il avis\u00e9 de ses producteurs, <b>Joseph Rouschop<\/b> patron de Tarantula (<i>Mobile Home<\/i>), mais aussi <b>Val\u00e9rie Bournonville<\/b> et <b>Thomas Meys<\/b>, elle a men\u00e9 lundi une premi\u00e8re journ\u00e9e de tournage tr\u00e8s d\u00e9contract\u00e9e, mais n\u00e9anmoins efficace. Deux sc\u00e8nes tr\u00e8s diff\u00e9rentes au programme (dont une avec de nombreux figurants) et deux plateaux \u00e0 g\u00e9rer.<\/p>\n<p>&nbsp;<\/p>\n<p><a href=\"http:\/\/www.cinevox.be\/en-tournage-tous-les-chats-sont-gris-la-nuit\/photo-chat3\/\" rel=\"attachment wp-att-44304\"><img loading=\"lazy\" decoding=\"async\" class=\"aligncenter size-large wp-image-44304\" alt=\"\" src=\"http:\/\/www.cinevox.be\/wp-content\/uploads\/2013\/08\/photo-chat3-800x450.jpg\" width=\"640\" height=\"360\" srcset=\"https:\/\/w-l-c.be\/wp-content\/uploads\/2013\/08\/photo-chat3-800x450.jpg 800w, https:\/\/w-l-c.be\/wp-content\/uploads\/2013\/08\/photo-chat3-200x113.jpg 200w, https:\/\/w-l-c.be\/wp-content\/uploads\/2013\/08\/photo-chat3-480x270.jpg 480w, https:\/\/w-l-c.be\/wp-content\/uploads\/2013\/08\/photo-chat3-300x169.jpg 300w, https:\/\/w-l-c.be\/wp-content\/uploads\/2013\/08\/photo-chat3-620x350.jpg 620w, https:\/\/w-l-c.be\/wp-content\/uploads\/2013\/08\/photo-chat3.jpg 1920w\" sizes=\"auto, (max-width: 640px) 100vw, 640px\" \/><\/a><\/p>\n<p>&nbsp;<\/p>\n<p>Au bout du compte, l\u2019impression tr\u00e8s positive qu\u2019une belle aventure vient de commencer. On vous tiendra tr\u00e8s r\u00e9guli\u00e8rement au courant, promis !<\/p>\n<p>&nbsp;<\/p>\n","protected":false},"excerpt":{"rendered":"<p>Chaque ann\u00e9e, en Belgique, on monte une vingtaine de films en production majoritaire. Environ sept ou huit en Flandre. Le reste dans la partie francophone du pays. Par \u00ab\u00a0films majoritaires\u00a0\u00bb, on entend un film dont l\u2019essentiel du financement est assur\u00e9 par la Belgique via une maison de production belge. Dans presque tous les cas, ces &hellip;<\/p>\n","protected":false},"author":7,"featured_media":44300,"comment_status":"closed","ping_status":"closed","sticky":false,"template":"","format":"standard","meta":{"ngg_post_thumbnail":0,"footnotes":""},"categories":[7,11],"tags":[],"class_list":["post-44297","post","type-post","status-publish","format-standard","has-post-thumbnail","","category-actualites","category-tournages"],"yoast_head":"<!-- This site is optimized with the Yoast SEO plugin v20.4 - https:\/\/yoast.com\/wordpress\/plugins\/seo\/ -->\n<title>En tournage : Tous les chats sont gris (la nuit) - w-l-c<\/title>\n<meta name=\"robots\" content=\"noindex, follow, max-snippet:-1, max-image-preview:large, max-video-preview:-1\" \/>\n<meta property=\"og:locale\" content=\"fr_FR\" \/>\n<meta property=\"og:type\" content=\"article\" \/>\n<meta property=\"og:title\" content=\"En tournage : Tous les chats sont gris (la nuit) - w-l-c\" \/>\n<meta property=\"og:description\" content=\"Chaque ann\u00e9e, en Belgique, on monte une vingtaine de films en production majoritaire. Environ sept ou huit en Flandre. Le reste dans la partie francophone du pays. Par \u00ab\u00a0films majoritaires\u00a0\u00bb, on entend un film dont l\u2019essentiel du financement est assur\u00e9 par la Belgique via une maison de production belge. Dans presque tous les cas, ces &hellip;\" \/>\n<meta property=\"og:url\" content=\"https:\/\/w-l-c.be\/fr\/en-tournage-tous-les-chats-sont-gris-la-nuit\/\" \/>\n<meta property=\"og:site_name\" content=\"w-l-c\" \/>\n<meta property=\"article:published_time\" content=\"2013-08-22T07:53:58+00:00\" \/>\n<meta property=\"article:modified_time\" content=\"2013-08-22T08:22:15+00:00\" \/>\n<meta property=\"og:image\" content=\"https:\/\/w-l-c.be\/wp-content\/uploads\/2013\/08\/Bouli-Anne.jpg\" \/>\n\t<meta property=\"og:image:width\" content=\"2048\" \/>\n\t<meta property=\"og:image:height\" content=\"1365\" \/>\n\t<meta property=\"og:image:type\" content=\"image\/jpeg\" \/>\n<meta name=\"author\" content=\"Philippe.Pierquin\" \/>\n<meta name=\"twitter:card\" content=\"summary_large_image\" \/>\n<meta name=\"twitter:label1\" content=\"\u00c9crit par\" \/>\n\t<meta name=\"twitter:data1\" content=\"Philippe.Pierquin\" \/>\n\t<meta name=\"twitter:label2\" content=\"Dur\u00e9e de lecture estim\u00e9e\" \/>\n\t<meta name=\"twitter:data2\" content=\"5 minutes\" \/>\n<script type=\"application\/ld+json\" class=\"yoast-schema-graph\">{\"@context\":\"https:\/\/schema.org\",\"@graph\":[{\"@type\":\"WebPage\",\"@id\":\"https:\/\/w-l-c.be\/fr\/en-tournage-tous-les-chats-sont-gris-la-nuit\/\",\"url\":\"https:\/\/w-l-c.be\/fr\/en-tournage-tous-les-chats-sont-gris-la-nuit\/\",\"name\":\"En tournage : Tous les chats sont gris (la nuit) - w-l-c\",\"isPartOf\":{\"@id\":\"https:\/\/w-l-c.be\/fr\/#website\"},\"datePublished\":\"2013-08-22T07:53:58+00:00\",\"dateModified\":\"2013-08-22T08:22:15+00:00\",\"author\":{\"@id\":\"https:\/\/w-l-c.be\/fr\/#\/schema\/person\/4b9b1d857f0943453a38a7c2859ef756\"},\"breadcrumb\":{\"@id\":\"https:\/\/w-l-c.be\/fr\/en-tournage-tous-les-chats-sont-gris-la-nuit\/#breadcrumb\"},\"inLanguage\":\"fr-FR\",\"potentialAction\":[{\"@type\":\"ReadAction\",\"target\":[\"https:\/\/w-l-c.be\/fr\/en-tournage-tous-les-chats-sont-gris-la-nuit\/\"]}]},{\"@type\":\"BreadcrumbList\",\"@id\":\"https:\/\/w-l-c.be\/fr\/en-tournage-tous-les-chats-sont-gris-la-nuit\/#breadcrumb\",\"itemListElement\":[{\"@type\":\"ListItem\",\"position\":1,\"name\":\"Accueil\",\"item\":\"https:\/\/w-l-c.be\/fr\/\"},{\"@type\":\"ListItem\",\"position\":2,\"name\":\"En tournage : Tous les chats sont gris (la nuit)\"}]},{\"@type\":\"WebSite\",\"@id\":\"https:\/\/w-l-c.be\/fr\/#website\",\"url\":\"https:\/\/w-l-c.be\/fr\/\",\"name\":\"w-l-c\",\"description\":\"Le cin\u00e9ma vu par les belges\",\"potentialAction\":[{\"@type\":\"SearchAction\",\"target\":{\"@type\":\"EntryPoint\",\"urlTemplate\":\"https:\/\/w-l-c.be\/fr\/?s={search_term_string}\"},\"query-input\":\"required name=search_term_string\"}],\"inLanguage\":\"fr-FR\"},{\"@type\":\"Person\",\"@id\":\"https:\/\/w-l-c.be\/fr\/#\/schema\/person\/4b9b1d857f0943453a38a7c2859ef756\",\"name\":\"Philippe.Pierquin\",\"url\":\"https:\/\/w-l-c.be\/fr\/author\/philippe-pierquin\/\"}]}<\/script>\n<!-- \/ Yoast SEO plugin. -->","yoast_head_json":{"title":"En tournage : Tous les chats sont gris (la nuit) - w-l-c","robots":{"index":"noindex","follow":"follow","max-snippet":"max-snippet:-1","max-image-preview":"max-image-preview:large","max-video-preview":"max-video-preview:-1"},"og_locale":"fr_FR","og_type":"article","og_title":"En tournage : Tous les chats sont gris (la nuit) - w-l-c","og_description":"Chaque ann\u00e9e, en Belgique, on monte une vingtaine de films en production majoritaire. Environ sept ou huit en Flandre. Le reste dans la partie francophone du pays. Par \u00ab\u00a0films majoritaires\u00a0\u00bb, on entend un film dont l\u2019essentiel du financement est assur\u00e9 par la Belgique via une maison de production belge. Dans presque tous les cas, ces &hellip;","og_url":"https:\/\/w-l-c.be\/fr\/en-tournage-tous-les-chats-sont-gris-la-nuit\/","og_site_name":"w-l-c","article_published_time":"2013-08-22T07:53:58+00:00","article_modified_time":"2013-08-22T08:22:15+00:00","og_image":[{"width":2048,"height":1365,"url":"https:\/\/w-l-c.be\/wp-content\/uploads\/2013\/08\/Bouli-Anne.jpg","type":"image\/jpeg"}],"author":"Philippe.Pierquin","twitter_card":"summary_large_image","twitter_misc":{"\u00c9crit par":"Philippe.Pierquin","Dur\u00e9e de lecture estim\u00e9e":"5 minutes"},"schema":{"@context":"https:\/\/schema.org","@graph":[{"@type":"WebPage","@id":"https:\/\/w-l-c.be\/fr\/en-tournage-tous-les-chats-sont-gris-la-nuit\/","url":"https:\/\/w-l-c.be\/fr\/en-tournage-tous-les-chats-sont-gris-la-nuit\/","name":"En tournage : Tous les chats sont gris (la nuit) - w-l-c","isPartOf":{"@id":"https:\/\/w-l-c.be\/fr\/#website"},"datePublished":"2013-08-22T07:53:58+00:00","dateModified":"2013-08-22T08:22:15+00:00","author":{"@id":"https:\/\/w-l-c.be\/fr\/#\/schema\/person\/4b9b1d857f0943453a38a7c2859ef756"},"breadcrumb":{"@id":"https:\/\/w-l-c.be\/fr\/en-tournage-tous-les-chats-sont-gris-la-nuit\/#breadcrumb"},"inLanguage":"fr-FR","potentialAction":[{"@type":"ReadAction","target":["https:\/\/w-l-c.be\/fr\/en-tournage-tous-les-chats-sont-gris-la-nuit\/"]}]},{"@type":"BreadcrumbList","@id":"https:\/\/w-l-c.be\/fr\/en-tournage-tous-les-chats-sont-gris-la-nuit\/#breadcrumb","itemListElement":[{"@type":"ListItem","position":1,"name":"Accueil","item":"https:\/\/w-l-c.be\/fr\/"},{"@type":"ListItem","position":2,"name":"En tournage : Tous les chats sont gris (la nuit)"}]},{"@type":"WebSite","@id":"https:\/\/w-l-c.be\/fr\/#website","url":"https:\/\/w-l-c.be\/fr\/","name":"w-l-c","description":"Le cin\u00e9ma vu par les belges","potentialAction":[{"@type":"SearchAction","target":{"@type":"EntryPoint","urlTemplate":"https:\/\/w-l-c.be\/fr\/?s={search_term_string}"},"query-input":"required name=search_term_string"}],"inLanguage":"fr-FR"},{"@type":"Person","@id":"https:\/\/w-l-c.be\/fr\/#\/schema\/person\/4b9b1d857f0943453a38a7c2859ef756","name":"Philippe.Pierquin","url":"https:\/\/w-l-c.be\/fr\/author\/philippe-pierquin\/"}]}},"_links":{"self":[{"href":"https:\/\/w-l-c.be\/fr\/wp-json\/wp\/v2\/posts\/44297","targetHints":{"allow":["GET"]}}],"collection":[{"href":"https:\/\/w-l-c.be\/fr\/wp-json\/wp\/v2\/posts"}],"about":[{"href":"https:\/\/w-l-c.be\/fr\/wp-json\/wp\/v2\/types\/post"}],"author":[{"embeddable":true,"href":"https:\/\/w-l-c.be\/fr\/wp-json\/wp\/v2\/users\/7"}],"replies":[{"embeddable":true,"href":"https:\/\/w-l-c.be\/fr\/wp-json\/wp\/v2\/comments?post=44297"}],"version-history":[{"count":0,"href":"https:\/\/w-l-c.be\/fr\/wp-json\/wp\/v2\/posts\/44297\/revisions"}],"wp:featuredmedia":[{"embeddable":true,"href":"https:\/\/w-l-c.be\/fr\/wp-json\/wp\/v2\/media\/44300"}],"wp:attachment":[{"href":"https:\/\/w-l-c.be\/fr\/wp-json\/wp\/v2\/media?parent=44297"}],"wp:term":[{"taxonomy":"category","embeddable":true,"href":"https:\/\/w-l-c.be\/fr\/wp-json\/wp\/v2\/categories?post=44297"},{"taxonomy":"post_tag","embeddable":true,"href":"https:\/\/w-l-c.be\/fr\/wp-json\/wp\/v2\/tags?post=44297"}],"curies":[{"name":"wp","href":"https:\/\/api.w.org\/{rel}","templated":true}]}}