
{"id":44307,"date":"2013-08-22T10:17:18","date_gmt":"2013-08-22T08:17:18","guid":{"rendered":"http:\/\/www.cinevox.be\/?p=44307"},"modified":"2013-08-22T10:17:47","modified_gmt":"2013-08-22T08:17:47","slug":"qui-assistera-au-congres","status":"publish","type":"post","link":"https:\/\/w-l-c.be\/fr\/qui-assistera-au-congres\/","title":{"rendered":"Qui assistera au Congr\u00e8s ?"},"content":{"rendered":"<p>Pour saluer la sortie du film The Congress, produit en Belgique par Entre Chien et Loup, Cinevox vous offrait 10 tickets (5X2). Le concours s&rsquo;est achev\u00e9 mardi \u00e0 minuit.<!--more--><\/p>\n<p>&nbsp;<\/p>\n<p>Si vous \u00eates parmi les vainqueurs, vous allez recevoir deux invitations chez vous.<\/p>\n<p>&nbsp;<\/p>\n<p>La r\u00e9ponse que nous attendions \u00e9tait <b><span style=\"text-decoration: underline;\">Robin Wright<\/span><\/b>. L&rsquo;actrice am\u00e9ricaine interpr\u00e8te en effet son propre r\u00f4le dans le film d&rsquo;Ari Folman.<\/p>\n<p>&nbsp;<\/p>\n<p>Pour d\u00e9partager les participants, nous vous avions propos\u00e9 de nous donner un chiffre ou un nombre entre 1 et 5000. Une personne innocente n&rsquo;ayant pas acc\u00e8s aux r\u00e9ponses a choisi 3361.<\/p>\n<p>Ce sont donc, les cinq personnes qui ont donn\u00e9 une bonne r\u00e9ponse, leur adresse courrier (comme indiqu\u00e9) et un nombre se rapprochant le plus de 3361 qui remportent deux tickets chacune. Il fallait aussi \u00eatre inscrit sur notre page FB pour remporter un prix.<\/p>\n<p>&nbsp;<\/p>\n<p>\u00c0 savoir :<\/p>\n<p>Michel Glomb<\/p>\n<p>Denis Mauguit<\/p>\n<p>Borys\u00a0 Delobbe<\/p>\n<p>Cecilia\u00a0 Valdez<\/p>\n<p>Caroline Dr\u00f4me<\/p>\n<p>&nbsp;<\/p>\n<p>Bon amusement !<\/p>\n","protected":false},"excerpt":{"rendered":"<p>Pour saluer la sortie du film The Congress, produit en Belgique par Entre Chien et Loup, Cinevox vous offrait 10 tickets (5X2). Le concours s&rsquo;est achev\u00e9 mardi \u00e0 minuit.<\/p>\n","protected":false},"author":7,"featured_media":44309,"comment_status":"closed","ping_status":"closed","sticky":false,"template":"","format":"standard","meta":{"ngg_post_thumbnail":0,"footnotes":""},"categories":[1923],"tags":[],"class_list":["post-44307","post","type-post","status-publish","format-standard","has-post-thumbnail","","category-en-bref"],"yoast_head":"<!-- This site is optimized with the Yoast SEO plugin v20.4 - https:\/\/yoast.com\/wordpress\/plugins\/seo\/ -->\n<title>Qui assistera au Congr\u00e8s ? - w-l-c<\/title>\n<meta name=\"robots\" content=\"noindex, follow, max-snippet:-1, max-image-preview:large, max-video-preview:-1\" \/>\n<meta property=\"og:locale\" content=\"fr_FR\" \/>\n<meta property=\"og:type\" content=\"article\" \/>\n<meta property=\"og:title\" content=\"Qui assistera au Congr\u00e8s ? - w-l-c\" \/>\n<meta property=\"og:description\" content=\"Pour saluer la sortie du film The Congress, produit en Belgique par Entre Chien et Loup, Cinevox vous offrait 10 tickets (5X2). Le concours s&rsquo;est achev\u00e9 mardi \u00e0 minuit.\" \/>\n<meta property=\"og:url\" content=\"https:\/\/w-l-c.be\/fr\/qui-assistera-au-congres\/\" \/>\n<meta property=\"og:site_name\" content=\"w-l-c\" \/>\n<meta property=\"article:published_time\" content=\"2013-08-22T08:17:18+00:00\" \/>\n<meta property=\"article:modified_time\" content=\"2013-08-22T08:17:47+00:00\" \/>\n<meta property=\"og:image\" content=\"https:\/\/w-l-c.be\/wp-content\/uploads\/2013\/08\/day-03-_004.jpg\" \/>\n\t<meta property=\"og:image:width\" content=\"1501\" \/>\n\t<meta property=\"og:image:height\" content=\"997\" \/>\n\t<meta property=\"og:image:type\" content=\"image\/jpeg\" \/>\n<meta name=\"author\" content=\"Philippe.Pierquin\" \/>\n<meta name=\"twitter:card\" content=\"summary_large_image\" \/>\n<meta name=\"twitter:label1\" content=\"\u00c9crit par\" \/>\n\t<meta name=\"twitter:data1\" content=\"Philippe.Pierquin\" \/>\n\t<meta name=\"twitter:label2\" content=\"Dur\u00e9e de lecture estim\u00e9e\" \/>\n\t<meta name=\"twitter:data2\" content=\"1 minute\" \/>\n<script type=\"application\/ld+json\" class=\"yoast-schema-graph\">{\"@context\":\"https:\/\/schema.org\",\"@graph\":[{\"@type\":\"WebPage\",\"@id\":\"https:\/\/w-l-c.be\/fr\/qui-assistera-au-congres\/\",\"url\":\"https:\/\/w-l-c.be\/fr\/qui-assistera-au-congres\/\",\"name\":\"Qui assistera au Congr\u00e8s ? - w-l-c\",\"isPartOf\":{\"@id\":\"https:\/\/w-l-c.be\/fr\/#website\"},\"datePublished\":\"2013-08-22T08:17:18+00:00\",\"dateModified\":\"2013-08-22T08:17:47+00:00\",\"author\":{\"@id\":\"https:\/\/w-l-c.be\/fr\/#\/schema\/person\/4b9b1d857f0943453a38a7c2859ef756\"},\"breadcrumb\":{\"@id\":\"https:\/\/w-l-c.be\/fr\/qui-assistera-au-congres\/#breadcrumb\"},\"inLanguage\":\"fr-FR\",\"potentialAction\":[{\"@type\":\"ReadAction\",\"target\":[\"https:\/\/w-l-c.be\/fr\/qui-assistera-au-congres\/\"]}]},{\"@type\":\"BreadcrumbList\",\"@id\":\"https:\/\/w-l-c.be\/fr\/qui-assistera-au-congres\/#breadcrumb\",\"itemListElement\":[{\"@type\":\"ListItem\",\"position\":1,\"name\":\"Accueil\",\"item\":\"https:\/\/w-l-c.be\/fr\/\"},{\"@type\":\"ListItem\",\"position\":2,\"name\":\"Qui assistera au Congr\u00e8s ?\"}]},{\"@type\":\"WebSite\",\"@id\":\"https:\/\/w-l-c.be\/fr\/#website\",\"url\":\"https:\/\/w-l-c.be\/fr\/\",\"name\":\"w-l-c\",\"description\":\"Le cin\u00e9ma vu par les belges\",\"potentialAction\":[{\"@type\":\"SearchAction\",\"target\":{\"@type\":\"EntryPoint\",\"urlTemplate\":\"https:\/\/w-l-c.be\/fr\/?s={search_term_string}\"},\"query-input\":\"required name=search_term_string\"}],\"inLanguage\":\"fr-FR\"},{\"@type\":\"Person\",\"@id\":\"https:\/\/w-l-c.be\/fr\/#\/schema\/person\/4b9b1d857f0943453a38a7c2859ef756\",\"name\":\"Philippe.Pierquin\",\"url\":\"https:\/\/w-l-c.be\/fr\/author\/philippe-pierquin\/\"}]}<\/script>\n<!-- \/ Yoast SEO plugin. -->","yoast_head_json":{"title":"Qui assistera au Congr\u00e8s ? - w-l-c","robots":{"index":"noindex","follow":"follow","max-snippet":"max-snippet:-1","max-image-preview":"max-image-preview:large","max-video-preview":"max-video-preview:-1"},"og_locale":"fr_FR","og_type":"article","og_title":"Qui assistera au Congr\u00e8s ? - w-l-c","og_description":"Pour saluer la sortie du film The Congress, produit en Belgique par Entre Chien et Loup, Cinevox vous offrait 10 tickets (5X2). Le concours s&rsquo;est achev\u00e9 mardi \u00e0 minuit.","og_url":"https:\/\/w-l-c.be\/fr\/qui-assistera-au-congres\/","og_site_name":"w-l-c","article_published_time":"2013-08-22T08:17:18+00:00","article_modified_time":"2013-08-22T08:17:47+00:00","og_image":[{"width":1501,"height":997,"url":"https:\/\/w-l-c.be\/wp-content\/uploads\/2013\/08\/day-03-_004.jpg","type":"image\/jpeg"}],"author":"Philippe.Pierquin","twitter_card":"summary_large_image","twitter_misc":{"\u00c9crit par":"Philippe.Pierquin","Dur\u00e9e de lecture estim\u00e9e":"1 minute"},"schema":{"@context":"https:\/\/schema.org","@graph":[{"@type":"WebPage","@id":"https:\/\/w-l-c.be\/fr\/qui-assistera-au-congres\/","url":"https:\/\/w-l-c.be\/fr\/qui-assistera-au-congres\/","name":"Qui assistera au Congr\u00e8s ? - w-l-c","isPartOf":{"@id":"https:\/\/w-l-c.be\/fr\/#website"},"datePublished":"2013-08-22T08:17:18+00:00","dateModified":"2013-08-22T08:17:47+00:00","author":{"@id":"https:\/\/w-l-c.be\/fr\/#\/schema\/person\/4b9b1d857f0943453a38a7c2859ef756"},"breadcrumb":{"@id":"https:\/\/w-l-c.be\/fr\/qui-assistera-au-congres\/#breadcrumb"},"inLanguage":"fr-FR","potentialAction":[{"@type":"ReadAction","target":["https:\/\/w-l-c.be\/fr\/qui-assistera-au-congres\/"]}]},{"@type":"BreadcrumbList","@id":"https:\/\/w-l-c.be\/fr\/qui-assistera-au-congres\/#breadcrumb","itemListElement":[{"@type":"ListItem","position":1,"name":"Accueil","item":"https:\/\/w-l-c.be\/fr\/"},{"@type":"ListItem","position":2,"name":"Qui assistera au Congr\u00e8s ?"}]},{"@type":"WebSite","@id":"https:\/\/w-l-c.be\/fr\/#website","url":"https:\/\/w-l-c.be\/fr\/","name":"w-l-c","description":"Le cin\u00e9ma vu par les belges","potentialAction":[{"@type":"SearchAction","target":{"@type":"EntryPoint","urlTemplate":"https:\/\/w-l-c.be\/fr\/?s={search_term_string}"},"query-input":"required name=search_term_string"}],"inLanguage":"fr-FR"},{"@type":"Person","@id":"https:\/\/w-l-c.be\/fr\/#\/schema\/person\/4b9b1d857f0943453a38a7c2859ef756","name":"Philippe.Pierquin","url":"https:\/\/w-l-c.be\/fr\/author\/philippe-pierquin\/"}]}},"_links":{"self":[{"href":"https:\/\/w-l-c.be\/fr\/wp-json\/wp\/v2\/posts\/44307","targetHints":{"allow":["GET"]}}],"collection":[{"href":"https:\/\/w-l-c.be\/fr\/wp-json\/wp\/v2\/posts"}],"about":[{"href":"https:\/\/w-l-c.be\/fr\/wp-json\/wp\/v2\/types\/post"}],"author":[{"embeddable":true,"href":"https:\/\/w-l-c.be\/fr\/wp-json\/wp\/v2\/users\/7"}],"replies":[{"embeddable":true,"href":"https:\/\/w-l-c.be\/fr\/wp-json\/wp\/v2\/comments?post=44307"}],"version-history":[{"count":0,"href":"https:\/\/w-l-c.be\/fr\/wp-json\/wp\/v2\/posts\/44307\/revisions"}],"wp:featuredmedia":[{"embeddable":true,"href":"https:\/\/w-l-c.be\/fr\/wp-json\/wp\/v2\/media\/44309"}],"wp:attachment":[{"href":"https:\/\/w-l-c.be\/fr\/wp-json\/wp\/v2\/media?parent=44307"}],"wp:term":[{"taxonomy":"category","embeddable":true,"href":"https:\/\/w-l-c.be\/fr\/wp-json\/wp\/v2\/categories?post=44307"},{"taxonomy":"post_tag","embeddable":true,"href":"https:\/\/w-l-c.be\/fr\/wp-json\/wp\/v2\/tags?post=44307"}],"curies":[{"name":"wp","href":"https:\/\/api.w.org\/{rel}","templated":true}]}}