
{"id":44315,"date":"2013-08-23T05:10:10","date_gmt":"2013-08-23T03:10:10","guid":{"rendered":"http:\/\/www.cinevox.be\/?p=44315"},"modified":"2013-08-23T17:27:06","modified_gmt":"2013-08-23T15:27:06","slug":"le-jury-cinevox-au-fiff-cest-vous","status":"publish","type":"post","link":"https:\/\/w-l-c.be\/fr\/le-jury-cinevox-au-fiff-cest-vous\/","title":{"rendered":"Le jury Cinevox au FIFF : c&rsquo;est vous !"},"content":{"rendered":"<p>L\u2019ann\u00e9e derni\u00e8re, Cinevox a rejoint le Festival International du film francophone de Namur \u00a0en tant que presenting sponsor aux c\u00f4t\u00e9s de la RTBF.<\/p>\n<p>\u00c0 cette occasion, Cinevox cr\u00e9ait l\u2019\u00e9v\u00e9nement et remettait, la veille du palmar\u00e8s officiel, un prix tr\u00e8s sp\u00e9cial au meilleur long m\u00e9trage national in\u00e9dit projet\u00e9 \u00e0 Namur pendant cette semaine.<\/p>\n<p>&nbsp;<\/p>\n<p>Le laur\u00e9at, \u00ab\u00a0Hors les murs\u00a0\u00bb de David Lambert, fut d\u00e9sign\u00e9 par un jury de quatre passionn\u00e9s et passionn\u00e9es de cin\u00e9ma belge, non professionnels (m\u00eame si une des jur\u00e9es l&rsquo;est devenue depuis) et pr\u00e9sid\u00e9 par une journaliste professionnelle.<\/p>\n<p>Cette ann\u00e9e, c&rsquo;est <b>Christine Pinchart<\/b> de <i>VivaCit\u00e9<\/i> qui chapeautera un nouveau groupe de cin\u00e9philes.<\/p>\n<p>&nbsp;<\/p>\n<p><!--more--><\/p>\n<p>&nbsp;<\/p>\n<p><a href=\"http:\/\/www.cinevox.be\/le-jury-cinevox-au-fiff-cest-vous\/img_7042-2\/\" rel=\"attachment wp-att-44316\"><img loading=\"lazy\" decoding=\"async\" class=\"aligncenter size-large wp-image-44316\" alt=\"\" src=\"http:\/\/www.cinevox.be\/wp-content\/uploads\/2013\/08\/IMG_7042-800x533.jpg\" width=\"640\" height=\"426\" srcset=\"https:\/\/w-l-c.be\/wp-content\/uploads\/2013\/08\/IMG_7042-800x533.jpg 800w, https:\/\/w-l-c.be\/wp-content\/uploads\/2013\/08\/IMG_7042-404x270.jpg 404w, https:\/\/w-l-c.be\/wp-content\/uploads\/2013\/08\/IMG_7042.jpg 1024w\" sizes=\"auto, (max-width: 640px) 100vw, 640px\" \/><\/a><\/p>\n<p style=\"text-align: right;\"><em>Le jury Cinevox 2012 &#8211; Photo PP\/Cinevox 2012<\/em><\/p>\n<p>&nbsp;<\/p>\n<p>&nbsp;<\/p>\n<p>La 28<sup>e<\/sup> \u00e9dition du FIFF se d\u00e9roulera du vendredi 27 septembre au vendredi 4 octobre et proposera la cr\u00e8me des films francophones qui d\u00e9ferleront sur nos \u00e9crans dans les six mois \u00e0 venir. Comme souvent, plusieurs films belges ont choisi de retarder leur sortie pour \u00eatre pr\u00e9sents \u00e0 Namur.<\/p>\n<p>&nbsp;<\/p>\n<p>La liste des avant-premi\u00e8res belges pouvant pr\u00e9tendre au prix Cinevox sera annonc\u00e9e le 19 septembre lors de la conf\u00e9rence de presse du festival.<\/p>\n<p>&nbsp;<\/p>\n<p>Le film qui sera couronn\u00e9 se verra offrir une promotion gratuite pour son spot qui sera diffus\u00e9 pendant une semaine en salles. Une r\u00e9compense particuli\u00e8rement excitante puisque le film sera ainsi mis en avant aux c\u00f4t\u00e9s des grandes productions internationales. Ce cadeau fort pris\u00e9 est offert par <i>Brightfish<\/i>, la r\u00e9gie publicitaire du cin\u00e9ma qui a imagin\u00e9 le projet Cinevox, en partenariat avec BNP Paribas Fortis.<\/p>\n<p>&nbsp;<\/p>\n<p><a href=\"http:\/\/www.cinevox.be\/le-jury-cinevox-au-fiff-cest-vous\/fm_mg_3531-2\/\" rel=\"attachment wp-att-44317\"><img loading=\"lazy\" decoding=\"async\" class=\"aligncenter size-large wp-image-44317\" alt=\"\" src=\"http:\/\/www.cinevox.be\/wp-content\/uploads\/2013\/08\/fm_MG_3531-800x533.jpg\" width=\"640\" height=\"426\" srcset=\"https:\/\/w-l-c.be\/wp-content\/uploads\/2013\/08\/fm_MG_3531-800x533.jpg 800w, https:\/\/w-l-c.be\/wp-content\/uploads\/2013\/08\/fm_MG_3531-404x270.jpg 404w\" sizes=\"auto, (max-width: 640px) 100vw, 640px\" \/><\/a><\/p>\n<p><em>\u00a0Remise\u00a0du prix \u00e0 Jean-Yves Roubin, producteur de Hors les Murs par Alain de Greef \u00a0(Head of sponsoring chez BNP Paribas Fortis) &#8211; Photo\u00a0Fabrice Mertens 2012 (idem pour la photo d&rsquo;ouverture)<\/em><\/p>\n<p>&nbsp;<\/p>\n<p>&nbsp;<\/p>\n<p><b>Vous \u00eates passionn\u00e9 de cin\u00e9ma belge et souhaitez faire partie de l\u2019aventure\u00a0? <\/b>Alors, postulez pour rejoindre le Jury Cinevox, deuxi\u00e8me du nom\u00a0!<\/p>\n<p>&nbsp;<\/p>\n<p>Le cin\u00e9ma d&rsquo;ici vous int\u00e9resse\u00a0? Vous connaissez bien nos r\u00e9alisateurs, nos com\u00e9diens? Vous avez vu <i>Les G\u00e9ants, La F\u00e9e, A Perdre la Raison, Dead Man Talking, Le Gamin au V\u00e9lo<\/i>, mais <i>aussi Calvaire, les Barons<\/i> et <i>Dikkenek<\/i>? Vous \u00eates capable de nous dire pourquoi vous adorez un film et vous pouvez le d\u00e9fendre bec et ongles devant d&rsquo;autres passionn\u00e9s? Alors, vous avez sans doute le profil pour int\u00e9grer le quatuor magique.<\/p>\n<p>&nbsp;<\/p>\n<p>Pour pr\u00e9senter votre candidature, il vous suffit d\u2019avoir plus de 18 ans et d&rsquo;envoyer un courrier \u00e9lectronique aux DEUX adresses <a href=\"mailto:redaction@cinevox.be\">redaction@cinevox.be<\/a> et <a href=\"mailto:promotion@fiff.be\">promotion@fiff.be<\/a>. Vous nous expliquerez en une dizaine de lignes quel est le dernier film belge que vous avez r\u00e9cemment beaucoup aim\u00e9 et pourquoi. Vous accompagnerez cette critique d&rsquo;une courte pr\u00e9sentation personnelle et d&rsquo;une photo.<\/p>\n<p>Votre mail portera comme objet : jury Cinevox au FIFF.<\/p>\n<p>&nbsp;<\/p>\n<p>Faites vite : les candidatures ne sont ouvertes que jusqu&rsquo;au vendredi 30 ao\u00fbt.<\/p>\n<p>&nbsp;<\/p>\n<p>La semaine suivante, les \u00e9quipes de Cinevox et du FIFF choisiront parmi tous les postulants les quatre membres du jury.<\/p>\n<p>&nbsp;<\/p>\n<p><a href=\"http:\/\/www.cinevox.be\/le-jury-cinevox-au-fiff-cest-vous\/img_7096-3\/\" rel=\"attachment wp-att-44324\"><img loading=\"lazy\" decoding=\"async\" class=\"aligncenter size-large wp-image-44324\" alt=\"\" src=\"http:\/\/www.cinevox.be\/wp-content\/uploads\/2013\/08\/IMG_7096-800x533.jpg\" width=\"640\" height=\"426\" srcset=\"https:\/\/w-l-c.be\/wp-content\/uploads\/2013\/08\/IMG_7096-800x533.jpg 800w, https:\/\/w-l-c.be\/wp-content\/uploads\/2013\/08\/IMG_7096-405x270.jpg 405w\" sizes=\"auto, (max-width: 640px) 100vw, 640px\" \/><\/a><\/p>\n<p>&nbsp;<\/p>\n<p>&nbsp;<\/p>\n<p>Attention : pour faire partie de cette formidable aventure, il faudra que vous puissiez d\u00e9couvrir tous les films belges propos\u00e9s au FIFF.<\/p>\n<p>&nbsp;<\/p>\n<p>Vous aurez droit \u00e0 une accr\u00e9ditation en bonne et due forme (une aubaine pour les amateurs de cin\u00e9ma) et pourrez donc fr\u00e9quenter TOUTES les projections.<\/p>\n<p>&nbsp;<\/p>\n<p>Mais, vous l&rsquo;avez compris, cette d\u00e9marche demande un minimum de disponibilit\u00e9s! Naturellement, les heureux \u00e9lus seront pr\u00e9sent\u00e9s sur Cinevox ainsi que sur le site du FIFF. Ils deviendront des ambassadeurs de notre projet et remettront le prix au laur\u00e9at lors d&rsquo;une soir\u00e9e tr\u00e8s sp\u00e9ciale, organis\u00e9e dans le cadre du Festival \u00e0 Namur, le jeudi 3 octobre en pr\u00e9sence des forces vives du cin\u00e9ma belge.<\/p>\n<p>&nbsp;<\/p>\n<p>Int\u00e9ress\u00e9? Alors, foncez sur vos claviers et offrez-nous votre plus pertinente r\u00e9flexion. Soyez original, brillant, amusant, enthousiaste. Surprenant, convaincant, unique.<\/p>\n<p>&nbsp;<\/p>\n<p>Faites-vous plaisir et \u00e9patez-nous. Nous attendons vos contributions avec beaucoup de curiosit\u00e9 et d&rsquo;impatience.<\/p>\n<p>&nbsp;<\/p>\n","protected":false},"excerpt":{"rendered":"<p>L\u2019ann\u00e9e derni\u00e8re, Cinevox a rejoint le Festival International du film francophone de Namur \u00a0en tant que presenting sponsor aux c\u00f4t\u00e9s de la RTBF. \u00c0 cette occasion, Cinevox cr\u00e9ait l\u2019\u00e9v\u00e9nement et remettait, la veille du palmar\u00e8s officiel, un prix tr\u00e8s sp\u00e9cial au meilleur long m\u00e9trage national in\u00e9dit projet\u00e9 \u00e0 Namur pendant cette semaine. &nbsp; Le laur\u00e9at, &hellip;<\/p>\n","protected":false},"author":7,"featured_media":44323,"comment_status":"closed","ping_status":"closed","sticky":false,"template":"","format":"standard","meta":{"ngg_post_thumbnail":0,"footnotes":""},"categories":[12,7],"tags":[],"class_list":["post-44315","post","type-post","status-publish","format-standard","has-post-thumbnail","","category-awards","category-actualites"],"yoast_head":"<!-- This site is optimized with the Yoast SEO plugin v20.4 - https:\/\/yoast.com\/wordpress\/plugins\/seo\/ -->\n<title>Le jury Cinevox au FIFF : c&#039;est vous ! - w-l-c<\/title>\n<meta name=\"robots\" content=\"noindex, follow, max-snippet:-1, max-image-preview:large, max-video-preview:-1\" \/>\n<meta property=\"og:locale\" content=\"fr_FR\" \/>\n<meta property=\"og:type\" content=\"article\" \/>\n<meta property=\"og:title\" content=\"Le jury Cinevox au FIFF : c&#039;est vous ! - w-l-c\" \/>\n<meta property=\"og:description\" content=\"L\u2019ann\u00e9e derni\u00e8re, Cinevox a rejoint le Festival International du film francophone de Namur \u00a0en tant que presenting sponsor aux c\u00f4t\u00e9s de la RTBF. \u00c0 cette occasion, Cinevox cr\u00e9ait l\u2019\u00e9v\u00e9nement et remettait, la veille du palmar\u00e8s officiel, un prix tr\u00e8s sp\u00e9cial au meilleur long m\u00e9trage national in\u00e9dit projet\u00e9 \u00e0 Namur pendant cette semaine. &nbsp; Le laur\u00e9at, &hellip;\" \/>\n<meta property=\"og:url\" content=\"https:\/\/w-l-c.be\/fr\/le-jury-cinevox-au-fiff-cest-vous\/\" \/>\n<meta property=\"og:site_name\" content=\"w-l-c\" \/>\n<meta property=\"article:published_time\" content=\"2013-08-23T03:10:10+00:00\" \/>\n<meta property=\"article:modified_time\" content=\"2013-08-23T15:27:06+00:00\" \/>\n<meta property=\"og:image\" content=\"https:\/\/w-l-c.be\/wp-content\/uploads\/2013\/08\/fm_MG_3526.jpg\" \/>\n\t<meta property=\"og:image:width\" content=\"1200\" \/>\n\t<meta property=\"og:image:height\" content=\"746\" \/>\n\t<meta property=\"og:image:type\" content=\"image\/jpeg\" \/>\n<meta name=\"author\" content=\"Philippe.Pierquin\" \/>\n<meta name=\"twitter:card\" content=\"summary_large_image\" \/>\n<meta name=\"twitter:label1\" content=\"\u00c9crit par\" \/>\n\t<meta name=\"twitter:data1\" content=\"Philippe.Pierquin\" \/>\n\t<meta name=\"twitter:label2\" content=\"Dur\u00e9e de lecture estim\u00e9e\" \/>\n\t<meta name=\"twitter:data2\" content=\"3 minutes\" \/>\n<script type=\"application\/ld+json\" class=\"yoast-schema-graph\">{\"@context\":\"https:\/\/schema.org\",\"@graph\":[{\"@type\":\"WebPage\",\"@id\":\"https:\/\/w-l-c.be\/fr\/le-jury-cinevox-au-fiff-cest-vous\/\",\"url\":\"https:\/\/w-l-c.be\/fr\/le-jury-cinevox-au-fiff-cest-vous\/\",\"name\":\"Le jury Cinevox au FIFF : c'est vous ! - w-l-c\",\"isPartOf\":{\"@id\":\"https:\/\/w-l-c.be\/fr\/#website\"},\"datePublished\":\"2013-08-23T03:10:10+00:00\",\"dateModified\":\"2013-08-23T15:27:06+00:00\",\"author\":{\"@id\":\"https:\/\/w-l-c.be\/fr\/#\/schema\/person\/4b9b1d857f0943453a38a7c2859ef756\"},\"breadcrumb\":{\"@id\":\"https:\/\/w-l-c.be\/fr\/le-jury-cinevox-au-fiff-cest-vous\/#breadcrumb\"},\"inLanguage\":\"fr-FR\",\"potentialAction\":[{\"@type\":\"ReadAction\",\"target\":[\"https:\/\/w-l-c.be\/fr\/le-jury-cinevox-au-fiff-cest-vous\/\"]}]},{\"@type\":\"BreadcrumbList\",\"@id\":\"https:\/\/w-l-c.be\/fr\/le-jury-cinevox-au-fiff-cest-vous\/#breadcrumb\",\"itemListElement\":[{\"@type\":\"ListItem\",\"position\":1,\"name\":\"Accueil\",\"item\":\"https:\/\/w-l-c.be\/fr\/\"},{\"@type\":\"ListItem\",\"position\":2,\"name\":\"Le jury Cinevox au FIFF : c&rsquo;est vous !\"}]},{\"@type\":\"WebSite\",\"@id\":\"https:\/\/w-l-c.be\/fr\/#website\",\"url\":\"https:\/\/w-l-c.be\/fr\/\",\"name\":\"w-l-c\",\"description\":\"Le cin\u00e9ma vu par les belges\",\"potentialAction\":[{\"@type\":\"SearchAction\",\"target\":{\"@type\":\"EntryPoint\",\"urlTemplate\":\"https:\/\/w-l-c.be\/fr\/?s={search_term_string}\"},\"query-input\":\"required name=search_term_string\"}],\"inLanguage\":\"fr-FR\"},{\"@type\":\"Person\",\"@id\":\"https:\/\/w-l-c.be\/fr\/#\/schema\/person\/4b9b1d857f0943453a38a7c2859ef756\",\"name\":\"Philippe.Pierquin\",\"url\":\"https:\/\/w-l-c.be\/fr\/author\/philippe-pierquin\/\"}]}<\/script>\n<!-- \/ Yoast SEO plugin. -->","yoast_head_json":{"title":"Le jury Cinevox au FIFF : c'est vous ! - w-l-c","robots":{"index":"noindex","follow":"follow","max-snippet":"max-snippet:-1","max-image-preview":"max-image-preview:large","max-video-preview":"max-video-preview:-1"},"og_locale":"fr_FR","og_type":"article","og_title":"Le jury Cinevox au FIFF : c'est vous ! - w-l-c","og_description":"L\u2019ann\u00e9e derni\u00e8re, Cinevox a rejoint le Festival International du film francophone de Namur \u00a0en tant que presenting sponsor aux c\u00f4t\u00e9s de la RTBF. \u00c0 cette occasion, Cinevox cr\u00e9ait l\u2019\u00e9v\u00e9nement et remettait, la veille du palmar\u00e8s officiel, un prix tr\u00e8s sp\u00e9cial au meilleur long m\u00e9trage national in\u00e9dit projet\u00e9 \u00e0 Namur pendant cette semaine. &nbsp; Le laur\u00e9at, &hellip;","og_url":"https:\/\/w-l-c.be\/fr\/le-jury-cinevox-au-fiff-cest-vous\/","og_site_name":"w-l-c","article_published_time":"2013-08-23T03:10:10+00:00","article_modified_time":"2013-08-23T15:27:06+00:00","og_image":[{"width":1200,"height":746,"url":"https:\/\/w-l-c.be\/wp-content\/uploads\/2013\/08\/fm_MG_3526.jpg","type":"image\/jpeg"}],"author":"Philippe.Pierquin","twitter_card":"summary_large_image","twitter_misc":{"\u00c9crit par":"Philippe.Pierquin","Dur\u00e9e de lecture estim\u00e9e":"3 minutes"},"schema":{"@context":"https:\/\/schema.org","@graph":[{"@type":"WebPage","@id":"https:\/\/w-l-c.be\/fr\/le-jury-cinevox-au-fiff-cest-vous\/","url":"https:\/\/w-l-c.be\/fr\/le-jury-cinevox-au-fiff-cest-vous\/","name":"Le jury Cinevox au FIFF : c'est vous ! - w-l-c","isPartOf":{"@id":"https:\/\/w-l-c.be\/fr\/#website"},"datePublished":"2013-08-23T03:10:10+00:00","dateModified":"2013-08-23T15:27:06+00:00","author":{"@id":"https:\/\/w-l-c.be\/fr\/#\/schema\/person\/4b9b1d857f0943453a38a7c2859ef756"},"breadcrumb":{"@id":"https:\/\/w-l-c.be\/fr\/le-jury-cinevox-au-fiff-cest-vous\/#breadcrumb"},"inLanguage":"fr-FR","potentialAction":[{"@type":"ReadAction","target":["https:\/\/w-l-c.be\/fr\/le-jury-cinevox-au-fiff-cest-vous\/"]}]},{"@type":"BreadcrumbList","@id":"https:\/\/w-l-c.be\/fr\/le-jury-cinevox-au-fiff-cest-vous\/#breadcrumb","itemListElement":[{"@type":"ListItem","position":1,"name":"Accueil","item":"https:\/\/w-l-c.be\/fr\/"},{"@type":"ListItem","position":2,"name":"Le jury Cinevox au FIFF : c&rsquo;est vous !"}]},{"@type":"WebSite","@id":"https:\/\/w-l-c.be\/fr\/#website","url":"https:\/\/w-l-c.be\/fr\/","name":"w-l-c","description":"Le cin\u00e9ma vu par les belges","potentialAction":[{"@type":"SearchAction","target":{"@type":"EntryPoint","urlTemplate":"https:\/\/w-l-c.be\/fr\/?s={search_term_string}"},"query-input":"required name=search_term_string"}],"inLanguage":"fr-FR"},{"@type":"Person","@id":"https:\/\/w-l-c.be\/fr\/#\/schema\/person\/4b9b1d857f0943453a38a7c2859ef756","name":"Philippe.Pierquin","url":"https:\/\/w-l-c.be\/fr\/author\/philippe-pierquin\/"}]}},"_links":{"self":[{"href":"https:\/\/w-l-c.be\/fr\/wp-json\/wp\/v2\/posts\/44315","targetHints":{"allow":["GET"]}}],"collection":[{"href":"https:\/\/w-l-c.be\/fr\/wp-json\/wp\/v2\/posts"}],"about":[{"href":"https:\/\/w-l-c.be\/fr\/wp-json\/wp\/v2\/types\/post"}],"author":[{"embeddable":true,"href":"https:\/\/w-l-c.be\/fr\/wp-json\/wp\/v2\/users\/7"}],"replies":[{"embeddable":true,"href":"https:\/\/w-l-c.be\/fr\/wp-json\/wp\/v2\/comments?post=44315"}],"version-history":[{"count":0,"href":"https:\/\/w-l-c.be\/fr\/wp-json\/wp\/v2\/posts\/44315\/revisions"}],"wp:featuredmedia":[{"embeddable":true,"href":"https:\/\/w-l-c.be\/fr\/wp-json\/wp\/v2\/media\/44323"}],"wp:attachment":[{"href":"https:\/\/w-l-c.be\/fr\/wp-json\/wp\/v2\/media?parent=44315"}],"wp:term":[{"taxonomy":"category","embeddable":true,"href":"https:\/\/w-l-c.be\/fr\/wp-json\/wp\/v2\/categories?post=44315"},{"taxonomy":"post_tag","embeddable":true,"href":"https:\/\/w-l-c.be\/fr\/wp-json\/wp\/v2\/tags?post=44315"}],"curies":[{"name":"wp","href":"https:\/\/api.w.org\/{rel}","templated":true}]}}