
{"id":44659,"date":"2013-09-05T05:03:30","date_gmt":"2013-09-05T03:03:30","guid":{"rendered":"http:\/\/www.cinevox.be\/?p=44659"},"modified":"2013-09-05T12:48:54","modified_gmt":"2013-09-05T10:48:54","slug":"la-federation-wallonie-bruxelles-booste-la-diffusion-cinematographique","status":"publish","type":"post","link":"https:\/\/w-l-c.be\/fr\/la-federation-wallonie-bruxelles-booste-la-diffusion-cinematographique\/","title":{"rendered":"La F\u00e9d\u00e9ration Wallonie-Bruxelles booste la diffusion cin\u00e9matographique"},"content":{"rendered":"<p>Le probl\u00e8me du cin\u00e9ma \u00a0belge francophone, c&rsquo;est sa diffusion, souvent confidentielle, qui complique singuli\u00e8rement sa rencontre avec le public. La F\u00e9d\u00e9ration Wallonie-Bruxelles le sait mieux que quiconque. Partenaire privil\u00e9gi\u00e9e de Cinevox depuis deux ans, elle va octroyer un soutien de 636.250 euros \u00e0 17 projets soumis en mars dernier par les op\u00e9rateurs audiovisuels \u2013 organisateurs de festivals, exploitants de salles de cin\u00e9ma, distributeurs de films, structures de diffusion num\u00e9rique \u2013 \u00e0 sa Commission d\u2019aide aux op\u00e9rateurs audiovisuels (COA). Il ne s&rsquo;agira pas que de cin\u00e9ma belge. Mais notre 7<sup>e<\/sup> art ne sera pas le dernier \u00e0 en profiter.<!--more--><\/p>\n<p>&nbsp;<\/p>\n<p>Dix festivals se partageront ainsi une aide de 296.250 euros, dont deux (Festival international du film fantastique de Bruxelles et Festival des Libert\u00e9s) dans le cadre d\u2019un contrat-programme de cinq ans, comme c\u2019est d\u00e9j\u00e0 le cas pour les festivals de Moustier, Namur, Mons ou encore Filmer \u00e0 Tout Prix (Bruxelles). Une convention d\u2019un an a \u00e9t\u00e9 accord\u00e9e notamment aux Brussels Film Festival, Be Film Festival et au Festival du Cin\u00e9ma M\u00e9diterran\u00e9en de Bruxelles.<\/p>\n<p>&nbsp;<\/p>\n<p>L\u2019aide de 120.000 euros d\u00e9gag\u00e9e pour les exploitants de salles de cin\u00e9ma a \u00e9t\u00e9 accord\u00e9e \u00e0 l\u2019Aventure, au Styx \u00e0 Bruxelles et au Cam\u00e9o \u00e0 Namur. Elle illustre la volont\u00e9 de la F\u00e9d\u00e9ration de d\u00e9fendre le cin\u00e9ma d\u2019auteur au c\u0153ur de la ville en permettant l\u2019accueil du public dans les meilleures conditions techniques possibles et son souhait de diversifier les lieux de projection. Huit autres exploitants ind\u00e9pendants disposent d\u00e9j\u00e0 de conventions semblables \u00e0 Bruxelles et en Wallonie : le Parc \u00e0 Charleroi, les Grignoux \u00e0 Li\u00e8ge, le Plaza Art \u00e0 Mons, l\u2019Actor Studio, le Nova, le Vend\u00f4me, les Galeries et Flagey \u00e0 Bruxelles.<\/p>\n<p>&nbsp;<\/p>\n<p>C\u2019est dans le m\u00eame esprit qu\u2019elle r\u00e9affirme son soutien, pour un montant de 150.000 euros, \u00e0 trois distributeurs ind\u00e9pendants de films art et essai, Cin\u00e9art, Imagine Film Distribution et O\u2019Brother Distribution, qui depuis plusieurs ann\u00e9es d\u00e9ploient tous leurs efforts pour permettre \u00e0 ces films de rencontrer leur public.<\/p>\n<p>&nbsp;<\/p>\n<p>Enfin, la F\u00e9d\u00e9ration souhaite consolider les nouvelles formes d\u2019exploitation et d\u2019acc\u00e8s aux films offertes par les plateformes num\u00e9riques en confirmant son aide de 70.000 euros \u00e0 la plateforme de vid\u00e9o-\u00e0-la-demande UniversCin\u00e9 Belgium.<\/p>\n<p>&nbsp;<\/p>\n<p>Pour rappel, l\u2019an dernier 44 op\u00e9rateurs avaient obtenu une aide de la F\u00e9d\u00e9ration dans le cadre de la COA dont 21 dans le cadre d\u2019un contrat-programme de 5 ans (2013-2017) et 6 dans le cadre d\u2019une convention de 2 ans (2013-2014).<\/p>\n","protected":false},"excerpt":{"rendered":"<p>Le probl\u00e8me du cin\u00e9ma \u00a0belge francophone, c&rsquo;est sa diffusion, souvent confidentielle, qui complique singuli\u00e8rement sa rencontre avec le public. La F\u00e9d\u00e9ration Wallonie-Bruxelles le sait mieux que quiconque. Partenaire privil\u00e9gi\u00e9e de Cinevox depuis deux ans, elle va octroyer un soutien de 636.250 euros \u00e0 17 projets soumis en mars dernier par les op\u00e9rateurs audiovisuels \u2013 organisateurs &hellip;<\/p>\n","protected":false},"author":7,"featured_media":44661,"comment_status":"closed","ping_status":"closed","sticky":false,"template":"","format":"standard","meta":{"ngg_post_thumbnail":0,"footnotes":""},"categories":[1923,7],"tags":[],"class_list":["post-44659","post","type-post","status-publish","format-standard","has-post-thumbnail","","category-en-bref","category-actualites"],"yoast_head":"<!-- This site is optimized with the Yoast SEO plugin v20.4 - https:\/\/yoast.com\/wordpress\/plugins\/seo\/ -->\n<title>La F\u00e9d\u00e9ration Wallonie-Bruxelles booste la diffusion cin\u00e9matographique - w-l-c<\/title>\n<meta name=\"robots\" content=\"noindex, follow, max-snippet:-1, max-image-preview:large, max-video-preview:-1\" \/>\n<meta property=\"og:locale\" content=\"fr_FR\" \/>\n<meta property=\"og:type\" content=\"article\" \/>\n<meta property=\"og:title\" content=\"La F\u00e9d\u00e9ration Wallonie-Bruxelles booste la diffusion cin\u00e9matographique - w-l-c\" \/>\n<meta property=\"og:description\" content=\"Le probl\u00e8me du cin\u00e9ma \u00a0belge francophone, c&rsquo;est sa diffusion, souvent confidentielle, qui complique singuli\u00e8rement sa rencontre avec le public. La F\u00e9d\u00e9ration Wallonie-Bruxelles le sait mieux que quiconque. Partenaire privil\u00e9gi\u00e9e de Cinevox depuis deux ans, elle va octroyer un soutien de 636.250 euros \u00e0 17 projets soumis en mars dernier par les op\u00e9rateurs audiovisuels \u2013 organisateurs &hellip;\" \/>\n<meta property=\"og:url\" content=\"https:\/\/w-l-c.be\/fr\/la-federation-wallonie-bruxelles-booste-la-diffusion-cinematographique\/\" \/>\n<meta property=\"og:site_name\" content=\"w-l-c\" \/>\n<meta property=\"article:published_time\" content=\"2013-09-05T03:03:30+00:00\" \/>\n<meta property=\"article:modified_time\" content=\"2013-09-05T10:48:54+00:00\" \/>\n<meta property=\"og:image\" content=\"https:\/\/w-l-c.be\/wp-content\/uploads\/2013\/09\/logo_communaute_francaise.png\" \/>\n\t<meta property=\"og:image:width\" content=\"530\" \/>\n\t<meta property=\"og:image:height\" content=\"350\" \/>\n\t<meta property=\"og:image:type\" content=\"image\/png\" \/>\n<meta name=\"author\" content=\"Philippe.Pierquin\" \/>\n<meta name=\"twitter:card\" content=\"summary_large_image\" \/>\n<meta name=\"twitter:label1\" content=\"\u00c9crit par\" \/>\n\t<meta name=\"twitter:data1\" content=\"Philippe.Pierquin\" \/>\n\t<meta name=\"twitter:label2\" content=\"Dur\u00e9e de lecture estim\u00e9e\" \/>\n\t<meta name=\"twitter:data2\" content=\"2 minutes\" \/>\n<script type=\"application\/ld+json\" class=\"yoast-schema-graph\">{\"@context\":\"https:\/\/schema.org\",\"@graph\":[{\"@type\":\"WebPage\",\"@id\":\"https:\/\/w-l-c.be\/fr\/la-federation-wallonie-bruxelles-booste-la-diffusion-cinematographique\/\",\"url\":\"https:\/\/w-l-c.be\/fr\/la-federation-wallonie-bruxelles-booste-la-diffusion-cinematographique\/\",\"name\":\"La F\u00e9d\u00e9ration Wallonie-Bruxelles booste la diffusion cin\u00e9matographique - w-l-c\",\"isPartOf\":{\"@id\":\"https:\/\/w-l-c.be\/fr\/#website\"},\"datePublished\":\"2013-09-05T03:03:30+00:00\",\"dateModified\":\"2013-09-05T10:48:54+00:00\",\"author\":{\"@id\":\"https:\/\/w-l-c.be\/fr\/#\/schema\/person\/4b9b1d857f0943453a38a7c2859ef756\"},\"breadcrumb\":{\"@id\":\"https:\/\/w-l-c.be\/fr\/la-federation-wallonie-bruxelles-booste-la-diffusion-cinematographique\/#breadcrumb\"},\"inLanguage\":\"fr-FR\",\"potentialAction\":[{\"@type\":\"ReadAction\",\"target\":[\"https:\/\/w-l-c.be\/fr\/la-federation-wallonie-bruxelles-booste-la-diffusion-cinematographique\/\"]}]},{\"@type\":\"BreadcrumbList\",\"@id\":\"https:\/\/w-l-c.be\/fr\/la-federation-wallonie-bruxelles-booste-la-diffusion-cinematographique\/#breadcrumb\",\"itemListElement\":[{\"@type\":\"ListItem\",\"position\":1,\"name\":\"Accueil\",\"item\":\"https:\/\/w-l-c.be\/fr\/\"},{\"@type\":\"ListItem\",\"position\":2,\"name\":\"La F\u00e9d\u00e9ration Wallonie-Bruxelles booste la diffusion cin\u00e9matographique\"}]},{\"@type\":\"WebSite\",\"@id\":\"https:\/\/w-l-c.be\/fr\/#website\",\"url\":\"https:\/\/w-l-c.be\/fr\/\",\"name\":\"w-l-c\",\"description\":\"Le cin\u00e9ma vu par les belges\",\"potentialAction\":[{\"@type\":\"SearchAction\",\"target\":{\"@type\":\"EntryPoint\",\"urlTemplate\":\"https:\/\/w-l-c.be\/fr\/?s={search_term_string}\"},\"query-input\":\"required name=search_term_string\"}],\"inLanguage\":\"fr-FR\"},{\"@type\":\"Person\",\"@id\":\"https:\/\/w-l-c.be\/fr\/#\/schema\/person\/4b9b1d857f0943453a38a7c2859ef756\",\"name\":\"Philippe.Pierquin\",\"url\":\"https:\/\/w-l-c.be\/fr\/author\/philippe-pierquin\/\"}]}<\/script>\n<!-- \/ Yoast SEO plugin. -->","yoast_head_json":{"title":"La F\u00e9d\u00e9ration Wallonie-Bruxelles booste la diffusion cin\u00e9matographique - w-l-c","robots":{"index":"noindex","follow":"follow","max-snippet":"max-snippet:-1","max-image-preview":"max-image-preview:large","max-video-preview":"max-video-preview:-1"},"og_locale":"fr_FR","og_type":"article","og_title":"La F\u00e9d\u00e9ration Wallonie-Bruxelles booste la diffusion cin\u00e9matographique - w-l-c","og_description":"Le probl\u00e8me du cin\u00e9ma \u00a0belge francophone, c&rsquo;est sa diffusion, souvent confidentielle, qui complique singuli\u00e8rement sa rencontre avec le public. La F\u00e9d\u00e9ration Wallonie-Bruxelles le sait mieux que quiconque. Partenaire privil\u00e9gi\u00e9e de Cinevox depuis deux ans, elle va octroyer un soutien de 636.250 euros \u00e0 17 projets soumis en mars dernier par les op\u00e9rateurs audiovisuels \u2013 organisateurs &hellip;","og_url":"https:\/\/w-l-c.be\/fr\/la-federation-wallonie-bruxelles-booste-la-diffusion-cinematographique\/","og_site_name":"w-l-c","article_published_time":"2013-09-05T03:03:30+00:00","article_modified_time":"2013-09-05T10:48:54+00:00","og_image":[{"width":530,"height":350,"url":"https:\/\/w-l-c.be\/wp-content\/uploads\/2013\/09\/logo_communaute_francaise.png","type":"image\/png"}],"author":"Philippe.Pierquin","twitter_card":"summary_large_image","twitter_misc":{"\u00c9crit par":"Philippe.Pierquin","Dur\u00e9e de lecture estim\u00e9e":"2 minutes"},"schema":{"@context":"https:\/\/schema.org","@graph":[{"@type":"WebPage","@id":"https:\/\/w-l-c.be\/fr\/la-federation-wallonie-bruxelles-booste-la-diffusion-cinematographique\/","url":"https:\/\/w-l-c.be\/fr\/la-federation-wallonie-bruxelles-booste-la-diffusion-cinematographique\/","name":"La F\u00e9d\u00e9ration Wallonie-Bruxelles booste la diffusion cin\u00e9matographique - w-l-c","isPartOf":{"@id":"https:\/\/w-l-c.be\/fr\/#website"},"datePublished":"2013-09-05T03:03:30+00:00","dateModified":"2013-09-05T10:48:54+00:00","author":{"@id":"https:\/\/w-l-c.be\/fr\/#\/schema\/person\/4b9b1d857f0943453a38a7c2859ef756"},"breadcrumb":{"@id":"https:\/\/w-l-c.be\/fr\/la-federation-wallonie-bruxelles-booste-la-diffusion-cinematographique\/#breadcrumb"},"inLanguage":"fr-FR","potentialAction":[{"@type":"ReadAction","target":["https:\/\/w-l-c.be\/fr\/la-federation-wallonie-bruxelles-booste-la-diffusion-cinematographique\/"]}]},{"@type":"BreadcrumbList","@id":"https:\/\/w-l-c.be\/fr\/la-federation-wallonie-bruxelles-booste-la-diffusion-cinematographique\/#breadcrumb","itemListElement":[{"@type":"ListItem","position":1,"name":"Accueil","item":"https:\/\/w-l-c.be\/fr\/"},{"@type":"ListItem","position":2,"name":"La F\u00e9d\u00e9ration Wallonie-Bruxelles booste la diffusion cin\u00e9matographique"}]},{"@type":"WebSite","@id":"https:\/\/w-l-c.be\/fr\/#website","url":"https:\/\/w-l-c.be\/fr\/","name":"w-l-c","description":"Le cin\u00e9ma vu par les belges","potentialAction":[{"@type":"SearchAction","target":{"@type":"EntryPoint","urlTemplate":"https:\/\/w-l-c.be\/fr\/?s={search_term_string}"},"query-input":"required name=search_term_string"}],"inLanguage":"fr-FR"},{"@type":"Person","@id":"https:\/\/w-l-c.be\/fr\/#\/schema\/person\/4b9b1d857f0943453a38a7c2859ef756","name":"Philippe.Pierquin","url":"https:\/\/w-l-c.be\/fr\/author\/philippe-pierquin\/"}]}},"_links":{"self":[{"href":"https:\/\/w-l-c.be\/fr\/wp-json\/wp\/v2\/posts\/44659","targetHints":{"allow":["GET"]}}],"collection":[{"href":"https:\/\/w-l-c.be\/fr\/wp-json\/wp\/v2\/posts"}],"about":[{"href":"https:\/\/w-l-c.be\/fr\/wp-json\/wp\/v2\/types\/post"}],"author":[{"embeddable":true,"href":"https:\/\/w-l-c.be\/fr\/wp-json\/wp\/v2\/users\/7"}],"replies":[{"embeddable":true,"href":"https:\/\/w-l-c.be\/fr\/wp-json\/wp\/v2\/comments?post=44659"}],"version-history":[{"count":0,"href":"https:\/\/w-l-c.be\/fr\/wp-json\/wp\/v2\/posts\/44659\/revisions"}],"wp:featuredmedia":[{"embeddable":true,"href":"https:\/\/w-l-c.be\/fr\/wp-json\/wp\/v2\/media\/44661"}],"wp:attachment":[{"href":"https:\/\/w-l-c.be\/fr\/wp-json\/wp\/v2\/media?parent=44659"}],"wp:term":[{"taxonomy":"category","embeddable":true,"href":"https:\/\/w-l-c.be\/fr\/wp-json\/wp\/v2\/categories?post=44659"},{"taxonomy":"post_tag","embeddable":true,"href":"https:\/\/w-l-c.be\/fr\/wp-json\/wp\/v2\/tags?post=44659"}],"curies":[{"name":"wp","href":"https:\/\/api.w.org\/{rel}","templated":true}]}}