
{"id":45172,"date":"2013-09-13T13:01:56","date_gmt":"2013-09-13T11:01:56","guid":{"rendered":"http:\/\/www.cinevox.be\/?p=45172"},"modified":"2013-09-13T13:01:56","modified_gmt":"2013-09-13T11:01:56","slug":"drame-thriller-comedie-cinema-belge-francophone-deborde-projets","status":"publish","type":"post","link":"https:\/\/w-l-c.be\/fr\/drame-thriller-comedie-cinema-belge-francophone-deborde-projets\/","title":{"rendered":"Drame, thriller, com\u00e9die \u2026  Le cin\u00e9ma belge francophone d\u00e9borde de projets"},"content":{"rendered":"<p><span style=\"font-size: 16px;\">La Commission de S\u00e9lection des Films va accorder une aide de plus de 3,5 millions d\u2019euros \u00e0 quelques 44 projets audiovisuels dont 15 longs m\u00e9trages, 10 courts m\u00e9trages et 17 documentaires qui t\u00e9moignent d\u2019une production belge francophone toujours aussi dynamique et diversifi\u00e9e .<!--more--><\/span><\/p>\n<p>&nbsp;<\/p>\n<p>Parmi les films ainsi aid\u00e9s par le Centre du Cin\u00e9ma et de l\u2019Audiovisuel figure au premier plan le prochain long m\u00e9trage des fr\u00e8res <b>Dardenne<\/b>, Deux jours, une nuit, dont le tournage vient de s\u2019achever \u00e0 Seraing, avec dans les r\u00f4les principaux <b>Marion Cotillard<\/b> et <b>Fabrizio Rongione.<\/b><\/p>\n<p>&nbsp;<\/p>\n<p>Tr\u00e8s attendus \u00e9galement, dans le registre de la com\u00e9die, <i>Lost in Paris,<\/i> le destin dr\u00f4le et chahut\u00e9 de trois individus perdus dans Paris, sera mis en bo\u00eete au printemps prochain par le tandem <b>Abel et Gordon<\/b><i>,<\/i> tandis que <b>Martine Doyen<\/b> (Komma) pr\u00e9pare son retour derri\u00e8re la cam\u00e9ra avec une com\u00e9die paradoxalement intitul\u00e9e <i>No Fun<\/i> (anciennement <i>Cheese<\/i> !), ou comment retrouver son sens de l\u2019humour chez les Inuits ?<\/p>\n<p>&nbsp;<\/p>\n<p>Apr\u00e8s les steppes d\u2019Asie centrale (<i>Beyond the Steppes<\/i>), embarquement direction Japon pour la jeune r\u00e9alisatrice <b>Vanja d\u2019Alcantara<\/b> dont le second long m\u00e9trage intitul\u00e9 <i>Kokoro <\/i>transposera \u00e0 l\u2019\u00e9cran le roman \u201cLe c\u0153ur r\u00e9gulier\u201d d\u2019Olivier Adam.<\/p>\n<p>&nbsp;<\/p>\n<p>Alors que leur second long m\u00e9trage L\u2019\u00e9trange couleur des larmes de ton corps se fait pour l\u2019instant remarquer dans les festivals (Locarno, Toronto, Londres), <b>H\u00e9l\u00e8ne Cattet<\/b> et <b>Bruno Forzani<\/b> vont plancher sur leur nouveau projet de polar intitul\u00e9 <i>Laissez bronzer les cadavres<\/i> ! pour lequel ils disposeront d\u2019une aide \u00e0 l\u2019\u00e9criture.<\/p>\n<p>&nbsp;<\/p>\n<p>D\u00e8s le mois prochain, <b>Olivier Masset-Depasse<\/b>, dont le drame Ill\u00e9gal est encore dans toutes les m\u00e9moires, s\u2019attaque quant \u00e0 lui \u00e0 la t\u00e9l\u00e9vision avec le tournage d\u2019un t\u00e9l\u00e9film pour Canal <i>+, Le sanctuaire<\/i>,\u00a0 qui suit les actions des ind\u00e9pendantistes basques de l\u2019ETA depuis leur base de repli en France.<\/p>\n<p>&nbsp;<\/p>\n<p>Tous ces projets ont \u00e9t\u00e9 s\u00e9lectionn\u00e9s lors de la session de juin dernier de la Commission de S\u00e9lection des Films qui dispose d\u2019une enveloppe annuelle d\u2019environ 11 millions d\u2019euros pour soutenir les projets de cr\u00e9ation cin\u00e9matographique et audiovisuelle en F\u00e9d\u00e9ration Wallonie-Bruxelles. Sa prochaine session de s\u00e9lection 2013 se tiendra en octobre\/novembre.<\/p>\n<p>&nbsp;<\/p>\n<p style=\"text-align: right;\"><i>[<\/i><i>Wallonie Bruxelles Images]<\/i><\/p>\n","protected":false},"excerpt":{"rendered":"<p>La Commission de S\u00e9lection des Films va accorder une aide de plus de 3,5 millions d\u2019euros \u00e0 quelques 44 projets audiovisuels dont 15 longs m\u00e9trages, 10 courts m\u00e9trages et 17 documentaires qui t\u00e9moignent d\u2019une production belge francophone toujours aussi dynamique et diversifi\u00e9e .<\/p>\n","protected":false},"author":7,"featured_media":45174,"comment_status":"closed","ping_status":"closed","sticky":false,"template":"","format":"standard","meta":{"ngg_post_thumbnail":0,"footnotes":""},"categories":[1923,7],"tags":[],"class_list":["post-45172","post","type-post","status-publish","format-standard","has-post-thumbnail","","category-en-bref","category-actualites"],"yoast_head":"<!-- This site is optimized with the Yoast SEO plugin v20.4 - https:\/\/yoast.com\/wordpress\/plugins\/seo\/ -->\n<title>Drame, thriller, com\u00e9die \u2026 Le cin\u00e9ma belge francophone d\u00e9borde de projets - w-l-c<\/title>\n<meta name=\"robots\" content=\"noindex, follow, max-snippet:-1, max-image-preview:large, max-video-preview:-1\" \/>\n<meta property=\"og:locale\" content=\"fr_FR\" \/>\n<meta property=\"og:type\" content=\"article\" \/>\n<meta property=\"og:title\" content=\"Drame, thriller, com\u00e9die \u2026 Le cin\u00e9ma belge francophone d\u00e9borde de projets - w-l-c\" \/>\n<meta property=\"og:description\" content=\"La Commission de S\u00e9lection des Films va accorder une aide de plus de 3,5 millions d\u2019euros \u00e0 quelques 44 projets audiovisuels dont 15 longs m\u00e9trages, 10 courts m\u00e9trages et 17 documentaires qui t\u00e9moignent d\u2019une production belge francophone toujours aussi dynamique et diversifi\u00e9e .\" \/>\n<meta property=\"og:url\" content=\"https:\/\/w-l-c.be\/fr\/drame-thriller-comedie-cinema-belge-francophone-deborde-projets\/\" \/>\n<meta property=\"og:site_name\" content=\"w-l-c\" \/>\n<meta property=\"article:published_time\" content=\"2013-09-13T11:01:56+00:00\" \/>\n<meta property=\"og:image\" content=\"https:\/\/w-l-c.be\/wp-content\/uploads\/2013\/09\/fwb.jpg\" \/>\n\t<meta property=\"og:image:width\" content=\"2465\" \/>\n\t<meta property=\"og:image:height\" content=\"1430\" \/>\n\t<meta property=\"og:image:type\" content=\"image\/jpeg\" \/>\n<meta name=\"author\" content=\"Philippe.Pierquin\" \/>\n<meta name=\"twitter:card\" content=\"summary_large_image\" \/>\n<meta name=\"twitter:label1\" content=\"\u00c9crit par\" \/>\n\t<meta name=\"twitter:data1\" content=\"Philippe.Pierquin\" \/>\n\t<meta name=\"twitter:label2\" content=\"Dur\u00e9e de lecture estim\u00e9e\" \/>\n\t<meta name=\"twitter:data2\" content=\"2 minutes\" \/>\n<script type=\"application\/ld+json\" class=\"yoast-schema-graph\">{\"@context\":\"https:\/\/schema.org\",\"@graph\":[{\"@type\":\"WebPage\",\"@id\":\"https:\/\/w-l-c.be\/fr\/drame-thriller-comedie-cinema-belge-francophone-deborde-projets\/\",\"url\":\"https:\/\/w-l-c.be\/fr\/drame-thriller-comedie-cinema-belge-francophone-deborde-projets\/\",\"name\":\"Drame, thriller, com\u00e9die \u2026 Le cin\u00e9ma belge francophone d\u00e9borde de projets - w-l-c\",\"isPartOf\":{\"@id\":\"https:\/\/w-l-c.be\/fr\/#website\"},\"datePublished\":\"2013-09-13T11:01:56+00:00\",\"dateModified\":\"2013-09-13T11:01:56+00:00\",\"author\":{\"@id\":\"https:\/\/w-l-c.be\/fr\/#\/schema\/person\/4b9b1d857f0943453a38a7c2859ef756\"},\"breadcrumb\":{\"@id\":\"https:\/\/w-l-c.be\/fr\/drame-thriller-comedie-cinema-belge-francophone-deborde-projets\/#breadcrumb\"},\"inLanguage\":\"fr-FR\",\"potentialAction\":[{\"@type\":\"ReadAction\",\"target\":[\"https:\/\/w-l-c.be\/fr\/drame-thriller-comedie-cinema-belge-francophone-deborde-projets\/\"]}]},{\"@type\":\"BreadcrumbList\",\"@id\":\"https:\/\/w-l-c.be\/fr\/drame-thriller-comedie-cinema-belge-francophone-deborde-projets\/#breadcrumb\",\"itemListElement\":[{\"@type\":\"ListItem\",\"position\":1,\"name\":\"Accueil\",\"item\":\"https:\/\/w-l-c.be\/fr\/\"},{\"@type\":\"ListItem\",\"position\":2,\"name\":\"Drame, thriller, com\u00e9die \u2026 Le cin\u00e9ma belge francophone d\u00e9borde de projets\"}]},{\"@type\":\"WebSite\",\"@id\":\"https:\/\/w-l-c.be\/fr\/#website\",\"url\":\"https:\/\/w-l-c.be\/fr\/\",\"name\":\"w-l-c\",\"description\":\"Le cin\u00e9ma vu par les belges\",\"potentialAction\":[{\"@type\":\"SearchAction\",\"target\":{\"@type\":\"EntryPoint\",\"urlTemplate\":\"https:\/\/w-l-c.be\/fr\/?s={search_term_string}\"},\"query-input\":\"required name=search_term_string\"}],\"inLanguage\":\"fr-FR\"},{\"@type\":\"Person\",\"@id\":\"https:\/\/w-l-c.be\/fr\/#\/schema\/person\/4b9b1d857f0943453a38a7c2859ef756\",\"name\":\"Philippe.Pierquin\",\"url\":\"https:\/\/w-l-c.be\/fr\/author\/philippe-pierquin\/\"}]}<\/script>\n<!-- \/ Yoast SEO plugin. -->","yoast_head_json":{"title":"Drame, thriller, com\u00e9die \u2026 Le cin\u00e9ma belge francophone d\u00e9borde de projets - w-l-c","robots":{"index":"noindex","follow":"follow","max-snippet":"max-snippet:-1","max-image-preview":"max-image-preview:large","max-video-preview":"max-video-preview:-1"},"og_locale":"fr_FR","og_type":"article","og_title":"Drame, thriller, com\u00e9die \u2026 Le cin\u00e9ma belge francophone d\u00e9borde de projets - w-l-c","og_description":"La Commission de S\u00e9lection des Films va accorder une aide de plus de 3,5 millions d\u2019euros \u00e0 quelques 44 projets audiovisuels dont 15 longs m\u00e9trages, 10 courts m\u00e9trages et 17 documentaires qui t\u00e9moignent d\u2019une production belge francophone toujours aussi dynamique et diversifi\u00e9e .","og_url":"https:\/\/w-l-c.be\/fr\/drame-thriller-comedie-cinema-belge-francophone-deborde-projets\/","og_site_name":"w-l-c","article_published_time":"2013-09-13T11:01:56+00:00","og_image":[{"width":2465,"height":1430,"url":"https:\/\/w-l-c.be\/wp-content\/uploads\/2013\/09\/fwb.jpg","type":"image\/jpeg"}],"author":"Philippe.Pierquin","twitter_card":"summary_large_image","twitter_misc":{"\u00c9crit par":"Philippe.Pierquin","Dur\u00e9e de lecture estim\u00e9e":"2 minutes"},"schema":{"@context":"https:\/\/schema.org","@graph":[{"@type":"WebPage","@id":"https:\/\/w-l-c.be\/fr\/drame-thriller-comedie-cinema-belge-francophone-deborde-projets\/","url":"https:\/\/w-l-c.be\/fr\/drame-thriller-comedie-cinema-belge-francophone-deborde-projets\/","name":"Drame, thriller, com\u00e9die \u2026 Le cin\u00e9ma belge francophone d\u00e9borde de projets - w-l-c","isPartOf":{"@id":"https:\/\/w-l-c.be\/fr\/#website"},"datePublished":"2013-09-13T11:01:56+00:00","dateModified":"2013-09-13T11:01:56+00:00","author":{"@id":"https:\/\/w-l-c.be\/fr\/#\/schema\/person\/4b9b1d857f0943453a38a7c2859ef756"},"breadcrumb":{"@id":"https:\/\/w-l-c.be\/fr\/drame-thriller-comedie-cinema-belge-francophone-deborde-projets\/#breadcrumb"},"inLanguage":"fr-FR","potentialAction":[{"@type":"ReadAction","target":["https:\/\/w-l-c.be\/fr\/drame-thriller-comedie-cinema-belge-francophone-deborde-projets\/"]}]},{"@type":"BreadcrumbList","@id":"https:\/\/w-l-c.be\/fr\/drame-thriller-comedie-cinema-belge-francophone-deborde-projets\/#breadcrumb","itemListElement":[{"@type":"ListItem","position":1,"name":"Accueil","item":"https:\/\/w-l-c.be\/fr\/"},{"@type":"ListItem","position":2,"name":"Drame, thriller, com\u00e9die \u2026 Le cin\u00e9ma belge francophone d\u00e9borde de projets"}]},{"@type":"WebSite","@id":"https:\/\/w-l-c.be\/fr\/#website","url":"https:\/\/w-l-c.be\/fr\/","name":"w-l-c","description":"Le cin\u00e9ma vu par les belges","potentialAction":[{"@type":"SearchAction","target":{"@type":"EntryPoint","urlTemplate":"https:\/\/w-l-c.be\/fr\/?s={search_term_string}"},"query-input":"required name=search_term_string"}],"inLanguage":"fr-FR"},{"@type":"Person","@id":"https:\/\/w-l-c.be\/fr\/#\/schema\/person\/4b9b1d857f0943453a38a7c2859ef756","name":"Philippe.Pierquin","url":"https:\/\/w-l-c.be\/fr\/author\/philippe-pierquin\/"}]}},"_links":{"self":[{"href":"https:\/\/w-l-c.be\/fr\/wp-json\/wp\/v2\/posts\/45172","targetHints":{"allow":["GET"]}}],"collection":[{"href":"https:\/\/w-l-c.be\/fr\/wp-json\/wp\/v2\/posts"}],"about":[{"href":"https:\/\/w-l-c.be\/fr\/wp-json\/wp\/v2\/types\/post"}],"author":[{"embeddable":true,"href":"https:\/\/w-l-c.be\/fr\/wp-json\/wp\/v2\/users\/7"}],"replies":[{"embeddable":true,"href":"https:\/\/w-l-c.be\/fr\/wp-json\/wp\/v2\/comments?post=45172"}],"version-history":[{"count":0,"href":"https:\/\/w-l-c.be\/fr\/wp-json\/wp\/v2\/posts\/45172\/revisions"}],"wp:featuredmedia":[{"embeddable":true,"href":"https:\/\/w-l-c.be\/fr\/wp-json\/wp\/v2\/media\/45174"}],"wp:attachment":[{"href":"https:\/\/w-l-c.be\/fr\/wp-json\/wp\/v2\/media?parent=45172"}],"wp:term":[{"taxonomy":"category","embeddable":true,"href":"https:\/\/w-l-c.be\/fr\/wp-json\/wp\/v2\/categories?post=45172"},{"taxonomy":"post_tag","embeddable":true,"href":"https:\/\/w-l-c.be\/fr\/wp-json\/wp\/v2\/tags?post=45172"}],"curies":[{"name":"wp","href":"https:\/\/api.w.org\/{rel}","templated":true}]}}