
{"id":45785,"date":"2013-09-26T06:49:52","date_gmt":"2013-09-26T04:49:52","guid":{"rendered":"http:\/\/www.cinevox.be\/?p=45785"},"modified":"2013-09-26T11:34:54","modified_gmt":"2013-09-26T09:34:54","slug":"fiffement-vendredi","status":"publish","type":"post","link":"https:\/\/w-l-c.be\/fr\/fiffement-vendredi\/","title":{"rendered":"Fiffement vendredi !"},"content":{"rendered":"<p>La Belgique ne manque pas de festivals de cin\u00e9ma, de toutes tailles, visant chacun un genre ou un type de films plus ou moins particulier et pr\u00e9cis: l\u2019animation (Anima, la r\u00e9f\u00e9rence), les courts m\u00e9trages, le cin\u00e9ma belge (Moustier et Bruxelles avec son BeFF), le fantastique bien s\u00fbr (ind\u00e9tr\u00f4nable BIFFF), le cin\u00e9ma europ\u00e9en (Virton), m\u00e9diterran\u00e9en (Bruxelles encore), mais aussi le cin\u00e9ma policier, l\u2019amour toujours, la nature, etc.<\/p>\n<p>Au rayon des manifestations plus g\u00e9n\u00e9ralistes, Bruxelles propose le Brussels Film festival en juin et la Flandre avance le FFO ostendais en septembre et le Film Fest Ghent en novembre. La liste n\u2019est m\u00eame pas exhaustive.<\/p>\n<p><!--more--><\/p>\n<p>&nbsp;<\/p>\n<p>Mais \u00e0 la fin du mois du septembre, quoi qu\u2019il se passe ailleurs, les yeux des cin\u00e9philes francophones sont in\u00e9vitablement braqu\u00e9s vers la capitale de la Wallonie. Chaque ann\u00e9e, le FIFF, Festival International du Film Francophone de Namur offre une radioscopie enivrante du cin\u00e9ma francophone, belge, fran\u00e7ais, qu\u00e9b\u00e9cois, suisse, africain\u2026 sans \u0153ill\u00e8res et sans fronti\u00e8res.<\/p>\n<p>&nbsp;<\/p>\n<p>C\u2019est ici que naissent parfois des l\u00e9gendes : on se souvient notamment du bruissement qui accompagna les avant-premi\u00e8res d\u2019<i>Intouchables, <\/i>alors inconnu, pendant l\u2019\u00e9dition\u00a02011 et du triomphe public de <i>Dead Man Talking<\/i> l\u2019an dernier qui annon\u00e7ait les prix du m\u00eame type qu\u2019allait r\u00e9colter le film de Patrick Ridremont dans d\u2019autres manifestations \u00e0 l\u2019\u00e9tranger, jusqu\u2019\u00e0 sa victoire au Magritte du premier film, \u00e9galement d\u00e9cid\u00e9e par les spectateurs.<\/p>\n<p>&nbsp;<\/p>\n<p><a href=\"http:\/\/www.cinevox.be\/fiffement-vendredi\/img_7093\/\" rel=\"attachment wp-att-45786\"><img loading=\"lazy\" decoding=\"async\" class=\"aligncenter size-large wp-image-45786\" alt=\"\" src=\"http:\/\/www.cinevox.be\/wp-content\/uploads\/2013\/09\/IMG_7093-800x533.jpg\" width=\"640\" height=\"426\" srcset=\"https:\/\/w-l-c.be\/wp-content\/uploads\/2013\/09\/IMG_7093-800x533.jpg 800w, https:\/\/w-l-c.be\/wp-content\/uploads\/2013\/09\/IMG_7093-405x270.jpg 405w\" sizes=\"auto, (max-width: 640px) 100vw, 640px\" \/><\/a><\/p>\n<p>&nbsp;<\/p>\n<p>Cette ann\u00e9e, le FIFF propose une 28e \u00e9dition tout aussi riche et vari\u00e9e qu\u2019\u00e0 l\u2019habitude, ne se cantonnant naturellement pas \u00e0 la programmation de longs m\u00e9trages. Les organisateurs multiplient les \u00e9v\u00e9nements pendant toute la semaine, accueillent des dizaines d\u2019invit\u00e9s, alignent les soir\u00e9es festives.<\/p>\n<p>Quand le soleil est de la partie, le FIFF est un petit Cannes sur Meuse, l\u2019amidon en moins. Le public en plus. Car ici les spectateurs non professionnels sont les bienvenus et ils ne se privent pas pour garnir toutes les salles pendant la semaine. Le prix du pass est hyper d\u00e9mocratique. Beaucoup en profitent (on peut l&rsquo;acheter <a href=\"http:\/\/www.ticketnet.be\/fr\/manifestation\/28eme-fiff-billet\/idmanif\/9068\">ici<\/a>)<\/p>\n<p>&nbsp;<\/p>\n<p>Nouveaut\u00e9 de l\u2019ann\u00e9e, le FIFF s\u2019offre des applications tr\u00e8s r\u00e9ussies pour smartphones et tablettes qui vous permettront de savoir ce que vous pouvez y faire jour apr\u00e8s jour et m\u00eame d\u2019agencer votre agenda sur place. Un exercice souvent p\u00e9rilleux pour les festivaliers tant les projections et animations sont nombreuses. Pour la version android, voyez <a href=\"https:\/\/play.google.com\/store\/apps\/details?id=com.rorkal.fiff&amp;hl=en\">ici<\/a>. Pour les Apple maniacs, c&rsquo;est <a href=\"https:\/\/itunes.apple.com\/WebObjects\/MZStore.woa\/wa\/viewSoftware?id=707534884&amp;mt=8\">l\u00e0<\/a>.<\/p>\n<p>&nbsp;<\/p>\n<p><a href=\"http:\/\/www.cinevox.be\/fiffement-vendredi\/424386_494554313917178_584604971_n\/\" rel=\"attachment wp-att-45787\"><img loading=\"lazy\" decoding=\"async\" class=\"aligncenter size-large wp-image-45787\" alt=\"\" src=\"http:\/\/www.cinevox.be\/wp-content\/uploads\/2013\/09\/424386_494554313917178_584604971_n-800x532.jpg\" width=\"640\" height=\"425\" srcset=\"https:\/\/w-l-c.be\/wp-content\/uploads\/2013\/09\/424386_494554313917178_584604971_n-800x532.jpg 800w, https:\/\/w-l-c.be\/wp-content\/uploads\/2013\/09\/424386_494554313917178_584604971_n-405x270.jpg 405w, https:\/\/w-l-c.be\/wp-content\/uploads\/2013\/09\/424386_494554313917178_584604971_n.jpg 960w\" sizes=\"auto, (max-width: 640px) 100vw, 640px\" \/><\/a><\/p>\n<p>&nbsp;<\/p>\n<p>Le FIFF version\u00a02013 s\u2019ouvrira donc vendredi 27 avec les trois heures de la Palme d\u2019Or du r\u00e9cent Festival de Cannes, <i>La vie d\u2019Ad\u00e8le<\/i>, en pr\u00e9sence du r\u00e9alisateur. Il se cl\u00f4turera une semaine plus tard avec le tr\u00e8s attendu <i>Les \u00c2mes de papiers,<\/i> jamais projet\u00e9 en public jusqu\u2019ici.<\/p>\n<p>Le nouveau long m\u00e9trage de <b>Vincent Lannoo<\/b> que Cinevox a pr\u00e9sent\u00e9 sur les grands \u00e9crans sous son titre de travail <i>Six Pieds sur Terre<\/i> (<a href=\"http:\/\/www.cinevox.be\/grand-ecran-n21-juin-2013-six-pieds-sur-terre\">ICI<\/a>) r\u00e9unit St\u00e9phane Guillion, Pierre Richard, Jonathan Zacca\u00ef et Julie Gayet. Il se profile comme un buddy movie et un conte de No\u00ebl doubl\u00e9\u2026 d&rsquo;une com\u00e9die romantique. Le sc\u00e9nario \u00e9tait riche et all\u00e9chant, les premi\u00e8res images que nous avons vues donnaient diablement envie d\u2019en d\u00e9couvrir plus. Impatience !<\/p>\n<p>Bien s\u00fbr, Vincent Lannoo, l&rsquo;armoire \u00e0 glaces du cin\u00e9ma belge, infatigable p\u00e8lerin, sera sur place. Tout le monde se fait un plaisir de le retrouver apr\u00e8s son passage tr\u00e8s remarqu\u00e9 l\u2019an dernier o\u00f9 il \u00e9tait venu proposer le sulfureux Au Nom du Fils, toujours en tourn\u00e9e intergalactique \u00e0 l\u2019heure qu\u2019il est (le film \u00e9tait projet\u00e9 \u00e0 L.A. cette semaine encore).<\/p>\n<p>&nbsp;<\/p>\n<p>&nbsp;<\/p>\n<p><a href=\"http:\/\/www.cinevox.be\/fiffement-vendredi\/2013-09-25_09h50_43\/\" rel=\"attachment wp-att-45788\"><img loading=\"lazy\" decoding=\"async\" class=\"alignright size-large wp-image-45788\" alt=\"\" src=\"http:\/\/www.cinevox.be\/wp-content\/uploads\/2013\/09\/2013-09-25_09h50_43-394x600.jpg\" width=\"394\" height=\"600\" srcset=\"https:\/\/w-l-c.be\/wp-content\/uploads\/2013\/09\/2013-09-25_09h50_43-394x600.jpg 394w, https:\/\/w-l-c.be\/wp-content\/uploads\/2013\/09\/2013-09-25_09h50_43-177x270.jpg 177w, https:\/\/w-l-c.be\/wp-content\/uploads\/2013\/09\/2013-09-25_09h50_43.jpg 601w\" sizes=\"auto, (max-width: 394px) 100vw, 394px\" \/><\/a>Entre ces deux p\u00f4les, entre le 27 septembre et le 4 octobre, beaucoup d\u2019avant-premi\u00e8res et d\u2019exclusivit\u00e9s. Notamment, pour ce qui nous int\u00e9resse plus particuli\u00e8rement, sept longs m\u00e9trages de fiction belges qui affronteront <i>Les \u00c2mes de Papier<\/i> dans le cadre du prix Cinevox remis au meilleur film belge (article \u00e0 suivre) et une pleine journ\u00e9e de courts m\u00e9trages tourn\u00e9s chez nous (samedi\u00a028).<\/p>\n<p>Il y en aura vingt-quatre au total o\u00f9 nous avons tr\u00e8s arbitrairement point\u00e9 le<i> Partouze<\/i> du brillant <b>Matthieu Donck <\/b>qui nous avait \u00e9pat\u00e9s avec <em>Torpedo<\/em>.<\/p>\n<p>&nbsp;<\/p>\n<p>Mais les bonnes surprises seront forc\u00e9ment nombreuses : c\u2019est m\u00eame la r\u00e8gle du genre.<\/p>\n<p>Il y aura aussi une comp\u00e9tition de clips (le 2), un focus sur le 7e art flamand avec des courts m\u00e9trages et des longs, tous peu vus chez nous, le d\u00e9sormais traditionnel <i>Osez le cin\u00e9ma belge<\/i> o\u00f9 les producteurs et r\u00e9alisateurs viendront nous pitcher leurs projets en cours, etc.<\/p>\n<p>De quoi, perdre, sinon la t\u00eate, au moins le sens du quotidien le temps d\u2019une parenth\u00e8se enchant\u00e9e.<\/p>\n<p>&nbsp;<\/p>\n<p>&nbsp;<\/p>\n","protected":false},"excerpt":{"rendered":"<p>La Belgique ne manque pas de festivals de cin\u00e9ma, de toutes tailles, visant chacun un genre ou un type de films plus ou moins particulier et pr\u00e9cis: l\u2019animation (Anima, la r\u00e9f\u00e9rence), les courts m\u00e9trages, le cin\u00e9ma belge (Moustier et Bruxelles avec son BeFF), le fantastique bien s\u00fbr (ind\u00e9tr\u00f4nable BIFFF), le cin\u00e9ma europ\u00e9en (Virton), m\u00e9diterran\u00e9en (Bruxelles &hellip;<\/p>\n","protected":false},"author":7,"featured_media":45790,"comment_status":"closed","ping_status":"closed","sticky":false,"template":"","format":"standard","meta":{"ngg_post_thumbnail":0,"footnotes":""},"categories":[12,7],"tags":[],"class_list":["post-45785","post","type-post","status-publish","format-standard","has-post-thumbnail","","category-awards","category-actualites"],"yoast_head":"<!-- This site is optimized with the Yoast SEO plugin v20.4 - https:\/\/yoast.com\/wordpress\/plugins\/seo\/ -->\n<title>Fiffement vendredi ! - w-l-c<\/title>\n<meta name=\"robots\" content=\"noindex, follow, max-snippet:-1, max-image-preview:large, max-video-preview:-1\" \/>\n<meta property=\"og:locale\" content=\"fr_FR\" \/>\n<meta property=\"og:type\" content=\"article\" \/>\n<meta property=\"og:title\" content=\"Fiffement vendredi ! - w-l-c\" \/>\n<meta property=\"og:description\" content=\"La Belgique ne manque pas de festivals de cin\u00e9ma, de toutes tailles, visant chacun un genre ou un type de films plus ou moins particulier et pr\u00e9cis: l\u2019animation (Anima, la r\u00e9f\u00e9rence), les courts m\u00e9trages, le cin\u00e9ma belge (Moustier et Bruxelles avec son BeFF), le fantastique bien s\u00fbr (ind\u00e9tr\u00f4nable BIFFF), le cin\u00e9ma europ\u00e9en (Virton), m\u00e9diterran\u00e9en (Bruxelles &hellip;\" \/>\n<meta property=\"og:url\" content=\"https:\/\/w-l-c.be\/fr\/fiffement-vendredi\/\" \/>\n<meta property=\"og:site_name\" content=\"w-l-c\" \/>\n<meta property=\"article:published_time\" content=\"2013-09-26T04:49:52+00:00\" \/>\n<meta property=\"article:modified_time\" content=\"2013-09-26T09:34:54+00:00\" \/>\n<meta property=\"og:image\" content=\"https:\/\/w-l-c.be\/wp-content\/uploads\/2010\/09\/IMG_7096.jpg\" \/>\n\t<meta property=\"og:image:width\" content=\"5184\" \/>\n\t<meta property=\"og:image:height\" content=\"3456\" \/>\n\t<meta property=\"og:image:type\" content=\"image\/jpeg\" \/>\n<meta name=\"author\" content=\"Philippe.Pierquin\" \/>\n<meta name=\"twitter:card\" content=\"summary_large_image\" \/>\n<meta name=\"twitter:label1\" content=\"\u00c9crit par\" \/>\n\t<meta name=\"twitter:data1\" content=\"Philippe.Pierquin\" \/>\n\t<meta name=\"twitter:label2\" content=\"Dur\u00e9e de lecture estim\u00e9e\" \/>\n\t<meta name=\"twitter:data2\" content=\"4 minutes\" \/>\n<script type=\"application\/ld+json\" class=\"yoast-schema-graph\">{\"@context\":\"https:\/\/schema.org\",\"@graph\":[{\"@type\":\"WebPage\",\"@id\":\"https:\/\/w-l-c.be\/fr\/fiffement-vendredi\/\",\"url\":\"https:\/\/w-l-c.be\/fr\/fiffement-vendredi\/\",\"name\":\"Fiffement vendredi ! - w-l-c\",\"isPartOf\":{\"@id\":\"https:\/\/w-l-c.be\/fr\/#website\"},\"datePublished\":\"2013-09-26T04:49:52+00:00\",\"dateModified\":\"2013-09-26T09:34:54+00:00\",\"author\":{\"@id\":\"https:\/\/w-l-c.be\/fr\/#\/schema\/person\/4b9b1d857f0943453a38a7c2859ef756\"},\"breadcrumb\":{\"@id\":\"https:\/\/w-l-c.be\/fr\/fiffement-vendredi\/#breadcrumb\"},\"inLanguage\":\"fr-FR\",\"potentialAction\":[{\"@type\":\"ReadAction\",\"target\":[\"https:\/\/w-l-c.be\/fr\/fiffement-vendredi\/\"]}]},{\"@type\":\"BreadcrumbList\",\"@id\":\"https:\/\/w-l-c.be\/fr\/fiffement-vendredi\/#breadcrumb\",\"itemListElement\":[{\"@type\":\"ListItem\",\"position\":1,\"name\":\"Accueil\",\"item\":\"https:\/\/w-l-c.be\/fr\/\"},{\"@type\":\"ListItem\",\"position\":2,\"name\":\"Fiffement vendredi !\"}]},{\"@type\":\"WebSite\",\"@id\":\"https:\/\/w-l-c.be\/fr\/#website\",\"url\":\"https:\/\/w-l-c.be\/fr\/\",\"name\":\"w-l-c\",\"description\":\"Le cin\u00e9ma vu par les belges\",\"potentialAction\":[{\"@type\":\"SearchAction\",\"target\":{\"@type\":\"EntryPoint\",\"urlTemplate\":\"https:\/\/w-l-c.be\/fr\/?s={search_term_string}\"},\"query-input\":\"required name=search_term_string\"}],\"inLanguage\":\"fr-FR\"},{\"@type\":\"Person\",\"@id\":\"https:\/\/w-l-c.be\/fr\/#\/schema\/person\/4b9b1d857f0943453a38a7c2859ef756\",\"name\":\"Philippe.Pierquin\",\"url\":\"https:\/\/w-l-c.be\/fr\/author\/philippe-pierquin\/\"}]}<\/script>\n<!-- \/ Yoast SEO plugin. -->","yoast_head_json":{"title":"Fiffement vendredi ! - w-l-c","robots":{"index":"noindex","follow":"follow","max-snippet":"max-snippet:-1","max-image-preview":"max-image-preview:large","max-video-preview":"max-video-preview:-1"},"og_locale":"fr_FR","og_type":"article","og_title":"Fiffement vendredi ! - w-l-c","og_description":"La Belgique ne manque pas de festivals de cin\u00e9ma, de toutes tailles, visant chacun un genre ou un type de films plus ou moins particulier et pr\u00e9cis: l\u2019animation (Anima, la r\u00e9f\u00e9rence), les courts m\u00e9trages, le cin\u00e9ma belge (Moustier et Bruxelles avec son BeFF), le fantastique bien s\u00fbr (ind\u00e9tr\u00f4nable BIFFF), le cin\u00e9ma europ\u00e9en (Virton), m\u00e9diterran\u00e9en (Bruxelles &hellip;","og_url":"https:\/\/w-l-c.be\/fr\/fiffement-vendredi\/","og_site_name":"w-l-c","article_published_time":"2013-09-26T04:49:52+00:00","article_modified_time":"2013-09-26T09:34:54+00:00","og_image":[{"width":5184,"height":3456,"url":"https:\/\/w-l-c.be\/wp-content\/uploads\/2010\/09\/IMG_7096.jpg","type":"image\/jpeg"}],"author":"Philippe.Pierquin","twitter_card":"summary_large_image","twitter_misc":{"\u00c9crit par":"Philippe.Pierquin","Dur\u00e9e de lecture estim\u00e9e":"4 minutes"},"schema":{"@context":"https:\/\/schema.org","@graph":[{"@type":"WebPage","@id":"https:\/\/w-l-c.be\/fr\/fiffement-vendredi\/","url":"https:\/\/w-l-c.be\/fr\/fiffement-vendredi\/","name":"Fiffement vendredi ! - w-l-c","isPartOf":{"@id":"https:\/\/w-l-c.be\/fr\/#website"},"datePublished":"2013-09-26T04:49:52+00:00","dateModified":"2013-09-26T09:34:54+00:00","author":{"@id":"https:\/\/w-l-c.be\/fr\/#\/schema\/person\/4b9b1d857f0943453a38a7c2859ef756"},"breadcrumb":{"@id":"https:\/\/w-l-c.be\/fr\/fiffement-vendredi\/#breadcrumb"},"inLanguage":"fr-FR","potentialAction":[{"@type":"ReadAction","target":["https:\/\/w-l-c.be\/fr\/fiffement-vendredi\/"]}]},{"@type":"BreadcrumbList","@id":"https:\/\/w-l-c.be\/fr\/fiffement-vendredi\/#breadcrumb","itemListElement":[{"@type":"ListItem","position":1,"name":"Accueil","item":"https:\/\/w-l-c.be\/fr\/"},{"@type":"ListItem","position":2,"name":"Fiffement vendredi !"}]},{"@type":"WebSite","@id":"https:\/\/w-l-c.be\/fr\/#website","url":"https:\/\/w-l-c.be\/fr\/","name":"w-l-c","description":"Le cin\u00e9ma vu par les belges","potentialAction":[{"@type":"SearchAction","target":{"@type":"EntryPoint","urlTemplate":"https:\/\/w-l-c.be\/fr\/?s={search_term_string}"},"query-input":"required name=search_term_string"}],"inLanguage":"fr-FR"},{"@type":"Person","@id":"https:\/\/w-l-c.be\/fr\/#\/schema\/person\/4b9b1d857f0943453a38a7c2859ef756","name":"Philippe.Pierquin","url":"https:\/\/w-l-c.be\/fr\/author\/philippe-pierquin\/"}]}},"_links":{"self":[{"href":"https:\/\/w-l-c.be\/fr\/wp-json\/wp\/v2\/posts\/45785","targetHints":{"allow":["GET"]}}],"collection":[{"href":"https:\/\/w-l-c.be\/fr\/wp-json\/wp\/v2\/posts"}],"about":[{"href":"https:\/\/w-l-c.be\/fr\/wp-json\/wp\/v2\/types\/post"}],"author":[{"embeddable":true,"href":"https:\/\/w-l-c.be\/fr\/wp-json\/wp\/v2\/users\/7"}],"replies":[{"embeddable":true,"href":"https:\/\/w-l-c.be\/fr\/wp-json\/wp\/v2\/comments?post=45785"}],"version-history":[{"count":0,"href":"https:\/\/w-l-c.be\/fr\/wp-json\/wp\/v2\/posts\/45785\/revisions"}],"wp:featuredmedia":[{"embeddable":true,"href":"https:\/\/w-l-c.be\/fr\/wp-json\/wp\/v2\/media\/45790"}],"wp:attachment":[{"href":"https:\/\/w-l-c.be\/fr\/wp-json\/wp\/v2\/media?parent=45785"}],"wp:term":[{"taxonomy":"category","embeddable":true,"href":"https:\/\/w-l-c.be\/fr\/wp-json\/wp\/v2\/categories?post=45785"},{"taxonomy":"post_tag","embeddable":true,"href":"https:\/\/w-l-c.be\/fr\/wp-json\/wp\/v2\/tags?post=45785"}],"curies":[{"name":"wp","href":"https:\/\/api.w.org\/{rel}","templated":true}]}}