
{"id":45797,"date":"2013-09-26T08:25:24","date_gmt":"2013-09-26T06:25:24","guid":{"rendered":"http:\/\/www.cinevox.be\/?p=45797"},"modified":"2013-09-26T18:45:55","modified_gmt":"2013-09-26T16:45:55","slug":"fiff-2013-prix-cinevox-2e-edition","status":"publish","type":"post","link":"https:\/\/w-l-c.be\/fr\/fiff-2013-prix-cinevox-2e-edition\/","title":{"rendered":"FIFF 2013 : Prix Cinevox, 2e \u00e9dition"},"content":{"rendered":"<p>Pour la deuxi\u00e8me ann\u00e9e cons\u00e9cutive, Cinevox participe au Festival International du Film Francophone de Namur en tant que partenaire principal de l&rsquo;\u00e9v\u00e8nement aux c\u00f4t\u00e9s de la RTBF.<!--more--><\/p>\n<p>&nbsp;<\/p>\n<p>&nbsp;<\/p>\n<p>&nbsp;<\/p>\n<p>&nbsp;<\/p>\n<p>&nbsp;<\/p>\n<p>Avant chaque film, une capsule Cinevox sp\u00e9cialement con\u00e7ue pour le FIFF se focalisera sur notre site qui, cette ann\u00e9e encore, se mettra aux couleurs de la manifestation pendant toute la dur\u00e9e des festivit\u00e9s. Tous les jours vous y trouverez, commentaires, photos, interviews et pr\u00e9sentation de films en exclusivit\u00e9.<\/p>\n<p>&nbsp;<\/p>\n<p>Pour concr\u00e9tiser ce partenariat de prestige, le prix Cinevox sera \u00e0 nouveau d\u00e9cern\u00e9 au meilleur long m\u00e9trage belge de fiction projet\u00e9 pendant la semaine, toutes sections confondues. La d\u00e9finition de \u00ab\u00a0film belge\u00a0\u00bb est ici calqu\u00e9e sur celle qui pr\u00e9vaut pour les Magritte du cin\u00e9ma, \u00e0 savoir un film majoritairement financ\u00e9 chez nous et\/ou r\u00e9alis\u00e9 par un artiste belge.<\/p>\n<p>&nbsp;<\/p>\n<p><a href=\"http:\/\/www.cinevox.be\/fiff-2013-prix-cinevox-2e-edition\/fm_mg_3514\/\" rel=\"attachment wp-att-45798\"><img loading=\"lazy\" decoding=\"async\" class=\"aligncenter size-large wp-image-45798\" alt=\"\" src=\"http:\/\/www.cinevox.be\/wp-content\/uploads\/2013\/09\/fm_MG_3514-800x533.jpg\" width=\"640\" height=\"426\" srcset=\"https:\/\/w-l-c.be\/wp-content\/uploads\/2013\/09\/fm_MG_3514-800x533.jpg 800w, https:\/\/w-l-c.be\/wp-content\/uploads\/2013\/09\/fm_MG_3514-404x270.jpg 404w\" sizes=\"auto, (max-width: 640px) 100vw, 640px\" \/><\/a><\/p>\n<p>&nbsp;<\/p>\n<p>La r\u00e9compense associ\u00e9e \u00e0 ce prix ne laissera aucun producteur, aucun distributeur, indiff\u00e9rent: la r\u00e9gie publicitaire Brightfish, offre au film prim\u00e9 sept jours de diffusion gratuite de son spot promotionnel (d\u2019une dur\u00e9e maximale de 30\u2019\u2019) dans les salles de Bruxelles et Wallonie en r\u00e9gie chez Brightfish et correspondant \u00e0 l\u2019univers g\u00e9ographique de sortie du film.<br \/>\nComme l&rsquo;an dernier, le laur\u00e9at sera d\u00e9sign\u00e9 par un jury de quatre passionn\u00e9s de cin\u00e9ma belge (pr\u00e9sentation samedi), pr\u00e9sid\u00e9 par une cin\u00e9phile professionnelle: Christine Pinchart (chroniqueuse artistique sur les radios de la RTBF).<br \/>\nCe prix est donc totalement ind\u00e9pendant de la r\u00e9daction de Cinevox qui ne participe pas aux d\u00e9bats.<\/p>\n<p>&nbsp;<\/p>\n<p><a href=\"http:\/\/www.cinevox.be\/fiff-2013-prix-cinevox-2e-edition\/fm_mg_3586\/\" rel=\"attachment wp-att-45799\"><img loading=\"lazy\" decoding=\"async\" class=\"aligncenter size-large wp-image-45799\" alt=\"\" src=\"http:\/\/www.cinevox.be\/wp-content\/uploads\/2013\/09\/fm_MG_3586-800x533.jpg\" width=\"640\" height=\"426\" srcset=\"https:\/\/w-l-c.be\/wp-content\/uploads\/2013\/09\/fm_MG_3586-800x533.jpg 800w, https:\/\/w-l-c.be\/wp-content\/uploads\/2013\/09\/fm_MG_3586-404x270.jpg 404w\" sizes=\"auto, (max-width: 640px) 100vw, 640px\" \/><\/a><\/p>\n<p>&nbsp;<\/p>\n<p>L&rsquo;an dernier, le prix Cinevox avait \u00e9t\u00e9 attribu\u00e9 \u00e0 <i>Hors les Murs<\/i> de <b>David Lambert<\/b> et remis au producteur <b>Jean-Yves Roubin<\/b> la veille de la c\u00e9r\u00e9monie officielle des Bayards. Cette ann\u00e9e encore il sera d\u00e9cern\u00e9 le jeudi 3 octobre en d\u00e9but de soir\u00e9e au bistrot Cinevox dans le Chapiteau, en pr\u00e9sence de repr\u00e9sentants de tous les longs m\u00e9trages en comp\u00e9tition.<\/p>\n<p>&nbsp;<\/p>\n<p>Ces films sont :<\/p>\n<p>Les \u00c2mes de papier de Vincent Lannoo (Belgique\/Luxembourg\/France) &#8211; Cl\u00f4ture<\/p>\n<p>Henri de Yolande Moreau (France\/Belgique) \u2013 comp\u00e9tition officielle<\/p>\n<p>La Tendresse de Marion H\u00e4nsel (Belgique\/France\/Allemagne) &#8211; comp\u00e9tition officielle<\/p>\n<p>Post Partum de Delphine Noels (Belgique\/France\/Luxembourg) &#8211; comp\u00e9tition premi\u00e8re \u0153uvre<\/p>\n<p>Puppylove de Delphine Lehericey (Belgique\/Suisse) &#8211; comp\u00e9tition premi\u00e8re \u0153uvre<\/p>\n<p>Tokyo Anyway de Camille Meynard (Belgique) &#8211; comp\u00e9tition premi\u00e8re \u0153uvre<\/p>\n<p>Yam Dam de Vivian Goffette (Belgique) &#8211; comp\u00e9tition premi\u00e8re \u0153uvre<\/p>\n<p>Baby Balloon de Stefan Liberski (Belgique\/France) \u2013 regards du pr\u00e9sent<\/p>\n<p>&nbsp;<\/p>\n<p>&nbsp;<\/p>\n","protected":false},"excerpt":{"rendered":"<p>Pour la deuxi\u00e8me ann\u00e9e cons\u00e9cutive, Cinevox participe au Festival International du Film Francophone de Namur en tant que partenaire principal de l&rsquo;\u00e9v\u00e8nement aux c\u00f4t\u00e9s de la RTBF.<\/p>\n","protected":false},"author":7,"featured_media":45801,"comment_status":"closed","ping_status":"closed","sticky":false,"template":"","format":"standard","meta":{"ngg_post_thumbnail":0,"footnotes":""},"categories":[12,7],"tags":[],"class_list":["post-45797","post","type-post","status-publish","format-standard","has-post-thumbnail","","category-awards","category-actualites"],"yoast_head":"<!-- This site is optimized with the Yoast SEO plugin v20.4 - https:\/\/yoast.com\/wordpress\/plugins\/seo\/ -->\n<title>FIFF 2013 : Prix Cinevox, 2e \u00e9dition - w-l-c<\/title>\n<meta name=\"robots\" content=\"noindex, follow, max-snippet:-1, max-image-preview:large, max-video-preview:-1\" \/>\n<meta property=\"og:locale\" content=\"fr_FR\" \/>\n<meta property=\"og:type\" content=\"article\" \/>\n<meta property=\"og:title\" content=\"FIFF 2013 : Prix Cinevox, 2e \u00e9dition - w-l-c\" \/>\n<meta property=\"og:description\" content=\"Pour la deuxi\u00e8me ann\u00e9e cons\u00e9cutive, Cinevox participe au Festival International du Film Francophone de Namur en tant que partenaire principal de l&rsquo;\u00e9v\u00e8nement aux c\u00f4t\u00e9s de la RTBF.\" \/>\n<meta property=\"og:url\" content=\"https:\/\/w-l-c.be\/fr\/fiff-2013-prix-cinevox-2e-edition\/\" \/>\n<meta property=\"og:site_name\" content=\"w-l-c\" \/>\n<meta property=\"article:published_time\" content=\"2013-09-26T06:25:24+00:00\" \/>\n<meta property=\"article:modified_time\" content=\"2013-09-26T16:45:55+00:00\" \/>\n<meta property=\"og:image\" content=\"https:\/\/w-l-c.be\/wp-content\/uploads\/2010\/09\/fm_MG_3566.jpg\" \/>\n\t<meta property=\"og:image:width\" content=\"5616\" \/>\n\t<meta property=\"og:image:height\" content=\"3744\" \/>\n\t<meta property=\"og:image:type\" content=\"image\/jpeg\" \/>\n<meta name=\"author\" content=\"Philippe.Pierquin\" \/>\n<meta name=\"twitter:card\" content=\"summary_large_image\" \/>\n<meta name=\"twitter:label1\" content=\"\u00c9crit par\" \/>\n\t<meta name=\"twitter:data1\" content=\"Philippe.Pierquin\" \/>\n\t<meta name=\"twitter:label2\" content=\"Dur\u00e9e de lecture estim\u00e9e\" \/>\n\t<meta name=\"twitter:data2\" content=\"2 minutes\" \/>\n<script type=\"application\/ld+json\" class=\"yoast-schema-graph\">{\"@context\":\"https:\/\/schema.org\",\"@graph\":[{\"@type\":\"WebPage\",\"@id\":\"https:\/\/w-l-c.be\/fr\/fiff-2013-prix-cinevox-2e-edition\/\",\"url\":\"https:\/\/w-l-c.be\/fr\/fiff-2013-prix-cinevox-2e-edition\/\",\"name\":\"FIFF 2013 : Prix Cinevox, 2e \u00e9dition - w-l-c\",\"isPartOf\":{\"@id\":\"https:\/\/w-l-c.be\/fr\/#website\"},\"datePublished\":\"2013-09-26T06:25:24+00:00\",\"dateModified\":\"2013-09-26T16:45:55+00:00\",\"author\":{\"@id\":\"https:\/\/w-l-c.be\/fr\/#\/schema\/person\/4b9b1d857f0943453a38a7c2859ef756\"},\"breadcrumb\":{\"@id\":\"https:\/\/w-l-c.be\/fr\/fiff-2013-prix-cinevox-2e-edition\/#breadcrumb\"},\"inLanguage\":\"fr-FR\",\"potentialAction\":[{\"@type\":\"ReadAction\",\"target\":[\"https:\/\/w-l-c.be\/fr\/fiff-2013-prix-cinevox-2e-edition\/\"]}]},{\"@type\":\"BreadcrumbList\",\"@id\":\"https:\/\/w-l-c.be\/fr\/fiff-2013-prix-cinevox-2e-edition\/#breadcrumb\",\"itemListElement\":[{\"@type\":\"ListItem\",\"position\":1,\"name\":\"Accueil\",\"item\":\"https:\/\/w-l-c.be\/fr\/\"},{\"@type\":\"ListItem\",\"position\":2,\"name\":\"FIFF 2013 : Prix Cinevox, 2e \u00e9dition\"}]},{\"@type\":\"WebSite\",\"@id\":\"https:\/\/w-l-c.be\/fr\/#website\",\"url\":\"https:\/\/w-l-c.be\/fr\/\",\"name\":\"w-l-c\",\"description\":\"Le cin\u00e9ma vu par les belges\",\"potentialAction\":[{\"@type\":\"SearchAction\",\"target\":{\"@type\":\"EntryPoint\",\"urlTemplate\":\"https:\/\/w-l-c.be\/fr\/?s={search_term_string}\"},\"query-input\":\"required name=search_term_string\"}],\"inLanguage\":\"fr-FR\"},{\"@type\":\"Person\",\"@id\":\"https:\/\/w-l-c.be\/fr\/#\/schema\/person\/4b9b1d857f0943453a38a7c2859ef756\",\"name\":\"Philippe.Pierquin\",\"url\":\"https:\/\/w-l-c.be\/fr\/author\/philippe-pierquin\/\"}]}<\/script>\n<!-- \/ Yoast SEO plugin. -->","yoast_head_json":{"title":"FIFF 2013 : Prix Cinevox, 2e \u00e9dition - w-l-c","robots":{"index":"noindex","follow":"follow","max-snippet":"max-snippet:-1","max-image-preview":"max-image-preview:large","max-video-preview":"max-video-preview:-1"},"og_locale":"fr_FR","og_type":"article","og_title":"FIFF 2013 : Prix Cinevox, 2e \u00e9dition - w-l-c","og_description":"Pour la deuxi\u00e8me ann\u00e9e cons\u00e9cutive, Cinevox participe au Festival International du Film Francophone de Namur en tant que partenaire principal de l&rsquo;\u00e9v\u00e8nement aux c\u00f4t\u00e9s de la RTBF.","og_url":"https:\/\/w-l-c.be\/fr\/fiff-2013-prix-cinevox-2e-edition\/","og_site_name":"w-l-c","article_published_time":"2013-09-26T06:25:24+00:00","article_modified_time":"2013-09-26T16:45:55+00:00","og_image":[{"width":5616,"height":3744,"url":"https:\/\/w-l-c.be\/wp-content\/uploads\/2010\/09\/fm_MG_3566.jpg","type":"image\/jpeg"}],"author":"Philippe.Pierquin","twitter_card":"summary_large_image","twitter_misc":{"\u00c9crit par":"Philippe.Pierquin","Dur\u00e9e de lecture estim\u00e9e":"2 minutes"},"schema":{"@context":"https:\/\/schema.org","@graph":[{"@type":"WebPage","@id":"https:\/\/w-l-c.be\/fr\/fiff-2013-prix-cinevox-2e-edition\/","url":"https:\/\/w-l-c.be\/fr\/fiff-2013-prix-cinevox-2e-edition\/","name":"FIFF 2013 : Prix Cinevox, 2e \u00e9dition - w-l-c","isPartOf":{"@id":"https:\/\/w-l-c.be\/fr\/#website"},"datePublished":"2013-09-26T06:25:24+00:00","dateModified":"2013-09-26T16:45:55+00:00","author":{"@id":"https:\/\/w-l-c.be\/fr\/#\/schema\/person\/4b9b1d857f0943453a38a7c2859ef756"},"breadcrumb":{"@id":"https:\/\/w-l-c.be\/fr\/fiff-2013-prix-cinevox-2e-edition\/#breadcrumb"},"inLanguage":"fr-FR","potentialAction":[{"@type":"ReadAction","target":["https:\/\/w-l-c.be\/fr\/fiff-2013-prix-cinevox-2e-edition\/"]}]},{"@type":"BreadcrumbList","@id":"https:\/\/w-l-c.be\/fr\/fiff-2013-prix-cinevox-2e-edition\/#breadcrumb","itemListElement":[{"@type":"ListItem","position":1,"name":"Accueil","item":"https:\/\/w-l-c.be\/fr\/"},{"@type":"ListItem","position":2,"name":"FIFF 2013 : Prix Cinevox, 2e \u00e9dition"}]},{"@type":"WebSite","@id":"https:\/\/w-l-c.be\/fr\/#website","url":"https:\/\/w-l-c.be\/fr\/","name":"w-l-c","description":"Le cin\u00e9ma vu par les belges","potentialAction":[{"@type":"SearchAction","target":{"@type":"EntryPoint","urlTemplate":"https:\/\/w-l-c.be\/fr\/?s={search_term_string}"},"query-input":"required name=search_term_string"}],"inLanguage":"fr-FR"},{"@type":"Person","@id":"https:\/\/w-l-c.be\/fr\/#\/schema\/person\/4b9b1d857f0943453a38a7c2859ef756","name":"Philippe.Pierquin","url":"https:\/\/w-l-c.be\/fr\/author\/philippe-pierquin\/"}]}},"_links":{"self":[{"href":"https:\/\/w-l-c.be\/fr\/wp-json\/wp\/v2\/posts\/45797","targetHints":{"allow":["GET"]}}],"collection":[{"href":"https:\/\/w-l-c.be\/fr\/wp-json\/wp\/v2\/posts"}],"about":[{"href":"https:\/\/w-l-c.be\/fr\/wp-json\/wp\/v2\/types\/post"}],"author":[{"embeddable":true,"href":"https:\/\/w-l-c.be\/fr\/wp-json\/wp\/v2\/users\/7"}],"replies":[{"embeddable":true,"href":"https:\/\/w-l-c.be\/fr\/wp-json\/wp\/v2\/comments?post=45797"}],"version-history":[{"count":0,"href":"https:\/\/w-l-c.be\/fr\/wp-json\/wp\/v2\/posts\/45797\/revisions"}],"wp:featuredmedia":[{"embeddable":true,"href":"https:\/\/w-l-c.be\/fr\/wp-json\/wp\/v2\/media\/45801"}],"wp:attachment":[{"href":"https:\/\/w-l-c.be\/fr\/wp-json\/wp\/v2\/media?parent=45797"}],"wp:term":[{"taxonomy":"category","embeddable":true,"href":"https:\/\/w-l-c.be\/fr\/wp-json\/wp\/v2\/categories?post=45797"},{"taxonomy":"post_tag","embeddable":true,"href":"https:\/\/w-l-c.be\/fr\/wp-json\/wp\/v2\/tags?post=45797"}],"curies":[{"name":"wp","href":"https:\/\/api.w.org\/{rel}","templated":true}]}}