
{"id":45923,"date":"2013-09-27T15:38:01","date_gmt":"2013-09-27T13:38:01","guid":{"rendered":"http:\/\/www.cinevox.be\/?p=45923"},"modified":"2013-09-28T09:53:51","modified_gmt":"2013-09-28T07:53:51","slug":"fiff-2013-samedi-au-festival","status":"publish","type":"post","link":"https:\/\/w-l-c.be\/fr\/fiff-2013-samedi-au-festival\/","title":{"rendered":"FIFF 2013 : un samedi au festival"},"content":{"rendered":"<p>FIFF, journ\u00e9e 2. Que faire \u00e0 Namur, ce samedi 28 septembre?<!--more--><\/p>\n<p>&nbsp;<\/p>\n<p>&nbsp;<\/p>\n<p>&nbsp;<\/p>\n<p>&nbsp;<\/p>\n<p>&nbsp;<\/p>\n<p>&nbsp;<\/p>\n<p>&#8211; \u00c0 10h, testez la s\u00e9ance famille, \u00ab\u00a0Sur le chemin de l&rsquo;\u00e9cole\u00a0\u00bbde Pascal Plisson pour bien commencer la journ\u00e9e!<\/p>\n<p>&nbsp;<\/p>\n<p>&#8211; De 11h \u00e0 18h30, d\u00e9couvrez le cru 2013 des courts m\u00e9trages belges au Palais des Congr\u00e8s<\/p>\n<p>&nbsp;<\/p>\n<p>&#8211; De 16h \u00e0 18h, laissez libre cours \u00e0 votre photog\u00e9nie et faites vous photographier par Clap! Bureaux de tournage le temps d&rsquo;uncasting figurants!<\/p>\n<p>&nbsp;<\/p>\n<p>&#8211; \u00c0 18h30, \u00ab\u00a0Alph\u00e9e des \u00e9toiles\u00a0\u00bb d&rsquo;Hugo Latulippe ouvre le focus documentaire, en pr\u00e9sence du r\u00e9alisateur.<\/p>\n<p>&nbsp;<\/p>\n<p>&#8211; D\u00e8s 21h, laissez-vous tenter par \u00ab\u00a0La Bataille de Solferino\u00a0\u00bb de Justine Triet ou venez vous d\u00e9tendre au traditionnel Blind test, avant de finir la soir\u00e9e en beaut\u00e9<\/p>\n<p>\u00e0 la soir\u00e9e anim\u00e9e par l&rsquo;\u00e9quipe du FIFF avec Eric Russon et C\u00e9dric Wautier en guests!<strong><\/strong><\/p>\n<p>&nbsp;<\/p>\n<p><strong>Les s\u00e9ances<\/strong><\/p>\n<p>&nbsp;<\/p>\n<p><a href=\"http:\/\/www.cinevox.be\/fiff-2013-samedi-au-festival\/yamdam05\/\" rel=\"attachment wp-att-45925\"><img loading=\"lazy\" decoding=\"async\" class=\"aligncenter size-full wp-image-45925\" alt=\"\" src=\"http:\/\/www.cinevox.be\/wp-content\/uploads\/2013\/09\/YamDam05.jpg\" width=\"800\" height=\"330\" srcset=\"https:\/\/w-l-c.be\/wp-content\/uploads\/2013\/09\/YamDam05.jpg 800w, https:\/\/w-l-c.be\/wp-content\/uploads\/2013\/09\/YamDam05-480x198.jpg 480w\" sizes=\"auto, (max-width: 800px) 100vw, 800px\" \/><\/a><\/p>\n<p>&nbsp;<\/p>\n<p>10h00\u00a0\u00a0\u00a0 Sur le chemin de l&rsquo;\u00e9cole &#8211; Pascal Plisson \u2013 Eldorado 2<\/p>\n<p>18h15\u00a0\u00a0\u00a0 Yam Dam &#8211; Vivian Goffette \u2013 Eldorado 1 (photo)<\/p>\n<p>18h15\u00a0\u00a0\u00a0 Des \u00e9toiles &#8211; Dyana Gaye \u2013 Maison de la Culture<\/p>\n<p>18h30\u00a0\u00a0\u00a0 Automnes 3 Hivers &#8211; S\u00e9bastien Betbeder &#8211; Eldorado 2<\/p>\n<p>18h30\u00a0\u00a0\u00a0 Alph\u00e9e des \u00e9toiles &#8211; Hugo Latulippe \u2013 Eldorado 5<\/p>\n<p>20h00\u00a0\u00a0\u00a0 Lulu, femme nue &#8211; S\u00f3lveig Anspach \u2013 Acina 7<\/p>\n<p>21h00\u00a0\u00a0\u00a0 Henri &#8211; Yolande Moreau &#8211; Eldorado 1 (photo d&rsquo;ouverture)<\/p>\n<p>21h00\u00a0\u00a0\u00a0 Post Partum &#8211; Delphine Noels \u2013 Maison de la Culture<\/p>\n<p>21h15\u00a0\u00a0\u00a0 L&rsquo;Arm\u00e9e du salut &#8211; Abdellah Ta\u00efa &#8211; Eldorado 2<\/p>\n<p>21h15\u00a0\u00a0\u00a0 Au bord du monde &#8211; Claus Drexel &#8211; Eldorado 5<\/p>\n<p>21h15\u00a0\u00a0\u00a0 La Bataille de Solf\u00e9rino &#8211; Justine Triet \u2013 Palais des Congr\u00e8s<\/p>\n","protected":false},"excerpt":{"rendered":"<p>FIFF, journ\u00e9e 2. Que faire \u00e0 Namur, ce samedi 28 septembre?<\/p>\n","protected":false},"author":7,"featured_media":45927,"comment_status":"closed","ping_status":"closed","sticky":false,"template":"","format":"standard","meta":{"ngg_post_thumbnail":0,"footnotes":""},"categories":[12,7],"tags":[],"class_list":["post-45923","post","type-post","status-publish","format-standard","has-post-thumbnail","","category-awards","category-actualites"],"yoast_head":"<!-- This site is optimized with the Yoast SEO plugin v20.4 - https:\/\/yoast.com\/wordpress\/plugins\/seo\/ -->\n<title>FIFF 2013 : un samedi au festival - w-l-c<\/title>\n<meta name=\"robots\" content=\"noindex, follow, max-snippet:-1, max-image-preview:large, max-video-preview:-1\" \/>\n<meta property=\"og:locale\" content=\"fr_FR\" \/>\n<meta property=\"og:type\" content=\"article\" \/>\n<meta property=\"og:title\" content=\"FIFF 2013 : un samedi au festival - w-l-c\" \/>\n<meta property=\"og:description\" content=\"FIFF, journ\u00e9e 2. Que faire \u00e0 Namur, ce samedi 28 septembre?\" \/>\n<meta property=\"og:url\" content=\"https:\/\/w-l-c.be\/fr\/fiff-2013-samedi-au-festival\/\" \/>\n<meta property=\"og:site_name\" content=\"w-l-c\" \/>\n<meta property=\"article:published_time\" content=\"2013-09-27T13:38:01+00:00\" \/>\n<meta property=\"article:modified_time\" content=\"2013-09-28T07:53:51+00:00\" \/>\n<meta property=\"og:image\" content=\"https:\/\/w-l-c.be\/wp-content\/uploads\/2010\/09\/HENRI04\u00a9ArnaudBorrel.jpg\" \/>\n\t<meta property=\"og:image:width\" content=\"800\" \/>\n\t<meta property=\"og:image:height\" content=\"532\" \/>\n\t<meta property=\"og:image:type\" content=\"image\/jpeg\" \/>\n<meta name=\"author\" content=\"Philippe.Pierquin\" \/>\n<meta name=\"twitter:card\" content=\"summary_large_image\" \/>\n<meta name=\"twitter:label1\" content=\"\u00c9crit par\" \/>\n\t<meta name=\"twitter:data1\" content=\"Philippe.Pierquin\" \/>\n\t<meta name=\"twitter:label2\" content=\"Dur\u00e9e de lecture estim\u00e9e\" \/>\n\t<meta name=\"twitter:data2\" content=\"1 minute\" \/>\n<script type=\"application\/ld+json\" class=\"yoast-schema-graph\">{\"@context\":\"https:\/\/schema.org\",\"@graph\":[{\"@type\":\"WebPage\",\"@id\":\"https:\/\/w-l-c.be\/fr\/fiff-2013-samedi-au-festival\/\",\"url\":\"https:\/\/w-l-c.be\/fr\/fiff-2013-samedi-au-festival\/\",\"name\":\"FIFF 2013 : un samedi au festival - w-l-c\",\"isPartOf\":{\"@id\":\"https:\/\/w-l-c.be\/fr\/#website\"},\"datePublished\":\"2013-09-27T13:38:01+00:00\",\"dateModified\":\"2013-09-28T07:53:51+00:00\",\"author\":{\"@id\":\"https:\/\/w-l-c.be\/fr\/#\/schema\/person\/4b9b1d857f0943453a38a7c2859ef756\"},\"breadcrumb\":{\"@id\":\"https:\/\/w-l-c.be\/fr\/fiff-2013-samedi-au-festival\/#breadcrumb\"},\"inLanguage\":\"fr-FR\",\"potentialAction\":[{\"@type\":\"ReadAction\",\"target\":[\"https:\/\/w-l-c.be\/fr\/fiff-2013-samedi-au-festival\/\"]}]},{\"@type\":\"BreadcrumbList\",\"@id\":\"https:\/\/w-l-c.be\/fr\/fiff-2013-samedi-au-festival\/#breadcrumb\",\"itemListElement\":[{\"@type\":\"ListItem\",\"position\":1,\"name\":\"Accueil\",\"item\":\"https:\/\/w-l-c.be\/fr\/\"},{\"@type\":\"ListItem\",\"position\":2,\"name\":\"FIFF 2013 : un samedi au festival\"}]},{\"@type\":\"WebSite\",\"@id\":\"https:\/\/w-l-c.be\/fr\/#website\",\"url\":\"https:\/\/w-l-c.be\/fr\/\",\"name\":\"w-l-c\",\"description\":\"Le cin\u00e9ma vu par les belges\",\"potentialAction\":[{\"@type\":\"SearchAction\",\"target\":{\"@type\":\"EntryPoint\",\"urlTemplate\":\"https:\/\/w-l-c.be\/fr\/?s={search_term_string}\"},\"query-input\":\"required name=search_term_string\"}],\"inLanguage\":\"fr-FR\"},{\"@type\":\"Person\",\"@id\":\"https:\/\/w-l-c.be\/fr\/#\/schema\/person\/4b9b1d857f0943453a38a7c2859ef756\",\"name\":\"Philippe.Pierquin\",\"url\":\"https:\/\/w-l-c.be\/fr\/author\/philippe-pierquin\/\"}]}<\/script>\n<!-- \/ Yoast SEO plugin. -->","yoast_head_json":{"title":"FIFF 2013 : un samedi au festival - w-l-c","robots":{"index":"noindex","follow":"follow","max-snippet":"max-snippet:-1","max-image-preview":"max-image-preview:large","max-video-preview":"max-video-preview:-1"},"og_locale":"fr_FR","og_type":"article","og_title":"FIFF 2013 : un samedi au festival - w-l-c","og_description":"FIFF, journ\u00e9e 2. Que faire \u00e0 Namur, ce samedi 28 septembre?","og_url":"https:\/\/w-l-c.be\/fr\/fiff-2013-samedi-au-festival\/","og_site_name":"w-l-c","article_published_time":"2013-09-27T13:38:01+00:00","article_modified_time":"2013-09-28T07:53:51+00:00","og_image":[{"width":800,"height":532,"url":"https:\/\/w-l-c.be\/wp-content\/uploads\/2010\/09\/HENRI04\u00a9ArnaudBorrel.jpg","type":"image\/jpeg"}],"author":"Philippe.Pierquin","twitter_card":"summary_large_image","twitter_misc":{"\u00c9crit par":"Philippe.Pierquin","Dur\u00e9e de lecture estim\u00e9e":"1 minute"},"schema":{"@context":"https:\/\/schema.org","@graph":[{"@type":"WebPage","@id":"https:\/\/w-l-c.be\/fr\/fiff-2013-samedi-au-festival\/","url":"https:\/\/w-l-c.be\/fr\/fiff-2013-samedi-au-festival\/","name":"FIFF 2013 : un samedi au festival - w-l-c","isPartOf":{"@id":"https:\/\/w-l-c.be\/fr\/#website"},"datePublished":"2013-09-27T13:38:01+00:00","dateModified":"2013-09-28T07:53:51+00:00","author":{"@id":"https:\/\/w-l-c.be\/fr\/#\/schema\/person\/4b9b1d857f0943453a38a7c2859ef756"},"breadcrumb":{"@id":"https:\/\/w-l-c.be\/fr\/fiff-2013-samedi-au-festival\/#breadcrumb"},"inLanguage":"fr-FR","potentialAction":[{"@type":"ReadAction","target":["https:\/\/w-l-c.be\/fr\/fiff-2013-samedi-au-festival\/"]}]},{"@type":"BreadcrumbList","@id":"https:\/\/w-l-c.be\/fr\/fiff-2013-samedi-au-festival\/#breadcrumb","itemListElement":[{"@type":"ListItem","position":1,"name":"Accueil","item":"https:\/\/w-l-c.be\/fr\/"},{"@type":"ListItem","position":2,"name":"FIFF 2013 : un samedi au festival"}]},{"@type":"WebSite","@id":"https:\/\/w-l-c.be\/fr\/#website","url":"https:\/\/w-l-c.be\/fr\/","name":"w-l-c","description":"Le cin\u00e9ma vu par les belges","potentialAction":[{"@type":"SearchAction","target":{"@type":"EntryPoint","urlTemplate":"https:\/\/w-l-c.be\/fr\/?s={search_term_string}"},"query-input":"required name=search_term_string"}],"inLanguage":"fr-FR"},{"@type":"Person","@id":"https:\/\/w-l-c.be\/fr\/#\/schema\/person\/4b9b1d857f0943453a38a7c2859ef756","name":"Philippe.Pierquin","url":"https:\/\/w-l-c.be\/fr\/author\/philippe-pierquin\/"}]}},"_links":{"self":[{"href":"https:\/\/w-l-c.be\/fr\/wp-json\/wp\/v2\/posts\/45923","targetHints":{"allow":["GET"]}}],"collection":[{"href":"https:\/\/w-l-c.be\/fr\/wp-json\/wp\/v2\/posts"}],"about":[{"href":"https:\/\/w-l-c.be\/fr\/wp-json\/wp\/v2\/types\/post"}],"author":[{"embeddable":true,"href":"https:\/\/w-l-c.be\/fr\/wp-json\/wp\/v2\/users\/7"}],"replies":[{"embeddable":true,"href":"https:\/\/w-l-c.be\/fr\/wp-json\/wp\/v2\/comments?post=45923"}],"version-history":[{"count":0,"href":"https:\/\/w-l-c.be\/fr\/wp-json\/wp\/v2\/posts\/45923\/revisions"}],"wp:featuredmedia":[{"embeddable":true,"href":"https:\/\/w-l-c.be\/fr\/wp-json\/wp\/v2\/media\/45927"}],"wp:attachment":[{"href":"https:\/\/w-l-c.be\/fr\/wp-json\/wp\/v2\/media?parent=45923"}],"wp:term":[{"taxonomy":"category","embeddable":true,"href":"https:\/\/w-l-c.be\/fr\/wp-json\/wp\/v2\/categories?post=45923"},{"taxonomy":"post_tag","embeddable":true,"href":"https:\/\/w-l-c.be\/fr\/wp-json\/wp\/v2\/tags?post=45923"}],"curies":[{"name":"wp","href":"https:\/\/api.w.org\/{rel}","templated":true}]}}