
{"id":45959,"date":"2014-03-11T08:21:36","date_gmt":"2014-03-11T07:21:36","guid":{"rendered":"http:\/\/www.cinevox.be\/?p=45959"},"modified":"2014-03-10T10:56:37","modified_gmt":"2014-03-10T09:56:37","slug":"fiff-2013-yam-dam-afrique-adieu","status":"publish","type":"post","link":"https:\/\/w-l-c.be\/fr\/fiff-2013-yam-dam-afrique-adieu\/","title":{"rendered":"Yam Dam : Afrique adieu\u2026"},"content":{"rendered":"<p>Christian m\u00e8ne une vie bourgeoise et sans relief de v\u00e9t\u00e9rinaire de province. Mari\u00e9, sans enfants, il a cr\u00e9\u00e9 avec sa femme une petite association d\u2019aide \u00e0 l\u2019Afrique dont il est le pr\u00e9sident. Mais cela ne suffit pas \u00e0 combler la monotonie de son existence. Alors Christian surfe. Sur le net, il s\u2019invente une deuxi\u00e8me personnalit\u00e9 et flirte avec de jeunes Africaines en qu\u00eate d\u2019un avenir meilleure. Jusqu\u2019au jour o\u00f9 Faustine, jeune burkinab\u00e9e de 26 ans, d\u00e9barque dans son cabinet&#8230;<\/p>\n<p>\u00c0 partir de ce pitch, toutes les options sont ouvertes\u00a0: drame social, com\u00e9die d\u00e9brid\u00e9e\u00a0?<\/p>\n<p><strong>Vivian Goffette<\/strong> a choisi une autre voie\u00a0: il nous livre un film sensible qui nous happe sans crier gare et nous emm\u00e8ne dans un tourbillon de sentiments antagonistes.<br \/>\n<!--more--><\/p>\n<p>&nbsp;<\/p>\n<p>Pr\u00e9sent\u00e9 \u00e0 la fin de l&rsquo;\u00e9t\u00e9 au Festival des films du monde de Montr\u00e9al, <em>Yam Dam<\/em> est le premier long m\u00e9trage d\u2019un r\u00e9alisateur dont on serait bien \u00e9tonn\u00e9 de ne pas entendre reparler\u00a0: Vivian Goffette.Un micro budget comme il l\u2019avoue lui-m\u00eame, con\u00e7u dans le cadre de Cin\u00e9astes Associ\u00e9s\u2026 et une vraie belle r\u00e9ussite.<\/p>\n<p>A tel point qu&rsquo;au FIFF namurois d\u00e9but octobre, il s&rsquo;est vu remettre le prix Cinevox par un jury de cin\u00e9philes qui l&rsquo;ont \u00e9lu \u00ab\u00a0meilleur film belge de la manifestation\u00a0\u00bb. Et pourtant, les concurrents s\u00e9rieux ne manquaient pas.<\/p>\n<p>&nbsp;<\/p>\n<p><a href=\"http:\/\/www.cinevox.be\/fiff-2013-yam-dam-afrique-adieu\/10076321423_92e56d805d_c-3\/\" rel=\"attachment wp-att-53644\"><img loading=\"lazy\" decoding=\"async\" class=\"aligncenter size-full wp-image-53644\" alt=\"\" src=\"http:\/\/www.cinevox.be\/wp-content\/uploads\/2013\/09\/10076321423_92e56d805d_c.jpg\" width=\"800\" height=\"534\" srcset=\"https:\/\/w-l-c.be\/wp-content\/uploads\/2013\/09\/10076321423_92e56d805d_c.jpg 800w, https:\/\/w-l-c.be\/wp-content\/uploads\/2013\/09\/10076321423_92e56d805d_c-404x270.jpg 404w\" sizes=\"auto, (max-width: 800px) 100vw, 800px\" \/><\/a><\/p>\n<p style=\"text-align: right;\"><em>[Photo FIFF]<\/em><\/p>\n<p>&nbsp;<\/p>\n<p>D\u2019abord, il faut dire que le manque de moyens ne se sent pas. Le film est intimiste certes, mais son sc\u00e9nario ne demande pas autre chose. Finalement, cette absence d\u2019opulence a oblig\u00e9 le r\u00e9alisateur \u00e0 se concentrer sur le c\u0153ur de son sujet, quelques personnages. L\u2019intelligence et le talent font le reste.<\/p>\n<p>&nbsp;<\/p>\n<p><a href=\"http:\/\/www.cinevox.be\/fiff-2013-yam-dam-afrique-adieu\/yamdam02-2\/\" rel=\"attachment wp-att-45961\"><img loading=\"lazy\" decoding=\"async\" class=\"aligncenter size-full wp-image-45961\" alt=\"\" src=\"http:\/\/www.cinevox.be\/wp-content\/uploads\/2013\/09\/YamDam021.jpg\" width=\"800\" height=\"332\" srcset=\"https:\/\/w-l-c.be\/wp-content\/uploads\/2013\/09\/YamDam021.jpg 800w, https:\/\/w-l-c.be\/wp-content\/uploads\/2013\/09\/YamDam021-480x199.jpg 480w\" sizes=\"auto, (max-width: 800px) 100vw, 800px\" \/><\/a><\/p>\n<p>&nbsp;<\/p>\n<p>Le c\u0153ur de l\u2019\u0153uvre est l\u2019histoire d\u2019une relation ambigu\u00eb entre deux personnages\u00a0: Faustine, Burkinab\u00e9 qui esp\u00e8re simplement trouver en Belgique un peu d\u2019oxyg\u00e8ne, une occasion de sortir la t\u00eate de l\u2019eau et Christian, d\u00e9chir\u00e9 entre un quotidien plan-plan, la perspective d\u2019une grande histoire qui se dessine peu \u00e0 peu et une peur irrationnelle de s\u2019\u00e9garer.<\/p>\n<p>&nbsp;<\/p>\n<p>Mais <em>Yam Dam<\/em> (m\u00eame le titre est beau, il est expliqu\u00e9 dans le film) habille ce noyau d\u2019une s\u00e9rie d\u2019interrogations pertinentes totalement d\u2019actualit\u00e9\u00a0: il questionne notre relation aux pays \u00e9mergents, l\u2019investissement personnel qui d\u00e9passe rarement le stade de la \u00ab\u00a0bonne conscience\u00a0\u00bb, l\u2019envie de donner qui ne parvient jamais \u00e0 effacer la peur de perdre.<\/p>\n<p>&nbsp;<\/p>\n<p><a href=\"http:\/\/www.cinevox.be\/fiff-2013-yam-dam-afrique-adieu\/yamdam04\/\" rel=\"attachment wp-att-45962\"><img loading=\"lazy\" decoding=\"async\" class=\"aligncenter size-full wp-image-45962\" alt=\"\" src=\"http:\/\/www.cinevox.be\/wp-content\/uploads\/2013\/09\/YamDam04.jpg\" width=\"800\" height=\"332\" srcset=\"https:\/\/w-l-c.be\/wp-content\/uploads\/2013\/09\/YamDam04.jpg 800w, https:\/\/w-l-c.be\/wp-content\/uploads\/2013\/09\/YamDam04-480x199.jpg 480w\" sizes=\"auto, (max-width: 800px) 100vw, 800px\" \/><\/a><\/p>\n<p>&nbsp;<\/p>\n<p>Trop court (c\u2019est un compliment), <i>Yam Dam<\/i> va \u00e0 l\u2019essentiel et ne nous laisse pas le temps de reprendre notre respiration. En cause un sc\u00e9nario brillant qui comporte son lot de surprises, d\u2019ellipses et de trouvailles et une r\u00e9alisation impeccable, sans fioriture, sans effet de style, mais dont la sobri\u00e9t\u00e9 est avant tout un gage d\u2019efficacit\u00e9. On a vu pas mal de films de 2 ou 3 millions d\u2019euros qui semblaient plus \u00e9triqu\u00e9s que celui-ci.<\/p>\n<p>&nbsp;<\/p>\n<p>Excellent sc\u00e9nariste et r\u00e9alisateur habile, <b>Vivian Goffette<\/b> est \u00e9galement un fin directeur d\u2019acteurs. Son casting \u00e0 95% belge, n\u2019est pas compos\u00e9 de visages tr\u00e8s connus au cin\u00e9ma, mais pas un com\u00e9dien ne d\u00e9\u00e7oit\u00a0: <b>Fabio Zenoni, Clarisse Tabsoba, Val\u00e9rie Lema\u00eetre, Christophe Sermet, Delphine Cheverry, Pierre Dherte <\/b>et<b> Vincent Grass<\/b>, plus quelques seconds r\u00f4les croustillants comme\u00a0 l\u2019amusante <b>Nicole Shirer<\/b> (vue dans <i>BXL\/USA<\/i>), s\u2019offrent le luxe d\u2019un sans-faute.<\/p>\n<p>&nbsp;<\/p>\n<p><a href=\"http:\/\/www.cinevox.be\/fiff-2013-yam-dam-afrique-adieu\/yamdam03\/\" rel=\"attachment wp-att-45966\"><img loading=\"lazy\" decoding=\"async\" class=\"aligncenter size-full wp-image-45966\" alt=\"\" src=\"http:\/\/www.cinevox.be\/wp-content\/uploads\/2013\/09\/YamDam03.jpg\" width=\"800\" height=\"331\" srcset=\"https:\/\/w-l-c.be\/wp-content\/uploads\/2013\/09\/YamDam03.jpg 800w, https:\/\/w-l-c.be\/wp-content\/uploads\/2013\/09\/YamDam03-480x198.jpg 480w\" sizes=\"auto, (max-width: 800px) 100vw, 800px\" \/><\/a><\/p>\n<p>&nbsp;<\/p>\n<p>Les deux premiers nomm\u00e9s sont clairement ceux qui tirent le film vers l\u2019\u00e9motion, mais sans aucune exag\u00e9ration, sans le moindre pathos. <b>Fabio Zenoni<\/b> qu\u2019on n\u2019avait jamais vu si bien servi sur grand \u00e9cran catalyse l\u2019attention et l\u2019intelligence du spectateur. Omnipr\u00e9sent, il est celui qui nous entra\u00eene. Son personnage n\u2019est pas sans rappeler l\u2019ouvrier jou\u00e9 par Vincent Lindon dans l\u2019admirable <i>Mademoiselle Chambon<\/i> (les deux \u0153uvres devraient plaire \u00e0 un m\u00eame public). Sa trajectoire est \u00e9mouvante, in\u00e9luctable. Il incarne sans ostentation la passion et la l\u00e2chet\u00e9, la d\u00e9tresse d\u2019un homme comme tous les autres, d\u00e9chir\u00e9 entre le d\u00e9sir et la peur de se perdre.<\/p>\n<p>&nbsp;<\/p>\n<p>Face \u00e0 lui, <b>Clarisse Tabsoba<\/b>, actrice de th\u00e9\u00e2tre burkinab\u00e9, campe la d\u00e9termination de celle qui sait que le monde meilleur est ici et qui compte bien s\u2019accrocher \u00e0 la toute petite opportunit\u00e9 qu\u2019elle estime avoir d\u2019\u00e9chapper \u00e0 la mis\u00e8re. Sa dignit\u00e9 pourrait arracher quelques larmes \u00e0 Maggie De Block. On peut r\u00eaver\u2026 En cela, le film renvoie clairement \u00e0 <i>Ill\u00e9gal<\/i> d\u2019Olivier Masset-Depasse.<\/p>\n<p>&nbsp;<\/p>\n<p><a href=\"http:\/\/www.cinevox.be\/fiff-2013-yam-dam-afrique-adieu\/yamdam01-2\/\" rel=\"attachment wp-att-45968\"><img loading=\"lazy\" decoding=\"async\" class=\"aligncenter size-full wp-image-45968\" alt=\"\" src=\"http:\/\/www.cinevox.be\/wp-content\/uploads\/2013\/09\/YamDam011.jpg\" width=\"800\" height=\"331\" srcset=\"https:\/\/w-l-c.be\/wp-content\/uploads\/2013\/09\/YamDam011.jpg 800w, https:\/\/w-l-c.be\/wp-content\/uploads\/2013\/09\/YamDam011-480x198.jpg 480w\" sizes=\"auto, (max-width: 800px) 100vw, 800px\" \/><\/a><\/p>\n<p>&nbsp;<\/p>\n<p>Soutenu par une campagne offerte par Brightfish en r\u00e9compense du prix d\u00e9croch\u00e9 \u00e0 Namur, le film sortira en mai dans quelques villes belges.\u00a0Difficile \u00e0 ce stade d\u2019imaginer si\u00a0<i>Yam Dam<\/i>\u00a0pourrait avoir sa chance en salles o\u00f9, chacun le sait, la lutte \u00e0 la visibilit\u00e9 est en train de tourner au fiasco pour les \u00ab\u00a0petits films\u00a0\u00bb, quelle que soit leur nationalit\u00e9. \u00a0Mais\u00a0si, d\u2019aventure, vous avez l&rsquo;occasion de croiser sa route, n\u2019h\u00e9sitez pas : voil\u00e0 77 minutes (c\u2019est trop court, on le r\u00e9p\u00e8te) qu\u2019on peut difficilement regretter.<\/p>\n<p>&nbsp;<\/p>\n<p>La fin (que nous ne r\u00e9v\u00e9lerons naturellement pas) est d\u2019ailleurs exemplaire. Alors que l\u2019on craint soudain le d\u00e9rapage incontr\u00f4l\u00e9, le r\u00e9alisateur nous sert une ultime pirouette qui laisse pantois. Brillant\u00a0!<\/p>\n<p>&nbsp;<\/p>\n","protected":false},"excerpt":{"rendered":"<p>Christian m\u00e8ne une vie bourgeoise et sans relief de v\u00e9t\u00e9rinaire de province. Mari\u00e9, sans enfants, il a cr\u00e9\u00e9 avec sa femme une petite association d\u2019aide \u00e0 l\u2019Afrique dont il est le pr\u00e9sident. Mais cela ne suffit pas \u00e0 combler la monotonie de son existence. Alors Christian surfe. Sur le net, il s\u2019invente une deuxi\u00e8me personnalit\u00e9 &hellip;<\/p>\n","protected":false},"author":7,"featured_media":45964,"comment_status":"closed","ping_status":"closed","sticky":false,"template":"","format":"standard","meta":{"ngg_post_thumbnail":0,"footnotes":""},"categories":[12],"tags":[],"class_list":["post-45959","post","type-post","status-publish","format-standard","has-post-thumbnail","","category-awards"],"yoast_head":"<!-- This site is optimized with the Yoast SEO plugin v20.4 - https:\/\/yoast.com\/wordpress\/plugins\/seo\/ -->\n<title>Yam Dam : Afrique adieu\u2026 - w-l-c<\/title>\n<meta name=\"robots\" content=\"noindex, follow, max-snippet:-1, max-image-preview:large, max-video-preview:-1\" \/>\n<meta property=\"og:locale\" content=\"fr_FR\" \/>\n<meta property=\"og:type\" content=\"article\" \/>\n<meta property=\"og:title\" content=\"Yam Dam : Afrique adieu\u2026 - w-l-c\" \/>\n<meta property=\"og:description\" content=\"Christian m\u00e8ne une vie bourgeoise et sans relief de v\u00e9t\u00e9rinaire de province. Mari\u00e9, sans enfants, il a cr\u00e9\u00e9 avec sa femme une petite association d\u2019aide \u00e0 l\u2019Afrique dont il est le pr\u00e9sident. Mais cela ne suffit pas \u00e0 combler la monotonie de son existence. Alors Christian surfe. Sur le net, il s\u2019invente une deuxi\u00e8me personnalit\u00e9 &hellip;\" \/>\n<meta property=\"og:url\" content=\"https:\/\/w-l-c.be\/fr\/fiff-2013-yam-dam-afrique-adieu\/\" \/>\n<meta property=\"og:site_name\" content=\"w-l-c\" \/>\n<meta property=\"article:published_time\" content=\"2014-03-11T07:21:36+00:00\" \/>\n<meta property=\"article:modified_time\" content=\"2014-03-10T09:56:37+00:00\" \/>\n<meta property=\"og:image\" content=\"https:\/\/w-l-c.be\/wp-content\/uploads\/2013\/09\/YamDam051.jpg\" \/>\n\t<meta property=\"og:image:width\" content=\"800\" \/>\n\t<meta property=\"og:image:height\" content=\"330\" \/>\n\t<meta property=\"og:image:type\" content=\"image\/jpeg\" \/>\n<meta name=\"author\" content=\"Philippe.Pierquin\" \/>\n<meta name=\"twitter:card\" content=\"summary_large_image\" \/>\n<meta name=\"twitter:label1\" content=\"\u00c9crit par\" \/>\n\t<meta name=\"twitter:data1\" content=\"Philippe.Pierquin\" \/>\n\t<meta name=\"twitter:label2\" content=\"Dur\u00e9e de lecture estim\u00e9e\" \/>\n\t<meta name=\"twitter:data2\" content=\"5 minutes\" \/>\n<script type=\"application\/ld+json\" class=\"yoast-schema-graph\">{\"@context\":\"https:\/\/schema.org\",\"@graph\":[{\"@type\":\"WebPage\",\"@id\":\"https:\/\/w-l-c.be\/fr\/fiff-2013-yam-dam-afrique-adieu\/\",\"url\":\"https:\/\/w-l-c.be\/fr\/fiff-2013-yam-dam-afrique-adieu\/\",\"name\":\"Yam Dam : Afrique adieu\u2026 - w-l-c\",\"isPartOf\":{\"@id\":\"https:\/\/w-l-c.be\/fr\/#website\"},\"datePublished\":\"2014-03-11T07:21:36+00:00\",\"dateModified\":\"2014-03-10T09:56:37+00:00\",\"author\":{\"@id\":\"https:\/\/w-l-c.be\/fr\/#\/schema\/person\/4b9b1d857f0943453a38a7c2859ef756\"},\"breadcrumb\":{\"@id\":\"https:\/\/w-l-c.be\/fr\/fiff-2013-yam-dam-afrique-adieu\/#breadcrumb\"},\"inLanguage\":\"fr-FR\",\"potentialAction\":[{\"@type\":\"ReadAction\",\"target\":[\"https:\/\/w-l-c.be\/fr\/fiff-2013-yam-dam-afrique-adieu\/\"]}]},{\"@type\":\"BreadcrumbList\",\"@id\":\"https:\/\/w-l-c.be\/fr\/fiff-2013-yam-dam-afrique-adieu\/#breadcrumb\",\"itemListElement\":[{\"@type\":\"ListItem\",\"position\":1,\"name\":\"Accueil\",\"item\":\"https:\/\/w-l-c.be\/fr\/\"},{\"@type\":\"ListItem\",\"position\":2,\"name\":\"Yam Dam : Afrique adieu\u2026\"}]},{\"@type\":\"WebSite\",\"@id\":\"https:\/\/w-l-c.be\/fr\/#website\",\"url\":\"https:\/\/w-l-c.be\/fr\/\",\"name\":\"w-l-c\",\"description\":\"Le cin\u00e9ma vu par les belges\",\"potentialAction\":[{\"@type\":\"SearchAction\",\"target\":{\"@type\":\"EntryPoint\",\"urlTemplate\":\"https:\/\/w-l-c.be\/fr\/?s={search_term_string}\"},\"query-input\":\"required name=search_term_string\"}],\"inLanguage\":\"fr-FR\"},{\"@type\":\"Person\",\"@id\":\"https:\/\/w-l-c.be\/fr\/#\/schema\/person\/4b9b1d857f0943453a38a7c2859ef756\",\"name\":\"Philippe.Pierquin\",\"url\":\"https:\/\/w-l-c.be\/fr\/author\/philippe-pierquin\/\"}]}<\/script>\n<!-- \/ Yoast SEO plugin. -->","yoast_head_json":{"title":"Yam Dam : Afrique adieu\u2026 - w-l-c","robots":{"index":"noindex","follow":"follow","max-snippet":"max-snippet:-1","max-image-preview":"max-image-preview:large","max-video-preview":"max-video-preview:-1"},"og_locale":"fr_FR","og_type":"article","og_title":"Yam Dam : Afrique adieu\u2026 - w-l-c","og_description":"Christian m\u00e8ne une vie bourgeoise et sans relief de v\u00e9t\u00e9rinaire de province. Mari\u00e9, sans enfants, il a cr\u00e9\u00e9 avec sa femme une petite association d\u2019aide \u00e0 l\u2019Afrique dont il est le pr\u00e9sident. Mais cela ne suffit pas \u00e0 combler la monotonie de son existence. Alors Christian surfe. Sur le net, il s\u2019invente une deuxi\u00e8me personnalit\u00e9 &hellip;","og_url":"https:\/\/w-l-c.be\/fr\/fiff-2013-yam-dam-afrique-adieu\/","og_site_name":"w-l-c","article_published_time":"2014-03-11T07:21:36+00:00","article_modified_time":"2014-03-10T09:56:37+00:00","og_image":[{"width":800,"height":330,"url":"https:\/\/w-l-c.be\/wp-content\/uploads\/2013\/09\/YamDam051.jpg","type":"image\/jpeg"}],"author":"Philippe.Pierquin","twitter_card":"summary_large_image","twitter_misc":{"\u00c9crit par":"Philippe.Pierquin","Dur\u00e9e de lecture estim\u00e9e":"5 minutes"},"schema":{"@context":"https:\/\/schema.org","@graph":[{"@type":"WebPage","@id":"https:\/\/w-l-c.be\/fr\/fiff-2013-yam-dam-afrique-adieu\/","url":"https:\/\/w-l-c.be\/fr\/fiff-2013-yam-dam-afrique-adieu\/","name":"Yam Dam : Afrique adieu\u2026 - w-l-c","isPartOf":{"@id":"https:\/\/w-l-c.be\/fr\/#website"},"datePublished":"2014-03-11T07:21:36+00:00","dateModified":"2014-03-10T09:56:37+00:00","author":{"@id":"https:\/\/w-l-c.be\/fr\/#\/schema\/person\/4b9b1d857f0943453a38a7c2859ef756"},"breadcrumb":{"@id":"https:\/\/w-l-c.be\/fr\/fiff-2013-yam-dam-afrique-adieu\/#breadcrumb"},"inLanguage":"fr-FR","potentialAction":[{"@type":"ReadAction","target":["https:\/\/w-l-c.be\/fr\/fiff-2013-yam-dam-afrique-adieu\/"]}]},{"@type":"BreadcrumbList","@id":"https:\/\/w-l-c.be\/fr\/fiff-2013-yam-dam-afrique-adieu\/#breadcrumb","itemListElement":[{"@type":"ListItem","position":1,"name":"Accueil","item":"https:\/\/w-l-c.be\/fr\/"},{"@type":"ListItem","position":2,"name":"Yam Dam : Afrique adieu\u2026"}]},{"@type":"WebSite","@id":"https:\/\/w-l-c.be\/fr\/#website","url":"https:\/\/w-l-c.be\/fr\/","name":"w-l-c","description":"Le cin\u00e9ma vu par les belges","potentialAction":[{"@type":"SearchAction","target":{"@type":"EntryPoint","urlTemplate":"https:\/\/w-l-c.be\/fr\/?s={search_term_string}"},"query-input":"required name=search_term_string"}],"inLanguage":"fr-FR"},{"@type":"Person","@id":"https:\/\/w-l-c.be\/fr\/#\/schema\/person\/4b9b1d857f0943453a38a7c2859ef756","name":"Philippe.Pierquin","url":"https:\/\/w-l-c.be\/fr\/author\/philippe-pierquin\/"}]}},"_links":{"self":[{"href":"https:\/\/w-l-c.be\/fr\/wp-json\/wp\/v2\/posts\/45959","targetHints":{"allow":["GET"]}}],"collection":[{"href":"https:\/\/w-l-c.be\/fr\/wp-json\/wp\/v2\/posts"}],"about":[{"href":"https:\/\/w-l-c.be\/fr\/wp-json\/wp\/v2\/types\/post"}],"author":[{"embeddable":true,"href":"https:\/\/w-l-c.be\/fr\/wp-json\/wp\/v2\/users\/7"}],"replies":[{"embeddable":true,"href":"https:\/\/w-l-c.be\/fr\/wp-json\/wp\/v2\/comments?post=45959"}],"version-history":[{"count":0,"href":"https:\/\/w-l-c.be\/fr\/wp-json\/wp\/v2\/posts\/45959\/revisions"}],"wp:featuredmedia":[{"embeddable":true,"href":"https:\/\/w-l-c.be\/fr\/wp-json\/wp\/v2\/media\/45964"}],"wp:attachment":[{"href":"https:\/\/w-l-c.be\/fr\/wp-json\/wp\/v2\/media?parent=45959"}],"wp:term":[{"taxonomy":"category","embeddable":true,"href":"https:\/\/w-l-c.be\/fr\/wp-json\/wp\/v2\/categories?post=45959"},{"taxonomy":"post_tag","embeddable":true,"href":"https:\/\/w-l-c.be\/fr\/wp-json\/wp\/v2\/tags?post=45959"}],"curies":[{"name":"wp","href":"https:\/\/api.w.org\/{rel}","templated":true}]}}