
{"id":46074,"date":"2013-09-30T12:40:37","date_gmt":"2013-09-30T10:40:37","guid":{"rendered":"http:\/\/www.cinevox.be\/?p=46074"},"modified":"2013-09-30T12:42:41","modified_gmt":"2013-09-30T10:42:41","slug":"fiff-2013-soiree-gala-les-freres-dardenne","status":"publish","type":"post","link":"https:\/\/w-l-c.be\/fr\/fiff-2013-soiree-gala-les-freres-dardenne\/","title":{"rendered":"FIFF 2013 : Soir\u00e9e de gala pour les Fr\u00e8res Dardenne"},"content":{"rendered":"<p>Quoi de plus naturel pour un festival consacr\u00e9 au cin\u00e9ma francophone que de c\u00e9l\u00e9brer les fr\u00e8res Dardenne\u00a0? Jean-Louis Close le pr\u00e9sident du festival l\u2019a rappel\u00e9 d\u2019entr\u00e9e\u00a0: le FIFF est aussi l\u00e0 pour d\u00e9fendre bec et ongle le cin\u00e9ma belge avant que Fr\u00e9d\u00e9ric Delcor, secr\u00e9taire g\u00e9n\u00e9ral de la F\u00e9d\u00e9ration Wallonie-Bruxelles, explique fort justement l&rsquo;importance capitale des fr\u00e8res dans l\u2019\u00e9volution d\u00e9cisive du cin\u00e9ma belge tout entier.<\/p>\n<p>&nbsp;<\/p>\n<p>C\u2019est le triomphe de Rosetta \u00e0 Cannes en 1999 qui a provoqu\u00e9 une prise de conscience globale et conduit \u00e0 la mise en place de leviers de financement efficaces par exemple. Quinze ans plus tard, le cin\u00e9ma belge tient une place de choix au niveau international, diversifi\u00e9 et riche.<\/p>\n<p style=\"text-align: right;\"><em>(Photos FIFF 2013)<\/em><\/p>\n<p>&nbsp;<\/p>\n<p><!--more--><\/p>\n<p>&nbsp;<\/p>\n<p><a href=\"http:\/\/www.cinevox.be\/fiff-2013-soiree-gala-les-freres-dardenne\/age-2\/\" rel=\"attachment wp-att-46075\"><img loading=\"lazy\" decoding=\"async\" class=\"aligncenter size-full wp-image-46075\" alt=\"\" src=\"http:\/\/www.cinevox.be\/wp-content\/uploads\/2013\/09\/age-2.jpg\" width=\"800\" height=\"534\" srcset=\"https:\/\/w-l-c.be\/wp-content\/uploads\/2013\/09\/age-2.jpg 800w, https:\/\/w-l-c.be\/wp-content\/uploads\/2013\/09\/age-2-404x270.jpg 404w\" sizes=\"auto, (max-width: 800px) 100vw, 800px\" \/><\/a><\/p>\n<p>&nbsp;<\/p>\n<p>En l\u2019honneur de la fratrie la plus c\u00e9l\u00e8bre du cin\u00e9ma belge et probablement du cin\u00e9ma mondial, le FIFF proposait donc hier une grande avant-premi\u00e8re belge en pr\u00e9sence du gratin du cin\u00e9ma belge\u00a0: outre Jean-Pierre et Luc, d\u2019une incroyable discr\u00e9tion, qui ont crois\u00e9 Christelle Cornil, actrice sur leur dernier long m\u00e9trage actuellement en cours de montage, on a vu des figures de proue comme Joachim Lafosse, Benoit Mariage, Joel Franka, Pierre Duculot, des com\u00e9diens (Jo\u00ebl Franka avait m\u00eame amen\u00e9 Patrick Timsit), et de tr\u00e8s nombreuses personnalit\u00e9s actives dans la production, le financement et la diffusion du 7<sup>e<\/sup> Art belge.<\/p>\n<p>&nbsp;<\/p>\n<p><a href=\"http:\/\/www.cinevox.be\/fiff-2013-soiree-gala-les-freres-dardenne\/age-1\/\" rel=\"attachment wp-att-46076\"><img loading=\"lazy\" decoding=\"async\" class=\"aligncenter size-full wp-image-46076\" alt=\"\" src=\"http:\/\/www.cinevox.be\/wp-content\/uploads\/2013\/09\/age-1.jpg\" width=\"800\" height=\"534\" srcset=\"https:\/\/w-l-c.be\/wp-content\/uploads\/2013\/09\/age-1.jpg 800w, https:\/\/w-l-c.be\/wp-content\/uploads\/2013\/09\/age-1-404x270.jpg 404w\" sizes=\"auto, (max-width: 800px) 100vw, 800px\" \/><\/a><\/p>\n<p>&nbsp;<\/p>\n<p>4e num\u00e9ro de la collection Cin\u00e9astes d\u2019aujourd\u2019hui, <i>L\u2019\u00c2ge de raison, le cin\u00e9ma des fr\u00e8res Dardenne<\/i> propose un voyage dans une \u0153uvre ind\u00e9niablement magistrale. Les deux r\u00e9alisateurs, Alain Marcoen, chef op\u00e9rateur attitr\u00e9 des fr\u00e8res depuis <i>La Promesse<\/i> et Luc Jabon, font le pari d\u2019une lecture personnelle de ces films.<\/p>\n<p>De <i>La Promesse<\/i> jusqu\u2019\u00e0 leur r\u00e9cent long m\u00e9trage <i>Le Gamin au v\u00e9lo<\/i>, ils nous livrent une \u00e9tonnante le\u00e7on de cin\u00e9ma en s\u2019appuyant sur la \u00ab famille \u00bb des com\u00e9diens et techniciens ainsi que sur d&rsquo;autres intervenants plus inattendus. Mais tr\u00e8s \u00e9rudits.<\/p>\n<p>&nbsp;<\/p>\n<p><a href=\"http:\/\/www.cinevox.be\/fiff-2013-soiree-gala-les-freres-dardenne\/age-3\/\" rel=\"attachment wp-att-46077\"><img loading=\"lazy\" decoding=\"async\" class=\"aligncenter size-full wp-image-46077\" alt=\"\" src=\"http:\/\/www.cinevox.be\/wp-content\/uploads\/2013\/09\/age-3.jpg\" width=\"800\" height=\"534\" srcset=\"https:\/\/w-l-c.be\/wp-content\/uploads\/2013\/09\/age-3.jpg 800w, https:\/\/w-l-c.be\/wp-content\/uploads\/2013\/09\/age-3-404x270.jpg 404w\" sizes=\"auto, (max-width: 800px) 100vw, 800px\" \/><\/a><\/p>\n<p>&nbsp;<\/p>\n<p>Comme le titre le sugg\u00e8re, les questions morales constituent le fil th\u00e9matique du documentaire, \u00e0 l\u2019image des histoires que nous r\u00e9v\u00e8lent Luc et Jean-Pierre Dardenne : de la tentation du meurtre au pardon possible, des amours contrari\u00e9es \u00e0 l\u2019amour inavouable, de la figure controvers\u00e9e du p\u00e8re \u00e0 la r\u00e9sistance des femmes.<\/p>\n<p>Dans la deuxi\u00e8me partie du film, les auteurs rencontrent Emilie Dequenne, Fabrizio Rongione ou Olivier Gourmet qui nous font entrer de plain-pied, avec beaucoup d\u2019humanit\u00e9, au c\u0153ur de l\u2019univers de ces cin\u00e9astes qu\u2019ils admirent tant.<\/p>\n<p>&nbsp;<\/p>\n<p><a href=\"http:\/\/www.cinevox.be\/fiff-2013-soiree-gala-les-freres-dardenne\/age-5\/\" rel=\"attachment wp-att-46078\"><img loading=\"lazy\" decoding=\"async\" class=\"aligncenter size-full wp-image-46078\" alt=\"\" src=\"http:\/\/www.cinevox.be\/wp-content\/uploads\/2013\/09\/age-5.jpg\" width=\"800\" height=\"534\" srcset=\"https:\/\/w-l-c.be\/wp-content\/uploads\/2013\/09\/age-5.jpg 800w, https:\/\/w-l-c.be\/wp-content\/uploads\/2013\/09\/age-5-404x270.jpg 404w\" sizes=\"auto, (max-width: 800px) 100vw, 800px\" \/><\/a><\/p>\n<p>&nbsp;<\/p>\n<p>Des quatre films de la collection, <i>L\u2019\u00c2ge de raison, le cin\u00e9ma des fr\u00e8res Dardenne<\/i> est sans aucun doute celui qui s\u2019adresse le plus directement aux cin\u00e9philes les plus chevronn\u00e9s. Il met en lumi\u00e8re la complexit\u00e9 du cin\u00e9ma des fr\u00e8res\u2026 et son extr\u00eame simplicit\u00e9\u00a0; cette ambition de charger chaque plan d\u2019une r\u00e9elle intention et d\u2019un sens profond tout en lui pr\u00eatant une forme qui \u00e9vite le symbolisme lourd. Il nous d\u00e9voile ainsi les moyens mis en \u0153uvre pour donner de la profondeur et du dynamisme \u00e0 une sc\u00e8ne qui semblera au spectateur simple et fluide, mais est en fait extr\u00eamement complexe (le plan-s\u00e9quence de la voiture dans Le Fils, par exemple)<\/p>\n<p>&nbsp;<\/p>\n<p>Ce film, qu\u2019on se repassera dans les \u00e9coles de cin\u00e9ma, on le d\u00e9couvrira \u00e0 la Cin\u00e9math\u00e8que mais aussi \u00e0 la t\u00e9l\u00e9vision dans le cadre d\u2019une soir\u00e9e sp\u00e9ciale o\u00f9 la RTBF proposera en premi\u00e8re vision non crypt\u00e9e, <i>Le Gamin au V\u00e9lo<\/i>, dernier long m\u00e9trage des fr\u00e8res pr\u00e9sent\u00e9s \u00e0 Cannes en 2011. Avec le succ\u00e8s qu\u2019on sait.<\/p>\n","protected":false},"excerpt":{"rendered":"<p>Quoi de plus naturel pour un festival consacr\u00e9 au cin\u00e9ma francophone que de c\u00e9l\u00e9brer les fr\u00e8res Dardenne\u00a0? Jean-Louis Close le pr\u00e9sident du festival l\u2019a rappel\u00e9 d\u2019entr\u00e9e\u00a0: le FIFF est aussi l\u00e0 pour d\u00e9fendre bec et ongle le cin\u00e9ma belge avant que Fr\u00e9d\u00e9ric Delcor, secr\u00e9taire g\u00e9n\u00e9ral de la F\u00e9d\u00e9ration Wallonie-Bruxelles, explique fort justement l&rsquo;importance capitale des &hellip;<\/p>\n","protected":false},"author":7,"featured_media":46080,"comment_status":"closed","ping_status":"closed","sticky":false,"template":"","format":"standard","meta":{"ngg_post_thumbnail":0,"footnotes":""},"categories":[12],"tags":[],"class_list":["post-46074","post","type-post","status-publish","format-standard","has-post-thumbnail","","category-awards"],"yoast_head":"<!-- This site is optimized with the Yoast SEO plugin v20.4 - https:\/\/yoast.com\/wordpress\/plugins\/seo\/ -->\n<title>FIFF 2013 : Soir\u00e9e de gala pour les Fr\u00e8res Dardenne - w-l-c<\/title>\n<meta name=\"robots\" content=\"noindex, follow, max-snippet:-1, max-image-preview:large, max-video-preview:-1\" \/>\n<meta property=\"og:locale\" content=\"fr_FR\" \/>\n<meta property=\"og:type\" content=\"article\" \/>\n<meta property=\"og:title\" content=\"FIFF 2013 : Soir\u00e9e de gala pour les Fr\u00e8res Dardenne - w-l-c\" \/>\n<meta property=\"og:description\" content=\"Quoi de plus naturel pour un festival consacr\u00e9 au cin\u00e9ma francophone que de c\u00e9l\u00e9brer les fr\u00e8res Dardenne\u00a0? Jean-Louis Close le pr\u00e9sident du festival l\u2019a rappel\u00e9 d\u2019entr\u00e9e\u00a0: le FIFF est aussi l\u00e0 pour d\u00e9fendre bec et ongle le cin\u00e9ma belge avant que Fr\u00e9d\u00e9ric Delcor, secr\u00e9taire g\u00e9n\u00e9ral de la F\u00e9d\u00e9ration Wallonie-Bruxelles, explique fort justement l&rsquo;importance capitale des &hellip;\" \/>\n<meta property=\"og:url\" content=\"https:\/\/w-l-c.be\/fr\/fiff-2013-soiree-gala-les-freres-dardenne\/\" \/>\n<meta property=\"og:site_name\" content=\"w-l-c\" \/>\n<meta property=\"article:published_time\" content=\"2013-09-30T10:40:37+00:00\" \/>\n<meta property=\"article:modified_time\" content=\"2013-09-30T10:42:41+00:00\" \/>\n<meta property=\"og:image\" content=\"https:\/\/w-l-c.be\/wp-content\/uploads\/2013\/09\/age-4.jpg\" \/>\n\t<meta property=\"og:image:width\" content=\"800\" \/>\n\t<meta property=\"og:image:height\" content=\"534\" \/>\n\t<meta property=\"og:image:type\" content=\"image\/jpeg\" \/>\n<meta name=\"author\" content=\"Philippe.Pierquin\" \/>\n<meta name=\"twitter:card\" content=\"summary_large_image\" \/>\n<meta name=\"twitter:label1\" content=\"\u00c9crit par\" \/>\n\t<meta name=\"twitter:data1\" content=\"Philippe.Pierquin\" \/>\n\t<meta name=\"twitter:label2\" content=\"Dur\u00e9e de lecture estim\u00e9e\" \/>\n\t<meta name=\"twitter:data2\" content=\"3 minutes\" \/>\n<script type=\"application\/ld+json\" class=\"yoast-schema-graph\">{\"@context\":\"https:\/\/schema.org\",\"@graph\":[{\"@type\":\"WebPage\",\"@id\":\"https:\/\/w-l-c.be\/fr\/fiff-2013-soiree-gala-les-freres-dardenne\/\",\"url\":\"https:\/\/w-l-c.be\/fr\/fiff-2013-soiree-gala-les-freres-dardenne\/\",\"name\":\"FIFF 2013 : Soir\u00e9e de gala pour les Fr\u00e8res Dardenne - w-l-c\",\"isPartOf\":{\"@id\":\"https:\/\/w-l-c.be\/fr\/#website\"},\"datePublished\":\"2013-09-30T10:40:37+00:00\",\"dateModified\":\"2013-09-30T10:42:41+00:00\",\"author\":{\"@id\":\"https:\/\/w-l-c.be\/fr\/#\/schema\/person\/4b9b1d857f0943453a38a7c2859ef756\"},\"breadcrumb\":{\"@id\":\"https:\/\/w-l-c.be\/fr\/fiff-2013-soiree-gala-les-freres-dardenne\/#breadcrumb\"},\"inLanguage\":\"fr-FR\",\"potentialAction\":[{\"@type\":\"ReadAction\",\"target\":[\"https:\/\/w-l-c.be\/fr\/fiff-2013-soiree-gala-les-freres-dardenne\/\"]}]},{\"@type\":\"BreadcrumbList\",\"@id\":\"https:\/\/w-l-c.be\/fr\/fiff-2013-soiree-gala-les-freres-dardenne\/#breadcrumb\",\"itemListElement\":[{\"@type\":\"ListItem\",\"position\":1,\"name\":\"Accueil\",\"item\":\"https:\/\/w-l-c.be\/fr\/\"},{\"@type\":\"ListItem\",\"position\":2,\"name\":\"FIFF 2013 : Soir\u00e9e de gala pour les Fr\u00e8res Dardenne\"}]},{\"@type\":\"WebSite\",\"@id\":\"https:\/\/w-l-c.be\/fr\/#website\",\"url\":\"https:\/\/w-l-c.be\/fr\/\",\"name\":\"w-l-c\",\"description\":\"Le cin\u00e9ma vu par les belges\",\"potentialAction\":[{\"@type\":\"SearchAction\",\"target\":{\"@type\":\"EntryPoint\",\"urlTemplate\":\"https:\/\/w-l-c.be\/fr\/?s={search_term_string}\"},\"query-input\":\"required name=search_term_string\"}],\"inLanguage\":\"fr-FR\"},{\"@type\":\"Person\",\"@id\":\"https:\/\/w-l-c.be\/fr\/#\/schema\/person\/4b9b1d857f0943453a38a7c2859ef756\",\"name\":\"Philippe.Pierquin\",\"url\":\"https:\/\/w-l-c.be\/fr\/author\/philippe-pierquin\/\"}]}<\/script>\n<!-- \/ Yoast SEO plugin. -->","yoast_head_json":{"title":"FIFF 2013 : Soir\u00e9e de gala pour les Fr\u00e8res Dardenne - w-l-c","robots":{"index":"noindex","follow":"follow","max-snippet":"max-snippet:-1","max-image-preview":"max-image-preview:large","max-video-preview":"max-video-preview:-1"},"og_locale":"fr_FR","og_type":"article","og_title":"FIFF 2013 : Soir\u00e9e de gala pour les Fr\u00e8res Dardenne - w-l-c","og_description":"Quoi de plus naturel pour un festival consacr\u00e9 au cin\u00e9ma francophone que de c\u00e9l\u00e9brer les fr\u00e8res Dardenne\u00a0? Jean-Louis Close le pr\u00e9sident du festival l\u2019a rappel\u00e9 d\u2019entr\u00e9e\u00a0: le FIFF est aussi l\u00e0 pour d\u00e9fendre bec et ongle le cin\u00e9ma belge avant que Fr\u00e9d\u00e9ric Delcor, secr\u00e9taire g\u00e9n\u00e9ral de la F\u00e9d\u00e9ration Wallonie-Bruxelles, explique fort justement l&rsquo;importance capitale des &hellip;","og_url":"https:\/\/w-l-c.be\/fr\/fiff-2013-soiree-gala-les-freres-dardenne\/","og_site_name":"w-l-c","article_published_time":"2013-09-30T10:40:37+00:00","article_modified_time":"2013-09-30T10:42:41+00:00","og_image":[{"width":800,"height":534,"url":"https:\/\/w-l-c.be\/wp-content\/uploads\/2013\/09\/age-4.jpg","type":"image\/jpeg"}],"author":"Philippe.Pierquin","twitter_card":"summary_large_image","twitter_misc":{"\u00c9crit par":"Philippe.Pierquin","Dur\u00e9e de lecture estim\u00e9e":"3 minutes"},"schema":{"@context":"https:\/\/schema.org","@graph":[{"@type":"WebPage","@id":"https:\/\/w-l-c.be\/fr\/fiff-2013-soiree-gala-les-freres-dardenne\/","url":"https:\/\/w-l-c.be\/fr\/fiff-2013-soiree-gala-les-freres-dardenne\/","name":"FIFF 2013 : Soir\u00e9e de gala pour les Fr\u00e8res Dardenne - w-l-c","isPartOf":{"@id":"https:\/\/w-l-c.be\/fr\/#website"},"datePublished":"2013-09-30T10:40:37+00:00","dateModified":"2013-09-30T10:42:41+00:00","author":{"@id":"https:\/\/w-l-c.be\/fr\/#\/schema\/person\/4b9b1d857f0943453a38a7c2859ef756"},"breadcrumb":{"@id":"https:\/\/w-l-c.be\/fr\/fiff-2013-soiree-gala-les-freres-dardenne\/#breadcrumb"},"inLanguage":"fr-FR","potentialAction":[{"@type":"ReadAction","target":["https:\/\/w-l-c.be\/fr\/fiff-2013-soiree-gala-les-freres-dardenne\/"]}]},{"@type":"BreadcrumbList","@id":"https:\/\/w-l-c.be\/fr\/fiff-2013-soiree-gala-les-freres-dardenne\/#breadcrumb","itemListElement":[{"@type":"ListItem","position":1,"name":"Accueil","item":"https:\/\/w-l-c.be\/fr\/"},{"@type":"ListItem","position":2,"name":"FIFF 2013 : Soir\u00e9e de gala pour les Fr\u00e8res Dardenne"}]},{"@type":"WebSite","@id":"https:\/\/w-l-c.be\/fr\/#website","url":"https:\/\/w-l-c.be\/fr\/","name":"w-l-c","description":"Le cin\u00e9ma vu par les belges","potentialAction":[{"@type":"SearchAction","target":{"@type":"EntryPoint","urlTemplate":"https:\/\/w-l-c.be\/fr\/?s={search_term_string}"},"query-input":"required name=search_term_string"}],"inLanguage":"fr-FR"},{"@type":"Person","@id":"https:\/\/w-l-c.be\/fr\/#\/schema\/person\/4b9b1d857f0943453a38a7c2859ef756","name":"Philippe.Pierquin","url":"https:\/\/w-l-c.be\/fr\/author\/philippe-pierquin\/"}]}},"_links":{"self":[{"href":"https:\/\/w-l-c.be\/fr\/wp-json\/wp\/v2\/posts\/46074","targetHints":{"allow":["GET"]}}],"collection":[{"href":"https:\/\/w-l-c.be\/fr\/wp-json\/wp\/v2\/posts"}],"about":[{"href":"https:\/\/w-l-c.be\/fr\/wp-json\/wp\/v2\/types\/post"}],"author":[{"embeddable":true,"href":"https:\/\/w-l-c.be\/fr\/wp-json\/wp\/v2\/users\/7"}],"replies":[{"embeddable":true,"href":"https:\/\/w-l-c.be\/fr\/wp-json\/wp\/v2\/comments?post=46074"}],"version-history":[{"count":0,"href":"https:\/\/w-l-c.be\/fr\/wp-json\/wp\/v2\/posts\/46074\/revisions"}],"wp:featuredmedia":[{"embeddable":true,"href":"https:\/\/w-l-c.be\/fr\/wp-json\/wp\/v2\/media\/46080"}],"wp:attachment":[{"href":"https:\/\/w-l-c.be\/fr\/wp-json\/wp\/v2\/media?parent=46074"}],"wp:term":[{"taxonomy":"category","embeddable":true,"href":"https:\/\/w-l-c.be\/fr\/wp-json\/wp\/v2\/categories?post=46074"},{"taxonomy":"post_tag","embeddable":true,"href":"https:\/\/w-l-c.be\/fr\/wp-json\/wp\/v2\/tags?post=46074"}],"curies":[{"name":"wp","href":"https:\/\/api.w.org\/{rel}","templated":true}]}}