
{"id":46750,"date":"2013-10-22T08:46:30","date_gmt":"2013-10-22T06:46:30","guid":{"rendered":"http:\/\/www.cinevox.be\/?p=46750"},"modified":"2013-10-22T21:19:50","modified_gmt":"2013-10-22T19:19:50","slug":"court-films-femmes","status":"publish","type":"post","link":"https:\/\/w-l-c.be\/fr\/court-films-femmes\/","title":{"rendered":"Tout Court \u2013 films de femmes"},"content":{"rendered":"<p>Cette semaine Tout Court ( Mercredi 23h25 sur la Trois) fait la part belle aux films con\u00e7us par des dames. Quatre r\u00e9alisatrices \u00e0 l\u2019honneur pour quatre courts fort diff\u00e9rents dans leur traitement, leur th\u00e9matique et leur atmosph\u00e8re. Le programme d\u00e9bute \u00e0 23h15 avec Rae, in\u00e9dit \u00e0 la t\u00e9l\u00e9vision. On y retrouvera notamment Isabelle de Hertogh (Hasta La Vista) et Anne-Pascale Clairembourg (Magritte du meilleur\u00a0espoir 2013 pour sa prestation dans Mobile Home)<!--more--><\/p>\n<p>&nbsp;<\/p>\n<p>&nbsp;<\/p>\n<p>&nbsp;<\/p>\n<p><b>RAE(In\u00e9dit) d\u2019Emmanuelle Nicot (IAD) &#8211; 19\u201915<\/b><\/p>\n<p>&nbsp;<\/p>\n<p><a href=\"http:\/\/www.cinevox.be\/court-films-femmes\/rae-emmanuelle-nicot\/\" rel=\"attachment wp-att-46754\"><img loading=\"lazy\" decoding=\"async\" class=\"aligncenter size-full wp-image-46754\" alt=\"\" src=\"http:\/\/www.cinevox.be\/wp-content\/uploads\/2013\/10\/rae-emmanuelle-nicot.jpg\" width=\"640\" height=\"348\" srcset=\"https:\/\/w-l-c.be\/wp-content\/uploads\/2013\/10\/rae-emmanuelle-nicot.jpg 640w, https:\/\/w-l-c.be\/wp-content\/uploads\/2013\/10\/rae-emmanuelle-nicot-480x261.jpg 480w\" sizes=\"auto, (max-width: 640px) 100vw, 640px\" \/><\/a><\/p>\n<p>&nbsp;<\/p>\n<p>L\u2019adresse du refuge doit rester secr\u00e8te, pour elle et pour toutes les autres femmes. Son t\u00e9l\u00e9phone vibre dans sa poche. Rae tressaille. On lui demande de l\u2019\u00e9teindre. Il n\u2019en est pas question.<\/p>\n<p>&nbsp;<\/p>\n<p>Prix et r\u00e9compenses :<\/p>\n<p>Prix La Trois et Prix F\u00e9d\u00e9ration Wallonie Bruxelles FIDEC\u00a02012<\/p>\n<p>Grand prix du Jury 2013 Festival Court francophone Un poing c\u2019est court (Vaulx en Velin)<\/p>\n<p>&nbsp;<\/p>\n<p>\u00c9crit et r\u00e9alis\u00e9 par Emmanuelle Nicot<\/p>\n<p>Avec : Ana\u00efs Moreau, Isabelle de Hertogh, Emmanuelle Bonmariage, Cl\u00e9mence Warnier, Anne-Pascale Clairembourg<\/p>\n<p>&nbsp;<\/p>\n<p>&nbsp;<\/p>\n<p><b>YOUSSOUF le SOUFFLEUR de Lia Bertels\u00a0 (animation) La Cambre &#8211; 5\u2019<\/b><\/p>\n<p>&nbsp;<\/p>\n<p><a href=\"http:\/\/www.cinevox.be\/court-films-femmes\/youssouf\/\" rel=\"attachment wp-att-46753\"><img loading=\"lazy\" decoding=\"async\" class=\"aligncenter size-full wp-image-46753\" alt=\"\" src=\"http:\/\/www.cinevox.be\/wp-content\/uploads\/2013\/10\/youssouf.jpg\" width=\"714\" height=\"282\" srcset=\"https:\/\/w-l-c.be\/wp-content\/uploads\/2013\/10\/youssouf.jpg 714w, https:\/\/w-l-c.be\/wp-content\/uploads\/2013\/10\/youssouf-480x189.jpg 480w\" sizes=\"auto, (max-width: 714px) 100vw, 714px\" \/><\/a><\/p>\n<p>&nbsp;<\/p>\n<p>Depuis sa petite trappe de souffleur, un enfant inspir\u00e9 souffle \u00e0 l\u2019oreille du monde les paroles que celui-ci exprimera la seconde d\u2019apr\u00e8s. Il y a beaucoup de vent.<\/p>\n<p>&nbsp;<\/p>\n<p>Prix et r\u00e9compenses :<\/p>\n<p>Fidec\u00a02011 : Prix National du Jury jeunes<\/p>\n<p>&nbsp;<\/p>\n<p>\u00c9crit et r\u00e9alis\u00e9 par Lia Bertels qui a aussi sign\u00e9 Rouge Bemol (2008 &#8211; CM), Micro-Dortoir (2009 &#8211; CM) et pr\u00e9pare L\u2019enfant \u00e0 la cam\u00e9ra (2014 &#8211; LM)<\/p>\n<p>&nbsp;<\/p>\n<p>&nbsp;<\/p>\n<p>&nbsp;<\/p>\n<p><b>CHRISTINE d\u2019Isabelle Schapira et Caroline Bonfond (IAD) &#8211; 9\u201922<\/b><\/p>\n<p>&nbsp;<\/p>\n<p><a href=\"http:\/\/www.cinevox.be\/court-films-femmes\/christine-ok-306x172-1\/\" rel=\"attachment wp-att-46752\"><img loading=\"lazy\" decoding=\"async\" class=\"aligncenter size-full wp-image-46752\" alt=\"\" src=\"http:\/\/www.cinevox.be\/wp-content\/uploads\/2013\/10\/Christine-OK-306x172-1.jpg\" width=\"709\" height=\"282\" srcset=\"https:\/\/w-l-c.be\/wp-content\/uploads\/2013\/10\/Christine-OK-306x172-1.jpg 709w, https:\/\/w-l-c.be\/wp-content\/uploads\/2013\/10\/Christine-OK-306x172-1-480x190.jpg 480w\" sizes=\"auto, (max-width: 709px) 100vw, 709px\" \/><\/a><\/p>\n<p>&nbsp;<\/p>\n<p>Christine retrouve son fils Damien, en fugue, alors qu\u2019il fait la manche sur le parking d\u2019un supermarch\u00e9. Apr\u00e8s un moment pass\u00e9 avec lui, Christine comprend peu \u00e0 peu qu\u2019il ne rentrera pas. Elle va devoir faire un choix: celui, par amour, de laisser partir son fils.<\/p>\n<p>&nbsp;<\/p>\n<p>Prix et r\u00e9compenses :<\/p>\n<p>Festival Le court en dit Long Paris\u00a02012-CDargenton Prix interpr\u00e9tation f\u00e9minine<\/p>\n<p>&nbsp;<\/p>\n<p>Avec Christine d\u2019Argenton, Tom Boccara<\/p>\n<p>&nbsp;<\/p>\n<p>&nbsp;<\/p>\n<p>&nbsp;<\/p>\n<p><b>QUE LA SUITE SOIT DOUCE d\u2019Alice de Vestele\u00a0&#8211; 23\u201939<\/b><\/p>\n<p>&nbsp;<\/p>\n<p><a href=\"http:\/\/www.cinevox.be\/court-films-femmes\/que-la-suite-1\/\" rel=\"attachment wp-att-46751\"><img loading=\"lazy\" decoding=\"async\" class=\"aligncenter size-full wp-image-46751\" alt=\"\" src=\"http:\/\/www.cinevox.be\/wp-content\/uploads\/2013\/10\/que-la-suite-1.gif\" width=\"787\" height=\"441\" \/><\/a><\/p>\n<p>&nbsp;<\/p>\n<p>Au c\u0153ur d\u2019une ville qui part \u00e0 la d\u00e9rive, la rencontre de deux solitudes se transforme en une course effr\u00e9n\u00e9e, entre fuite et qu\u00eate amoureuse.<\/p>\n<p>&nbsp;<\/p>\n<p>Prix\u00a0TV5 Monde &#8211; Brussels Short Film Festival<\/p>\n<p>&nbsp;<\/p>\n<p>Avec : Catherine Grosjean, Sam Louwyck<\/p>\n<p>&nbsp;<\/p>\n<p>Alice de Vestele r\u00e9alise son premier court m\u00e9trage \u00ab\u00a0La fianc\u00e9e de Saint-Nicolas\u00a0\u00bb en 2004 dans le cadre de la fin de ses \u00e9tudes \u00e0 l\u2019IAD. Apr\u00e8s \u00ab\u00a0Speed Dating\u00a0\u00bb (2006) et \u00ab\u00a0No\u00ebl\u00a0347\u00a0\u00bb (2007), elle cosigne une nouvelle fois avec Michael Bier \u00ab\u00a0L\u2019heure bleue\u00a0\u00bb (2010), qui obtient le Prix d\u2019Interpr\u00e9tation (Cathy Grosjean) au Brussels Short Film Festival et le Grand Prix au festival Le Court en Dit Long (Paris). \u00ab\u00a0Que la suite soit douce\u00a0\u00bb (sur un sc\u00e9nario d\u2019Antoine Cuypers) est r\u00e9compens\u00e9 lui aussi au Brussels Film Festival de deux prix, dont celui de TV5 Monde.<\/p>\n<p>&nbsp;<\/p>\n","protected":false},"excerpt":{"rendered":"<p>Cette semaine Tout Court ( Mercredi 23h25 sur la Trois) fait la part belle aux films con\u00e7us par des dames. Quatre r\u00e9alisatrices \u00e0 l\u2019honneur pour quatre courts fort diff\u00e9rents dans leur traitement, leur th\u00e9matique et leur atmosph\u00e8re. Le programme d\u00e9bute \u00e0 23h15 avec Rae, in\u00e9dit \u00e0 la t\u00e9l\u00e9vision. On y retrouvera notamment Isabelle de Hertogh &hellip;<\/p>\n","protected":false},"author":7,"featured_media":46756,"comment_status":"closed","ping_status":"closed","sticky":false,"template":"","format":"standard","meta":{"ngg_post_thumbnail":0,"footnotes":""},"categories":[14],"tags":[],"class_list":["post-46750","post","type-post","status-publish","format-standard","has-post-thumbnail","","category-home-cinema"],"yoast_head":"<!-- This site is optimized with the Yoast SEO plugin v20.4 - https:\/\/yoast.com\/wordpress\/plugins\/seo\/ -->\n<title>Tout Court \u2013 films de femmes - w-l-c<\/title>\n<meta name=\"robots\" content=\"noindex, follow, max-snippet:-1, max-image-preview:large, max-video-preview:-1\" \/>\n<meta property=\"og:locale\" content=\"fr_FR\" \/>\n<meta property=\"og:type\" content=\"article\" \/>\n<meta property=\"og:title\" content=\"Tout Court \u2013 films de femmes - w-l-c\" \/>\n<meta property=\"og:description\" content=\"Cette semaine Tout Court ( Mercredi 23h25 sur la Trois) fait la part belle aux films con\u00e7us par des dames. Quatre r\u00e9alisatrices \u00e0 l\u2019honneur pour quatre courts fort diff\u00e9rents dans leur traitement, leur th\u00e9matique et leur atmosph\u00e8re. Le programme d\u00e9bute \u00e0 23h15 avec Rae, in\u00e9dit \u00e0 la t\u00e9l\u00e9vision. On y retrouvera notamment Isabelle de Hertogh &hellip;\" \/>\n<meta property=\"og:url\" content=\"https:\/\/w-l-c.be\/fr\/court-films-femmes\/\" \/>\n<meta property=\"og:site_name\" content=\"w-l-c\" \/>\n<meta property=\"article:published_time\" content=\"2013-10-22T06:46:30+00:00\" \/>\n<meta property=\"article:modified_time\" content=\"2013-10-22T19:19:50+00:00\" \/>\n<meta property=\"og:image\" content=\"https:\/\/w-l-c.be\/wp-content\/uploads\/2013\/10\/que-la-suite-1.jpg\" \/>\n\t<meta property=\"og:image:width\" content=\"779\" \/>\n\t<meta property=\"og:image:height\" content=\"418\" \/>\n\t<meta property=\"og:image:type\" content=\"image\/jpeg\" \/>\n<meta name=\"author\" content=\"Philippe.Pierquin\" \/>\n<meta name=\"twitter:card\" content=\"summary_large_image\" \/>\n<meta name=\"twitter:label1\" content=\"\u00c9crit par\" \/>\n\t<meta name=\"twitter:data1\" content=\"Philippe.Pierquin\" \/>\n\t<meta name=\"twitter:label2\" content=\"Dur\u00e9e de lecture estim\u00e9e\" \/>\n\t<meta name=\"twitter:data2\" content=\"3 minutes\" \/>\n<script type=\"application\/ld+json\" class=\"yoast-schema-graph\">{\"@context\":\"https:\/\/schema.org\",\"@graph\":[{\"@type\":\"WebPage\",\"@id\":\"https:\/\/w-l-c.be\/fr\/court-films-femmes\/\",\"url\":\"https:\/\/w-l-c.be\/fr\/court-films-femmes\/\",\"name\":\"Tout Court \u2013 films de femmes - w-l-c\",\"isPartOf\":{\"@id\":\"https:\/\/w-l-c.be\/fr\/#website\"},\"datePublished\":\"2013-10-22T06:46:30+00:00\",\"dateModified\":\"2013-10-22T19:19:50+00:00\",\"author\":{\"@id\":\"https:\/\/w-l-c.be\/fr\/#\/schema\/person\/4b9b1d857f0943453a38a7c2859ef756\"},\"breadcrumb\":{\"@id\":\"https:\/\/w-l-c.be\/fr\/court-films-femmes\/#breadcrumb\"},\"inLanguage\":\"fr-FR\",\"potentialAction\":[{\"@type\":\"ReadAction\",\"target\":[\"https:\/\/w-l-c.be\/fr\/court-films-femmes\/\"]}]},{\"@type\":\"BreadcrumbList\",\"@id\":\"https:\/\/w-l-c.be\/fr\/court-films-femmes\/#breadcrumb\",\"itemListElement\":[{\"@type\":\"ListItem\",\"position\":1,\"name\":\"Accueil\",\"item\":\"https:\/\/w-l-c.be\/fr\/\"},{\"@type\":\"ListItem\",\"position\":2,\"name\":\"Tout Court \u2013 films de femmes\"}]},{\"@type\":\"WebSite\",\"@id\":\"https:\/\/w-l-c.be\/fr\/#website\",\"url\":\"https:\/\/w-l-c.be\/fr\/\",\"name\":\"w-l-c\",\"description\":\"Le cin\u00e9ma vu par les belges\",\"potentialAction\":[{\"@type\":\"SearchAction\",\"target\":{\"@type\":\"EntryPoint\",\"urlTemplate\":\"https:\/\/w-l-c.be\/fr\/?s={search_term_string}\"},\"query-input\":\"required name=search_term_string\"}],\"inLanguage\":\"fr-FR\"},{\"@type\":\"Person\",\"@id\":\"https:\/\/w-l-c.be\/fr\/#\/schema\/person\/4b9b1d857f0943453a38a7c2859ef756\",\"name\":\"Philippe.Pierquin\",\"url\":\"https:\/\/w-l-c.be\/fr\/author\/philippe-pierquin\/\"}]}<\/script>\n<!-- \/ Yoast SEO plugin. -->","yoast_head_json":{"title":"Tout Court \u2013 films de femmes - w-l-c","robots":{"index":"noindex","follow":"follow","max-snippet":"max-snippet:-1","max-image-preview":"max-image-preview:large","max-video-preview":"max-video-preview:-1"},"og_locale":"fr_FR","og_type":"article","og_title":"Tout Court \u2013 films de femmes - w-l-c","og_description":"Cette semaine Tout Court ( Mercredi 23h25 sur la Trois) fait la part belle aux films con\u00e7us par des dames. Quatre r\u00e9alisatrices \u00e0 l\u2019honneur pour quatre courts fort diff\u00e9rents dans leur traitement, leur th\u00e9matique et leur atmosph\u00e8re. Le programme d\u00e9bute \u00e0 23h15 avec Rae, in\u00e9dit \u00e0 la t\u00e9l\u00e9vision. On y retrouvera notamment Isabelle de Hertogh &hellip;","og_url":"https:\/\/w-l-c.be\/fr\/court-films-femmes\/","og_site_name":"w-l-c","article_published_time":"2013-10-22T06:46:30+00:00","article_modified_time":"2013-10-22T19:19:50+00:00","og_image":[{"width":779,"height":418,"url":"https:\/\/w-l-c.be\/wp-content\/uploads\/2013\/10\/que-la-suite-1.jpg","type":"image\/jpeg"}],"author":"Philippe.Pierquin","twitter_card":"summary_large_image","twitter_misc":{"\u00c9crit par":"Philippe.Pierquin","Dur\u00e9e de lecture estim\u00e9e":"3 minutes"},"schema":{"@context":"https:\/\/schema.org","@graph":[{"@type":"WebPage","@id":"https:\/\/w-l-c.be\/fr\/court-films-femmes\/","url":"https:\/\/w-l-c.be\/fr\/court-films-femmes\/","name":"Tout Court \u2013 films de femmes - w-l-c","isPartOf":{"@id":"https:\/\/w-l-c.be\/fr\/#website"},"datePublished":"2013-10-22T06:46:30+00:00","dateModified":"2013-10-22T19:19:50+00:00","author":{"@id":"https:\/\/w-l-c.be\/fr\/#\/schema\/person\/4b9b1d857f0943453a38a7c2859ef756"},"breadcrumb":{"@id":"https:\/\/w-l-c.be\/fr\/court-films-femmes\/#breadcrumb"},"inLanguage":"fr-FR","potentialAction":[{"@type":"ReadAction","target":["https:\/\/w-l-c.be\/fr\/court-films-femmes\/"]}]},{"@type":"BreadcrumbList","@id":"https:\/\/w-l-c.be\/fr\/court-films-femmes\/#breadcrumb","itemListElement":[{"@type":"ListItem","position":1,"name":"Accueil","item":"https:\/\/w-l-c.be\/fr\/"},{"@type":"ListItem","position":2,"name":"Tout Court \u2013 films de femmes"}]},{"@type":"WebSite","@id":"https:\/\/w-l-c.be\/fr\/#website","url":"https:\/\/w-l-c.be\/fr\/","name":"w-l-c","description":"Le cin\u00e9ma vu par les belges","potentialAction":[{"@type":"SearchAction","target":{"@type":"EntryPoint","urlTemplate":"https:\/\/w-l-c.be\/fr\/?s={search_term_string}"},"query-input":"required name=search_term_string"}],"inLanguage":"fr-FR"},{"@type":"Person","@id":"https:\/\/w-l-c.be\/fr\/#\/schema\/person\/4b9b1d857f0943453a38a7c2859ef756","name":"Philippe.Pierquin","url":"https:\/\/w-l-c.be\/fr\/author\/philippe-pierquin\/"}]}},"_links":{"self":[{"href":"https:\/\/w-l-c.be\/fr\/wp-json\/wp\/v2\/posts\/46750","targetHints":{"allow":["GET"]}}],"collection":[{"href":"https:\/\/w-l-c.be\/fr\/wp-json\/wp\/v2\/posts"}],"about":[{"href":"https:\/\/w-l-c.be\/fr\/wp-json\/wp\/v2\/types\/post"}],"author":[{"embeddable":true,"href":"https:\/\/w-l-c.be\/fr\/wp-json\/wp\/v2\/users\/7"}],"replies":[{"embeddable":true,"href":"https:\/\/w-l-c.be\/fr\/wp-json\/wp\/v2\/comments?post=46750"}],"version-history":[{"count":0,"href":"https:\/\/w-l-c.be\/fr\/wp-json\/wp\/v2\/posts\/46750\/revisions"}],"wp:featuredmedia":[{"embeddable":true,"href":"https:\/\/w-l-c.be\/fr\/wp-json\/wp\/v2\/media\/46756"}],"wp:attachment":[{"href":"https:\/\/w-l-c.be\/fr\/wp-json\/wp\/v2\/media?parent=46750"}],"wp:term":[{"taxonomy":"category","embeddable":true,"href":"https:\/\/w-l-c.be\/fr\/wp-json\/wp\/v2\/categories?post=46750"},{"taxonomy":"post_tag","embeddable":true,"href":"https:\/\/w-l-c.be\/fr\/wp-json\/wp\/v2\/tags?post=46750"}],"curies":[{"name":"wp","href":"https:\/\/api.w.org\/{rel}","templated":true}]}}