
{"id":46861,"date":"2013-10-21T06:48:39","date_gmt":"2013-10-21T04:48:39","guid":{"rendered":"http:\/\/www.cinevox.be\/?p=46861"},"modified":"2013-10-21T17:39:16","modified_gmt":"2013-10-21T15:39:16","slug":"cinevox-26-octobre-2013-les-chats-gris","status":"publish","type":"post","link":"https:\/\/w-l-c.be\/fr\/cinevox-26-octobre-2013-les-chats-gris\/","title":{"rendered":"Cinevox #26 \u2013 Octobre 2013 \u2013 Tous les chats sont gris"},"content":{"rendered":"<p>Tous les Chats sont gris\u2026 la nuit.<\/p>\n<p>Vous connaissez l\u2019expression. C\u2019est d\u00e9sormais un film de Savina Dellicour avec Anne Coesens, Bouli Lanners et la jeune Manon Capelle.\u00a0 Mais vous le savez d\u00e9j\u00e0 si vous \u00eates un fid\u00e8le du site puisque, apr\u00e8s notre passage sur le tournage, nous avons publi\u00e9 un premier article \u00a0que vous pouvez lire <a href=\"http:\/\/www.cinevox.be\/en-tournage-tous-les-chats-sont-gris-la-nuit\/\">ICI<\/a>.<!--more--><\/p>\n<p>&nbsp;<\/p>\n<p>Cet article vous le retrouvez d\u2019ailleurs\u2026 dans la deuxi\u00e8me partie de notre Cinevox d\u2019octobre. Quel hasard ! \ud83d\ude09<\/p>\n<p>Cette phase\u00a02 de notre spot, le public du FIFF namurois la conna\u00eet par c\u0153ur puisqu\u2019elle d\u00e9boulait avant chaque s\u00e9ance de la manifestation. Difficile de la louper. D\u2019autant que vous allez le remarquer, elle fait beaucoup de bruit ! Tant mieux: on n&rsquo;est pas l\u00e0 pour ronronner.<\/p>\n<p>Voil\u00e0 donc une excellente occasion d\u2019apprendre au spectateur qui voit la capsule en salles que derri\u00e8re ces previews se cache un travail r\u00e9dactionnel au quotidien pour vous tenir inform\u00e9s de tout ce qu\u2019il se passe dans le cin\u00e9ma belge. Des deux c\u00f4t\u00e9s de la fronti\u00e8re linguistique.<\/p>\n<p>Mais \u00e7a aussi, vous \u00eates au courant puisque vous \u00eates ici. Tsss. Vous savez tout en fait?<br \/>\nAlors, savourez les images !<\/p>\n<p>&nbsp;<\/p>\n<p>&nbsp;<\/p>\n","protected":false},"excerpt":{"rendered":"<p>Tous les Chats sont gris\u2026 la nuit. Vous connaissez l\u2019expression. C\u2019est d\u00e9sormais un film de Savina Dellicour avec Anne Coesens, Bouli Lanners et la jeune Manon Capelle.\u00a0 Mais vous le savez d\u00e9j\u00e0 si vous \u00eates un fid\u00e8le du site puisque, apr\u00e8s notre passage sur le tournage, nous avons publi\u00e9 un premier article \u00a0que vous pouvez &hellip;<\/p>\n","protected":false},"author":7,"featured_media":46862,"comment_status":"closed","ping_status":"closed","sticky":false,"template":"","format":"standard","meta":{"ngg_post_thumbnail":0,"footnotes":""},"categories":[1886],"tags":[],"class_list":["post-46861","post","type-post","status-publish","format-standard","has-post-thumbnail","","category-cinevox"],"yoast_head":"<!-- This site is optimized with the Yoast SEO plugin v20.4 - https:\/\/yoast.com\/wordpress\/plugins\/seo\/ -->\n<title>Cinevox #26 \u2013 Octobre 2013 \u2013 Tous les chats sont gris - w-l-c<\/title>\n<meta name=\"robots\" content=\"noindex, follow, max-snippet:-1, max-image-preview:large, max-video-preview:-1\" \/>\n<meta property=\"og:locale\" content=\"fr_FR\" \/>\n<meta property=\"og:type\" content=\"article\" \/>\n<meta property=\"og:title\" content=\"Cinevox #26 \u2013 Octobre 2013 \u2013 Tous les chats sont gris - w-l-c\" \/>\n<meta property=\"og:description\" content=\"Tous les Chats sont gris\u2026 la nuit. Vous connaissez l\u2019expression. C\u2019est d\u00e9sormais un film de Savina Dellicour avec Anne Coesens, Bouli Lanners et la jeune Manon Capelle.\u00a0 Mais vous le savez d\u00e9j\u00e0 si vous \u00eates un fid\u00e8le du site puisque, apr\u00e8s notre passage sur le tournage, nous avons publi\u00e9 un premier article \u00a0que vous pouvez &hellip;\" \/>\n<meta property=\"og:url\" content=\"https:\/\/w-l-c.be\/fr\/cinevox-26-octobre-2013-les-chats-gris\/\" \/>\n<meta property=\"og:site_name\" content=\"w-l-c\" \/>\n<meta property=\"article:published_time\" content=\"2013-10-21T04:48:39+00:00\" \/>\n<meta property=\"article:modified_time\" content=\"2013-10-21T15:39:16+00:00\" \/>\n<meta property=\"og:image\" content=\"https:\/\/w-l-c.be\/wp-content\/uploads\/2010\/10\/2013-10-15_15h51_23.jpg\" \/>\n\t<meta property=\"og:image:width\" content=\"783\" \/>\n\t<meta property=\"og:image:height\" content=\"416\" \/>\n\t<meta property=\"og:image:type\" content=\"image\/jpeg\" \/>\n<meta name=\"author\" content=\"Philippe.Pierquin\" \/>\n<meta name=\"twitter:card\" content=\"summary_large_image\" \/>\n<meta name=\"twitter:label1\" content=\"\u00c9crit par\" \/>\n\t<meta name=\"twitter:data1\" content=\"Philippe.Pierquin\" \/>\n\t<meta name=\"twitter:label2\" content=\"Dur\u00e9e de lecture estim\u00e9e\" \/>\n\t<meta name=\"twitter:data2\" content=\"1 minute\" \/>\n<script type=\"application\/ld+json\" class=\"yoast-schema-graph\">{\"@context\":\"https:\/\/schema.org\",\"@graph\":[{\"@type\":\"WebPage\",\"@id\":\"https:\/\/w-l-c.be\/fr\/cinevox-26-octobre-2013-les-chats-gris\/\",\"url\":\"https:\/\/w-l-c.be\/fr\/cinevox-26-octobre-2013-les-chats-gris\/\",\"name\":\"Cinevox #26 \u2013 Octobre 2013 \u2013 Tous les chats sont gris - w-l-c\",\"isPartOf\":{\"@id\":\"https:\/\/w-l-c.be\/fr\/#website\"},\"datePublished\":\"2013-10-21T04:48:39+00:00\",\"dateModified\":\"2013-10-21T15:39:16+00:00\",\"author\":{\"@id\":\"https:\/\/w-l-c.be\/fr\/#\/schema\/person\/4b9b1d857f0943453a38a7c2859ef756\"},\"breadcrumb\":{\"@id\":\"https:\/\/w-l-c.be\/fr\/cinevox-26-octobre-2013-les-chats-gris\/#breadcrumb\"},\"inLanguage\":\"fr-FR\",\"potentialAction\":[{\"@type\":\"ReadAction\",\"target\":[\"https:\/\/w-l-c.be\/fr\/cinevox-26-octobre-2013-les-chats-gris\/\"]}]},{\"@type\":\"BreadcrumbList\",\"@id\":\"https:\/\/w-l-c.be\/fr\/cinevox-26-octobre-2013-les-chats-gris\/#breadcrumb\",\"itemListElement\":[{\"@type\":\"ListItem\",\"position\":1,\"name\":\"Accueil\",\"item\":\"https:\/\/w-l-c.be\/fr\/\"},{\"@type\":\"ListItem\",\"position\":2,\"name\":\"Cinevox #26 \u2013 Octobre 2013 \u2013 Tous les chats sont gris\"}]},{\"@type\":\"WebSite\",\"@id\":\"https:\/\/w-l-c.be\/fr\/#website\",\"url\":\"https:\/\/w-l-c.be\/fr\/\",\"name\":\"w-l-c\",\"description\":\"Le cin\u00e9ma vu par les belges\",\"potentialAction\":[{\"@type\":\"SearchAction\",\"target\":{\"@type\":\"EntryPoint\",\"urlTemplate\":\"https:\/\/w-l-c.be\/fr\/?s={search_term_string}\"},\"query-input\":\"required name=search_term_string\"}],\"inLanguage\":\"fr-FR\"},{\"@type\":\"Person\",\"@id\":\"https:\/\/w-l-c.be\/fr\/#\/schema\/person\/4b9b1d857f0943453a38a7c2859ef756\",\"name\":\"Philippe.Pierquin\",\"url\":\"https:\/\/w-l-c.be\/fr\/author\/philippe-pierquin\/\"}]}<\/script>\n<!-- \/ Yoast SEO plugin. -->","yoast_head_json":{"title":"Cinevox #26 \u2013 Octobre 2013 \u2013 Tous les chats sont gris - w-l-c","robots":{"index":"noindex","follow":"follow","max-snippet":"max-snippet:-1","max-image-preview":"max-image-preview:large","max-video-preview":"max-video-preview:-1"},"og_locale":"fr_FR","og_type":"article","og_title":"Cinevox #26 \u2013 Octobre 2013 \u2013 Tous les chats sont gris - w-l-c","og_description":"Tous les Chats sont gris\u2026 la nuit. Vous connaissez l\u2019expression. C\u2019est d\u00e9sormais un film de Savina Dellicour avec Anne Coesens, Bouli Lanners et la jeune Manon Capelle.\u00a0 Mais vous le savez d\u00e9j\u00e0 si vous \u00eates un fid\u00e8le du site puisque, apr\u00e8s notre passage sur le tournage, nous avons publi\u00e9 un premier article \u00a0que vous pouvez &hellip;","og_url":"https:\/\/w-l-c.be\/fr\/cinevox-26-octobre-2013-les-chats-gris\/","og_site_name":"w-l-c","article_published_time":"2013-10-21T04:48:39+00:00","article_modified_time":"2013-10-21T15:39:16+00:00","og_image":[{"width":783,"height":416,"url":"https:\/\/w-l-c.be\/wp-content\/uploads\/2010\/10\/2013-10-15_15h51_23.jpg","type":"image\/jpeg"}],"author":"Philippe.Pierquin","twitter_card":"summary_large_image","twitter_misc":{"\u00c9crit par":"Philippe.Pierquin","Dur\u00e9e de lecture estim\u00e9e":"1 minute"},"schema":{"@context":"https:\/\/schema.org","@graph":[{"@type":"WebPage","@id":"https:\/\/w-l-c.be\/fr\/cinevox-26-octobre-2013-les-chats-gris\/","url":"https:\/\/w-l-c.be\/fr\/cinevox-26-octobre-2013-les-chats-gris\/","name":"Cinevox #26 \u2013 Octobre 2013 \u2013 Tous les chats sont gris - w-l-c","isPartOf":{"@id":"https:\/\/w-l-c.be\/fr\/#website"},"datePublished":"2013-10-21T04:48:39+00:00","dateModified":"2013-10-21T15:39:16+00:00","author":{"@id":"https:\/\/w-l-c.be\/fr\/#\/schema\/person\/4b9b1d857f0943453a38a7c2859ef756"},"breadcrumb":{"@id":"https:\/\/w-l-c.be\/fr\/cinevox-26-octobre-2013-les-chats-gris\/#breadcrumb"},"inLanguage":"fr-FR","potentialAction":[{"@type":"ReadAction","target":["https:\/\/w-l-c.be\/fr\/cinevox-26-octobre-2013-les-chats-gris\/"]}]},{"@type":"BreadcrumbList","@id":"https:\/\/w-l-c.be\/fr\/cinevox-26-octobre-2013-les-chats-gris\/#breadcrumb","itemListElement":[{"@type":"ListItem","position":1,"name":"Accueil","item":"https:\/\/w-l-c.be\/fr\/"},{"@type":"ListItem","position":2,"name":"Cinevox #26 \u2013 Octobre 2013 \u2013 Tous les chats sont gris"}]},{"@type":"WebSite","@id":"https:\/\/w-l-c.be\/fr\/#website","url":"https:\/\/w-l-c.be\/fr\/","name":"w-l-c","description":"Le cin\u00e9ma vu par les belges","potentialAction":[{"@type":"SearchAction","target":{"@type":"EntryPoint","urlTemplate":"https:\/\/w-l-c.be\/fr\/?s={search_term_string}"},"query-input":"required name=search_term_string"}],"inLanguage":"fr-FR"},{"@type":"Person","@id":"https:\/\/w-l-c.be\/fr\/#\/schema\/person\/4b9b1d857f0943453a38a7c2859ef756","name":"Philippe.Pierquin","url":"https:\/\/w-l-c.be\/fr\/author\/philippe-pierquin\/"}]}},"_links":{"self":[{"href":"https:\/\/w-l-c.be\/fr\/wp-json\/wp\/v2\/posts\/46861","targetHints":{"allow":["GET"]}}],"collection":[{"href":"https:\/\/w-l-c.be\/fr\/wp-json\/wp\/v2\/posts"}],"about":[{"href":"https:\/\/w-l-c.be\/fr\/wp-json\/wp\/v2\/types\/post"}],"author":[{"embeddable":true,"href":"https:\/\/w-l-c.be\/fr\/wp-json\/wp\/v2\/users\/7"}],"replies":[{"embeddable":true,"href":"https:\/\/w-l-c.be\/fr\/wp-json\/wp\/v2\/comments?post=46861"}],"version-history":[{"count":0,"href":"https:\/\/w-l-c.be\/fr\/wp-json\/wp\/v2\/posts\/46861\/revisions"}],"wp:featuredmedia":[{"embeddable":true,"href":"https:\/\/w-l-c.be\/fr\/wp-json\/wp\/v2\/media\/46862"}],"wp:attachment":[{"href":"https:\/\/w-l-c.be\/fr\/wp-json\/wp\/v2\/media?parent=46861"}],"wp:term":[{"taxonomy":"category","embeddable":true,"href":"https:\/\/w-l-c.be\/fr\/wp-json\/wp\/v2\/categories?post=46861"},{"taxonomy":"post_tag","embeddable":true,"href":"https:\/\/w-l-c.be\/fr\/wp-json\/wp\/v2\/tags?post=46861"}],"curies":[{"name":"wp","href":"https:\/\/api.w.org\/{rel}","templated":true}]}}