
{"id":47022,"date":"2013-10-20T11:46:40","date_gmt":"2013-10-20T09:46:40","guid":{"rendered":"http:\/\/www.cinevox.be\/?p=47022"},"modified":"2013-10-20T11:46:42","modified_gmt":"2013-10-20T09:46:42","slug":"verdict-remporte-hugo-dargent-chicago","status":"publish","type":"post","link":"https:\/\/w-l-c.be\/fr\/verdict-remporte-hugo-dargent-chicago\/","title":{"rendered":"Le verdict remporte un Hugo d\u2019Argent \u00e0 Chicago"},"content":{"rendered":"<p>Le verdict de Jan Verheyen a remport\u00e9 le Hugo d\u2019Argent, Prix Sp\u00e9cial du Jury, lors de la 49\u00e8 \u00e9dition du Festival International du Film de Chicago (10-24 octobre). Le prix a \u00e9t\u00e9 remis \u00e0 l\u2019acteur Jappe Claes qui \u00e9tait sur place. La derni\u00e8re fois qu\u2019un long-m\u00e9trage belge remportait quelque chose \u00e0 Chicago, c\u2019\u00e9tait il y a 45 ans. En Belgique, Le verdict est sorti depuis une dizaine de jours et a d\u00e9j\u00e0 attir\u00e9 plus de 100.000 personnes dans les salles.<!--more--><\/p>\n<p>&nbsp;<\/p>\n<p>&lsquo;Je suis bien \u00e9videmment extr\u00eamement content de ce prix \u00e0 Chicago, l\u2019un des festivals les plus anciens et les plus r\u00e9put\u00e9s d\u2019Am\u00e9rique du Nord\u2019, commente Jan Verheyen. &lsquo;Le cin\u00e9ma am\u00e9ricain compte de nombreux grands classiques dans le genre judiciaire. Recevoir un prix l\u00e0-bas est un vrai honneur.&rsquo;<\/p>\n<p>&nbsp;<\/p>\n<p><a href=\"http:\/\/www.cinevox.be\/verdict-remporte-hugo-dargent-chicago\/verd-2\/\" rel=\"attachment wp-att-47023\"><img loading=\"lazy\" decoding=\"async\" class=\"aligncenter size-large wp-image-47023\" alt=\"\" src=\"http:\/\/www.cinevox.be\/wp-content\/uploads\/2013\/10\/verd-2-800x533.jpg\" width=\"640\" height=\"426\" srcset=\"https:\/\/w-l-c.be\/wp-content\/uploads\/2013\/10\/verd-2-800x533.jpg 800w, https:\/\/w-l-c.be\/wp-content\/uploads\/2013\/10\/verd-2-404x270.jpg 404w, https:\/\/w-l-c.be\/wp-content\/uploads\/2013\/10\/verd-2.jpg 1000w\" sizes=\"auto, (max-width: 640px) 100vw, 640px\" \/><\/a><\/p>\n<p>&nbsp;<\/p>\n<p>Le rapport du jury justifie ce Hugo d\u2019Argent, Prix Sp\u00e9cial du Jury, par \u2018le fait qu\u2019on voit rarement de bons drames judiciaires dans le cin\u00e9ma europ\u00e9en\u2019. Le jury international \u00e9tait compos\u00e9 de l\u2019acteur allemand Burghart Klaussner (Le ruban blanc), du producteur anglo-italien Donald Ranvaud (Adieu ma concubine, La cit\u00e9 de Dieu, The Constant Gardener), de la documentariste br\u00e9silienne L\u00facia Murat (Memories They Told Me), de la r\u00e9alisatrice fran\u00e7aise Sarah Bouyain (Notre \u00e9trang\u00e8re, Les enfants du blanc) et du producteur originaire de Chicago Robert Teitel (Des hommes d\u2019honneur, Barbershop, Notorious).<\/p>\n<p>&nbsp;<\/p>\n<p>Le Festival International du Film de Chicago pr\u00e9sente r\u00e9guli\u00e8rement des films belges dont r\u00e9cemment Bullhead (T\u00eate de b\u0153uf), A perdre la raison et Swooni. La derni\u00e8re fois qu\u2019un long-m\u00e9trage belge y remportait un prix, c\u2019\u00e9tait il y a 45 ans lorsque Harry K\u00fcmel a re\u00e7u le Hugo d\u2019Argent de la Meilleure Mise en Sc\u00e8ne pour Monsieur Hawarden.<\/p>\n<p>&nbsp;<\/p>\n<p><a href=\"http:\/\/www.cinevox.be\/verdict-remporte-hugo-dargent-chicago\/2_h7a2945_2\/\" rel=\"attachment wp-att-47024\"><img loading=\"lazy\" decoding=\"async\" class=\"aligncenter size-large wp-image-47024\" alt=\"\" src=\"http:\/\/www.cinevox.be\/wp-content\/uploads\/2013\/10\/2_h7a2945_2-800x533.jpg\" width=\"640\" height=\"426\" srcset=\"https:\/\/w-l-c.be\/wp-content\/uploads\/2013\/10\/2_h7a2945_2-800x533.jpg 800w, https:\/\/w-l-c.be\/wp-content\/uploads\/2013\/10\/2_h7a2945_2-405x270.jpg 405w, https:\/\/w-l-c.be\/wp-content\/uploads\/2013\/10\/2_h7a2945_2.jpg 900w\" sizes=\"auto, (max-width: 640px) 100vw, 640px\" \/><\/a><\/p>\n<p>&nbsp;<\/p>\n<p>Le Festival International du Film de Chicago est l\u2019un des plus anciens festivals comp\u00e9titifs d\u2019Am\u00e9rique du Nord. Il a \u00e9t\u00e9 cr\u00e9\u00e9 en 1964 par le r\u00e9alisateur et artiste graphique Michael Kutza qui voulait \u00e9toffer l\u2019offre cin\u00e9matographique dans la ville. Kutza, dont l\u2019aura force autant le respect du public que de la profession, est toujours le Directeur Artistique de ce festival qui a \u00e9t\u00e9 au fil des ans une plateforme de lancement pour des films de r\u00e9alisateurs illustres tels que Martin Scorsese, John Carpenter, Susan Seidelman, Rainer Werner Fassbinder, Bertrand Tavernier, Mike Leigh et Krzysztof Kieslowski.<\/p>\n","protected":false},"excerpt":{"rendered":"<p>Le verdict de Jan Verheyen a remport\u00e9 le Hugo d\u2019Argent, Prix Sp\u00e9cial du Jury, lors de la 49\u00e8 \u00e9dition du Festival International du Film de Chicago (10-24 octobre). Le prix a \u00e9t\u00e9 remis \u00e0 l\u2019acteur Jappe Claes qui \u00e9tait sur place. La derni\u00e8re fois qu\u2019un long-m\u00e9trage belge remportait quelque chose \u00e0 Chicago, c\u2019\u00e9tait il y &hellip;<\/p>\n","protected":false},"author":7,"featured_media":47026,"comment_status":"closed","ping_status":"closed","sticky":false,"template":"","format":"standard","meta":{"ngg_post_thumbnail":0,"footnotes":""},"categories":[12],"tags":[],"class_list":["post-47022","post","type-post","status-publish","format-standard","has-post-thumbnail","","category-awards"],"yoast_head":"<!-- This site is optimized with the Yoast SEO plugin v20.4 - https:\/\/yoast.com\/wordpress\/plugins\/seo\/ -->\n<title>Le verdict remporte un Hugo d\u2019Argent \u00e0 Chicago - w-l-c<\/title>\n<meta name=\"robots\" content=\"noindex, follow, max-snippet:-1, max-image-preview:large, max-video-preview:-1\" \/>\n<meta property=\"og:locale\" content=\"fr_FR\" \/>\n<meta property=\"og:type\" content=\"article\" \/>\n<meta property=\"og:title\" content=\"Le verdict remporte un Hugo d\u2019Argent \u00e0 Chicago - w-l-c\" \/>\n<meta property=\"og:description\" content=\"Le verdict de Jan Verheyen a remport\u00e9 le Hugo d\u2019Argent, Prix Sp\u00e9cial du Jury, lors de la 49\u00e8 \u00e9dition du Festival International du Film de Chicago (10-24 octobre). Le prix a \u00e9t\u00e9 remis \u00e0 l\u2019acteur Jappe Claes qui \u00e9tait sur place. La derni\u00e8re fois qu\u2019un long-m\u00e9trage belge remportait quelque chose \u00e0 Chicago, c\u2019\u00e9tait il y &hellip;\" \/>\n<meta property=\"og:url\" content=\"https:\/\/w-l-c.be\/fr\/verdict-remporte-hugo-dargent-chicago\/\" \/>\n<meta property=\"og:site_name\" content=\"w-l-c\" \/>\n<meta property=\"article:published_time\" content=\"2013-10-20T09:46:40+00:00\" \/>\n<meta property=\"article:modified_time\" content=\"2013-10-20T09:46:42+00:00\" \/>\n<meta property=\"og:image\" content=\"https:\/\/w-l-c.be\/wp-content\/uploads\/2013\/10\/Le-Verdict.jpg\" \/>\n\t<meta property=\"og:image:width\" content=\"1892\" \/>\n\t<meta property=\"og:image:height\" content=\"840\" \/>\n\t<meta property=\"og:image:type\" content=\"image\/jpeg\" \/>\n<meta name=\"author\" content=\"Philippe.Pierquin\" \/>\n<meta name=\"twitter:card\" content=\"summary_large_image\" \/>\n<meta name=\"twitter:label1\" content=\"\u00c9crit par\" \/>\n\t<meta name=\"twitter:data1\" content=\"Philippe.Pierquin\" \/>\n\t<meta name=\"twitter:label2\" content=\"Dur\u00e9e de lecture estim\u00e9e\" \/>\n\t<meta name=\"twitter:data2\" content=\"2 minutes\" \/>\n<script type=\"application\/ld+json\" class=\"yoast-schema-graph\">{\"@context\":\"https:\/\/schema.org\",\"@graph\":[{\"@type\":\"WebPage\",\"@id\":\"https:\/\/w-l-c.be\/fr\/verdict-remporte-hugo-dargent-chicago\/\",\"url\":\"https:\/\/w-l-c.be\/fr\/verdict-remporte-hugo-dargent-chicago\/\",\"name\":\"Le verdict remporte un Hugo d\u2019Argent \u00e0 Chicago - w-l-c\",\"isPartOf\":{\"@id\":\"https:\/\/w-l-c.be\/fr\/#website\"},\"datePublished\":\"2013-10-20T09:46:40+00:00\",\"dateModified\":\"2013-10-20T09:46:42+00:00\",\"author\":{\"@id\":\"https:\/\/w-l-c.be\/fr\/#\/schema\/person\/4b9b1d857f0943453a38a7c2859ef756\"},\"breadcrumb\":{\"@id\":\"https:\/\/w-l-c.be\/fr\/verdict-remporte-hugo-dargent-chicago\/#breadcrumb\"},\"inLanguage\":\"fr-FR\",\"potentialAction\":[{\"@type\":\"ReadAction\",\"target\":[\"https:\/\/w-l-c.be\/fr\/verdict-remporte-hugo-dargent-chicago\/\"]}]},{\"@type\":\"BreadcrumbList\",\"@id\":\"https:\/\/w-l-c.be\/fr\/verdict-remporte-hugo-dargent-chicago\/#breadcrumb\",\"itemListElement\":[{\"@type\":\"ListItem\",\"position\":1,\"name\":\"Accueil\",\"item\":\"https:\/\/w-l-c.be\/fr\/\"},{\"@type\":\"ListItem\",\"position\":2,\"name\":\"Le verdict remporte un Hugo d\u2019Argent \u00e0 Chicago\"}]},{\"@type\":\"WebSite\",\"@id\":\"https:\/\/w-l-c.be\/fr\/#website\",\"url\":\"https:\/\/w-l-c.be\/fr\/\",\"name\":\"w-l-c\",\"description\":\"Le cin\u00e9ma vu par les belges\",\"potentialAction\":[{\"@type\":\"SearchAction\",\"target\":{\"@type\":\"EntryPoint\",\"urlTemplate\":\"https:\/\/w-l-c.be\/fr\/?s={search_term_string}\"},\"query-input\":\"required name=search_term_string\"}],\"inLanguage\":\"fr-FR\"},{\"@type\":\"Person\",\"@id\":\"https:\/\/w-l-c.be\/fr\/#\/schema\/person\/4b9b1d857f0943453a38a7c2859ef756\",\"name\":\"Philippe.Pierquin\",\"url\":\"https:\/\/w-l-c.be\/fr\/author\/philippe-pierquin\/\"}]}<\/script>\n<!-- \/ Yoast SEO plugin. -->","yoast_head_json":{"title":"Le verdict remporte un Hugo d\u2019Argent \u00e0 Chicago - w-l-c","robots":{"index":"noindex","follow":"follow","max-snippet":"max-snippet:-1","max-image-preview":"max-image-preview:large","max-video-preview":"max-video-preview:-1"},"og_locale":"fr_FR","og_type":"article","og_title":"Le verdict remporte un Hugo d\u2019Argent \u00e0 Chicago - w-l-c","og_description":"Le verdict de Jan Verheyen a remport\u00e9 le Hugo d\u2019Argent, Prix Sp\u00e9cial du Jury, lors de la 49\u00e8 \u00e9dition du Festival International du Film de Chicago (10-24 octobre). Le prix a \u00e9t\u00e9 remis \u00e0 l\u2019acteur Jappe Claes qui \u00e9tait sur place. La derni\u00e8re fois qu\u2019un long-m\u00e9trage belge remportait quelque chose \u00e0 Chicago, c\u2019\u00e9tait il y &hellip;","og_url":"https:\/\/w-l-c.be\/fr\/verdict-remporte-hugo-dargent-chicago\/","og_site_name":"w-l-c","article_published_time":"2013-10-20T09:46:40+00:00","article_modified_time":"2013-10-20T09:46:42+00:00","og_image":[{"width":1892,"height":840,"url":"https:\/\/w-l-c.be\/wp-content\/uploads\/2013\/10\/Le-Verdict.jpg","type":"image\/jpeg"}],"author":"Philippe.Pierquin","twitter_card":"summary_large_image","twitter_misc":{"\u00c9crit par":"Philippe.Pierquin","Dur\u00e9e de lecture estim\u00e9e":"2 minutes"},"schema":{"@context":"https:\/\/schema.org","@graph":[{"@type":"WebPage","@id":"https:\/\/w-l-c.be\/fr\/verdict-remporte-hugo-dargent-chicago\/","url":"https:\/\/w-l-c.be\/fr\/verdict-remporte-hugo-dargent-chicago\/","name":"Le verdict remporte un Hugo d\u2019Argent \u00e0 Chicago - w-l-c","isPartOf":{"@id":"https:\/\/w-l-c.be\/fr\/#website"},"datePublished":"2013-10-20T09:46:40+00:00","dateModified":"2013-10-20T09:46:42+00:00","author":{"@id":"https:\/\/w-l-c.be\/fr\/#\/schema\/person\/4b9b1d857f0943453a38a7c2859ef756"},"breadcrumb":{"@id":"https:\/\/w-l-c.be\/fr\/verdict-remporte-hugo-dargent-chicago\/#breadcrumb"},"inLanguage":"fr-FR","potentialAction":[{"@type":"ReadAction","target":["https:\/\/w-l-c.be\/fr\/verdict-remporte-hugo-dargent-chicago\/"]}]},{"@type":"BreadcrumbList","@id":"https:\/\/w-l-c.be\/fr\/verdict-remporte-hugo-dargent-chicago\/#breadcrumb","itemListElement":[{"@type":"ListItem","position":1,"name":"Accueil","item":"https:\/\/w-l-c.be\/fr\/"},{"@type":"ListItem","position":2,"name":"Le verdict remporte un Hugo d\u2019Argent \u00e0 Chicago"}]},{"@type":"WebSite","@id":"https:\/\/w-l-c.be\/fr\/#website","url":"https:\/\/w-l-c.be\/fr\/","name":"w-l-c","description":"Le cin\u00e9ma vu par les belges","potentialAction":[{"@type":"SearchAction","target":{"@type":"EntryPoint","urlTemplate":"https:\/\/w-l-c.be\/fr\/?s={search_term_string}"},"query-input":"required name=search_term_string"}],"inLanguage":"fr-FR"},{"@type":"Person","@id":"https:\/\/w-l-c.be\/fr\/#\/schema\/person\/4b9b1d857f0943453a38a7c2859ef756","name":"Philippe.Pierquin","url":"https:\/\/w-l-c.be\/fr\/author\/philippe-pierquin\/"}]}},"_links":{"self":[{"href":"https:\/\/w-l-c.be\/fr\/wp-json\/wp\/v2\/posts\/47022","targetHints":{"allow":["GET"]}}],"collection":[{"href":"https:\/\/w-l-c.be\/fr\/wp-json\/wp\/v2\/posts"}],"about":[{"href":"https:\/\/w-l-c.be\/fr\/wp-json\/wp\/v2\/types\/post"}],"author":[{"embeddable":true,"href":"https:\/\/w-l-c.be\/fr\/wp-json\/wp\/v2\/users\/7"}],"replies":[{"embeddable":true,"href":"https:\/\/w-l-c.be\/fr\/wp-json\/wp\/v2\/comments?post=47022"}],"version-history":[{"count":0,"href":"https:\/\/w-l-c.be\/fr\/wp-json\/wp\/v2\/posts\/47022\/revisions"}],"wp:featuredmedia":[{"embeddable":true,"href":"https:\/\/w-l-c.be\/fr\/wp-json\/wp\/v2\/media\/47026"}],"wp:attachment":[{"href":"https:\/\/w-l-c.be\/fr\/wp-json\/wp\/v2\/media?parent=47022"}],"wp:term":[{"taxonomy":"category","embeddable":true,"href":"https:\/\/w-l-c.be\/fr\/wp-json\/wp\/v2\/categories?post=47022"},{"taxonomy":"post_tag","embeddable":true,"href":"https:\/\/w-l-c.be\/fr\/wp-json\/wp\/v2\/tags?post=47022"}],"curies":[{"name":"wp","href":"https:\/\/api.w.org\/{rel}","templated":true}]}}