
{"id":47706,"date":"2013-11-06T11:04:06","date_gmt":"2013-11-06T10:04:06","guid":{"rendered":"http:\/\/www.cinevox.be\/?p=47706"},"modified":"2013-11-07T14:01:08","modified_gmt":"2013-11-07T13:01:08","slug":"marina-melodie-du-bonheur","status":"publish","type":"post","link":"https:\/\/w-l-c.be\/fr\/marina-melodie-du-bonheur\/","title":{"rendered":"Marina : la m\u00e9lodie du bonheur\u2026"},"content":{"rendered":"<p>Un gamin arrive dans les quartiers miniers du Limbourg. Il est italien et ne comprend pas ce que les gens autour de lui racontent. Encore moins les raisons qui ont pouss\u00e9 son p\u00e8re \u00e0 quitter le soleil pour venir patauger dans la boue et fouiller les entrailles de la terre \u00e0 la recherche de ce charbon qui, jour apr\u00e8s jour, le laisse sans souffle. Nous sommes \u00e0 la fin des ann\u00e9es quarante et les immigr\u00e9s sont regroup\u00e9s dans des ghettos branlants o\u00f9 aucune intimit\u00e9 n\u2019est permise.<\/p>\n<p>Avec sa gouaille ritale et sa frimousse de gamin des rues, Rocco se fait rapidement des copains et reluque gentiment la fille de l\u2019\u00e9picier du coin, un type pas tr\u00e8s sympa qui n\u2019aime pas qu\u2019un gamin de mineur tourne autour de sa p\u00e9pite.<\/p>\n<p>Dix ans plus tard, rien ou presque n\u2019a chang\u00e9. Les travailleurs de fond toussent plus souvent, certains ont gagn\u00e9 le droit d\u2019habiter dans des maisons un peu plus cossues, mais ils restent des parias pour la plupart des autochtones accroch\u00e9s \u00e0 leurs privil\u00e8ges.<\/p>\n<p>&nbsp;<\/p>\n<p>Rocco Granata est maintenant un jeune homme, mais il n\u2019a pas renonc\u00e9 \u00e0 ses r\u00eaves: il sera musicien, jamais mineur. Et il esp\u00e8re toujours s\u00e9duire la belle H\u00e9l\u00e9na pas du tout insensible \u00e0 son charme latin.<!--more--><\/p>\n<p>&nbsp;<\/p>\n<p style=\"text-align: center;\"><a href=\"http:\/\/www.cinevox.be\/marina-melodie-du-bonheur\/love-story-3\/\" rel=\"attachment wp-att-47717\"><img loading=\"lazy\" decoding=\"async\" class=\"size-large wp-image-47717 aligncenter\" alt=\"\" src=\"http:\/\/www.cinevox.be\/wp-content\/uploads\/2013\/11\/love-story-800x429.jpg\" width=\"640\" height=\"343\" srcset=\"https:\/\/w-l-c.be\/wp-content\/uploads\/2013\/11\/love-story-800x429.jpg 800w, https:\/\/w-l-c.be\/wp-content\/uploads\/2013\/11\/love-story-480x257.jpg 480w, https:\/\/w-l-c.be\/wp-content\/uploads\/2013\/11\/love-story.jpg 1337w\" sizes=\"auto, (max-width: 640px) 100vw, 640px\" \/><\/a><\/p>\n<p>&nbsp;<\/p>\n<p>Le miracle de <i>Marina<\/i> est de nous embarquer pendant pr\u00e8s de deux heures dans un voyage gentiment r\u00e9tro o\u00f9, faisant feu de tout bois, le r\u00e9alisateur nous plonge au c\u0153ur des ann\u00e9es\u00a050.<\/p>\n<p>Comme nous l\u2019avons expliqu\u00e9 <a href=\"http:\/\/www.cinevox.be\/marina-bouleversante-lecon-cinema\/\" target=\"_blank\">ICI<\/a>, c\u2019est un travail de longue haleine qui a donn\u00e9 naissance au film. Encore fallait-il transformer l\u2019essai en r\u00e9ussissant avec brio la transposition d\u2019un sc\u00e9nario finement cisel\u00e9 sur le grand l\u2019\u00e9cran.\u00a0 Pour nous faire croire \u00e0 l\u2019improbable histoire d\u2019un jeune accord\u00e9oniste (voir <a href=\"http:\/\/www.cinevox.be\/marina-ce-les-spectateurs-en-disent-36-personnage-rocco-granata\" target=\"_blank\">ici<\/a>) amoureux d\u2019une Limbourgeoise et faire de cette anecdote lumineuse une \u0153uvre qui s\u2019adresse \u00e0 tous, le talent reconnu de <b>Stijn Coninx<\/b> a pu s\u2019appuyer sur des interpr\u00e8tes formidables.<\/p>\n<p>Car le r\u00e9servoir des acteurs flamands semble sans fond. La raison? Une culture de la s\u00e9rie t\u00e9l\u00e9vis\u00e9e qui permet aux jeunes com\u00e9diens de beaucoup jouer, se formant au jour le jour, dans des conditions souvent exigeantes: le tournage de s\u00e9ries impose d\u2019\u00eatre rapidement excellent, et de pouvoir accepter un rythme soutenu et r\u00e9p\u00e9titif.<\/p>\n<p>&nbsp;<\/p>\n<p><a href=\"http:\/\/www.cinevox.be\/marina-melodie-du-bonheur\/2013-10-25_10h29_57\/\" rel=\"attachment wp-att-47708\"><img loading=\"lazy\" decoding=\"async\" class=\"aligncenter size-large wp-image-47708\" alt=\"\" src=\"http:\/\/www.cinevox.be\/wp-content\/uploads\/2013\/11\/2013-10-25_10h29_57-800x485.jpg\" width=\"640\" height=\"388\" srcset=\"https:\/\/w-l-c.be\/wp-content\/uploads\/2013\/11\/2013-10-25_10h29_57-800x485.jpg 800w, https:\/\/w-l-c.be\/wp-content\/uploads\/2013\/11\/2013-10-25_10h29_57-444x270.jpg 444w, https:\/\/w-l-c.be\/wp-content\/uploads\/2013\/11\/2013-10-25_10h29_57.jpg 1478w\" sizes=\"auto, (max-width: 640px) 100vw, 640px\" \/><\/a><\/p>\n<p>&nbsp;<\/p>\n<p><b>Matt\u00e9o Simoni<\/b> et <b>Evelien Bosman<\/b> sont de cette \u00e9cole. Le tr\u00e8s charismatique interpr\u00e8te de Rocco, inconnu au sud du pays, a fait ses classes dans <i>Louis Louise<\/i> (98 \u00e9pisodes), <i>team Kwistenbiebel<\/i> (6 \u00e9pisodes) et <i>Rang\u00a01<\/i> (8 \u00e9pisodes). Apr\u00e8s le tournage de Marina, il est revenu au petit \u00e9cran avec <i>Safety First<\/i> (8 \u00e9pisodes tourn\u00e9s en 2013) et <i>Amateur<\/i>s (neuf \u00e9pisodes). La preuve qu\u2019en Flandre, comme aux \u00c9tats-Unis aujourd\u2019hui, on passe sans souci d\u2019un m\u00e9dia \u00e0 l\u2019autre. Qu\u2019importe le flacon, pourvu qu\u2019on ait l\u2019ivresse.<\/p>\n<p>\u00c0 la vision de Marina, on a vite compris que Matt\u00e9o est un ph\u00e9nom\u00e8ne. Enthousiaste, mutin, il est aussi tr\u00e8s beau, ce qui ne g\u00e2che rien. Difficile \u00e0 croire que lorsqu\u2019il s\u2019est pr\u00e9sent\u00e9 au casting, il ne parlait pas l\u2019italien et ne jouait pas d\u2019accord\u00e9on (voir <a href=\"http:\/\/www.cinevox.be\/marina-ce-les-spectateurs-en-disent-46-matteo-simoni\" target=\"_blank\">ici<\/a>).<\/p>\n<p>&nbsp;<\/p>\n<p><a href=\"http:\/\/www.cinevox.be\/marina-melodie-du-bonheur\/2013-10-25_10h29_01\/\" rel=\"attachment wp-att-47709\"><img loading=\"lazy\" decoding=\"async\" class=\"aligncenter size-large wp-image-47709\" alt=\"\" src=\"http:\/\/www.cinevox.be\/wp-content\/uploads\/2013\/11\/2013-10-25_10h29_01-800x478.jpg\" width=\"640\" height=\"382\" srcset=\"https:\/\/w-l-c.be\/wp-content\/uploads\/2013\/11\/2013-10-25_10h29_01-800x478.jpg 800w, https:\/\/w-l-c.be\/wp-content\/uploads\/2013\/11\/2013-10-25_10h29_01-451x270.jpg 451w, https:\/\/w-l-c.be\/wp-content\/uploads\/2013\/11\/2013-10-25_10h29_01.jpg 1435w\" sizes=\"auto, (max-width: 640px) 100vw, 640px\" \/><\/a><\/p>\n<p>&nbsp;<\/p>\n<p>Evelyn Bosman est faite du m\u00eame bois. M\u00eame si c\u2019est le cin\u00e9ma qui l\u2019a fait d\u00e9couvrir pour la premi\u00e8re fois au grand public. Dans <i>Groenten uit Balen<\/i>, les producteurs lui ont confi\u00e9 d\u2019office un des r\u00f4les principaux. R\u00e9sultat: elle d\u00e9croche l\u2019Ensor\u00a02012 de la meilleure actrice, tout simplement. Elle encha\u00eena alors avec deux s\u00e9ries: <i>Red Sonja<\/i> et <i>Rang 1<\/i> o\u00f9 elle rencontra Matteo avant de devenir la jeune peste adorable qui va bouleverser le chanteur en herbe dans <i>Marina<\/i>. Un autre choix gagnant.<\/p>\n<p>&nbsp;<\/p>\n<p><a href=\"http:\/\/www.cinevox.be\/marina-melodie-du-bonheur\/2013-10-25_10h30_25\/\" rel=\"attachment wp-att-47710\"><img loading=\"lazy\" decoding=\"async\" class=\"aligncenter size-large wp-image-47710\" alt=\"\" src=\"http:\/\/www.cinevox.be\/wp-content\/uploads\/2013\/11\/2013-10-25_10h30_25-800x523.jpg\" width=\"640\" height=\"418\" srcset=\"https:\/\/w-l-c.be\/wp-content\/uploads\/2013\/11\/2013-10-25_10h30_25-800x523.jpg 800w, https:\/\/w-l-c.be\/wp-content\/uploads\/2013\/11\/2013-10-25_10h30_25-412x270.jpg 412w, https:\/\/w-l-c.be\/wp-content\/uploads\/2013\/11\/2013-10-25_10h30_25.jpg 1345w\" sizes=\"auto, (max-width: 640px) 100vw, 640px\" \/><\/a><\/p>\n<p>&nbsp;<\/p>\n<p>Pour entourer le duo central de ce film qui est donc aussi une jolie histoire d\u2019amour (voir <a href=\"http:\/\/www.cinevox.be\/marina-ce-les-spectateurs-en-disent-56-lhistoire-damour\">ici<\/a>), Eyeworks et Stijn Coninx ont engag\u00e9 l\u2019acteur italien <b>Luigi Lo Cascio<\/b>, fameux sur ses terres depuis sa prestation dans la minis\u00e9rie (diffus\u00e9e au cin\u00e9ma chez nous) <i>Nos Meilleures <a href=\"http:\/\/www.cinevox.be\/marina-melodie-du-bonheur\/story1-small\/\" rel=\"attachment wp-att-47711\"><img loading=\"lazy\" decoding=\"async\" class=\"alignright  wp-image-47711\" alt=\"\" src=\"http:\/\/www.cinevox.be\/wp-content\/uploads\/2013\/11\/story1-small-649x600.jpg\" width=\"448\" height=\"414\" srcset=\"https:\/\/w-l-c.be\/wp-content\/uploads\/2013\/11\/story1-small-649x600.jpg 649w, https:\/\/w-l-c.be\/wp-content\/uploads\/2013\/11\/story1-small-292x270.jpg 292w, https:\/\/w-l-c.be\/wp-content\/uploads\/2013\/11\/story1-small.jpg 767w\" sizes=\"auto, (max-width: 448px) 100vw, 448px\" \/><\/a>ann\u00e9es,<\/i> et <b>Donatella Finocchiaro<\/b>. Autre trouvaille: le jeune <b>Christiaan Campagna<\/b> qui incarne un formidable Rocco \u00e0 huit ans.<\/p>\n<p>&nbsp;<\/p>\n<p>S\u2019appuyant sur ce casting solide \u00e0 d\u00e9faut d\u2019\u00eatre particuli\u00e8rement c\u00e9l\u00e8bre, Stijn Coninx a pu consacrer toute son \u00e9nergie et son talent \u00e0 tourner un film d\u2019\u00e9poque avec un budget assez \u00e9triqu\u00e9 qui aura \u00e9t\u00e9 rentabilis\u00e9 au maximum. Les premiers plans en Italie o\u00f9 le spectateur se trouve immerg\u00e9 dans une nature aride, mais grandiose, justifient les d\u00e9cors limbourgeois sombres et \u00e9troits, comme une nuit sans lune est encore plus effrayante apr\u00e8s une journ\u00e9e de grand soleil.<\/p>\n<p>&nbsp;<\/p>\n<p><a href=\"http:\/\/www.cinevox.be\/marina-melodie-du-bonheur\/560292_370992409641710_76392547_n-2\/\" rel=\"attachment wp-att-47707\"><img loading=\"lazy\" decoding=\"async\" class=\"aligncenter size-large wp-image-47707\" alt=\"\" src=\"http:\/\/www.cinevox.be\/wp-content\/uploads\/2013\/11\/560292_370992409641710_76392547_n-800x450.jpg\" width=\"640\" height=\"360\" srcset=\"https:\/\/w-l-c.be\/wp-content\/uploads\/2013\/11\/560292_370992409641710_76392547_n-800x450.jpg 800w, https:\/\/w-l-c.be\/wp-content\/uploads\/2013\/11\/560292_370992409641710_76392547_n-200x113.jpg 200w, https:\/\/w-l-c.be\/wp-content\/uploads\/2013\/11\/560292_370992409641710_76392547_n-480x270.jpg 480w, https:\/\/w-l-c.be\/wp-content\/uploads\/2013\/11\/560292_370992409641710_76392547_n-300x169.jpg 300w, https:\/\/w-l-c.be\/wp-content\/uploads\/2013\/11\/560292_370992409641710_76392547_n-620x350.jpg 620w, https:\/\/w-l-c.be\/wp-content\/uploads\/2013\/11\/560292_370992409641710_76392547_n.jpg 960w\" sizes=\"auto, (max-width: 640px) 100vw, 640px\" \/><\/a><\/p>\n<p>&nbsp;<\/p>\n<p>Quelques sc\u00e8nes de foule intelligemment anim\u00e9es et un travail pointu sur les d\u00e9cors et les costumes emportent la mise. Ajoutez-y quelques carrosseries rutilantes, une vespa, une vieille radio (capitale) et la mine patibulaire de quelques authentiques Belges perclus d\u2019arrogance (<b>Jappe Claes<\/b> et <b>Vincent Grass <\/b>r\u00e9cemment vu dans <i>Yam Dam<\/i> sont vraiment tr\u00e8s \u00e9nervants) et vous obtenez une recette magique qui \u00e9chappe au r\u00e9alisme sordide pour atteindre \u00e0 une po\u00e9sie qui emprunte autant \u00e0 l\u2019image d\u2019\u00c9pinal qu\u2019au cours d\u2019histoire.<\/p>\n<p>&nbsp;<\/p>\n<p style=\"text-align: center;\"><a href=\"http:\/\/www.cinevox.be\/marina-melodie-du-bonheur\/marina_still1-2\/\" rel=\"attachment wp-att-47718\"><img loading=\"lazy\" decoding=\"async\" class=\"size-full wp-image-47718 aligncenter\" alt=\"\" src=\"http:\/\/www.cinevox.be\/wp-content\/uploads\/2013\/11\/Marina_still1.jpg\" width=\"640\" height=\"427\" srcset=\"https:\/\/w-l-c.be\/wp-content\/uploads\/2013\/11\/Marina_still1.jpg 640w, https:\/\/w-l-c.be\/wp-content\/uploads\/2013\/11\/Marina_still1-404x270.jpg 404w\" sizes=\"auto, (max-width: 640px) 100vw, 640px\" \/><\/a><\/p>\n<p>&nbsp;<\/p>\n<p>Essentiellement jou\u00e9 en italien et en Flamand, <i>Marina<\/i> s\u2019offre aussi quelques r\u00e9pliques en fran\u00e7ais. \u00a0Mais c\u2019est \u00e0 chaque fois pour souligner que les plus snobs des Flamands l\u2019utilisaient alors pour avoir l\u2019air d\u2019\u00eatre un bourgeois de la classe hupp\u00e9e.<\/p>\n<p>Cela mis \u00e0 part, le film aurait pu \u00eatre tourn\u00e9 \u00e0 Seraing, Hornu ou Morlanwelz sans qu\u2019on ait \u00e0 changer d&rsquo;\u00e9l\u00e9ments du sc\u00e9nario (voir <a href=\"http:\/\/www.cinevox.be\/marina-ce-les-spectateurs-en-disent-26-contexte-historique\">ici<\/a>). Marina raconte une histoire universelle et devrait en toute logique devenir le film r\u00e9f\u00e9rence d\u2019une ou deux g\u00e9n\u00e9rations de travailleurs aujourd\u2019hui bien int\u00e9gr\u00e9s chez nous, mais qui ont connu des jours beaucoup plus difficiles. Cette remarque n\u2019exclut naturellement personne : Marina est une \u0153uvre tellement enivrante qu\u2019elle doit absolument \u00eatre vue par le plus grand nombre. Que du bonheur ! (confirmation <a href=\"http:\/\/www.cinevox.be\/marina-ce-les-spectateurs-en-disent-16-premieres-impressions\" target=\"_blank\">ici<\/a>)<\/p>\n","protected":false},"excerpt":{"rendered":"<p>Un gamin arrive dans les quartiers miniers du Limbourg. Il est italien et ne comprend pas ce que les gens autour de lui racontent. Encore moins les raisons qui ont pouss\u00e9 son p\u00e8re \u00e0 quitter le soleil pour venir patauger dans la boue et fouiller les entrailles de la terre \u00e0 la recherche de ce &hellip;<\/p>\n","protected":false},"author":7,"featured_media":47713,"comment_status":"closed","ping_status":"closed","sticky":false,"template":"","format":"standard","meta":{"ngg_post_thumbnail":0,"footnotes":""},"categories":[53],"tags":[],"class_list":["post-47706","post","type-post","status-publish","format-standard","has-post-thumbnail","","category-coming-soon"],"yoast_head":"<!-- This site is optimized with the Yoast SEO plugin v20.4 - https:\/\/yoast.com\/wordpress\/plugins\/seo\/ -->\n<title>Marina : la m\u00e9lodie du bonheur\u2026 - w-l-c<\/title>\n<meta name=\"robots\" content=\"noindex, follow, max-snippet:-1, max-image-preview:large, max-video-preview:-1\" \/>\n<meta property=\"og:locale\" content=\"fr_FR\" \/>\n<meta property=\"og:type\" content=\"article\" \/>\n<meta property=\"og:title\" content=\"Marina : la m\u00e9lodie du bonheur\u2026 - w-l-c\" \/>\n<meta property=\"og:description\" content=\"Un gamin arrive dans les quartiers miniers du Limbourg. Il est italien et ne comprend pas ce que les gens autour de lui racontent. Encore moins les raisons qui ont pouss\u00e9 son p\u00e8re \u00e0 quitter le soleil pour venir patauger dans la boue et fouiller les entrailles de la terre \u00e0 la recherche de ce &hellip;\" \/>\n<meta property=\"og:url\" content=\"https:\/\/w-l-c.be\/fr\/marina-melodie-du-bonheur\/\" \/>\n<meta property=\"og:site_name\" content=\"w-l-c\" \/>\n<meta property=\"article:published_time\" content=\"2013-11-06T10:04:06+00:00\" \/>\n<meta property=\"article:modified_time\" content=\"2013-11-07T13:01:08+00:00\" \/>\n<meta property=\"og:image\" content=\"https:\/\/w-l-c.be\/wp-content\/uploads\/2013\/11\/work_00063_img1.jpg\" \/>\n\t<meta property=\"og:image:width\" content=\"310\" \/>\n\t<meta property=\"og:image:height\" content=\"192\" \/>\n\t<meta property=\"og:image:type\" content=\"image\/jpeg\" \/>\n<meta name=\"author\" content=\"Philippe.Pierquin\" \/>\n<meta name=\"twitter:card\" content=\"summary_large_image\" \/>\n<meta name=\"twitter:label1\" content=\"\u00c9crit par\" \/>\n\t<meta name=\"twitter:data1\" content=\"Philippe.Pierquin\" \/>\n\t<meta name=\"twitter:label2\" content=\"Dur\u00e9e de lecture estim\u00e9e\" \/>\n\t<meta name=\"twitter:data2\" content=\"5 minutes\" \/>\n<script type=\"application\/ld+json\" class=\"yoast-schema-graph\">{\"@context\":\"https:\/\/schema.org\",\"@graph\":[{\"@type\":\"WebPage\",\"@id\":\"https:\/\/w-l-c.be\/fr\/marina-melodie-du-bonheur\/\",\"url\":\"https:\/\/w-l-c.be\/fr\/marina-melodie-du-bonheur\/\",\"name\":\"Marina : la m\u00e9lodie du bonheur\u2026 - w-l-c\",\"isPartOf\":{\"@id\":\"https:\/\/w-l-c.be\/fr\/#website\"},\"datePublished\":\"2013-11-06T10:04:06+00:00\",\"dateModified\":\"2013-11-07T13:01:08+00:00\",\"author\":{\"@id\":\"https:\/\/w-l-c.be\/fr\/#\/schema\/person\/4b9b1d857f0943453a38a7c2859ef756\"},\"breadcrumb\":{\"@id\":\"https:\/\/w-l-c.be\/fr\/marina-melodie-du-bonheur\/#breadcrumb\"},\"inLanguage\":\"fr-FR\",\"potentialAction\":[{\"@type\":\"ReadAction\",\"target\":[\"https:\/\/w-l-c.be\/fr\/marina-melodie-du-bonheur\/\"]}]},{\"@type\":\"BreadcrumbList\",\"@id\":\"https:\/\/w-l-c.be\/fr\/marina-melodie-du-bonheur\/#breadcrumb\",\"itemListElement\":[{\"@type\":\"ListItem\",\"position\":1,\"name\":\"Accueil\",\"item\":\"https:\/\/w-l-c.be\/fr\/\"},{\"@type\":\"ListItem\",\"position\":2,\"name\":\"Marina : la m\u00e9lodie du bonheur\u2026\"}]},{\"@type\":\"WebSite\",\"@id\":\"https:\/\/w-l-c.be\/fr\/#website\",\"url\":\"https:\/\/w-l-c.be\/fr\/\",\"name\":\"w-l-c\",\"description\":\"Le cin\u00e9ma vu par les belges\",\"potentialAction\":[{\"@type\":\"SearchAction\",\"target\":{\"@type\":\"EntryPoint\",\"urlTemplate\":\"https:\/\/w-l-c.be\/fr\/?s={search_term_string}\"},\"query-input\":\"required name=search_term_string\"}],\"inLanguage\":\"fr-FR\"},{\"@type\":\"Person\",\"@id\":\"https:\/\/w-l-c.be\/fr\/#\/schema\/person\/4b9b1d857f0943453a38a7c2859ef756\",\"name\":\"Philippe.Pierquin\",\"url\":\"https:\/\/w-l-c.be\/fr\/author\/philippe-pierquin\/\"}]}<\/script>\n<!-- \/ Yoast SEO plugin. -->","yoast_head_json":{"title":"Marina : la m\u00e9lodie du bonheur\u2026 - w-l-c","robots":{"index":"noindex","follow":"follow","max-snippet":"max-snippet:-1","max-image-preview":"max-image-preview:large","max-video-preview":"max-video-preview:-1"},"og_locale":"fr_FR","og_type":"article","og_title":"Marina : la m\u00e9lodie du bonheur\u2026 - w-l-c","og_description":"Un gamin arrive dans les quartiers miniers du Limbourg. Il est italien et ne comprend pas ce que les gens autour de lui racontent. Encore moins les raisons qui ont pouss\u00e9 son p\u00e8re \u00e0 quitter le soleil pour venir patauger dans la boue et fouiller les entrailles de la terre \u00e0 la recherche de ce &hellip;","og_url":"https:\/\/w-l-c.be\/fr\/marina-melodie-du-bonheur\/","og_site_name":"w-l-c","article_published_time":"2013-11-06T10:04:06+00:00","article_modified_time":"2013-11-07T13:01:08+00:00","og_image":[{"width":310,"height":192,"url":"https:\/\/w-l-c.be\/wp-content\/uploads\/2013\/11\/work_00063_img1.jpg","type":"image\/jpeg"}],"author":"Philippe.Pierquin","twitter_card":"summary_large_image","twitter_misc":{"\u00c9crit par":"Philippe.Pierquin","Dur\u00e9e de lecture estim\u00e9e":"5 minutes"},"schema":{"@context":"https:\/\/schema.org","@graph":[{"@type":"WebPage","@id":"https:\/\/w-l-c.be\/fr\/marina-melodie-du-bonheur\/","url":"https:\/\/w-l-c.be\/fr\/marina-melodie-du-bonheur\/","name":"Marina : la m\u00e9lodie du bonheur\u2026 - w-l-c","isPartOf":{"@id":"https:\/\/w-l-c.be\/fr\/#website"},"datePublished":"2013-11-06T10:04:06+00:00","dateModified":"2013-11-07T13:01:08+00:00","author":{"@id":"https:\/\/w-l-c.be\/fr\/#\/schema\/person\/4b9b1d857f0943453a38a7c2859ef756"},"breadcrumb":{"@id":"https:\/\/w-l-c.be\/fr\/marina-melodie-du-bonheur\/#breadcrumb"},"inLanguage":"fr-FR","potentialAction":[{"@type":"ReadAction","target":["https:\/\/w-l-c.be\/fr\/marina-melodie-du-bonheur\/"]}]},{"@type":"BreadcrumbList","@id":"https:\/\/w-l-c.be\/fr\/marina-melodie-du-bonheur\/#breadcrumb","itemListElement":[{"@type":"ListItem","position":1,"name":"Accueil","item":"https:\/\/w-l-c.be\/fr\/"},{"@type":"ListItem","position":2,"name":"Marina : la m\u00e9lodie du bonheur\u2026"}]},{"@type":"WebSite","@id":"https:\/\/w-l-c.be\/fr\/#website","url":"https:\/\/w-l-c.be\/fr\/","name":"w-l-c","description":"Le cin\u00e9ma vu par les belges","potentialAction":[{"@type":"SearchAction","target":{"@type":"EntryPoint","urlTemplate":"https:\/\/w-l-c.be\/fr\/?s={search_term_string}"},"query-input":"required name=search_term_string"}],"inLanguage":"fr-FR"},{"@type":"Person","@id":"https:\/\/w-l-c.be\/fr\/#\/schema\/person\/4b9b1d857f0943453a38a7c2859ef756","name":"Philippe.Pierquin","url":"https:\/\/w-l-c.be\/fr\/author\/philippe-pierquin\/"}]}},"_links":{"self":[{"href":"https:\/\/w-l-c.be\/fr\/wp-json\/wp\/v2\/posts\/47706","targetHints":{"allow":["GET"]}}],"collection":[{"href":"https:\/\/w-l-c.be\/fr\/wp-json\/wp\/v2\/posts"}],"about":[{"href":"https:\/\/w-l-c.be\/fr\/wp-json\/wp\/v2\/types\/post"}],"author":[{"embeddable":true,"href":"https:\/\/w-l-c.be\/fr\/wp-json\/wp\/v2\/users\/7"}],"replies":[{"embeddable":true,"href":"https:\/\/w-l-c.be\/fr\/wp-json\/wp\/v2\/comments?post=47706"}],"version-history":[{"count":0,"href":"https:\/\/w-l-c.be\/fr\/wp-json\/wp\/v2\/posts\/47706\/revisions"}],"wp:featuredmedia":[{"embeddable":true,"href":"https:\/\/w-l-c.be\/fr\/wp-json\/wp\/v2\/media\/47713"}],"wp:attachment":[{"href":"https:\/\/w-l-c.be\/fr\/wp-json\/wp\/v2\/media?parent=47706"}],"wp:term":[{"taxonomy":"category","embeddable":true,"href":"https:\/\/w-l-c.be\/fr\/wp-json\/wp\/v2\/categories?post=47706"},{"taxonomy":"post_tag","embeddable":true,"href":"https:\/\/w-l-c.be\/fr\/wp-json\/wp\/v2\/tags?post=47706"}],"curies":[{"name":"wp","href":"https:\/\/api.w.org\/{rel}","templated":true}]}}