
{"id":47861,"date":"2013-11-07T08:57:51","date_gmt":"2013-11-07T07:57:51","guid":{"rendered":"http:\/\/www.cinevox.be\/?p=47861"},"modified":"2013-11-08T11:46:02","modified_gmt":"2013-11-08T10:46:02","slug":"marchons-marchons-marseillaise","status":"publish","type":"post","link":"https:\/\/w-l-c.be\/fr\/marchons-marchons-marseillaise\/","title":{"rendered":"Marchons, Marchons ! (La Marseillaise)"},"content":{"rendered":"<p>Hier soir, Nabil Ben Yadir, cinq com\u00e9diens et quelques figures historiques qui ont \u0153uvr\u00e9 en 1983 \u00e9taient pr\u00e9sents \u00e0 Marseille pour la Premi\u00e8re r\u00e9gionale de La Marche, un film qui prend encore plus de sens dans cette ville.<\/p>\n<p>Maryline Laurin, cinevoxienne Marseillaise, \u00e9tait sur place et nous a envoy\u00e9 quelques clich\u00e9s sur le vif.<!--more--><\/p>\n<p>&nbsp;<\/p>\n<p>&nbsp;<\/p>\n<p>&nbsp;<\/p>\n<p>&nbsp;<\/p>\n<p>Pr\u00e9senter <i>La Marche<\/i> \u00e0 Marseille est \u00e9videmment symbolique puisque c\u2019est du quartier de la Caillole que s&rsquo;est \u00e9lanc\u00e9e en 1983 la marche historique pour l\u2019\u00e9galit\u00e9 et contre tous les racismes.<\/p>\n<p>Lors de l\u2019avant-premi\u00e8re dans les Bouches-du-Rh\u00f4ne, Nabil Ben Yadir a tenu \u00e0 souligner qu\u2019il \u00e9tait particuli\u00e8rement fier de revenir \u00e0 cet endroit o\u00f9 une partie du tournage a r\u00e9ellement eu lieu.<\/p>\n<p>&nbsp;<\/p>\n<p><a href=\"http:\/\/www.cinevox.be\/marchons-marchons-marseillaise\/20131106_182447-1\/\" rel=\"attachment wp-att-47862\"><img loading=\"lazy\" decoding=\"async\" class=\"aligncenter size-full wp-image-47862\" alt=\"\" src=\"http:\/\/www.cinevox.be\/wp-content\/uploads\/2013\/11\/20131106_182447-1.jpg\" width=\"749\" height=\"497\" srcset=\"https:\/\/w-l-c.be\/wp-content\/uploads\/2013\/11\/20131106_182447-1.jpg 749w, https:\/\/w-l-c.be\/wp-content\/uploads\/2013\/11\/20131106_182447-1-406x270.jpg 406w\" sizes=\"auto, (max-width: 749px) 100vw, 749px\" \/><\/a><\/p>\n<p style=\"text-align: right;\"><em>\u00a0Nabil Ben Yadir avec la r\u00e9gionale de l&rsquo;\u00e9tape, Hafsia Herzi. ils seront \u00e0 Bruxelles ce soir<\/em><\/p>\n<p>&nbsp;<\/p>\n<p>L\u2019\u00e9quipe du film qui ne compte pas jouer les stars inaccessibles est venue \u00e0 la rencontre du public pour signer des autographes, mais aussi r\u00e9pondre tr\u00e8s longuement aux questions des spectateurs, questions qui touchaient au tournage, bien s\u00fbr, mais aussi \u00e0 ce qui s\u2019est pass\u00e9 ces trente derni\u00e8res ann\u00e9es et aux diff\u00e9rences\u2026 ou ressemblances fortes entre ces deux \u00e9poques. L&rsquo;actualit\u00e9 de ces derniers jours en est une nouvelle preuve. En Belgique comme en France.<\/p>\n<p>&nbsp;<\/p>\n<p><a href=\"http:\/\/www.cinevox.be\/marchons-marchons-marseillaise\/dsc01235\/\" rel=\"attachment wp-att-47866\"><img loading=\"lazy\" decoding=\"async\" class=\"aligncenter size-large wp-image-47866\" alt=\"\" src=\"http:\/\/www.cinevox.be\/wp-content\/uploads\/2013\/11\/DSC01235-800x600.jpg\" width=\"640\" height=\"480\" srcset=\"https:\/\/w-l-c.be\/wp-content\/uploads\/2013\/11\/DSC01235-800x600.jpg 800w, https:\/\/w-l-c.be\/wp-content\/uploads\/2013\/11\/DSC01235-360x270.jpg 360w, https:\/\/w-l-c.be\/wp-content\/uploads\/2013\/11\/DSC01235-300x225.jpg 300w\" sizes=\"auto, (max-width: 640px) 100vw, 640px\" \/><\/a><\/p>\n<p style=\"text-align: right;\"><em>Nader Boussandel et Jamel Debbouze. Derri\u00e8re eux, Hafsia Herzi<\/em><\/p>\n<p>&nbsp;<\/p>\n<p>&nbsp;<\/p>\n<p>En trente ann\u00e9es, on aurait pu penser que la situation des immigr\u00e9s et plus largement celles des minorit\u00e9s et des gens en d\u00e9tresse sociale se seraient am\u00e9lior\u00e9es. Tout le monde hier \u00e9tait bien d\u2019accord pour reconna\u00eetre que ce n\u2019\u00e9tait pas vraiment le cas. Si des avanc\u00e9es ont \u00e9t\u00e9 enregistr\u00e9es, on assiste ces derni\u00e8res ann\u00e9es \u00e0 un recul pr\u00e9occupant des valeurs de solidarit\u00e9 et d\u2019entraide. La crise financi\u00e8re est pass\u00e9e par l\u00e0 et les discours populistes et stigmatisants ont tendance \u00e0 se radicaliser. La lutte des classes est devenue une lutte des peuples, m\u00eame si les sch\u00e9mas ont peu chang\u00e9.<\/p>\n<p>&nbsp;<\/p>\n<p><a href=\"http:\/\/www.cinevox.be\/marchons-marchons-marseillaise\/attachment\/47863\/\" rel=\"attachment wp-att-47863\"><img loading=\"lazy\" decoding=\"async\" class=\"aligncenter size-large wp-image-47863\" alt=\"\" src=\"http:\/\/www.cinevox.be\/wp-content\/uploads\/2013\/11\/DSC01264-800x433.jpg\" width=\"640\" height=\"346\" srcset=\"https:\/\/w-l-c.be\/wp-content\/uploads\/2013\/11\/DSC01264-800x433.jpg 800w, https:\/\/w-l-c.be\/wp-content\/uploads\/2013\/11\/DSC01264-480x259.jpg 480w\" sizes=\"auto, (max-width: 640px) 100vw, 640px\" \/><\/a><\/p>\n<p>&nbsp;<\/p>\n<p>C\u2019est dire si le film tombe \u00e0 un moment crucial, \u0153uvre forte et \u00e9mouvante, mais aussi rappel magistral que rien ne se r\u00e9sout en excluant l\u2019autre. Et si en le regardant on a l\u2019am\u00e8re impression qu\u2019en 2013 on pourrait revivre exactement les m\u00eames sc\u00e8nes et les m\u00eames d\u00e9sarrois, ce n\u2019est pas une raison pour baisser les bras. Au contraire!<\/p>\n<p>&nbsp;<\/p>\n<p><a href=\"http:\/\/www.cinevox.be\/marchons-marchons-marseillaise\/attachment\/47864\/\" rel=\"attachment wp-att-47864\"><img loading=\"lazy\" decoding=\"async\" class=\"aligncenter size-large wp-image-47864\" alt=\"\" src=\"http:\/\/www.cinevox.be\/wp-content\/uploads\/2013\/11\/DSC01260-800x600.jpg\" width=\"640\" height=\"480\" srcset=\"https:\/\/w-l-c.be\/wp-content\/uploads\/2013\/11\/DSC01260-800x600.jpg 800w, https:\/\/w-l-c.be\/wp-content\/uploads\/2013\/11\/DSC01260-360x270.jpg 360w, https:\/\/w-l-c.be\/wp-content\/uploads\/2013\/11\/DSC01260-300x225.jpg 300w\" sizes=\"auto, (max-width: 640px) 100vw, 640px\" \/><\/a><\/p>\n<p>&nbsp;<\/p>\n<p>Sans surprise, la grande salle qui accueillait l\u2019avant-premi\u00e8re marseillaise (les organisateurs ont d\u00fb ajouter une projection tant il y avait du monde devant le cin\u00e9ma) a \u00e9t\u00e9 secou\u00e9e au bout du g\u00e9n\u00e9rique final par une longue et vibrante standing ovation qui pr\u00e9sage bien de ce qu\u2019on pourrait vivre ce soir au Kinepolis de Bruxelles o\u00f9 Cinevox, avec le soutien de Belga Films et Entre Chien et Loup, recevra l\u2019\u00e9quipe du film pr\u00e9sente hier le long de la M\u00e9diterran\u00e9e.<\/p>\n<p>&nbsp;<\/p>\n<p>Outre <b>Nabil Ben Yadir,<\/b> le r\u00e9alisateur et <b>Jamel Debouzze<\/b> d\u00e9j\u00e0 annonc\u00e9s, on est heureux de vous confirmer que <b>Tewfik Jallab, Nader Boussandel, Hafsia Herzi<\/b> et <b>M\u2019Barek Belkouk<\/b> quatre des com\u00e9diens principaux de ce film seront des n\u00f4tres.<\/p>\n<p>&nbsp;<\/p>\n<p><a href=\"http:\/\/www.cinevox.be\/marchons-marchons-marseillaise\/attachment\/47865\/\" rel=\"attachment wp-att-47865\"><img loading=\"lazy\" decoding=\"async\" class=\"aligncenter size-large wp-image-47865\" alt=\"\" src=\"http:\/\/www.cinevox.be\/wp-content\/uploads\/2013\/11\/DSC01226-800x444.jpg\" width=\"640\" height=\"355\" srcset=\"https:\/\/w-l-c.be\/wp-content\/uploads\/2013\/11\/DSC01226-800x444.jpg 800w, https:\/\/w-l-c.be\/wp-content\/uploads\/2013\/11\/DSC01226-480x266.jpg 480w\" sizes=\"auto, (max-width: 640px) 100vw, 640px\" \/><\/a><\/p>\n<p style=\"text-align: right;\"><em>Tewfik Jallab, Jamel Debbouze et Nabil Ben Yadir,<b>\u00a0<\/b>Toumi Djaidja qui a initi\u00e9 la marche en 1983 et qui a inspir\u00e9 le personnage de Mohamed<\/em><\/p>\n<p>&nbsp;<\/p>\n<p>Oui, ce seront eux les vedettes, preuve aussi que, par certains aspects, l\u2019image des Maghr\u00e9bins s\u2019est quand m\u00eame am\u00e9lior\u00e9e au moins dans les milieux artistiques.<\/p>\n<p>Quand on sait que le dernier gros succ\u00e8s du cin\u00e9ma belge francophone est <i>Les Barons<\/i>, que <i>Morrocan Gigolos<\/i> va probablement se hisser dans le duo de t\u00eate du box-office\u00a02013 des films r\u00e9alis\u00e9s chez nous et que <i>La Marche<\/i> a tous les atouts pour faire encore (beaucoup) mieux, on se dit que c\u2019est finalement sur le grand \u00e9cran que la r\u00e9volution douce, mais implacable, intelligente et \u00e9mouvante a aujourd\u2019hui lieu.<\/p>\n<p>Dans un monde d\u2019images, cette appropriation de l\u2019espace m\u00e9diatique pour livrer un discours positif avec la maestria des plus grands est une formidable arme de s\u00e9duction massive.<\/p>\n<p>&nbsp;<\/p>\n<p><a href=\"http:\/\/www.cinevox.be\/marchons-marchons-marseillaise\/attachment\/47872\/\" rel=\"attachment wp-att-47872\"><img loading=\"lazy\" decoding=\"async\" class=\"aligncenter size-large wp-image-47872\" alt=\"\" src=\"http:\/\/www.cinevox.be\/wp-content\/uploads\/2013\/11\/DSC01240-800x427.jpg\" width=\"640\" height=\"341\" srcset=\"https:\/\/w-l-c.be\/wp-content\/uploads\/2013\/11\/DSC01240-800x427.jpg 800w, https:\/\/w-l-c.be\/wp-content\/uploads\/2013\/11\/DSC01240-480x256.jpg 480w\" sizes=\"auto, (max-width: 640px) 100vw, 640px\" \/><\/a><\/p>\n<p style=\"text-align: right;\"><em><b>\u00a0<\/b>Toumi Djaidja, Nabil Ben Yadir et\u00a0\u00a0Tewfik Jallab<\/em><\/p>\n<p>&nbsp;<\/p>\n<p>Nous ne vous cacherons pas que nous avons h\u00e2te de vivre <a href=\"http:\/\/www.cinevox.be\/cinevox-happening-marche\/\" target=\"_blank\">ce Cinevox Happening ce soir <\/a>au Kinepolis et de d\u00e9couvrir l\u2019accueil du public belge, puis de participer aux discussions qui suivront. Au-del\u00e0 du pur divertissement (ce que le film est aussi), L<i>a Marche <\/i>est clairement un des longs m\u00e9trages de fiction les plus captivants de ces derni\u00e8res ann\u00e9es.<\/p>\n<p>&nbsp;<\/p>\n<p>&nbsp;<\/p>\n<p><a href=\"http:\/\/www.cinevox.be\/marchons-marchons-marseillaise\/marseille\/\" rel=\"attachment wp-att-47877\"><img loading=\"lazy\" decoding=\"async\" class=\"aligncenter size-large wp-image-47877\" alt=\"\" src=\"http:\/\/www.cinevox.be\/wp-content\/uploads\/2013\/11\/Marseille-800x600.jpg\" width=\"640\" height=\"480\" srcset=\"https:\/\/w-l-c.be\/wp-content\/uploads\/2013\/11\/Marseille-800x600.jpg 800w, https:\/\/w-l-c.be\/wp-content\/uploads\/2013\/11\/Marseille-360x270.jpg 360w, https:\/\/w-l-c.be\/wp-content\/uploads\/2013\/11\/Marseille-300x225.jpg 300w, https:\/\/w-l-c.be\/wp-content\/uploads\/2013\/11\/Marseille.jpg 1200w\" sizes=\"auto, (max-width: 640px) 100vw, 640px\" \/><\/a><\/p>\n<p style=\"text-align: right;\"><em>\u00a0Petites d\u00e9dicaces de Nabil, Hafsia Hersi (en bas \u00e0 droite) et de Jamel Debbouze (en haut \u00e0 droite)<\/em><\/p>\n<p>&nbsp;<\/p>\n<p>&nbsp;<\/p>\n<p>&nbsp;<\/p>\n","protected":false},"excerpt":{"rendered":"<p>Hier soir, Nabil Ben Yadir, cinq com\u00e9diens et quelques figures historiques qui ont \u0153uvr\u00e9 en 1983 \u00e9taient pr\u00e9sents \u00e0 Marseille pour la Premi\u00e8re r\u00e9gionale de La Marche, un film qui prend encore plus de sens dans cette ville. Maryline Laurin, cinevoxienne Marseillaise, \u00e9tait sur place et nous a envoy\u00e9 quelques clich\u00e9s sur le vif.<\/p>\n","protected":false},"author":7,"featured_media":47868,"comment_status":"closed","ping_status":"closed","sticky":false,"template":"","format":"standard","meta":{"ngg_post_thumbnail":0,"footnotes":""},"categories":[1923],"tags":[],"class_list":["post-47861","post","type-post","status-publish","format-standard","has-post-thumbnail","","category-en-bref"],"yoast_head":"<!-- This site is optimized with the Yoast SEO plugin v20.4 - https:\/\/yoast.com\/wordpress\/plugins\/seo\/ -->\n<title>Marchons, Marchons ! (La Marseillaise) - w-l-c<\/title>\n<meta name=\"robots\" content=\"noindex, follow, max-snippet:-1, max-image-preview:large, max-video-preview:-1\" \/>\n<meta property=\"og:locale\" content=\"fr_FR\" \/>\n<meta property=\"og:type\" content=\"article\" \/>\n<meta property=\"og:title\" content=\"Marchons, Marchons ! (La Marseillaise) - w-l-c\" \/>\n<meta property=\"og:description\" content=\"Hier soir, Nabil Ben Yadir, cinq com\u00e9diens et quelques figures historiques qui ont \u0153uvr\u00e9 en 1983 \u00e9taient pr\u00e9sents \u00e0 Marseille pour la Premi\u00e8re r\u00e9gionale de La Marche, un film qui prend encore plus de sens dans cette ville. Maryline Laurin, cinevoxienne Marseillaise, \u00e9tait sur place et nous a envoy\u00e9 quelques clich\u00e9s sur le vif.\" \/>\n<meta property=\"og:url\" content=\"https:\/\/w-l-c.be\/fr\/marchons-marchons-marseillaise\/\" \/>\n<meta property=\"og:site_name\" content=\"w-l-c\" \/>\n<meta property=\"article:published_time\" content=\"2013-11-07T07:57:51+00:00\" \/>\n<meta property=\"article:modified_time\" content=\"2013-11-08T10:46:02+00:00\" \/>\n<meta property=\"og:image\" content=\"https:\/\/w-l-c.be\/wp-content\/uploads\/2013\/11\/DSC01248.jpg\" \/>\n\t<meta property=\"og:image:width\" content=\"3677\" \/>\n\t<meta property=\"og:image:height\" content=\"2572\" \/>\n\t<meta property=\"og:image:type\" content=\"image\/jpeg\" \/>\n<meta name=\"author\" content=\"Philippe.Pierquin\" \/>\n<meta name=\"twitter:card\" content=\"summary_large_image\" \/>\n<meta name=\"twitter:label1\" content=\"\u00c9crit par\" \/>\n\t<meta name=\"twitter:data1\" content=\"Philippe.Pierquin\" \/>\n\t<meta name=\"twitter:label2\" content=\"Dur\u00e9e de lecture estim\u00e9e\" \/>\n\t<meta name=\"twitter:data2\" content=\"4 minutes\" \/>\n<script type=\"application\/ld+json\" class=\"yoast-schema-graph\">{\"@context\":\"https:\/\/schema.org\",\"@graph\":[{\"@type\":\"WebPage\",\"@id\":\"https:\/\/w-l-c.be\/fr\/marchons-marchons-marseillaise\/\",\"url\":\"https:\/\/w-l-c.be\/fr\/marchons-marchons-marseillaise\/\",\"name\":\"Marchons, Marchons ! (La Marseillaise) - w-l-c\",\"isPartOf\":{\"@id\":\"https:\/\/w-l-c.be\/fr\/#website\"},\"datePublished\":\"2013-11-07T07:57:51+00:00\",\"dateModified\":\"2013-11-08T10:46:02+00:00\",\"author\":{\"@id\":\"https:\/\/w-l-c.be\/fr\/#\/schema\/person\/4b9b1d857f0943453a38a7c2859ef756\"},\"breadcrumb\":{\"@id\":\"https:\/\/w-l-c.be\/fr\/marchons-marchons-marseillaise\/#breadcrumb\"},\"inLanguage\":\"fr-FR\",\"potentialAction\":[{\"@type\":\"ReadAction\",\"target\":[\"https:\/\/w-l-c.be\/fr\/marchons-marchons-marseillaise\/\"]}]},{\"@type\":\"BreadcrumbList\",\"@id\":\"https:\/\/w-l-c.be\/fr\/marchons-marchons-marseillaise\/#breadcrumb\",\"itemListElement\":[{\"@type\":\"ListItem\",\"position\":1,\"name\":\"Accueil\",\"item\":\"https:\/\/w-l-c.be\/fr\/\"},{\"@type\":\"ListItem\",\"position\":2,\"name\":\"Marchons, Marchons ! (La Marseillaise)\"}]},{\"@type\":\"WebSite\",\"@id\":\"https:\/\/w-l-c.be\/fr\/#website\",\"url\":\"https:\/\/w-l-c.be\/fr\/\",\"name\":\"w-l-c\",\"description\":\"Le cin\u00e9ma vu par les belges\",\"potentialAction\":[{\"@type\":\"SearchAction\",\"target\":{\"@type\":\"EntryPoint\",\"urlTemplate\":\"https:\/\/w-l-c.be\/fr\/?s={search_term_string}\"},\"query-input\":\"required name=search_term_string\"}],\"inLanguage\":\"fr-FR\"},{\"@type\":\"Person\",\"@id\":\"https:\/\/w-l-c.be\/fr\/#\/schema\/person\/4b9b1d857f0943453a38a7c2859ef756\",\"name\":\"Philippe.Pierquin\",\"url\":\"https:\/\/w-l-c.be\/fr\/author\/philippe-pierquin\/\"}]}<\/script>\n<!-- \/ Yoast SEO plugin. -->","yoast_head_json":{"title":"Marchons, Marchons ! (La Marseillaise) - w-l-c","robots":{"index":"noindex","follow":"follow","max-snippet":"max-snippet:-1","max-image-preview":"max-image-preview:large","max-video-preview":"max-video-preview:-1"},"og_locale":"fr_FR","og_type":"article","og_title":"Marchons, Marchons ! (La Marseillaise) - w-l-c","og_description":"Hier soir, Nabil Ben Yadir, cinq com\u00e9diens et quelques figures historiques qui ont \u0153uvr\u00e9 en 1983 \u00e9taient pr\u00e9sents \u00e0 Marseille pour la Premi\u00e8re r\u00e9gionale de La Marche, un film qui prend encore plus de sens dans cette ville. Maryline Laurin, cinevoxienne Marseillaise, \u00e9tait sur place et nous a envoy\u00e9 quelques clich\u00e9s sur le vif.","og_url":"https:\/\/w-l-c.be\/fr\/marchons-marchons-marseillaise\/","og_site_name":"w-l-c","article_published_time":"2013-11-07T07:57:51+00:00","article_modified_time":"2013-11-08T10:46:02+00:00","og_image":[{"width":3677,"height":2572,"url":"https:\/\/w-l-c.be\/wp-content\/uploads\/2013\/11\/DSC01248.jpg","type":"image\/jpeg"}],"author":"Philippe.Pierquin","twitter_card":"summary_large_image","twitter_misc":{"\u00c9crit par":"Philippe.Pierquin","Dur\u00e9e de lecture estim\u00e9e":"4 minutes"},"schema":{"@context":"https:\/\/schema.org","@graph":[{"@type":"WebPage","@id":"https:\/\/w-l-c.be\/fr\/marchons-marchons-marseillaise\/","url":"https:\/\/w-l-c.be\/fr\/marchons-marchons-marseillaise\/","name":"Marchons, Marchons ! (La Marseillaise) - w-l-c","isPartOf":{"@id":"https:\/\/w-l-c.be\/fr\/#website"},"datePublished":"2013-11-07T07:57:51+00:00","dateModified":"2013-11-08T10:46:02+00:00","author":{"@id":"https:\/\/w-l-c.be\/fr\/#\/schema\/person\/4b9b1d857f0943453a38a7c2859ef756"},"breadcrumb":{"@id":"https:\/\/w-l-c.be\/fr\/marchons-marchons-marseillaise\/#breadcrumb"},"inLanguage":"fr-FR","potentialAction":[{"@type":"ReadAction","target":["https:\/\/w-l-c.be\/fr\/marchons-marchons-marseillaise\/"]}]},{"@type":"BreadcrumbList","@id":"https:\/\/w-l-c.be\/fr\/marchons-marchons-marseillaise\/#breadcrumb","itemListElement":[{"@type":"ListItem","position":1,"name":"Accueil","item":"https:\/\/w-l-c.be\/fr\/"},{"@type":"ListItem","position":2,"name":"Marchons, Marchons ! (La Marseillaise)"}]},{"@type":"WebSite","@id":"https:\/\/w-l-c.be\/fr\/#website","url":"https:\/\/w-l-c.be\/fr\/","name":"w-l-c","description":"Le cin\u00e9ma vu par les belges","potentialAction":[{"@type":"SearchAction","target":{"@type":"EntryPoint","urlTemplate":"https:\/\/w-l-c.be\/fr\/?s={search_term_string}"},"query-input":"required name=search_term_string"}],"inLanguage":"fr-FR"},{"@type":"Person","@id":"https:\/\/w-l-c.be\/fr\/#\/schema\/person\/4b9b1d857f0943453a38a7c2859ef756","name":"Philippe.Pierquin","url":"https:\/\/w-l-c.be\/fr\/author\/philippe-pierquin\/"}]}},"_links":{"self":[{"href":"https:\/\/w-l-c.be\/fr\/wp-json\/wp\/v2\/posts\/47861","targetHints":{"allow":["GET"]}}],"collection":[{"href":"https:\/\/w-l-c.be\/fr\/wp-json\/wp\/v2\/posts"}],"about":[{"href":"https:\/\/w-l-c.be\/fr\/wp-json\/wp\/v2\/types\/post"}],"author":[{"embeddable":true,"href":"https:\/\/w-l-c.be\/fr\/wp-json\/wp\/v2\/users\/7"}],"replies":[{"embeddable":true,"href":"https:\/\/w-l-c.be\/fr\/wp-json\/wp\/v2\/comments?post=47861"}],"version-history":[{"count":0,"href":"https:\/\/w-l-c.be\/fr\/wp-json\/wp\/v2\/posts\/47861\/revisions"}],"wp:featuredmedia":[{"embeddable":true,"href":"https:\/\/w-l-c.be\/fr\/wp-json\/wp\/v2\/media\/47868"}],"wp:attachment":[{"href":"https:\/\/w-l-c.be\/fr\/wp-json\/wp\/v2\/media?parent=47861"}],"wp:term":[{"taxonomy":"category","embeddable":true,"href":"https:\/\/w-l-c.be\/fr\/wp-json\/wp\/v2\/categories?post=47861"},{"taxonomy":"post_tag","embeddable":true,"href":"https:\/\/w-l-c.be\/fr\/wp-json\/wp\/v2\/tags?post=47861"}],"curies":[{"name":"wp","href":"https:\/\/api.w.org\/{rel}","templated":true}]}}