
{"id":48453,"date":"2013-11-28T06:50:57","date_gmt":"2013-11-28T05:50:57","guid":{"rendered":"http:\/\/www.cinevox.be\/?p=48453"},"modified":"2013-11-28T09:02:21","modified_gmt":"2013-11-28T08:02:21","slug":"pauline-fait-de-la-resistance","status":"publish","type":"post","link":"https:\/\/w-l-c.be\/fr\/pauline-fait-de-la-resistance\/","title":{"rendered":"Pauline fait de la r\u00e9sistance"},"content":{"rendered":"<p>Que fait <b>Pauline Burlet<\/b> depuis le succ\u00e8s du Pass\u00e9? Mais elle tourne, \u00e9videmment. En course pour les C\u00e9sar et Magritte du meilleur espoir gr\u00e2ce \u00e0 sa prestation dans le film d\u2019Asghar Farhadi, Pauline a re\u00e7u pas mal de propositions et s\u2019est d\u00e9cid\u00e9e pour deux projets qu\u2019elle trouvait particuli\u00e8rement s\u00e9duisants. Elle a accept\u00e9 un second r\u00f4le dans <i>La French<\/i> aux c\u00f4t\u00e9s de Jean Dujardin et le r\u00f4le principal de la s\u00e9rie R\u00e9sistances, produite par TF1 qui se tourne depuis le 1er novembre, au Pays basque.<!--more--><\/p>\n<p>&nbsp;<\/p>\n<p>&nbsp;<\/p>\n<p>Dans <i>R\u00e9sistances<\/i>, Pauline tournera 64 jours sur les 75 jours qui sont pr\u00e9vus pour mettre le feuilleton en bo\u00eete. D\u00e8s les premiers jours, elle a travaill\u00e9 avec l\u2019acteur phare de la s\u00e9rie, Richard Berry, qui incarne son p\u00e8re. \u00ab\u00a0Un monstre de cin\u00e9ma\u00a0\u00bb d\u2019apr\u00e8s Pauline qui lui donne des conseils pour am\u00e9liorer son jeu. Elle est loin d\u2019\u00eatre la seule femme sur le plateau puisqu\u2019elle c\u00f4toie Pascale Larbillot, Val\u00e9rie Karsenty et Isabelle Nanty. \u00ab\u00a0Elles sont adorables\u00a0\u00bb, commente la jeune Montoise. Et puis, bien s\u00fbr, il y a Fanny Ardant dans un r\u00f4le court, mais fort. La com\u00e9dienne \u00e0 la voix de velours a remplac\u00e9 Isabelle Adjani, malade, peu de temps avant le d\u00e9but du tournage et incarne la Comtesse, \u00ab\u00a0une femme tortur\u00e9e par Klaus Barbie\u00a0\u00bb.<\/p>\n<p>&nbsp;<\/p>\n<p>&nbsp;<\/p>\n<p><a href=\"http:\/\/www.cinevox.be\/pauline-fait-de-la-resistance\/dscn5702\/\" rel=\"attachment wp-att-48454\"><img loading=\"lazy\" decoding=\"async\" class=\"alignright size-large wp-image-48454\" alt=\"\" src=\"http:\/\/www.cinevox.be\/wp-content\/uploads\/2013\/11\/DSCN5702-450x600.jpeg\" width=\"450\" height=\"600\" srcset=\"https:\/\/w-l-c.be\/wp-content\/uploads\/2013\/11\/DSCN5702-450x600.jpeg 450w, https:\/\/w-l-c.be\/wp-content\/uploads\/2013\/11\/DSCN5702-202x270.jpeg 202w, https:\/\/w-l-c.be\/wp-content\/uploads\/2013\/11\/DSCN5702.jpeg 960w\" sizes=\"auto, (max-width: 450px) 100vw, 450px\" \/><\/a>Pour Pauline, <i>R\u00e9sistances <\/i>est une formidable exp\u00e9rience tant au niveau du jeu que pour le travail sur l\u2019art design : d\u00e9cors, tenues et coiffures \u00e9voluent en fonction de l\u2019histoire qui se d\u00e9roule sur les 4 ann\u00e9es de la guerre. Son personnage doit aussi changer tout au long du r\u00e9cit dramatique..<\/p>\n<p>&nbsp;<\/p>\n<p>&nbsp;<\/p>\n<p><i>R\u00e9sistances<\/i> racontera la longue et p\u00e9rilleuse organisation des r\u00e9seaux de r\u00e9sistance qui ont conduit \u00e0 la Lib\u00e9ration de Paris, en ao\u00fbt 1944. La s\u00e9rie sera diffus\u00e9e en 2014 pour c\u00e9l\u00e9brer le 70e anniversaire, cette ann\u00e9e. La fiction historique compos\u00e9e de 6 \u00e9pisodes de 52 minutes est produite par L\u00e9gende Films (<i>La Rafle, La M\u00f4me, Les Gamins<\/i> et <i>Vive la France<\/i>). C\u2019est d\u2019ailleurs Alain Goldman qui a propos\u00e9 ce r\u00f4le prestigieux \u00e0 Pauline. Il la connaissait depuis <i>La M\u00f4me<\/i> et elle fut la seule en lice pour le job.<\/p>\n<p>&nbsp;<\/p>\n<p>&nbsp;<\/p>\n<p>Gage de qualit\u00e9,<i> R\u00e9sistances<\/i> a \u00e9t\u00e9 mise en forme par l\u2019\u00e9crivain Dan Franck (prix du premier roman en 1980 pour Les Calendes Grecques et prix Renaudot en 1991 pour \u00ab\u00a0La S\u00e9paration\u00a0\u00bb). Elle est r\u00e9alis\u00e9e par <b>Miguel Courtois<\/b>, un ami de Richard Berry avec qui il a notamment tourn\u00e9 une <i>Journ\u00e9e de Merde<\/i> et <i>Mon Ange<\/i> pour le cin\u00e9ma.<\/p>\n<p>&nbsp;<\/p>\n","protected":false},"excerpt":{"rendered":"<p>Que fait Pauline Burlet depuis le succ\u00e8s du Pass\u00e9? Mais elle tourne, \u00e9videmment. En course pour les C\u00e9sar et Magritte du meilleur espoir gr\u00e2ce \u00e0 sa prestation dans le film d\u2019Asghar Farhadi, Pauline a re\u00e7u pas mal de propositions et s\u2019est d\u00e9cid\u00e9e pour deux projets qu\u2019elle trouvait particuli\u00e8rement s\u00e9duisants. Elle a accept\u00e9 un second r\u00f4le &hellip;<\/p>\n","protected":false},"author":7,"featured_media":48456,"comment_status":"closed","ping_status":"closed","sticky":false,"template":"","format":"standard","meta":{"ngg_post_thumbnail":0,"footnotes":""},"categories":[7,11],"tags":[],"class_list":["post-48453","post","type-post","status-publish","format-standard","has-post-thumbnail","","category-actualites","category-tournages"],"yoast_head":"<!-- This site is optimized with the Yoast SEO plugin v20.4 - https:\/\/yoast.com\/wordpress\/plugins\/seo\/ -->\n<title>Pauline fait de la r\u00e9sistance - w-l-c<\/title>\n<meta name=\"robots\" content=\"noindex, follow, max-snippet:-1, max-image-preview:large, max-video-preview:-1\" \/>\n<meta property=\"og:locale\" content=\"fr_FR\" \/>\n<meta property=\"og:type\" content=\"article\" \/>\n<meta property=\"og:title\" content=\"Pauline fait de la r\u00e9sistance - w-l-c\" \/>\n<meta property=\"og:description\" content=\"Que fait Pauline Burlet depuis le succ\u00e8s du Pass\u00e9? Mais elle tourne, \u00e9videmment. En course pour les C\u00e9sar et Magritte du meilleur espoir gr\u00e2ce \u00e0 sa prestation dans le film d\u2019Asghar Farhadi, Pauline a re\u00e7u pas mal de propositions et s\u2019est d\u00e9cid\u00e9e pour deux projets qu\u2019elle trouvait particuli\u00e8rement s\u00e9duisants. Elle a accept\u00e9 un second r\u00f4le &hellip;\" \/>\n<meta property=\"og:url\" content=\"https:\/\/w-l-c.be\/fr\/pauline-fait-de-la-resistance\/\" \/>\n<meta property=\"og:site_name\" content=\"w-l-c\" \/>\n<meta property=\"article:published_time\" content=\"2013-11-28T05:50:57+00:00\" \/>\n<meta property=\"article:modified_time\" content=\"2013-11-28T08:02:21+00:00\" \/>\n<meta property=\"og:image\" content=\"https:\/\/w-l-c.be\/wp-content\/uploads\/2013\/11\/avec-Tom-Hudson-dans-le-r\u00f4le-de-Jeannot..jpeg\" \/>\n\t<meta property=\"og:image:width\" content=\"1273\" \/>\n\t<meta property=\"og:image:height\" content=\"862\" \/>\n\t<meta property=\"og:image:type\" content=\"image\/jpeg\" \/>\n<meta name=\"author\" content=\"Philippe.Pierquin\" \/>\n<meta name=\"twitter:card\" content=\"summary_large_image\" \/>\n<meta name=\"twitter:label1\" content=\"\u00c9crit par\" \/>\n\t<meta name=\"twitter:data1\" content=\"Philippe.Pierquin\" \/>\n\t<meta name=\"twitter:label2\" content=\"Dur\u00e9e de lecture estim\u00e9e\" \/>\n\t<meta name=\"twitter:data2\" content=\"2 minutes\" \/>\n<script type=\"application\/ld+json\" class=\"yoast-schema-graph\">{\"@context\":\"https:\/\/schema.org\",\"@graph\":[{\"@type\":\"WebPage\",\"@id\":\"https:\/\/w-l-c.be\/fr\/pauline-fait-de-la-resistance\/\",\"url\":\"https:\/\/w-l-c.be\/fr\/pauline-fait-de-la-resistance\/\",\"name\":\"Pauline fait de la r\u00e9sistance - w-l-c\",\"isPartOf\":{\"@id\":\"https:\/\/w-l-c.be\/fr\/#website\"},\"datePublished\":\"2013-11-28T05:50:57+00:00\",\"dateModified\":\"2013-11-28T08:02:21+00:00\",\"author\":{\"@id\":\"https:\/\/w-l-c.be\/fr\/#\/schema\/person\/4b9b1d857f0943453a38a7c2859ef756\"},\"breadcrumb\":{\"@id\":\"https:\/\/w-l-c.be\/fr\/pauline-fait-de-la-resistance\/#breadcrumb\"},\"inLanguage\":\"fr-FR\",\"potentialAction\":[{\"@type\":\"ReadAction\",\"target\":[\"https:\/\/w-l-c.be\/fr\/pauline-fait-de-la-resistance\/\"]}]},{\"@type\":\"BreadcrumbList\",\"@id\":\"https:\/\/w-l-c.be\/fr\/pauline-fait-de-la-resistance\/#breadcrumb\",\"itemListElement\":[{\"@type\":\"ListItem\",\"position\":1,\"name\":\"Accueil\",\"item\":\"https:\/\/w-l-c.be\/fr\/\"},{\"@type\":\"ListItem\",\"position\":2,\"name\":\"Pauline fait de la r\u00e9sistance\"}]},{\"@type\":\"WebSite\",\"@id\":\"https:\/\/w-l-c.be\/fr\/#website\",\"url\":\"https:\/\/w-l-c.be\/fr\/\",\"name\":\"w-l-c\",\"description\":\"Le cin\u00e9ma vu par les belges\",\"potentialAction\":[{\"@type\":\"SearchAction\",\"target\":{\"@type\":\"EntryPoint\",\"urlTemplate\":\"https:\/\/w-l-c.be\/fr\/?s={search_term_string}\"},\"query-input\":\"required name=search_term_string\"}],\"inLanguage\":\"fr-FR\"},{\"@type\":\"Person\",\"@id\":\"https:\/\/w-l-c.be\/fr\/#\/schema\/person\/4b9b1d857f0943453a38a7c2859ef756\",\"name\":\"Philippe.Pierquin\",\"url\":\"https:\/\/w-l-c.be\/fr\/author\/philippe-pierquin\/\"}]}<\/script>\n<!-- \/ Yoast SEO plugin. -->","yoast_head_json":{"title":"Pauline fait de la r\u00e9sistance - w-l-c","robots":{"index":"noindex","follow":"follow","max-snippet":"max-snippet:-1","max-image-preview":"max-image-preview:large","max-video-preview":"max-video-preview:-1"},"og_locale":"fr_FR","og_type":"article","og_title":"Pauline fait de la r\u00e9sistance - w-l-c","og_description":"Que fait Pauline Burlet depuis le succ\u00e8s du Pass\u00e9? Mais elle tourne, \u00e9videmment. En course pour les C\u00e9sar et Magritte du meilleur espoir gr\u00e2ce \u00e0 sa prestation dans le film d\u2019Asghar Farhadi, Pauline a re\u00e7u pas mal de propositions et s\u2019est d\u00e9cid\u00e9e pour deux projets qu\u2019elle trouvait particuli\u00e8rement s\u00e9duisants. Elle a accept\u00e9 un second r\u00f4le &hellip;","og_url":"https:\/\/w-l-c.be\/fr\/pauline-fait-de-la-resistance\/","og_site_name":"w-l-c","article_published_time":"2013-11-28T05:50:57+00:00","article_modified_time":"2013-11-28T08:02:21+00:00","og_image":[{"width":1273,"height":862,"url":"https:\/\/w-l-c.be\/wp-content\/uploads\/2013\/11\/avec-Tom-Hudson-dans-le-r\u00f4le-de-Jeannot..jpeg","type":"image\/jpeg"}],"author":"Philippe.Pierquin","twitter_card":"summary_large_image","twitter_misc":{"\u00c9crit par":"Philippe.Pierquin","Dur\u00e9e de lecture estim\u00e9e":"2 minutes"},"schema":{"@context":"https:\/\/schema.org","@graph":[{"@type":"WebPage","@id":"https:\/\/w-l-c.be\/fr\/pauline-fait-de-la-resistance\/","url":"https:\/\/w-l-c.be\/fr\/pauline-fait-de-la-resistance\/","name":"Pauline fait de la r\u00e9sistance - w-l-c","isPartOf":{"@id":"https:\/\/w-l-c.be\/fr\/#website"},"datePublished":"2013-11-28T05:50:57+00:00","dateModified":"2013-11-28T08:02:21+00:00","author":{"@id":"https:\/\/w-l-c.be\/fr\/#\/schema\/person\/4b9b1d857f0943453a38a7c2859ef756"},"breadcrumb":{"@id":"https:\/\/w-l-c.be\/fr\/pauline-fait-de-la-resistance\/#breadcrumb"},"inLanguage":"fr-FR","potentialAction":[{"@type":"ReadAction","target":["https:\/\/w-l-c.be\/fr\/pauline-fait-de-la-resistance\/"]}]},{"@type":"BreadcrumbList","@id":"https:\/\/w-l-c.be\/fr\/pauline-fait-de-la-resistance\/#breadcrumb","itemListElement":[{"@type":"ListItem","position":1,"name":"Accueil","item":"https:\/\/w-l-c.be\/fr\/"},{"@type":"ListItem","position":2,"name":"Pauline fait de la r\u00e9sistance"}]},{"@type":"WebSite","@id":"https:\/\/w-l-c.be\/fr\/#website","url":"https:\/\/w-l-c.be\/fr\/","name":"w-l-c","description":"Le cin\u00e9ma vu par les belges","potentialAction":[{"@type":"SearchAction","target":{"@type":"EntryPoint","urlTemplate":"https:\/\/w-l-c.be\/fr\/?s={search_term_string}"},"query-input":"required name=search_term_string"}],"inLanguage":"fr-FR"},{"@type":"Person","@id":"https:\/\/w-l-c.be\/fr\/#\/schema\/person\/4b9b1d857f0943453a38a7c2859ef756","name":"Philippe.Pierquin","url":"https:\/\/w-l-c.be\/fr\/author\/philippe-pierquin\/"}]}},"_links":{"self":[{"href":"https:\/\/w-l-c.be\/fr\/wp-json\/wp\/v2\/posts\/48453","targetHints":{"allow":["GET"]}}],"collection":[{"href":"https:\/\/w-l-c.be\/fr\/wp-json\/wp\/v2\/posts"}],"about":[{"href":"https:\/\/w-l-c.be\/fr\/wp-json\/wp\/v2\/types\/post"}],"author":[{"embeddable":true,"href":"https:\/\/w-l-c.be\/fr\/wp-json\/wp\/v2\/users\/7"}],"replies":[{"embeddable":true,"href":"https:\/\/w-l-c.be\/fr\/wp-json\/wp\/v2\/comments?post=48453"}],"version-history":[{"count":0,"href":"https:\/\/w-l-c.be\/fr\/wp-json\/wp\/v2\/posts\/48453\/revisions"}],"wp:featuredmedia":[{"embeddable":true,"href":"https:\/\/w-l-c.be\/fr\/wp-json\/wp\/v2\/media\/48456"}],"wp:attachment":[{"href":"https:\/\/w-l-c.be\/fr\/wp-json\/wp\/v2\/media?parent=48453"}],"wp:term":[{"taxonomy":"category","embeddable":true,"href":"https:\/\/w-l-c.be\/fr\/wp-json\/wp\/v2\/categories?post=48453"},{"taxonomy":"post_tag","embeddable":true,"href":"https:\/\/w-l-c.be\/fr\/wp-json\/wp\/v2\/tags?post=48453"}],"curies":[{"name":"wp","href":"https:\/\/api.w.org\/{rel}","templated":true}]}}