
{"id":48514,"date":"2013-11-28T10:52:44","date_gmt":"2013-11-28T09:52:44","guid":{"rendered":"http:\/\/www.cinevox.be\/?p=48514"},"modified":"2013-11-28T10:53:07","modified_gmt":"2013-11-28T09:53:07","slug":"marina-se-teint-en-platine","status":"publish","type":"post","link":"https:\/\/w-l-c.be\/fr\/marina-se-teint-en-platine\/","title":{"rendered":"Marina se teint en Platine"},"content":{"rendered":"<p><i>Marina,<\/i> que nous vous conseillons avec ferveur depuis des mois, a vraiment trouv\u00e9 son public.<\/p>\n<p>Depuis dix jours, nous vous tenons au courant des performances hors normes de cette com\u00e9die dramatique produite par <i>Eyeworks<\/i> et <i>Les Films du Fleuve <\/i>des fr\u00e8res Dardenne (lire <a href=\"http:\/\/www.cinevox.be\/marina-film-belge-en-apesanteur\/\" target=\"_blank\">ICI<\/a> et <a href=\"http:\/\/www.cinevox.be\/marina-vs-carrie-le-match-au-sommet\/\" target=\"_blank\">ICI<\/a>), mais l\u2019histoire est loin d\u2019\u00eatre termin\u00e9e.<!--more--><\/p>\n<p>&nbsp;<\/p>\n<p>Hier, le long m\u00e9trage de <b>Stijn Coninx<\/b> a r\u00e9alis\u00e9 un nouvel exploit en d\u00e9passant la barre des 200.000 tickets vendus. Stijn a donc re\u00e7u un Platina Award qui sanctionne au nord du pays ce genre de formidable succ\u00e8s public. Les compteurs continuent de tourner et apr\u00e8s deux semaines, Marina en est exactement \u00e0 203.061 spectateurs payants marchant ainsi sur les traces de <i>Het Vonnis<\/i> qui se dirige pour sa part vers les 400.000 entr\u00e9es (Diamanten Award).<\/p>\n<p>Ces r\u00e9compenses sont d\u00e9cern\u00e9es aux producteurs de films par l\u2019association <i>Les Films du Bord de Mer<\/i> (Ostende Film Festival) avec le soutien du VAF.<\/p>\n<p>&nbsp;<\/p>\n<p><a href=\"http:\/\/www.cinevox.be\/marina-se-teint-en-platine\/venise-6\/\" rel=\"attachment wp-att-48515\"><img loading=\"lazy\" decoding=\"async\" class=\"aligncenter size-large wp-image-48515\" alt=\"\" src=\"http:\/\/www.cinevox.be\/wp-content\/uploads\/2013\/11\/venise-800x533.jpg\" width=\"640\" height=\"426\" srcset=\"https:\/\/w-l-c.be\/wp-content\/uploads\/2013\/11\/venise-800x533.jpg 800w, https:\/\/w-l-c.be\/wp-content\/uploads\/2013\/11\/venise-405x270.jpg 405w\" sizes=\"auto, (max-width: 640px) 100vw, 640px\" \/><\/a><\/p>\n<p style=\"text-align: right;\"><em>L&rsquo;\u00e9quipe du film au festival de Rome<\/em><\/p>\n<p>&nbsp;<\/p>\n<p>Pour rappel, <i>Marina<\/i>, pr\u00e9sent\u00e9 en sneak preview lors des BNP Paribas Fortis Film Days \u00a0par Cinevox est officiellement sorti le 6 novembre dans les salles belges. Depuis sa deuxi\u00e8me semaine d\u2019exploitation, il a pris la t\u00eate du box-office belge pr\u00e9c\u00e9dant <i>Gravity, <\/i>puis <i>Carrie.<\/i><\/p>\n<p>&nbsp;<\/p>\n<p>Cette semaine, il devrait perdre la premi\u00e8re place des \u0153uvres de <i>Hunger Games : L\u2019Embrasement<\/i> qui, dans la lign\u00e9e de ses formidables avant-premi\u00e8res flamandes de ce week-end, a r\u00e9ussi un d\u00e9part en boulet de canon hier. Le deuxi\u00e8me volet de ce film d\u2019aventures pour les ados risque bien d\u2019\u00eatre le grand succ\u00e8s de la fin d\u2019ann\u00e9e et de donner du fil \u00e0 retordre \u00e0 tous les autres longs m\u00e9trages pendant quelques semaines.<\/p>\n","protected":false},"excerpt":{"rendered":"<p>Marina, que nous vous conseillons avec ferveur depuis des mois, a vraiment trouv\u00e9 son public. Depuis dix jours, nous vous tenons au courant des performances hors normes de cette com\u00e9die dramatique produite par Eyeworks et Les Films du Fleuve des fr\u00e8res Dardenne (lire ICI et ICI), mais l\u2019histoire est loin d\u2019\u00eatre termin\u00e9e.<\/p>\n","protected":false},"author":7,"featured_media":48517,"comment_status":"closed","ping_status":"closed","sticky":false,"template":"","format":"standard","meta":{"ngg_post_thumbnail":0,"footnotes":""},"categories":[12,7],"tags":[],"class_list":["post-48514","post","type-post","status-publish","format-standard","has-post-thumbnail","","category-awards","category-actualites"],"yoast_head":"<!-- This site is optimized with the Yoast SEO plugin v20.4 - https:\/\/yoast.com\/wordpress\/plugins\/seo\/ -->\n<title>Marina se teint en Platine - w-l-c<\/title>\n<meta name=\"robots\" content=\"noindex, follow, max-snippet:-1, max-image-preview:large, max-video-preview:-1\" \/>\n<meta property=\"og:locale\" content=\"fr_FR\" \/>\n<meta property=\"og:type\" content=\"article\" \/>\n<meta property=\"og:title\" content=\"Marina se teint en Platine - w-l-c\" \/>\n<meta property=\"og:description\" content=\"Marina, que nous vous conseillons avec ferveur depuis des mois, a vraiment trouv\u00e9 son public. Depuis dix jours, nous vous tenons au courant des performances hors normes de cette com\u00e9die dramatique produite par Eyeworks et Les Films du Fleuve des fr\u00e8res Dardenne (lire ICI et ICI), mais l\u2019histoire est loin d\u2019\u00eatre termin\u00e9e.\" \/>\n<meta property=\"og:url\" content=\"https:\/\/w-l-c.be\/fr\/marina-se-teint-en-platine\/\" \/>\n<meta property=\"og:site_name\" content=\"w-l-c\" \/>\n<meta property=\"article:published_time\" content=\"2013-11-28T09:52:44+00:00\" \/>\n<meta property=\"article:modified_time\" content=\"2013-11-28T09:53:07+00:00\" \/>\n<meta property=\"og:image\" content=\"https:\/\/w-l-c.be\/wp-content\/uploads\/2013\/11\/Platina-award.jpg\" \/>\n\t<meta property=\"og:image:width\" content=\"640\" \/>\n\t<meta property=\"og:image:height\" content=\"426\" \/>\n\t<meta property=\"og:image:type\" content=\"image\/jpeg\" \/>\n<meta name=\"author\" content=\"Philippe.Pierquin\" \/>\n<meta name=\"twitter:card\" content=\"summary_large_image\" \/>\n<meta name=\"twitter:label1\" content=\"\u00c9crit par\" \/>\n\t<meta name=\"twitter:data1\" content=\"Philippe.Pierquin\" \/>\n\t<meta name=\"twitter:label2\" content=\"Dur\u00e9e de lecture estim\u00e9e\" \/>\n\t<meta name=\"twitter:data2\" content=\"2 minutes\" \/>\n<script type=\"application\/ld+json\" class=\"yoast-schema-graph\">{\"@context\":\"https:\/\/schema.org\",\"@graph\":[{\"@type\":\"WebPage\",\"@id\":\"https:\/\/w-l-c.be\/fr\/marina-se-teint-en-platine\/\",\"url\":\"https:\/\/w-l-c.be\/fr\/marina-se-teint-en-platine\/\",\"name\":\"Marina se teint en Platine - w-l-c\",\"isPartOf\":{\"@id\":\"https:\/\/w-l-c.be\/fr\/#website\"},\"datePublished\":\"2013-11-28T09:52:44+00:00\",\"dateModified\":\"2013-11-28T09:53:07+00:00\",\"author\":{\"@id\":\"https:\/\/w-l-c.be\/fr\/#\/schema\/person\/4b9b1d857f0943453a38a7c2859ef756\"},\"breadcrumb\":{\"@id\":\"https:\/\/w-l-c.be\/fr\/marina-se-teint-en-platine\/#breadcrumb\"},\"inLanguage\":\"fr-FR\",\"potentialAction\":[{\"@type\":\"ReadAction\",\"target\":[\"https:\/\/w-l-c.be\/fr\/marina-se-teint-en-platine\/\"]}]},{\"@type\":\"BreadcrumbList\",\"@id\":\"https:\/\/w-l-c.be\/fr\/marina-se-teint-en-platine\/#breadcrumb\",\"itemListElement\":[{\"@type\":\"ListItem\",\"position\":1,\"name\":\"Accueil\",\"item\":\"https:\/\/w-l-c.be\/fr\/\"},{\"@type\":\"ListItem\",\"position\":2,\"name\":\"Marina se teint en Platine\"}]},{\"@type\":\"WebSite\",\"@id\":\"https:\/\/w-l-c.be\/fr\/#website\",\"url\":\"https:\/\/w-l-c.be\/fr\/\",\"name\":\"w-l-c\",\"description\":\"Le cin\u00e9ma vu par les belges\",\"potentialAction\":[{\"@type\":\"SearchAction\",\"target\":{\"@type\":\"EntryPoint\",\"urlTemplate\":\"https:\/\/w-l-c.be\/fr\/?s={search_term_string}\"},\"query-input\":\"required name=search_term_string\"}],\"inLanguage\":\"fr-FR\"},{\"@type\":\"Person\",\"@id\":\"https:\/\/w-l-c.be\/fr\/#\/schema\/person\/4b9b1d857f0943453a38a7c2859ef756\",\"name\":\"Philippe.Pierquin\",\"url\":\"https:\/\/w-l-c.be\/fr\/author\/philippe-pierquin\/\"}]}<\/script>\n<!-- \/ Yoast SEO plugin. -->","yoast_head_json":{"title":"Marina se teint en Platine - w-l-c","robots":{"index":"noindex","follow":"follow","max-snippet":"max-snippet:-1","max-image-preview":"max-image-preview:large","max-video-preview":"max-video-preview:-1"},"og_locale":"fr_FR","og_type":"article","og_title":"Marina se teint en Platine - w-l-c","og_description":"Marina, que nous vous conseillons avec ferveur depuis des mois, a vraiment trouv\u00e9 son public. Depuis dix jours, nous vous tenons au courant des performances hors normes de cette com\u00e9die dramatique produite par Eyeworks et Les Films du Fleuve des fr\u00e8res Dardenne (lire ICI et ICI), mais l\u2019histoire est loin d\u2019\u00eatre termin\u00e9e.","og_url":"https:\/\/w-l-c.be\/fr\/marina-se-teint-en-platine\/","og_site_name":"w-l-c","article_published_time":"2013-11-28T09:52:44+00:00","article_modified_time":"2013-11-28T09:53:07+00:00","og_image":[{"width":640,"height":426,"url":"https:\/\/w-l-c.be\/wp-content\/uploads\/2013\/11\/Platina-award.jpg","type":"image\/jpeg"}],"author":"Philippe.Pierquin","twitter_card":"summary_large_image","twitter_misc":{"\u00c9crit par":"Philippe.Pierquin","Dur\u00e9e de lecture estim\u00e9e":"2 minutes"},"schema":{"@context":"https:\/\/schema.org","@graph":[{"@type":"WebPage","@id":"https:\/\/w-l-c.be\/fr\/marina-se-teint-en-platine\/","url":"https:\/\/w-l-c.be\/fr\/marina-se-teint-en-platine\/","name":"Marina se teint en Platine - w-l-c","isPartOf":{"@id":"https:\/\/w-l-c.be\/fr\/#website"},"datePublished":"2013-11-28T09:52:44+00:00","dateModified":"2013-11-28T09:53:07+00:00","author":{"@id":"https:\/\/w-l-c.be\/fr\/#\/schema\/person\/4b9b1d857f0943453a38a7c2859ef756"},"breadcrumb":{"@id":"https:\/\/w-l-c.be\/fr\/marina-se-teint-en-platine\/#breadcrumb"},"inLanguage":"fr-FR","potentialAction":[{"@type":"ReadAction","target":["https:\/\/w-l-c.be\/fr\/marina-se-teint-en-platine\/"]}]},{"@type":"BreadcrumbList","@id":"https:\/\/w-l-c.be\/fr\/marina-se-teint-en-platine\/#breadcrumb","itemListElement":[{"@type":"ListItem","position":1,"name":"Accueil","item":"https:\/\/w-l-c.be\/fr\/"},{"@type":"ListItem","position":2,"name":"Marina se teint en Platine"}]},{"@type":"WebSite","@id":"https:\/\/w-l-c.be\/fr\/#website","url":"https:\/\/w-l-c.be\/fr\/","name":"w-l-c","description":"Le cin\u00e9ma vu par les belges","potentialAction":[{"@type":"SearchAction","target":{"@type":"EntryPoint","urlTemplate":"https:\/\/w-l-c.be\/fr\/?s={search_term_string}"},"query-input":"required name=search_term_string"}],"inLanguage":"fr-FR"},{"@type":"Person","@id":"https:\/\/w-l-c.be\/fr\/#\/schema\/person\/4b9b1d857f0943453a38a7c2859ef756","name":"Philippe.Pierquin","url":"https:\/\/w-l-c.be\/fr\/author\/philippe-pierquin\/"}]}},"_links":{"self":[{"href":"https:\/\/w-l-c.be\/fr\/wp-json\/wp\/v2\/posts\/48514","targetHints":{"allow":["GET"]}}],"collection":[{"href":"https:\/\/w-l-c.be\/fr\/wp-json\/wp\/v2\/posts"}],"about":[{"href":"https:\/\/w-l-c.be\/fr\/wp-json\/wp\/v2\/types\/post"}],"author":[{"embeddable":true,"href":"https:\/\/w-l-c.be\/fr\/wp-json\/wp\/v2\/users\/7"}],"replies":[{"embeddable":true,"href":"https:\/\/w-l-c.be\/fr\/wp-json\/wp\/v2\/comments?post=48514"}],"version-history":[{"count":0,"href":"https:\/\/w-l-c.be\/fr\/wp-json\/wp\/v2\/posts\/48514\/revisions"}],"wp:featuredmedia":[{"embeddable":true,"href":"https:\/\/w-l-c.be\/fr\/wp-json\/wp\/v2\/media\/48517"}],"wp:attachment":[{"href":"https:\/\/w-l-c.be\/fr\/wp-json\/wp\/v2\/media?parent=48514"}],"wp:term":[{"taxonomy":"category","embeddable":true,"href":"https:\/\/w-l-c.be\/fr\/wp-json\/wp\/v2\/categories?post=48514"},{"taxonomy":"post_tag","embeddable":true,"href":"https:\/\/w-l-c.be\/fr\/wp-json\/wp\/v2\/tags?post=48514"}],"curies":[{"name":"wp","href":"https:\/\/api.w.org\/{rel}","templated":true}]}}