
{"id":49388,"date":"2013-12-19T13:32:58","date_gmt":"2013-12-19T12:32:58","guid":{"rendered":"http:\/\/www.cinevox.be\/?p=49388"},"modified":"2013-12-19T14:23:56","modified_gmt":"2013-12-19T13:23:56","slug":"dead-man-talking-la-tete-la-premiere-et-pauline-etienne-marche","status":"publish","type":"post","link":"https:\/\/w-l-c.be\/fr\/dead-man-talking-la-tete-la-premiere-et-pauline-etienne-marche\/","title":{"rendered":"Dead Man Talking, La T\u00eate la Premi\u00e8re, La Marche et Pauline \u00c9tienne s\u00e9lectionn\u00e9s pour les Prix Lumi\u00e8res !"},"content":{"rendered":"<p>Les prix Lumi\u00e8res sont en quelque sorte l\u2019\u00e9quivalent fran\u00e7ais des Golden Globes am\u00e9ricains pour le septi\u00e8me art. Ils seront remis \u00e0 Paris par la presse \u00e9trang\u00e8re lundi 20 janvier \u00e0 l&rsquo;Espace Pierre-Cardin.<\/p>\n<p>&nbsp;<\/p>\n<p>&nbsp;<\/p>\n<p><!--more--><\/p>\n<p>&nbsp;<\/p>\n<p>&nbsp;<\/p>\n<p>&nbsp;<\/p>\n<p>Dans cette 19e \u00e9dition, plusieurs Belges sont \u00e0 l\u2019honneur: <strong>Olivier Gourme<\/strong>t \u00e0 l\u2019affiche de <em>Grand Central<\/em>, <strong>Thomas Doret<\/strong> dans <em>Renoir<\/em> et <strong>Catherine Sal\u00e9e<\/strong> dans<em> La Vie d\u2019Ad\u00e8le<\/em> sont concern\u00e9es par le prix du meilleur film o\u00f9 ces longs m\u00e9trages sont tous engag\u00e9s.<\/p>\n<p>&nbsp;<\/p>\n<p style=\"text-align: center;\"><a href=\"http:\/\/www.cinevox.be\/dead-man-talking-la-tete-la-premiere-et-pauline-etienne-selectionnes-pour-les-prix-lumieres\/20487549-4\/\" rel=\"attachment wp-att-49389\"><img loading=\"lazy\" decoding=\"async\" class=\"size-large wp-image-49389 aligncenter\" alt=\"\" src=\"http:\/\/www.cinevox.be\/wp-content\/uploads\/2013\/12\/20487549-800x425.jpg\" width=\"640\" height=\"340\" srcset=\"https:\/\/w-l-c.be\/wp-content\/uploads\/2013\/12\/20487549-800x425.jpg 800w, https:\/\/w-l-c.be\/wp-content\/uploads\/2013\/12\/20487549-480x255.jpg 480w, https:\/\/w-l-c.be\/wp-content\/uploads\/2013\/12\/20487549.jpg 1600w\" sizes=\"auto, (max-width: 640px) 100vw, 640px\" \/><\/a><\/p>\n<p>&nbsp;<\/p>\n<p><strong>Pauline \u00c9tienne,<\/strong>\u00a0pour sa prestation dans <em>La religieus,<\/em> est en lice pour le prix Lumi\u00e8res de la r\u00e9v\u00e9lation f\u00e9minine de l\u2019ann\u00e9e, une cat\u00e9gorie o\u00f9 elle affrontera <strong>Alice de Lanquesaing,<\/strong> point\u00e9e pour\u2026 <em>la T\u00eate la Premi\u00e8re.<\/em><\/p>\n<p>&nbsp;<\/p>\n<p>Ce qui nous am\u00e8ne \u00e0 une autre formidable information de cette pr\u00e9s\u00e9lection puisque le premier long m\u00e9trage d\u2019<b>Am\u00e9lie Van Elmbt <\/b>que nous avons \u00e9t\u00e9 les premiers \u00e0 vous pr\u00e9senter en Belgique lors des Cinevox Happenings de rentr\u00e9e\u00a02012 est en lice pour le Prix Heike Hurst du Meilleur premier film (une nouveaut\u00e9).<\/p>\n<p>&nbsp;<\/p>\n<p><a href=\"http:\/\/www.cinevox.be\/dead-man-talking-la-tete-la-premiere-et-pauline-etienne-marche\/13-adrien-zoe-amiens-2\/\" rel=\"attachment wp-att-49390\"><img loading=\"lazy\" decoding=\"async\" class=\"aligncenter size-full wp-image-49390\" alt=\"\" src=\"http:\/\/www.cinevox.be\/wp-content\/uploads\/2013\/12\/13-adrien-zoe-amiens.jpg\" width=\"800\" height=\"450\" srcset=\"https:\/\/w-l-c.be\/wp-content\/uploads\/2013\/12\/13-adrien-zoe-amiens.jpg 800w, https:\/\/w-l-c.be\/wp-content\/uploads\/2013\/12\/13-adrien-zoe-amiens-200x113.jpg 200w, https:\/\/w-l-c.be\/wp-content\/uploads\/2013\/12\/13-adrien-zoe-amiens-480x270.jpg 480w, https:\/\/w-l-c.be\/wp-content\/uploads\/2013\/12\/13-adrien-zoe-amiens-300x169.jpg 300w, https:\/\/w-l-c.be\/wp-content\/uploads\/2013\/12\/13-adrien-zoe-amiens-620x350.jpg 620w\" sizes=\"auto, (max-width: 800px) 100vw, 800px\" \/><\/a><\/p>\n<p>&nbsp;<\/p>\n<p>Elle aura fort \u00e0 faire face \u00e0<em> Les Gar\u00e7ons et Guillaume, \u00e0 table<\/em> ! de Guillaume Gallienne (coproduit par Nexus factory), <em>Au-Del\u00e0 Du Sang<\/em> de Guillaume Tauveron, <em>Comme un lion<\/em> de Samuel Collardey, <em>En Solitaire<\/em> de Christophe Offenstein et <em>Nous irons vivre ailleurs<\/em> de Nicolas Karolszyk<\/p>\n<p>&nbsp;<\/p>\n<p><a href=\"http:\/\/www.cinevox.be\/dead-man-talking-la-tete-la-premiere-et-pauline-etienne-selectionnes-pour-les-prix-lumieres\/new-7\/\" rel=\"attachment wp-att-49391\"><img loading=\"lazy\" decoding=\"async\" class=\"aligncenter size-large wp-image-49391\" alt=\"\" src=\"http:\/\/www.cinevox.be\/wp-content\/uploads\/2013\/12\/new-7-800x533.jpg\" width=\"640\" height=\"426\" srcset=\"https:\/\/w-l-c.be\/wp-content\/uploads\/2013\/12\/new-7-800x533.jpg 800w, https:\/\/w-l-c.be\/wp-content\/uploads\/2013\/12\/new-7-405x270.jpg 405w, https:\/\/w-l-c.be\/wp-content\/uploads\/2013\/12\/new-7.jpg 960w\" sizes=\"auto, (max-width: 640px) 100vw, 640px\" \/><\/a><\/p>\n<p>&nbsp;<\/p>\n<p>Et ce n\u2019est pas tout, non, non non. L\u2019autre film que nous avions mis alors \u00e0 l\u2019honneur au m\u00eame moment, un certain\u2026 <em>Dead Man Talking<\/em> est en lice dans la cat\u00e9gorie Meilleur film francophone hors de France.<\/p>\n<p>Ses adversaires : <em>Aujourd\u2019hu<\/em>i d&rsquo;Alain Gomis (France, S\u00e9n\u00e9gal), <em>Les Chevaux de Dieu<\/em> de Nabil Ayouch (France, Maroc, Belgique), <em>Le D\u00e9mant\u00e8lement<\/em> de S\u00e9bastien Pilote (Qu\u00e9bec), <em>Gabrielle<\/em> de Louise Archambault (Qu\u00e9bec) et Le Repenti de Merzak Allouach (Alg\u00e9rie, France).<\/p>\n<p>&nbsp;<\/p>\n<p>D\u00e9j\u00e0 une belle reconnaissance pour ces deux films et une joie pour nous, avouons-le. En esp\u00e9rant un troph\u00e9e? Qui sait ?..<\/p>\n<p>&nbsp;<\/p>\n<p><a href=\"http:\/\/www.cinevox.be\/dead-man-talking-la-tete-la-premiere-et-pauline-etienne-marche\/19538748_20131010174526684-jpg-c_640_360_x-f_jpg-q_x-xxyxx-2\/\" rel=\"attachment wp-att-49401\"><img loading=\"lazy\" decoding=\"async\" class=\"aligncenter size-full wp-image-49401\" alt=\"\" src=\"http:\/\/www.cinevox.be\/wp-content\/uploads\/2013\/12\/19538748_20131010174526684.jpg-c_640_360_x-f_jpg-q_x-xxyxx.jpg\" width=\"640\" height=\"360\" srcset=\"https:\/\/w-l-c.be\/wp-content\/uploads\/2013\/12\/19538748_20131010174526684.jpg-c_640_360_x-f_jpg-q_x-xxyxx.jpg 640w, https:\/\/w-l-c.be\/wp-content\/uploads\/2013\/12\/19538748_20131010174526684.jpg-c_640_360_x-f_jpg-q_x-xxyxx-200x113.jpg 200w, https:\/\/w-l-c.be\/wp-content\/uploads\/2013\/12\/19538748_20131010174526684.jpg-c_640_360_x-f_jpg-q_x-xxyxx-480x270.jpg 480w, https:\/\/w-l-c.be\/wp-content\/uploads\/2013\/12\/19538748_20131010174526684.jpg-c_640_360_x-f_jpg-q_x-xxyxx-300x169.jpg 300w, https:\/\/w-l-c.be\/wp-content\/uploads\/2013\/12\/19538748_20131010174526684.jpg-c_640_360_x-f_jpg-q_x-xxyxx-620x350.jpg 620w\" sizes=\"auto, (max-width: 640px) 100vw, 640px\" \/><\/a><\/p>\n<p>&nbsp;<\/p>\n<p><em>La Marche,<\/em>\u00a0bizarrement boud\u00e9 par le grand public malgr\u00e9 ses formidables qualit\u00e9s, a \u00e9galement droit \u00e0 deux nominations: <strong>Nabil Ben Yadir, Nadia Lakhdar<\/strong> et <strong>Ahmed Hamidi<\/strong> sont\u00a0en course pour le meilleur sc\u00e9nario tandis que<strong>\u00a0Tewfik Jallab<\/strong> a de vraies chances d&rsquo;\u00eatre couronn\u00e9 R\u00e9v\u00e9lation masculine de l&rsquo;ann\u00e9e<\/p>\n<p>&nbsp;<\/p>\n<p>&nbsp;<\/p>\n","protected":false},"excerpt":{"rendered":"<p>Les prix Lumi\u00e8res sont en quelque sorte l\u2019\u00e9quivalent fran\u00e7ais des Golden Globes am\u00e9ricains pour le septi\u00e8me art. Ils seront remis \u00e0 Paris par la presse \u00e9trang\u00e8re lundi 20 janvier \u00e0 l&rsquo;Espace Pierre-Cardin. &nbsp; &nbsp;<\/p>\n","protected":false},"author":7,"featured_media":49393,"comment_status":"closed","ping_status":"closed","sticky":false,"template":"","format":"standard","meta":{"ngg_post_thumbnail":0,"footnotes":""},"categories":[12],"tags":[],"class_list":["post-49388","post","type-post","status-publish","format-standard","has-post-thumbnail","","category-awards"],"yoast_head":"<!-- This site is optimized with the Yoast SEO plugin v20.4 - https:\/\/yoast.com\/wordpress\/plugins\/seo\/ -->\n<title>Dead Man Talking, La T\u00eate la Premi\u00e8re, La Marche et Pauline \u00c9tienne s\u00e9lectionn\u00e9s pour les Prix Lumi\u00e8res ! - w-l-c<\/title>\n<meta name=\"robots\" content=\"noindex, follow, max-snippet:-1, max-image-preview:large, max-video-preview:-1\" \/>\n<meta property=\"og:locale\" content=\"fr_FR\" \/>\n<meta property=\"og:type\" content=\"article\" \/>\n<meta property=\"og:title\" content=\"Dead Man Talking, La T\u00eate la Premi\u00e8re, La Marche et Pauline \u00c9tienne s\u00e9lectionn\u00e9s pour les Prix Lumi\u00e8res ! - w-l-c\" \/>\n<meta property=\"og:description\" content=\"Les prix Lumi\u00e8res sont en quelque sorte l\u2019\u00e9quivalent fran\u00e7ais des Golden Globes am\u00e9ricains pour le septi\u00e8me art. Ils seront remis \u00e0 Paris par la presse \u00e9trang\u00e8re lundi 20 janvier \u00e0 l&rsquo;Espace Pierre-Cardin. &nbsp; &nbsp;\" \/>\n<meta property=\"og:url\" content=\"https:\/\/w-l-c.be\/fr\/dead-man-talking-la-tete-la-premiere-et-pauline-etienne-marche\/\" \/>\n<meta property=\"og:site_name\" content=\"w-l-c\" \/>\n<meta property=\"article:published_time\" content=\"2013-12-19T12:32:58+00:00\" \/>\n<meta property=\"article:modified_time\" content=\"2013-12-19T13:23:56+00:00\" \/>\n<meta property=\"og:image\" content=\"https:\/\/w-l-c.be\/wp-content\/uploads\/2013\/12\/new-8.jpeg\" \/>\n\t<meta property=\"og:image:width\" content=\"759\" \/>\n\t<meta property=\"og:image:height\" content=\"500\" \/>\n\t<meta property=\"og:image:type\" content=\"image\/jpeg\" \/>\n<meta name=\"author\" content=\"Philippe.Pierquin\" \/>\n<meta name=\"twitter:card\" content=\"summary_large_image\" \/>\n<meta name=\"twitter:label1\" content=\"\u00c9crit par\" \/>\n\t<meta name=\"twitter:data1\" content=\"Philippe.Pierquin\" \/>\n\t<meta name=\"twitter:label2\" content=\"Dur\u00e9e de lecture estim\u00e9e\" \/>\n\t<meta name=\"twitter:data2\" content=\"2 minutes\" \/>\n<script type=\"application\/ld+json\" class=\"yoast-schema-graph\">{\"@context\":\"https:\/\/schema.org\",\"@graph\":[{\"@type\":\"WebPage\",\"@id\":\"https:\/\/w-l-c.be\/fr\/dead-man-talking-la-tete-la-premiere-et-pauline-etienne-marche\/\",\"url\":\"https:\/\/w-l-c.be\/fr\/dead-man-talking-la-tete-la-premiere-et-pauline-etienne-marche\/\",\"name\":\"Dead Man Talking, La T\u00eate la Premi\u00e8re, La Marche et Pauline \u00c9tienne s\u00e9lectionn\u00e9s pour les Prix Lumi\u00e8res ! - w-l-c\",\"isPartOf\":{\"@id\":\"https:\/\/w-l-c.be\/fr\/#website\"},\"datePublished\":\"2013-12-19T12:32:58+00:00\",\"dateModified\":\"2013-12-19T13:23:56+00:00\",\"author\":{\"@id\":\"https:\/\/w-l-c.be\/fr\/#\/schema\/person\/4b9b1d857f0943453a38a7c2859ef756\"},\"breadcrumb\":{\"@id\":\"https:\/\/w-l-c.be\/fr\/dead-man-talking-la-tete-la-premiere-et-pauline-etienne-marche\/#breadcrumb\"},\"inLanguage\":\"fr-FR\",\"potentialAction\":[{\"@type\":\"ReadAction\",\"target\":[\"https:\/\/w-l-c.be\/fr\/dead-man-talking-la-tete-la-premiere-et-pauline-etienne-marche\/\"]}]},{\"@type\":\"BreadcrumbList\",\"@id\":\"https:\/\/w-l-c.be\/fr\/dead-man-talking-la-tete-la-premiere-et-pauline-etienne-marche\/#breadcrumb\",\"itemListElement\":[{\"@type\":\"ListItem\",\"position\":1,\"name\":\"Accueil\",\"item\":\"https:\/\/w-l-c.be\/fr\/\"},{\"@type\":\"ListItem\",\"position\":2,\"name\":\"Dead Man Talking, La T\u00eate la Premi\u00e8re, La Marche et Pauline \u00c9tienne s\u00e9lectionn\u00e9s pour les Prix Lumi\u00e8res !\"}]},{\"@type\":\"WebSite\",\"@id\":\"https:\/\/w-l-c.be\/fr\/#website\",\"url\":\"https:\/\/w-l-c.be\/fr\/\",\"name\":\"w-l-c\",\"description\":\"Le cin\u00e9ma vu par les belges\",\"potentialAction\":[{\"@type\":\"SearchAction\",\"target\":{\"@type\":\"EntryPoint\",\"urlTemplate\":\"https:\/\/w-l-c.be\/fr\/?s={search_term_string}\"},\"query-input\":\"required name=search_term_string\"}],\"inLanguage\":\"fr-FR\"},{\"@type\":\"Person\",\"@id\":\"https:\/\/w-l-c.be\/fr\/#\/schema\/person\/4b9b1d857f0943453a38a7c2859ef756\",\"name\":\"Philippe.Pierquin\",\"url\":\"https:\/\/w-l-c.be\/fr\/author\/philippe-pierquin\/\"}]}<\/script>\n<!-- \/ Yoast SEO plugin. -->","yoast_head_json":{"title":"Dead Man Talking, La T\u00eate la Premi\u00e8re, La Marche et Pauline \u00c9tienne s\u00e9lectionn\u00e9s pour les Prix Lumi\u00e8res ! - w-l-c","robots":{"index":"noindex","follow":"follow","max-snippet":"max-snippet:-1","max-image-preview":"max-image-preview:large","max-video-preview":"max-video-preview:-1"},"og_locale":"fr_FR","og_type":"article","og_title":"Dead Man Talking, La T\u00eate la Premi\u00e8re, La Marche et Pauline \u00c9tienne s\u00e9lectionn\u00e9s pour les Prix Lumi\u00e8res ! - w-l-c","og_description":"Les prix Lumi\u00e8res sont en quelque sorte l\u2019\u00e9quivalent fran\u00e7ais des Golden Globes am\u00e9ricains pour le septi\u00e8me art. Ils seront remis \u00e0 Paris par la presse \u00e9trang\u00e8re lundi 20 janvier \u00e0 l&rsquo;Espace Pierre-Cardin. &nbsp; &nbsp;","og_url":"https:\/\/w-l-c.be\/fr\/dead-man-talking-la-tete-la-premiere-et-pauline-etienne-marche\/","og_site_name":"w-l-c","article_published_time":"2013-12-19T12:32:58+00:00","article_modified_time":"2013-12-19T13:23:56+00:00","og_image":[{"width":759,"height":500,"url":"https:\/\/w-l-c.be\/wp-content\/uploads\/2013\/12\/new-8.jpeg","type":"image\/jpeg"}],"author":"Philippe.Pierquin","twitter_card":"summary_large_image","twitter_misc":{"\u00c9crit par":"Philippe.Pierquin","Dur\u00e9e de lecture estim\u00e9e":"2 minutes"},"schema":{"@context":"https:\/\/schema.org","@graph":[{"@type":"WebPage","@id":"https:\/\/w-l-c.be\/fr\/dead-man-talking-la-tete-la-premiere-et-pauline-etienne-marche\/","url":"https:\/\/w-l-c.be\/fr\/dead-man-talking-la-tete-la-premiere-et-pauline-etienne-marche\/","name":"Dead Man Talking, La T\u00eate la Premi\u00e8re, La Marche et Pauline \u00c9tienne s\u00e9lectionn\u00e9s pour les Prix Lumi\u00e8res ! - w-l-c","isPartOf":{"@id":"https:\/\/w-l-c.be\/fr\/#website"},"datePublished":"2013-12-19T12:32:58+00:00","dateModified":"2013-12-19T13:23:56+00:00","author":{"@id":"https:\/\/w-l-c.be\/fr\/#\/schema\/person\/4b9b1d857f0943453a38a7c2859ef756"},"breadcrumb":{"@id":"https:\/\/w-l-c.be\/fr\/dead-man-talking-la-tete-la-premiere-et-pauline-etienne-marche\/#breadcrumb"},"inLanguage":"fr-FR","potentialAction":[{"@type":"ReadAction","target":["https:\/\/w-l-c.be\/fr\/dead-man-talking-la-tete-la-premiere-et-pauline-etienne-marche\/"]}]},{"@type":"BreadcrumbList","@id":"https:\/\/w-l-c.be\/fr\/dead-man-talking-la-tete-la-premiere-et-pauline-etienne-marche\/#breadcrumb","itemListElement":[{"@type":"ListItem","position":1,"name":"Accueil","item":"https:\/\/w-l-c.be\/fr\/"},{"@type":"ListItem","position":2,"name":"Dead Man Talking, La T\u00eate la Premi\u00e8re, La Marche et Pauline \u00c9tienne s\u00e9lectionn\u00e9s pour les Prix Lumi\u00e8res !"}]},{"@type":"WebSite","@id":"https:\/\/w-l-c.be\/fr\/#website","url":"https:\/\/w-l-c.be\/fr\/","name":"w-l-c","description":"Le cin\u00e9ma vu par les belges","potentialAction":[{"@type":"SearchAction","target":{"@type":"EntryPoint","urlTemplate":"https:\/\/w-l-c.be\/fr\/?s={search_term_string}"},"query-input":"required name=search_term_string"}],"inLanguage":"fr-FR"},{"@type":"Person","@id":"https:\/\/w-l-c.be\/fr\/#\/schema\/person\/4b9b1d857f0943453a38a7c2859ef756","name":"Philippe.Pierquin","url":"https:\/\/w-l-c.be\/fr\/author\/philippe-pierquin\/"}]}},"_links":{"self":[{"href":"https:\/\/w-l-c.be\/fr\/wp-json\/wp\/v2\/posts\/49388","targetHints":{"allow":["GET"]}}],"collection":[{"href":"https:\/\/w-l-c.be\/fr\/wp-json\/wp\/v2\/posts"}],"about":[{"href":"https:\/\/w-l-c.be\/fr\/wp-json\/wp\/v2\/types\/post"}],"author":[{"embeddable":true,"href":"https:\/\/w-l-c.be\/fr\/wp-json\/wp\/v2\/users\/7"}],"replies":[{"embeddable":true,"href":"https:\/\/w-l-c.be\/fr\/wp-json\/wp\/v2\/comments?post=49388"}],"version-history":[{"count":0,"href":"https:\/\/w-l-c.be\/fr\/wp-json\/wp\/v2\/posts\/49388\/revisions"}],"wp:featuredmedia":[{"embeddable":true,"href":"https:\/\/w-l-c.be\/fr\/wp-json\/wp\/v2\/media\/49393"}],"wp:attachment":[{"href":"https:\/\/w-l-c.be\/fr\/wp-json\/wp\/v2\/media?parent=49388"}],"wp:term":[{"taxonomy":"category","embeddable":true,"href":"https:\/\/w-l-c.be\/fr\/wp-json\/wp\/v2\/categories?post=49388"},{"taxonomy":"post_tag","embeddable":true,"href":"https:\/\/w-l-c.be\/fr\/wp-json\/wp\/v2\/tags?post=49388"}],"curies":[{"name":"wp","href":"https:\/\/api.w.org\/{rel}","templated":true}]}}