
{"id":50176,"date":"2014-01-09T12:55:25","date_gmt":"2014-01-09T11:55:25","guid":{"rendered":"http:\/\/www.cinevox.be\/?p=50176"},"modified":"2014-01-29T10:04:01","modified_gmt":"2014-01-29T09:04:01","slug":"4e-magritte-du-cinema-tous-les-nomines","status":"publish","type":"post","link":"https:\/\/w-l-c.be\/fr\/4e-magritte-du-cinema-tous-les-nomines\/","title":{"rendered":"4e Magritte du cin\u00e9ma &#8211; Tous les nomin\u00e9s"},"content":{"rendered":"<p><b>MEILLEUR FILM<\/b><\/p>\n<ul>\n<li><b>Au nom du fils <\/b>de Vincent Lannoo (produit par Lionel Jadot &#8211; Yoni Productions)<\/li>\n<li><b>Ernest et C\u00e9lestine <\/b>de St\u00e9phane Aubier, Vincent Patar et Benjamin Renner (produit par Vincent Tavier et Philippe Kauffmann &#8211; La Parti Production) XX 3<\/li>\n<li><b>Kinshasa Kids <\/b>de Marc-Henri Wajnberg (produit par Marc-Henri Wajnberg \u2013 Wajnbrosse Productions) X<\/li>\n<li><b>Le monde nous appartient <\/b>de Stephan Streker (produit par Boris Van Gils et Micha\u00ebl Goldberg &#8211; MG Productions) X<\/li>\n<li><b>Tango libre <\/b>de Fr\u00e9d\u00e9ric Fonteyne (produit par Patrick Quinet &#8211; Art\u00e9mis Productions)<!--more--><\/li>\n<\/ul>\n<p><b>\u00a0<\/b><\/p>\n<p><b>MEILLEUR REALISATEUR<\/b><\/p>\n<ul>\n<li><b>Vincent Lannoo <\/b>pour Au nom du fils<\/li>\n<li><b>St\u00e9phane Aubier et Vincent Patar <\/b>pour Ernest et C\u00e9lestine<\/li>\n<li><b>Fr\u00e9d\u00e9ric Fonteyne <\/b>pour Tango libre<\/li>\n<li><b>Sam Garbarski <\/b>pour Vijay and I<\/li>\n<\/ul>\n<p>&nbsp;<\/p>\n<p><b>MEILLEUR FILM FLAMAND EN COPRODUCTION<\/b><\/p>\n<p><i>Vu le nombre restreint de films concourant dans cette cat\u00e9gorie, le vote sur ces films ne s\u2019ouvrira que lors du deuxi\u00e8me tour, en janvier 2014.<\/i><\/p>\n<ul>\n<li><b>Brasserie Romantiek <\/b>de Jo\u00ebl Vanhoebrouck (coproduit par Art\u00e9mis Productions)<\/li>\n<li><b>La cinqui\u00e8me saison <\/b>de Peter Brosens et Jessica Woodworth (coproduit par Entre Chien et Loup)<\/li>\n<li><b>Kid <\/b>de Fien Troch (coproduit par Versus Production)<\/li>\n<\/ul>\n<p>&nbsp;<\/p>\n<p><b>MEILLEUR FILM ETRANGER EN COPRODUCTION<\/b><\/p>\n<ul>\n<li><b>Les chevaux de Dieu <\/b>de Nabil Ayouch (coproduit par Eric Van Beuren &#8211; YC Aligator Film)<\/li>\n<li><b>Populaire <\/b>de R\u00e9gis Roinsard (coproduit par Andr\u00e9 Logie \u2013 Panache productions)<\/li>\n<li><b>La religieuse <\/b>de Guillaume Nicloux (coproduit par Jacques-Henri et Olivier Bronckart \u2013 Versus Production) X<\/li>\n<li><b>La vie d\u2019Ad\u00e8le <\/b>d\u2019Abdellatif Kechiche (coproduit par Genevi\u00e8ve Lemal \u2013 Scope Pictures)<\/li>\n<\/ul>\n<p>&nbsp;<\/p>\n<p><b>MEILLEUR SCENARIO ORIGINAL OU ADAPTATION<\/b><\/p>\n<ul>\n<li><b>Peter Brosens et Jessica Woodworth <\/b>pour La cinqui\u00e8me saison<\/li>\n<li><b>Fien Troch <\/b>pour Kid<\/li>\n<li><b>Philippe Blasband et Anne Paulicevich <\/b>pour Tango libre<\/li>\n<li><b>Philippe Blasband et Sam Garbarski <\/b>pour Vijay and I<\/li>\n<\/ul>\n<p>&nbsp;<\/p>\n<p><b>MEILLEURE ACTRICE<\/b><\/p>\n<ul>\n<li><b>Lubna Azabal <\/b>dans Goodbye Morocco<\/li>\n<li><b>Pauline Etienne <\/b>dans La religieuse<\/li>\n<li><b>D\u00e9borah Fran\u00e7ois <\/b>dans Populaire<\/li>\n<li><b>Astrid Whetnall <\/b>dans Au nom du fils<\/li>\n<\/ul>\n<p>&nbsp;<\/p>\n<p><b>MEILLEUR ACTEUR<\/b><\/p>\n<ul>\n<li><b>Fran\u00e7ois Damiens <\/b>dans Tango libre<\/li>\n<li><b>Jan Hammenecker <\/b>pour Tango libre<\/li>\n<li><b>Sam Louwyck <\/b>pour La cinqui\u00e8me saison<\/li>\n<li><b>Benoit Poelvoorde <\/b>pour Une place sur la terre<\/li>\n<\/ul>\n<p>&nbsp;<\/p>\n<p><b>MEILLEURE ACTRICE DANS UN SECOND ROLE<\/b><\/p>\n<ul>\n<li><b>Dominique Baeyens <\/b>dans Au nom du fils<\/li>\n<li><b>Christelle Cornil <\/b>dans Landes<\/li>\n<li><b>Catherine Sal\u00e9e <\/b>dans La vie d\u2019Ad\u00e8le<b><\/b><\/li>\n<li><b>Nicole Shirer <\/b>dans BXL-USA<\/li>\n<\/ul>\n<p>&nbsp;<\/p>\n<p><b>MEILLEUR ACTEUR DANS UN SECOND ROLE<\/b><\/p>\n<p><i>Dans cette cat\u00e9gorie deux acteurs sont arriv\u00e9s ex-aequo \u00e0 la quatri\u00e8me place lors du premier tour. Il y aura donc cinq com\u00e9diens en course pour le Magritte<\/i><\/p>\n<ul>\n<li><b>Laurent Capelluto<\/b> dans Le temps de l\u2019aventure<\/li>\n<li><b>Olivier Gourmet <\/b>dans Grand Central*<\/li>\n<li><b>Bouli Lanners <\/b>dans 11.6*<\/li>\n<li><b>David Murgia <\/b>dans Je suis supporter du Standard<\/li>\n<li><b>Renaud Rutten <\/b>dans Une chanson pour ma m\u00e8re<b><\/b><\/li>\n<\/ul>\n<p><b>\u00a0<\/b><\/p>\n<p><i>* : films non \u00e9ligibles aux Magritte du meilleur film ou de la meilleure coproduction mais dans lesquels les acteurs belges pr\u00e9cit\u00e9s tiennent des r\u00f4les importants. Le Conseil d\u2019Administration de l\u2019Acad\u00e9mie Andr\u00e9 Delvaux a donc souhait\u00e9 vous permettre de saluer leurs performances dans ces films-l\u00e0 \u00e9galement.<\/i><\/p>\n<p>&nbsp;<\/p>\n<p><b>MEILLEUR ESPOIR FEMININ<\/b><\/p>\n<ul>\n<li><b>Pauline Burlet <\/b>dans Le pass\u00e9*<\/li>\n<li><b>Rania Mellouli <\/b>dans Le sac de farine<\/li>\n<li><b>Anne Paulicevich <\/b>dans Tango libre<\/li>\n<li><b>Mona Walravens <\/b>dans La vie d\u2019Ad\u00e8le<\/li>\n<\/ul>\n<p><i>* : films non \u00e9ligibles aux Magritte du meilleur film ou de la meilleure coproduction mais dans lesquels les acteurs belges pr\u00e9cit\u00e9s tiennent des r\u00f4les importants. Le Conseil d\u2019Administration de l\u2019Acad\u00e9mie Andr\u00e9 Delvaux a donc souhait\u00e9 vous permettre de saluer leurs performances dans ces films-l\u00e0 \u00e9galement.<\/i><\/p>\n<p>&nbsp;<\/p>\n<p><b>MEILLEUR ESPOIR MASCULIN<\/b><\/p>\n<ul>\n<li><b>Mehdi Dehbi <\/b>dans Le sac de farine<\/li>\n<li><b>Steve Driesen <\/b>dans Landes<\/li>\n<li><b>Achille Ridolfi <\/b>dans Au nom du fils<\/li>\n<li><b>Bent Simons <\/b>dans Kid<\/li>\n<\/ul>\n<p>&nbsp;<\/p>\n<p><b>MEILLEURE IMAGE<\/b><\/p>\n<ul>\n<li><b>Hichame Alaouie <\/b>pour Les chevaux de Dieu<\/li>\n<li><b>Christophe Beaucarne <\/b>pour L\u2019\u00e9cume des jours<\/li>\n<li><b>Virginie Saint-Martin <\/b>pour Tango libre<\/li>\n<\/ul>\n<p>&nbsp;<\/p>\n<p><b>MEILLEUR SON<\/b><\/p>\n<ul>\n<li><b>Philippe Charbonnel<\/b>, <b>Guilhem Donzel et Mathieu Michaux <\/b>pour Au nom du fils<\/li>\n<li><b>Emmanuel de Boissieu, Fr\u00e9d\u00e9ric Demolder, Franco Piscopo et Luc Thomas <\/b>pour Ernest et C\u00e9lestine<\/li>\n<li><b>Marc Bastien et Thomas Gauder <\/b>pour Tango libre<\/li>\n<\/ul>\n<p>&nbsp;<\/p>\n<p><b>MEILLEURS DECORS<\/b><\/p>\n<ul>\n<li><b>Igor Gabriel <\/b>pour La cinqui\u00e8me saison<\/li>\n<li><strong>Catherine Cosme<\/strong> pour Le monde nous appartient<\/li>\n<li><b>V\u00e9ronique Sacrez <\/b>pour Tango libre<\/li>\n<\/ul>\n<p>&nbsp;<\/p>\n<p><b>MEILLEURS COSTUMES<\/b><\/p>\n<ul>\n<li><b>Nathalie Deceuninck et Aliette Vliers <\/b>pour Une chanson pour ma m\u00e8re<\/li>\n<li><b>Elise Ancion <\/b>pour Une place sur la terre<\/li>\n<li><b>Catherine Marchand <\/b>pour Vijay and I<\/li>\n<\/ul>\n<p>&nbsp;<\/p>\n<p><b>MEILLEURE MUSIQUE ORIGINALE<\/b><\/p>\n<ul>\n<li><b>Michelino Bisceglia <\/b>pour Au nom du fils<\/li>\n<li><b>Ozark Henry <\/b>pour Le monde nous appartient<\/li>\n<li><b>Christophe Vervoort <\/b>pour Le sac de farine<\/li>\n<\/ul>\n<p>&nbsp;<\/p>\n<p><b>MEILLEUR MONTAGE<\/b><\/p>\n<ul>\n<li><b>Marie-H\u00e9l\u00e8ne Dozo <\/b>pour Kinshasa Kids<\/li>\n<li><b>Ewin Ryckaert <\/b>pour Tango libre<\/li>\n<li><b>Sandrine Deegen <\/b>pour Vijay and I<\/li>\n<\/ul>\n<p>&nbsp;<\/p>\n<p><b>MEILLEUR COURT METRAGE<\/b><\/p>\n<ul>\n<li><b>Bowling killers <\/b>de S\u00e9bastien Petit (produit par Bo\u00eete Noire)<\/li>\n<li><b>Le conseiller <\/b>de Elisabet Llad\u00f3 (produit par Iota Production)<\/li>\n<li><b>Partouze <\/b>de Matthieu Donck (produit par H\u00e9licotronc)<\/li>\n<li><b>Welkom <\/b>de Pablo Munoz Gomez (produit par Mediadiffusion<b>)<\/b><\/li>\n<\/ul>\n<p>&nbsp;<\/p>\n<p><b>MEILLEUR LONG METRAGE DOCUMENTAIRE<\/b><\/p>\n<ul>\n<li><b>Amsterdam stories USA <\/b>de Rob Rombout et Rogier Van Eck (produit par Saga Films)<\/li>\n<li><b>L\u2019irr\u00e9sistible ascension de Mo\u00efse Katumbi <\/b>de Thierry Michel (produit par Les Films de la passerelle)<\/li>\n<li><b>La nuit qu\u2019on suppose <\/b>de Benjamin d\u2019Aoust (produit par H\u00e9licotronc)<\/li>\n<li><b>The sound of Belgium <\/b>de Jozef Devill\u00e9 (produit par Visualantics)<\/li>\n<\/ul>\n","protected":false},"excerpt":{"rendered":"<p>MEILLEUR FILM Au nom du fils de Vincent Lannoo (produit par Lionel Jadot &#8211; Yoni Productions) Ernest et C\u00e9lestine de St\u00e9phane Aubier, Vincent Patar et Benjamin Renner (produit par Vincent Tavier et Philippe Kauffmann &#8211; La Parti Production) XX 3 Kinshasa Kids de Marc-Henri Wajnberg (produit par Marc-Henri Wajnberg \u2013 Wajnbrosse Productions) X Le monde &hellip;<\/p>\n","protected":false},"author":7,"featured_media":50178,"comment_status":"closed","ping_status":"closed","sticky":false,"template":"","format":"standard","meta":{"ngg_post_thumbnail":0,"footnotes":""},"categories":[12],"tags":[],"class_list":["post-50176","post","type-post","status-publish","format-standard","has-post-thumbnail","","category-awards"],"yoast_head":"<!-- This site is optimized with the Yoast SEO plugin v20.4 - https:\/\/yoast.com\/wordpress\/plugins\/seo\/ -->\n<title>4e Magritte du cin\u00e9ma - Tous les nomin\u00e9s - w-l-c<\/title>\n<meta name=\"robots\" content=\"noindex, follow, max-snippet:-1, max-image-preview:large, max-video-preview:-1\" \/>\n<meta property=\"og:locale\" content=\"fr_FR\" \/>\n<meta property=\"og:type\" content=\"article\" \/>\n<meta property=\"og:title\" content=\"4e Magritte du cin\u00e9ma - Tous les nomin\u00e9s - w-l-c\" \/>\n<meta property=\"og:description\" content=\"MEILLEUR FILM Au nom du fils de Vincent Lannoo (produit par Lionel Jadot &#8211; Yoni Productions) Ernest et C\u00e9lestine de St\u00e9phane Aubier, Vincent Patar et Benjamin Renner (produit par Vincent Tavier et Philippe Kauffmann &#8211; La Parti Production) XX 3 Kinshasa Kids de Marc-Henri Wajnberg (produit par Marc-Henri Wajnberg \u2013 Wajnbrosse Productions) X Le monde &hellip;\" \/>\n<meta property=\"og:url\" content=\"https:\/\/w-l-c.be\/fr\/4e-magritte-du-cinema-tous-les-nomines\/\" \/>\n<meta property=\"og:site_name\" content=\"w-l-c\" \/>\n<meta property=\"article:published_time\" content=\"2014-01-09T11:55:25+00:00\" \/>\n<meta property=\"article:modified_time\" content=\"2014-01-29T09:04:01+00:00\" \/>\n<meta property=\"og:image\" content=\"https:\/\/w-l-c.be\/wp-content\/uploads\/2014\/01\/troph\u00e9e.jpg\" \/>\n\t<meta property=\"og:image:width\" content=\"640\" \/>\n\t<meta property=\"og:image:height\" content=\"432\" \/>\n\t<meta property=\"og:image:type\" content=\"image\/jpeg\" \/>\n<meta name=\"author\" content=\"Philippe.Pierquin\" \/>\n<meta name=\"twitter:card\" content=\"summary_large_image\" \/>\n<meta name=\"twitter:label1\" content=\"\u00c9crit par\" \/>\n\t<meta name=\"twitter:data1\" content=\"Philippe.Pierquin\" \/>\n\t<meta name=\"twitter:label2\" content=\"Dur\u00e9e de lecture estim\u00e9e\" \/>\n\t<meta name=\"twitter:data2\" content=\"4 minutes\" \/>\n<script type=\"application\/ld+json\" class=\"yoast-schema-graph\">{\"@context\":\"https:\/\/schema.org\",\"@graph\":[{\"@type\":\"WebPage\",\"@id\":\"https:\/\/w-l-c.be\/fr\/4e-magritte-du-cinema-tous-les-nomines\/\",\"url\":\"https:\/\/w-l-c.be\/fr\/4e-magritte-du-cinema-tous-les-nomines\/\",\"name\":\"4e Magritte du cin\u00e9ma - Tous les nomin\u00e9s - w-l-c\",\"isPartOf\":{\"@id\":\"https:\/\/w-l-c.be\/fr\/#website\"},\"datePublished\":\"2014-01-09T11:55:25+00:00\",\"dateModified\":\"2014-01-29T09:04:01+00:00\",\"author\":{\"@id\":\"https:\/\/w-l-c.be\/fr\/#\/schema\/person\/4b9b1d857f0943453a38a7c2859ef756\"},\"breadcrumb\":{\"@id\":\"https:\/\/w-l-c.be\/fr\/4e-magritte-du-cinema-tous-les-nomines\/#breadcrumb\"},\"inLanguage\":\"fr-FR\",\"potentialAction\":[{\"@type\":\"ReadAction\",\"target\":[\"https:\/\/w-l-c.be\/fr\/4e-magritte-du-cinema-tous-les-nomines\/\"]}]},{\"@type\":\"BreadcrumbList\",\"@id\":\"https:\/\/w-l-c.be\/fr\/4e-magritte-du-cinema-tous-les-nomines\/#breadcrumb\",\"itemListElement\":[{\"@type\":\"ListItem\",\"position\":1,\"name\":\"Accueil\",\"item\":\"https:\/\/w-l-c.be\/fr\/\"},{\"@type\":\"ListItem\",\"position\":2,\"name\":\"4e Magritte du cin\u00e9ma &#8211; Tous les nomin\u00e9s\"}]},{\"@type\":\"WebSite\",\"@id\":\"https:\/\/w-l-c.be\/fr\/#website\",\"url\":\"https:\/\/w-l-c.be\/fr\/\",\"name\":\"w-l-c\",\"description\":\"Le cin\u00e9ma vu par les belges\",\"potentialAction\":[{\"@type\":\"SearchAction\",\"target\":{\"@type\":\"EntryPoint\",\"urlTemplate\":\"https:\/\/w-l-c.be\/fr\/?s={search_term_string}\"},\"query-input\":\"required name=search_term_string\"}],\"inLanguage\":\"fr-FR\"},{\"@type\":\"Person\",\"@id\":\"https:\/\/w-l-c.be\/fr\/#\/schema\/person\/4b9b1d857f0943453a38a7c2859ef756\",\"name\":\"Philippe.Pierquin\",\"url\":\"https:\/\/w-l-c.be\/fr\/author\/philippe-pierquin\/\"}]}<\/script>\n<!-- \/ Yoast SEO plugin. -->","yoast_head_json":{"title":"4e Magritte du cin\u00e9ma - Tous les nomin\u00e9s - w-l-c","robots":{"index":"noindex","follow":"follow","max-snippet":"max-snippet:-1","max-image-preview":"max-image-preview:large","max-video-preview":"max-video-preview:-1"},"og_locale":"fr_FR","og_type":"article","og_title":"4e Magritte du cin\u00e9ma - Tous les nomin\u00e9s - w-l-c","og_description":"MEILLEUR FILM Au nom du fils de Vincent Lannoo (produit par Lionel Jadot &#8211; Yoni Productions) Ernest et C\u00e9lestine de St\u00e9phane Aubier, Vincent Patar et Benjamin Renner (produit par Vincent Tavier et Philippe Kauffmann &#8211; La Parti Production) XX 3 Kinshasa Kids de Marc-Henri Wajnberg (produit par Marc-Henri Wajnberg \u2013 Wajnbrosse Productions) X Le monde &hellip;","og_url":"https:\/\/w-l-c.be\/fr\/4e-magritte-du-cinema-tous-les-nomines\/","og_site_name":"w-l-c","article_published_time":"2014-01-09T11:55:25+00:00","article_modified_time":"2014-01-29T09:04:01+00:00","og_image":[{"width":640,"height":432,"url":"https:\/\/w-l-c.be\/wp-content\/uploads\/2014\/01\/troph\u00e9e.jpg","type":"image\/jpeg"}],"author":"Philippe.Pierquin","twitter_card":"summary_large_image","twitter_misc":{"\u00c9crit par":"Philippe.Pierquin","Dur\u00e9e de lecture estim\u00e9e":"4 minutes"},"schema":{"@context":"https:\/\/schema.org","@graph":[{"@type":"WebPage","@id":"https:\/\/w-l-c.be\/fr\/4e-magritte-du-cinema-tous-les-nomines\/","url":"https:\/\/w-l-c.be\/fr\/4e-magritte-du-cinema-tous-les-nomines\/","name":"4e Magritte du cin\u00e9ma - Tous les nomin\u00e9s - w-l-c","isPartOf":{"@id":"https:\/\/w-l-c.be\/fr\/#website"},"datePublished":"2014-01-09T11:55:25+00:00","dateModified":"2014-01-29T09:04:01+00:00","author":{"@id":"https:\/\/w-l-c.be\/fr\/#\/schema\/person\/4b9b1d857f0943453a38a7c2859ef756"},"breadcrumb":{"@id":"https:\/\/w-l-c.be\/fr\/4e-magritte-du-cinema-tous-les-nomines\/#breadcrumb"},"inLanguage":"fr-FR","potentialAction":[{"@type":"ReadAction","target":["https:\/\/w-l-c.be\/fr\/4e-magritte-du-cinema-tous-les-nomines\/"]}]},{"@type":"BreadcrumbList","@id":"https:\/\/w-l-c.be\/fr\/4e-magritte-du-cinema-tous-les-nomines\/#breadcrumb","itemListElement":[{"@type":"ListItem","position":1,"name":"Accueil","item":"https:\/\/w-l-c.be\/fr\/"},{"@type":"ListItem","position":2,"name":"4e Magritte du cin\u00e9ma &#8211; Tous les nomin\u00e9s"}]},{"@type":"WebSite","@id":"https:\/\/w-l-c.be\/fr\/#website","url":"https:\/\/w-l-c.be\/fr\/","name":"w-l-c","description":"Le cin\u00e9ma vu par les belges","potentialAction":[{"@type":"SearchAction","target":{"@type":"EntryPoint","urlTemplate":"https:\/\/w-l-c.be\/fr\/?s={search_term_string}"},"query-input":"required name=search_term_string"}],"inLanguage":"fr-FR"},{"@type":"Person","@id":"https:\/\/w-l-c.be\/fr\/#\/schema\/person\/4b9b1d857f0943453a38a7c2859ef756","name":"Philippe.Pierquin","url":"https:\/\/w-l-c.be\/fr\/author\/philippe-pierquin\/"}]}},"_links":{"self":[{"href":"https:\/\/w-l-c.be\/fr\/wp-json\/wp\/v2\/posts\/50176","targetHints":{"allow":["GET"]}}],"collection":[{"href":"https:\/\/w-l-c.be\/fr\/wp-json\/wp\/v2\/posts"}],"about":[{"href":"https:\/\/w-l-c.be\/fr\/wp-json\/wp\/v2\/types\/post"}],"author":[{"embeddable":true,"href":"https:\/\/w-l-c.be\/fr\/wp-json\/wp\/v2\/users\/7"}],"replies":[{"embeddable":true,"href":"https:\/\/w-l-c.be\/fr\/wp-json\/wp\/v2\/comments?post=50176"}],"version-history":[{"count":0,"href":"https:\/\/w-l-c.be\/fr\/wp-json\/wp\/v2\/posts\/50176\/revisions"}],"wp:featuredmedia":[{"embeddable":true,"href":"https:\/\/w-l-c.be\/fr\/wp-json\/wp\/v2\/media\/50178"}],"wp:attachment":[{"href":"https:\/\/w-l-c.be\/fr\/wp-json\/wp\/v2\/media?parent=50176"}],"wp:term":[{"taxonomy":"category","embeddable":true,"href":"https:\/\/w-l-c.be\/fr\/wp-json\/wp\/v2\/categories?post=50176"},{"taxonomy":"post_tag","embeddable":true,"href":"https:\/\/w-l-c.be\/fr\/wp-json\/wp\/v2\/tags?post=50176"}],"curies":[{"name":"wp","href":"https:\/\/api.w.org\/{rel}","templated":true}]}}