
{"id":50328,"date":"2014-01-08T14:49:53","date_gmt":"2014-01-08T13:49:53","guid":{"rendered":"http:\/\/www.cinevox.be\/?p=50328"},"modified":"2014-01-08T15:03:19","modified_gmt":"2014-01-08T14:03:19","slug":"marina-encore-et-toujours","status":"publish","type":"post","link":"https:\/\/w-l-c.be\/fr\/marina-encore-et-toujours\/","title":{"rendered":"Marina, encore et toujours"},"content":{"rendered":"<p>Hier soir, Marina a franchi un nouveau cap en totalisant 401.678 spectateurs.<\/p>\n<p>Fort de cette performance, le formidable film de Stijn Coninx remporte un Award de diamant, distinction attribu\u00e9e en Flandre \u00e0 tout long m\u00e9trage belge qui d\u00e9passe le cap des 400.000 tickets vendus.<!--more--><\/p>\n<p>&nbsp;<\/p>\n<p>Fan du film depuis sa d\u00e9couverte, Cinevox l\u2019avait propos\u00e9 en premi\u00e8re nationale lors des BNP Paribas Fortis Film Days en septembre dernier. Comme des exclusivit\u00e9s avaient \u00e9t\u00e9 n\u00e9goci\u00e9es par des partenaires flamands, nous l\u2019avions pr\u00e9sent\u00e9 sous le label myst\u00e9rieux \u00ab\u00a0Sneak Preview\u00a0\u00bb. Mais comme vous nous avez honor\u00e9s de votre confiance, vous avez \u00e9t\u00e9 nombreux \u00e0 venir le d\u00e9couvrir en primeur et vous n\u2019avez pas \u00e9t\u00e9 d\u00e9\u00e7us (voir <a href=\"http:\/\/www.cinevox.be\/marina-ce-les-spectateurs-en-disent-16-premieres-impressions\" target=\"_blank\">ICI<\/a>, pour m\u00e9moire)<\/p>\n<p>&nbsp;<\/p>\n<p><a href=\"http:\/\/www.cinevox.be\/marina-encore-et-toujours\/2014_01_08_116_lr\/\" rel=\"attachment wp-att-50329\"><img loading=\"lazy\" decoding=\"async\" class=\"alignright size-large wp-image-50329\" alt=\"\" src=\"http:\/\/www.cinevox.be\/wp-content\/uploads\/2014\/01\/2014_01_08_116_LR-399x600.jpg\" width=\"399\" height=\"600\" srcset=\"https:\/\/w-l-c.be\/wp-content\/uploads\/2014\/01\/2014_01_08_116_LR-399x600.jpg 399w, https:\/\/w-l-c.be\/wp-content\/uploads\/2014\/01\/2014_01_08_116_LR-179x270.jpg 179w, https:\/\/w-l-c.be\/wp-content\/uploads\/2014\/01\/2014_01_08_116_LR.jpg 640w\" sizes=\"auto, (max-width: 399px) 100vw, 399px\" \/><\/a>Cette reconnaissance qui contraste violemment avec l\u2019accueil glacial r\u00e9serv\u00e9 par la majorit\u00e9 de la presse critique nous fait grand plaisir. M\u00eame si, naturellement, la quasi-totalit\u00e9 du chiffre a \u00e9t\u00e9 enregistr\u00e9e au nord du pays.<\/p>\n<p>&nbsp;<\/p>\n<p>Comme <i>Het Vonnis<\/i> et <i>FC de Kampioenen<\/i> ont d\u00e9j\u00e0 pass\u00e9 ce cap, on ne peut que souligner que l\u2019ann\u00e9e\u00a02013 fut incroyablement faste pour le cin\u00e9ma flamand. Et donc contrast\u00e9e au niveau belge, puisque c\u00f4t\u00e9 francophone aucun long m\u00e9trage n\u2019a vraiment r\u00e9ussi une perc\u00e9e publique d\u00e9terminante.<\/p>\n<p>&nbsp;<\/p>\n<p>Un film comme <i>Au nom du Fils<\/i>, pourtant dot\u00e9 d\u2019un potentiel indiscutable n\u2019a pas pu compter sur la force de frappe d\u2019un distributeur install\u00e9 pour partir \u00e0 la rencontre du public alors que dans le m\u00eame temps, il d\u00e9crochait le M\u00e9li\u00e8s d\u2019or\u00a02013, d\u00e9cern\u00e9 par l\u2019ensemble des festivals \u00ab\u00a0de genre\u00a0\u00bb en Europe. Ne parlons pas de <i>La Marche<\/i> dont l\u2019\u00e9chec semble d\u00fb \u00e0 des circonstances sociologiques plut\u00f4t qu\u2019\u00e0 un manque de soutien puisque Belga Film avait enclench\u00e9 la surmultipli\u00e9e pour promouvoir le long m\u00e9trage de Nabil Ben Yadir.<\/p>\n<p>&nbsp;<\/p>\n<p>2014 changera-t-il la donne? Avec les sorties des <i>Rayures du Z\u00e8bre<\/i> (le 5 f\u00e9vrier), du nouveau film des fr\u00e8res <strong>Dardenne<\/strong> et d\u2019<i>Alleluia<\/i> de <b>Fabrice Du Welz<\/b>, le cin\u00e9ma francophone a quelques atouts dans sa manche. Esp\u00e9rons que le public suivra\u2026<\/p>\n","protected":false},"excerpt":{"rendered":"<p>Hier soir, Marina a franchi un nouveau cap en totalisant 401.678 spectateurs. Fort de cette performance, le formidable film de Stijn Coninx remporte un Award de diamant, distinction attribu\u00e9e en Flandre \u00e0 tout long m\u00e9trage belge qui d\u00e9passe le cap des 400.000 tickets vendus.<\/p>\n","protected":false},"author":7,"featured_media":50331,"comment_status":"closed","ping_status":"closed","sticky":false,"template":"","format":"standard","meta":{"ngg_post_thumbnail":0,"footnotes":""},"categories":[12],"tags":[],"class_list":["post-50328","post","type-post","status-publish","format-standard","has-post-thumbnail","","category-awards"],"yoast_head":"<!-- This site is optimized with the Yoast SEO plugin v20.4 - https:\/\/yoast.com\/wordpress\/plugins\/seo\/ -->\n<title>Marina, encore et toujours - w-l-c<\/title>\n<meta name=\"robots\" content=\"noindex, follow, max-snippet:-1, max-image-preview:large, max-video-preview:-1\" \/>\n<meta property=\"og:locale\" content=\"fr_FR\" \/>\n<meta property=\"og:type\" content=\"article\" \/>\n<meta property=\"og:title\" content=\"Marina, encore et toujours - w-l-c\" \/>\n<meta property=\"og:description\" content=\"Hier soir, Marina a franchi un nouveau cap en totalisant 401.678 spectateurs. Fort de cette performance, le formidable film de Stijn Coninx remporte un Award de diamant, distinction attribu\u00e9e en Flandre \u00e0 tout long m\u00e9trage belge qui d\u00e9passe le cap des 400.000 tickets vendus.\" \/>\n<meta property=\"og:url\" content=\"https:\/\/w-l-c.be\/fr\/marina-encore-et-toujours\/\" \/>\n<meta property=\"og:site_name\" content=\"w-l-c\" \/>\n<meta property=\"article:published_time\" content=\"2014-01-08T13:49:53+00:00\" \/>\n<meta property=\"article:modified_time\" content=\"2014-01-08T14:03:19+00:00\" \/>\n<meta property=\"og:image\" content=\"https:\/\/w-l-c.be\/wp-content\/uploads\/2014\/01\/cast-Marina.png\" \/>\n\t<meta property=\"og:image:width\" content=\"811\" \/>\n\t<meta property=\"og:image:height\" content=\"541\" \/>\n\t<meta property=\"og:image:type\" content=\"image\/png\" \/>\n<meta name=\"author\" content=\"Philippe.Pierquin\" \/>\n<meta name=\"twitter:card\" content=\"summary_large_image\" \/>\n<meta name=\"twitter:label1\" content=\"\u00c9crit par\" \/>\n\t<meta name=\"twitter:data1\" content=\"Philippe.Pierquin\" \/>\n\t<meta name=\"twitter:label2\" content=\"Dur\u00e9e de lecture estim\u00e9e\" \/>\n\t<meta name=\"twitter:data2\" content=\"2 minutes\" \/>\n<script type=\"application\/ld+json\" class=\"yoast-schema-graph\">{\"@context\":\"https:\/\/schema.org\",\"@graph\":[{\"@type\":\"WebPage\",\"@id\":\"https:\/\/w-l-c.be\/fr\/marina-encore-et-toujours\/\",\"url\":\"https:\/\/w-l-c.be\/fr\/marina-encore-et-toujours\/\",\"name\":\"Marina, encore et toujours - w-l-c\",\"isPartOf\":{\"@id\":\"https:\/\/w-l-c.be\/fr\/#website\"},\"datePublished\":\"2014-01-08T13:49:53+00:00\",\"dateModified\":\"2014-01-08T14:03:19+00:00\",\"author\":{\"@id\":\"https:\/\/w-l-c.be\/fr\/#\/schema\/person\/4b9b1d857f0943453a38a7c2859ef756\"},\"breadcrumb\":{\"@id\":\"https:\/\/w-l-c.be\/fr\/marina-encore-et-toujours\/#breadcrumb\"},\"inLanguage\":\"fr-FR\",\"potentialAction\":[{\"@type\":\"ReadAction\",\"target\":[\"https:\/\/w-l-c.be\/fr\/marina-encore-et-toujours\/\"]}]},{\"@type\":\"BreadcrumbList\",\"@id\":\"https:\/\/w-l-c.be\/fr\/marina-encore-et-toujours\/#breadcrumb\",\"itemListElement\":[{\"@type\":\"ListItem\",\"position\":1,\"name\":\"Accueil\",\"item\":\"https:\/\/w-l-c.be\/fr\/\"},{\"@type\":\"ListItem\",\"position\":2,\"name\":\"Marina, encore et toujours\"}]},{\"@type\":\"WebSite\",\"@id\":\"https:\/\/w-l-c.be\/fr\/#website\",\"url\":\"https:\/\/w-l-c.be\/fr\/\",\"name\":\"w-l-c\",\"description\":\"Le cin\u00e9ma vu par les belges\",\"potentialAction\":[{\"@type\":\"SearchAction\",\"target\":{\"@type\":\"EntryPoint\",\"urlTemplate\":\"https:\/\/w-l-c.be\/fr\/?s={search_term_string}\"},\"query-input\":\"required name=search_term_string\"}],\"inLanguage\":\"fr-FR\"},{\"@type\":\"Person\",\"@id\":\"https:\/\/w-l-c.be\/fr\/#\/schema\/person\/4b9b1d857f0943453a38a7c2859ef756\",\"name\":\"Philippe.Pierquin\",\"url\":\"https:\/\/w-l-c.be\/fr\/author\/philippe-pierquin\/\"}]}<\/script>\n<!-- \/ Yoast SEO plugin. -->","yoast_head_json":{"title":"Marina, encore et toujours - w-l-c","robots":{"index":"noindex","follow":"follow","max-snippet":"max-snippet:-1","max-image-preview":"max-image-preview:large","max-video-preview":"max-video-preview:-1"},"og_locale":"fr_FR","og_type":"article","og_title":"Marina, encore et toujours - w-l-c","og_description":"Hier soir, Marina a franchi un nouveau cap en totalisant 401.678 spectateurs. Fort de cette performance, le formidable film de Stijn Coninx remporte un Award de diamant, distinction attribu\u00e9e en Flandre \u00e0 tout long m\u00e9trage belge qui d\u00e9passe le cap des 400.000 tickets vendus.","og_url":"https:\/\/w-l-c.be\/fr\/marina-encore-et-toujours\/","og_site_name":"w-l-c","article_published_time":"2014-01-08T13:49:53+00:00","article_modified_time":"2014-01-08T14:03:19+00:00","og_image":[{"width":811,"height":541,"url":"https:\/\/w-l-c.be\/wp-content\/uploads\/2014\/01\/cast-Marina.png","type":"image\/png"}],"author":"Philippe.Pierquin","twitter_card":"summary_large_image","twitter_misc":{"\u00c9crit par":"Philippe.Pierquin","Dur\u00e9e de lecture estim\u00e9e":"2 minutes"},"schema":{"@context":"https:\/\/schema.org","@graph":[{"@type":"WebPage","@id":"https:\/\/w-l-c.be\/fr\/marina-encore-et-toujours\/","url":"https:\/\/w-l-c.be\/fr\/marina-encore-et-toujours\/","name":"Marina, encore et toujours - w-l-c","isPartOf":{"@id":"https:\/\/w-l-c.be\/fr\/#website"},"datePublished":"2014-01-08T13:49:53+00:00","dateModified":"2014-01-08T14:03:19+00:00","author":{"@id":"https:\/\/w-l-c.be\/fr\/#\/schema\/person\/4b9b1d857f0943453a38a7c2859ef756"},"breadcrumb":{"@id":"https:\/\/w-l-c.be\/fr\/marina-encore-et-toujours\/#breadcrumb"},"inLanguage":"fr-FR","potentialAction":[{"@type":"ReadAction","target":["https:\/\/w-l-c.be\/fr\/marina-encore-et-toujours\/"]}]},{"@type":"BreadcrumbList","@id":"https:\/\/w-l-c.be\/fr\/marina-encore-et-toujours\/#breadcrumb","itemListElement":[{"@type":"ListItem","position":1,"name":"Accueil","item":"https:\/\/w-l-c.be\/fr\/"},{"@type":"ListItem","position":2,"name":"Marina, encore et toujours"}]},{"@type":"WebSite","@id":"https:\/\/w-l-c.be\/fr\/#website","url":"https:\/\/w-l-c.be\/fr\/","name":"w-l-c","description":"Le cin\u00e9ma vu par les belges","potentialAction":[{"@type":"SearchAction","target":{"@type":"EntryPoint","urlTemplate":"https:\/\/w-l-c.be\/fr\/?s={search_term_string}"},"query-input":"required name=search_term_string"}],"inLanguage":"fr-FR"},{"@type":"Person","@id":"https:\/\/w-l-c.be\/fr\/#\/schema\/person\/4b9b1d857f0943453a38a7c2859ef756","name":"Philippe.Pierquin","url":"https:\/\/w-l-c.be\/fr\/author\/philippe-pierquin\/"}]}},"_links":{"self":[{"href":"https:\/\/w-l-c.be\/fr\/wp-json\/wp\/v2\/posts\/50328","targetHints":{"allow":["GET"]}}],"collection":[{"href":"https:\/\/w-l-c.be\/fr\/wp-json\/wp\/v2\/posts"}],"about":[{"href":"https:\/\/w-l-c.be\/fr\/wp-json\/wp\/v2\/types\/post"}],"author":[{"embeddable":true,"href":"https:\/\/w-l-c.be\/fr\/wp-json\/wp\/v2\/users\/7"}],"replies":[{"embeddable":true,"href":"https:\/\/w-l-c.be\/fr\/wp-json\/wp\/v2\/comments?post=50328"}],"version-history":[{"count":0,"href":"https:\/\/w-l-c.be\/fr\/wp-json\/wp\/v2\/posts\/50328\/revisions"}],"wp:featuredmedia":[{"embeddable":true,"href":"https:\/\/w-l-c.be\/fr\/wp-json\/wp\/v2\/media\/50331"}],"wp:attachment":[{"href":"https:\/\/w-l-c.be\/fr\/wp-json\/wp\/v2\/media?parent=50328"}],"wp:term":[{"taxonomy":"category","embeddable":true,"href":"https:\/\/w-l-c.be\/fr\/wp-json\/wp\/v2\/categories?post=50328"},{"taxonomy":"post_tag","embeddable":true,"href":"https:\/\/w-l-c.be\/fr\/wp-json\/wp\/v2\/tags?post=50328"}],"curies":[{"name":"wp","href":"https:\/\/api.w.org\/{rel}","templated":true}]}}