
{"id":50671,"date":"2014-01-15T20:36:35","date_gmt":"2014-01-15T19:36:35","guid":{"rendered":"http:\/\/www.cinevox.be\/?p=50671"},"modified":"2014-01-15T20:39:03","modified_gmt":"2014-01-15T19:39:03","slug":"casting-encore-un-premier-role-pour-un-long-metrage","status":"publish","type":"post","link":"https:\/\/w-l-c.be\/fr\/casting-encore-un-premier-role-pour-un-long-metrage\/","title":{"rendered":"Casting : encore un premier r\u00f4le pour un long m\u00e9trage"},"content":{"rendered":"<p>Pour le premier long-m\u00e9trage de Philippe Larue, intitul\u00e9 <i>La vie est immense<\/i>, Noodles Productions recherche une petite fille avec un sacr\u00e9 caract\u00e8re pour incarner le r\u00f4le principal :<\/p>\n<p>&#8211; MARION : 8\/10ans, Petite fille tr\u00e8s vivante et \u00e9nergique avec une r\u00e9partie qui cloue m\u00eame le maire du village \u00e0 son fauteuil! Elle n&rsquo;a peur de rien, ni de personne et adore inventer des robots pour am\u00e9liorer la vie des gens&#8230; Elle ne doit pas d\u00e9passer les 1M40.<\/p>\n<p>Merci d&rsquo;envoyer vos candidatures compl\u00e8tes (photos, nom, pr\u00e9nom, date de naissance, taille, petite pr\u00e9sentation de votre enfant, ville et t\u00e9l\u00e9phone) \u00e0 castingdenfants@gmail.com<\/p>\n<p>&nbsp;<\/p>\n<p><em>Cinevox n&rsquo;est que l&rsquo;interm\u00e9diaire entre la production qui organise le casting et le public. Pour toute question compl\u00e9mentaire, contactez l&rsquo;adresse indiqu\u00e9e dans l&rsquo;annonce.<\/em><\/p>\n","protected":false},"excerpt":{"rendered":"<p>Pour le premier long-m\u00e9trage de Philippe Larue, intitul\u00e9 La vie est immense, Noodles Productions recherche une petite fille avec un sacr\u00e9 caract\u00e8re pour incarner le r\u00f4le principal : &#8211; MARION : 8\/10ans, Petite fille tr\u00e8s vivante et \u00e9nergique avec une r\u00e9partie qui cloue m\u00eame le maire du village \u00e0 son fauteuil! Elle n&rsquo;a peur de &hellip;<\/p>\n","protected":false},"author":7,"featured_media":50673,"comment_status":"closed","ping_status":"closed","sticky":false,"template":"","format":"standard","meta":{"ngg_post_thumbnail":0,"footnotes":""},"categories":[20],"tags":[],"class_list":["post-50671","post","type-post","status-publish","format-standard","has-post-thumbnail","","category-cinejobs"],"yoast_head":"<!-- This site is optimized with the Yoast SEO plugin v20.4 - https:\/\/yoast.com\/wordpress\/plugins\/seo\/ -->\n<title>Casting : encore un premier r\u00f4le pour un long m\u00e9trage - w-l-c<\/title>\n<meta name=\"robots\" content=\"noindex, follow, max-snippet:-1, max-image-preview:large, max-video-preview:-1\" \/>\n<meta property=\"og:locale\" content=\"fr_FR\" \/>\n<meta property=\"og:type\" content=\"article\" \/>\n<meta property=\"og:title\" content=\"Casting : encore un premier r\u00f4le pour un long m\u00e9trage - w-l-c\" \/>\n<meta property=\"og:description\" content=\"Pour le premier long-m\u00e9trage de Philippe Larue, intitul\u00e9 La vie est immense, Noodles Productions recherche une petite fille avec un sacr\u00e9 caract\u00e8re pour incarner le r\u00f4le principal : &#8211; MARION : 8\/10ans, Petite fille tr\u00e8s vivante et \u00e9nergique avec une r\u00e9partie qui cloue m\u00eame le maire du village \u00e0 son fauteuil! Elle n&rsquo;a peur de &hellip;\" \/>\n<meta property=\"og:url\" content=\"https:\/\/w-l-c.be\/fr\/casting-encore-un-premier-role-pour-un-long-metrage\/\" \/>\n<meta property=\"og:site_name\" content=\"w-l-c\" \/>\n<meta property=\"article:published_time\" content=\"2014-01-15T19:36:35+00:00\" \/>\n<meta property=\"article:modified_time\" content=\"2014-01-15T19:39:03+00:00\" \/>\n<meta property=\"og:image\" content=\"https:\/\/w-l-c.be\/wp-content\/uploads\/2014\/01\/IMG_0176.jpg\" \/>\n\t<meta property=\"og:image:width\" content=\"3072\" \/>\n\t<meta property=\"og:image:height\" content=\"2304\" \/>\n\t<meta property=\"og:image:type\" content=\"image\/jpeg\" \/>\n<meta name=\"author\" content=\"Philippe.Pierquin\" \/>\n<meta name=\"twitter:card\" content=\"summary_large_image\" \/>\n<meta name=\"twitter:label1\" content=\"\u00c9crit par\" \/>\n\t<meta name=\"twitter:data1\" content=\"Philippe.Pierquin\" \/>\n\t<meta name=\"twitter:label2\" content=\"Dur\u00e9e de lecture estim\u00e9e\" \/>\n\t<meta name=\"twitter:data2\" content=\"1 minute\" \/>\n<script type=\"application\/ld+json\" class=\"yoast-schema-graph\">{\"@context\":\"https:\/\/schema.org\",\"@graph\":[{\"@type\":\"WebPage\",\"@id\":\"https:\/\/w-l-c.be\/fr\/casting-encore-un-premier-role-pour-un-long-metrage\/\",\"url\":\"https:\/\/w-l-c.be\/fr\/casting-encore-un-premier-role-pour-un-long-metrage\/\",\"name\":\"Casting : encore un premier r\u00f4le pour un long m\u00e9trage - w-l-c\",\"isPartOf\":{\"@id\":\"https:\/\/w-l-c.be\/fr\/#website\"},\"datePublished\":\"2014-01-15T19:36:35+00:00\",\"dateModified\":\"2014-01-15T19:39:03+00:00\",\"author\":{\"@id\":\"https:\/\/w-l-c.be\/fr\/#\/schema\/person\/4b9b1d857f0943453a38a7c2859ef756\"},\"breadcrumb\":{\"@id\":\"https:\/\/w-l-c.be\/fr\/casting-encore-un-premier-role-pour-un-long-metrage\/#breadcrumb\"},\"inLanguage\":\"fr-FR\",\"potentialAction\":[{\"@type\":\"ReadAction\",\"target\":[\"https:\/\/w-l-c.be\/fr\/casting-encore-un-premier-role-pour-un-long-metrage\/\"]}]},{\"@type\":\"BreadcrumbList\",\"@id\":\"https:\/\/w-l-c.be\/fr\/casting-encore-un-premier-role-pour-un-long-metrage\/#breadcrumb\",\"itemListElement\":[{\"@type\":\"ListItem\",\"position\":1,\"name\":\"Accueil\",\"item\":\"https:\/\/w-l-c.be\/fr\/\"},{\"@type\":\"ListItem\",\"position\":2,\"name\":\"Casting : encore un premier r\u00f4le pour un long m\u00e9trage\"}]},{\"@type\":\"WebSite\",\"@id\":\"https:\/\/w-l-c.be\/fr\/#website\",\"url\":\"https:\/\/w-l-c.be\/fr\/\",\"name\":\"w-l-c\",\"description\":\"Le cin\u00e9ma vu par les belges\",\"potentialAction\":[{\"@type\":\"SearchAction\",\"target\":{\"@type\":\"EntryPoint\",\"urlTemplate\":\"https:\/\/w-l-c.be\/fr\/?s={search_term_string}\"},\"query-input\":\"required name=search_term_string\"}],\"inLanguage\":\"fr-FR\"},{\"@type\":\"Person\",\"@id\":\"https:\/\/w-l-c.be\/fr\/#\/schema\/person\/4b9b1d857f0943453a38a7c2859ef756\",\"name\":\"Philippe.Pierquin\",\"url\":\"https:\/\/w-l-c.be\/fr\/author\/philippe-pierquin\/\"}]}<\/script>\n<!-- \/ Yoast SEO plugin. -->","yoast_head_json":{"title":"Casting : encore un premier r\u00f4le pour un long m\u00e9trage - w-l-c","robots":{"index":"noindex","follow":"follow","max-snippet":"max-snippet:-1","max-image-preview":"max-image-preview:large","max-video-preview":"max-video-preview:-1"},"og_locale":"fr_FR","og_type":"article","og_title":"Casting : encore un premier r\u00f4le pour un long m\u00e9trage - w-l-c","og_description":"Pour le premier long-m\u00e9trage de Philippe Larue, intitul\u00e9 La vie est immense, Noodles Productions recherche une petite fille avec un sacr\u00e9 caract\u00e8re pour incarner le r\u00f4le principal : &#8211; MARION : 8\/10ans, Petite fille tr\u00e8s vivante et \u00e9nergique avec une r\u00e9partie qui cloue m\u00eame le maire du village \u00e0 son fauteuil! Elle n&rsquo;a peur de &hellip;","og_url":"https:\/\/w-l-c.be\/fr\/casting-encore-un-premier-role-pour-un-long-metrage\/","og_site_name":"w-l-c","article_published_time":"2014-01-15T19:36:35+00:00","article_modified_time":"2014-01-15T19:39:03+00:00","og_image":[{"width":3072,"height":2304,"url":"https:\/\/w-l-c.be\/wp-content\/uploads\/2014\/01\/IMG_0176.jpg","type":"image\/jpeg"}],"author":"Philippe.Pierquin","twitter_card":"summary_large_image","twitter_misc":{"\u00c9crit par":"Philippe.Pierquin","Dur\u00e9e de lecture estim\u00e9e":"1 minute"},"schema":{"@context":"https:\/\/schema.org","@graph":[{"@type":"WebPage","@id":"https:\/\/w-l-c.be\/fr\/casting-encore-un-premier-role-pour-un-long-metrage\/","url":"https:\/\/w-l-c.be\/fr\/casting-encore-un-premier-role-pour-un-long-metrage\/","name":"Casting : encore un premier r\u00f4le pour un long m\u00e9trage - w-l-c","isPartOf":{"@id":"https:\/\/w-l-c.be\/fr\/#website"},"datePublished":"2014-01-15T19:36:35+00:00","dateModified":"2014-01-15T19:39:03+00:00","author":{"@id":"https:\/\/w-l-c.be\/fr\/#\/schema\/person\/4b9b1d857f0943453a38a7c2859ef756"},"breadcrumb":{"@id":"https:\/\/w-l-c.be\/fr\/casting-encore-un-premier-role-pour-un-long-metrage\/#breadcrumb"},"inLanguage":"fr-FR","potentialAction":[{"@type":"ReadAction","target":["https:\/\/w-l-c.be\/fr\/casting-encore-un-premier-role-pour-un-long-metrage\/"]}]},{"@type":"BreadcrumbList","@id":"https:\/\/w-l-c.be\/fr\/casting-encore-un-premier-role-pour-un-long-metrage\/#breadcrumb","itemListElement":[{"@type":"ListItem","position":1,"name":"Accueil","item":"https:\/\/w-l-c.be\/fr\/"},{"@type":"ListItem","position":2,"name":"Casting : encore un premier r\u00f4le pour un long m\u00e9trage"}]},{"@type":"WebSite","@id":"https:\/\/w-l-c.be\/fr\/#website","url":"https:\/\/w-l-c.be\/fr\/","name":"w-l-c","description":"Le cin\u00e9ma vu par les belges","potentialAction":[{"@type":"SearchAction","target":{"@type":"EntryPoint","urlTemplate":"https:\/\/w-l-c.be\/fr\/?s={search_term_string}"},"query-input":"required name=search_term_string"}],"inLanguage":"fr-FR"},{"@type":"Person","@id":"https:\/\/w-l-c.be\/fr\/#\/schema\/person\/4b9b1d857f0943453a38a7c2859ef756","name":"Philippe.Pierquin","url":"https:\/\/w-l-c.be\/fr\/author\/philippe-pierquin\/"}]}},"_links":{"self":[{"href":"https:\/\/w-l-c.be\/fr\/wp-json\/wp\/v2\/posts\/50671","targetHints":{"allow":["GET"]}}],"collection":[{"href":"https:\/\/w-l-c.be\/fr\/wp-json\/wp\/v2\/posts"}],"about":[{"href":"https:\/\/w-l-c.be\/fr\/wp-json\/wp\/v2\/types\/post"}],"author":[{"embeddable":true,"href":"https:\/\/w-l-c.be\/fr\/wp-json\/wp\/v2\/users\/7"}],"replies":[{"embeddable":true,"href":"https:\/\/w-l-c.be\/fr\/wp-json\/wp\/v2\/comments?post=50671"}],"version-history":[{"count":0,"href":"https:\/\/w-l-c.be\/fr\/wp-json\/wp\/v2\/posts\/50671\/revisions"}],"wp:featuredmedia":[{"embeddable":true,"href":"https:\/\/w-l-c.be\/fr\/wp-json\/wp\/v2\/media\/50673"}],"wp:attachment":[{"href":"https:\/\/w-l-c.be\/fr\/wp-json\/wp\/v2\/media?parent=50671"}],"wp:term":[{"taxonomy":"category","embeddable":true,"href":"https:\/\/w-l-c.be\/fr\/wp-json\/wp\/v2\/categories?post=50671"},{"taxonomy":"post_tag","embeddable":true,"href":"https:\/\/w-l-c.be\/fr\/wp-json\/wp\/v2\/tags?post=50671"}],"curies":[{"name":"wp","href":"https:\/\/api.w.org\/{rel}","templated":true}]}}