
{"id":50949,"date":"2014-01-23T14:53:53","date_gmt":"2014-01-23T13:53:53","guid":{"rendered":"http:\/\/www.cinevox.be\/?p=50949"},"modified":"2014-01-23T14:53:53","modified_gmt":"2014-01-23T13:53:53","slug":"pre-generique-belgian-cinema-une-marque-de-fabrique","status":"publish","type":"post","link":"https:\/\/w-l-c.be\/fr\/pre-generique-belgian-cinema-une-marque-de-fabrique\/","title":{"rendered":"Pr\u00e9-g\u00e9n\u00e9rique \u00ab\u00a0Belgian Cinema\u00a0\u00bb : une marque de fabrique !"},"content":{"rendered":"<p>Afin de renforcer encore la visibilit\u00e9 des films belges francophones \u00e0 l\u2019international, dans les festivals et dans nos salles, le Centre du Cin\u00e9ma et de l\u2019Audiovisuel et Wallimage se sont associ\u00e9s pour r\u00e9aliser un pr\u00e9-g\u00e9n\u00e9rique mettant en valeur la cr\u00e9ativit\u00e9 et l\u2019originalit\u00e9 des \u0153uvres initi\u00e9es en F\u00e9d\u00e9ration Wallonie-Bruxelles.<!--more--><\/p>\n<p>&nbsp;<\/p>\n<p>Cette capsule de 11 secondes, r\u00e9alis\u00e9e selon la technique du \u00ab light writing \u00bb, offre ainsi une nouvelle identit\u00e9 visuelle \u00e0 nos productions et \u00e0 notre industrie cin\u00e9matographique dont l\u2019inventivit\u00e9 et le savoir-faire se confirment de jour en jour au fil des sorties en salles et des programmations dans les festivals, en Belgique comme \u00e0 l\u2019\u00e9tranger.<\/p>\n<p>&nbsp;<\/p>\n<p>Depuis le 1er janvier 2014, l\u2019insertion de ce pr\u00e9-g\u00e9n\u00e9rique est obligatoire pour tous les films d\u2019initiative belge francophone qui b\u00e9n\u00e9ficieront d\u2019une aide \u00e0 la production du CCA et de Wallimage, pour l\u2019exploitation en salles et sur support DVD ou VOD en Belgique et pour l\u2019exploitation en festivals, tant en Belgique qu\u2019\u00e0 l\u2019\u00e9tranger. L\u2019insertion de cette capsule en ouverture des films d\u00e9j\u00e0 soutenus pr\u00e9c\u00e9demment est \u00e9videmment la bienvenue \u00e9galement \u2026<\/p>\n<p>&nbsp;<\/p>\n<p>Ces capsules \u00ab pr\u00e9-g\u00e9n\u00e9riques \u00bb sont disponibles pour les producteurs sous plusieurs formats en t\u00e9l\u00e9chargement sur le site internet du Centre du Cin\u00e9ma (rubrique \u00ab A t\u00e9l\u00e9charger \u00bb).<\/p>\n<p>Lien direct <a href=\"http:\/\/www.audiovisuel.cfwb.be\/index.php?id=avm_telecharger\">ici<\/a><\/p>\n","protected":false},"excerpt":{"rendered":"<p>Afin de renforcer encore la visibilit\u00e9 des films belges francophones \u00e0 l\u2019international, dans les festivals et dans nos salles, le Centre du Cin\u00e9ma et de l\u2019Audiovisuel et Wallimage se sont associ\u00e9s pour r\u00e9aliser un pr\u00e9-g\u00e9n\u00e9rique mettant en valeur la cr\u00e9ativit\u00e9 et l\u2019originalit\u00e9 des \u0153uvres initi\u00e9es en F\u00e9d\u00e9ration Wallonie-Bruxelles.<\/p>\n","protected":false},"author":7,"featured_media":50950,"comment_status":"closed","ping_status":"closed","sticky":false,"template":"","format":"standard","meta":{"ngg_post_thumbnail":0,"footnotes":""},"categories":[1923],"tags":[],"class_list":["post-50949","post","type-post","status-publish","format-standard","has-post-thumbnail","","category-en-bref"],"yoast_head":"<!-- This site is optimized with the Yoast SEO plugin v20.4 - https:\/\/yoast.com\/wordpress\/plugins\/seo\/ -->\n<title>Pr\u00e9-g\u00e9n\u00e9rique &quot;Belgian Cinema&quot; : une marque de fabrique ! - w-l-c<\/title>\n<meta name=\"robots\" content=\"noindex, follow, max-snippet:-1, max-image-preview:large, max-video-preview:-1\" \/>\n<meta property=\"og:locale\" content=\"fr_FR\" \/>\n<meta property=\"og:type\" content=\"article\" \/>\n<meta property=\"og:title\" content=\"Pr\u00e9-g\u00e9n\u00e9rique &quot;Belgian Cinema&quot; : une marque de fabrique ! - w-l-c\" \/>\n<meta property=\"og:description\" content=\"Afin de renforcer encore la visibilit\u00e9 des films belges francophones \u00e0 l\u2019international, dans les festivals et dans nos salles, le Centre du Cin\u00e9ma et de l\u2019Audiovisuel et Wallimage se sont associ\u00e9s pour r\u00e9aliser un pr\u00e9-g\u00e9n\u00e9rique mettant en valeur la cr\u00e9ativit\u00e9 et l\u2019originalit\u00e9 des \u0153uvres initi\u00e9es en F\u00e9d\u00e9ration Wallonie-Bruxelles.\" \/>\n<meta property=\"og:url\" content=\"https:\/\/w-l-c.be\/fr\/pre-generique-belgian-cinema-une-marque-de-fabrique\/\" \/>\n<meta property=\"og:site_name\" content=\"w-l-c\" \/>\n<meta property=\"article:published_time\" content=\"2014-01-23T13:53:53+00:00\" \/>\n<meta property=\"og:image\" content=\"https:\/\/w-l-c.be\/wp-content\/uploads\/2014\/01\/2014-01-23_14h52_40.jpg\" \/>\n\t<meta property=\"og:image:width\" content=\"705\" \/>\n\t<meta property=\"og:image:height\" content=\"292\" \/>\n\t<meta property=\"og:image:type\" content=\"image\/jpeg\" \/>\n<meta name=\"author\" content=\"Philippe.Pierquin\" \/>\n<meta name=\"twitter:card\" content=\"summary_large_image\" \/>\n<meta name=\"twitter:label1\" content=\"\u00c9crit par\" \/>\n\t<meta name=\"twitter:data1\" content=\"Philippe.Pierquin\" \/>\n\t<meta name=\"twitter:label2\" content=\"Dur\u00e9e de lecture estim\u00e9e\" \/>\n\t<meta name=\"twitter:data2\" content=\"1 minute\" \/>\n<script type=\"application\/ld+json\" class=\"yoast-schema-graph\">{\"@context\":\"https:\/\/schema.org\",\"@graph\":[{\"@type\":\"WebPage\",\"@id\":\"https:\/\/w-l-c.be\/fr\/pre-generique-belgian-cinema-une-marque-de-fabrique\/\",\"url\":\"https:\/\/w-l-c.be\/fr\/pre-generique-belgian-cinema-une-marque-de-fabrique\/\",\"name\":\"Pr\u00e9-g\u00e9n\u00e9rique \\\"Belgian Cinema\\\" : une marque de fabrique ! - w-l-c\",\"isPartOf\":{\"@id\":\"https:\/\/w-l-c.be\/fr\/#website\"},\"datePublished\":\"2014-01-23T13:53:53+00:00\",\"dateModified\":\"2014-01-23T13:53:53+00:00\",\"author\":{\"@id\":\"https:\/\/w-l-c.be\/fr\/#\/schema\/person\/4b9b1d857f0943453a38a7c2859ef756\"},\"breadcrumb\":{\"@id\":\"https:\/\/w-l-c.be\/fr\/pre-generique-belgian-cinema-une-marque-de-fabrique\/#breadcrumb\"},\"inLanguage\":\"fr-FR\",\"potentialAction\":[{\"@type\":\"ReadAction\",\"target\":[\"https:\/\/w-l-c.be\/fr\/pre-generique-belgian-cinema-une-marque-de-fabrique\/\"]}]},{\"@type\":\"BreadcrumbList\",\"@id\":\"https:\/\/w-l-c.be\/fr\/pre-generique-belgian-cinema-une-marque-de-fabrique\/#breadcrumb\",\"itemListElement\":[{\"@type\":\"ListItem\",\"position\":1,\"name\":\"Accueil\",\"item\":\"https:\/\/w-l-c.be\/fr\/\"},{\"@type\":\"ListItem\",\"position\":2,\"name\":\"Pr\u00e9-g\u00e9n\u00e9rique \u00ab\u00a0Belgian Cinema\u00a0\u00bb : une marque de fabrique !\"}]},{\"@type\":\"WebSite\",\"@id\":\"https:\/\/w-l-c.be\/fr\/#website\",\"url\":\"https:\/\/w-l-c.be\/fr\/\",\"name\":\"w-l-c\",\"description\":\"Le cin\u00e9ma vu par les belges\",\"potentialAction\":[{\"@type\":\"SearchAction\",\"target\":{\"@type\":\"EntryPoint\",\"urlTemplate\":\"https:\/\/w-l-c.be\/fr\/?s={search_term_string}\"},\"query-input\":\"required name=search_term_string\"}],\"inLanguage\":\"fr-FR\"},{\"@type\":\"Person\",\"@id\":\"https:\/\/w-l-c.be\/fr\/#\/schema\/person\/4b9b1d857f0943453a38a7c2859ef756\",\"name\":\"Philippe.Pierquin\",\"url\":\"https:\/\/w-l-c.be\/fr\/author\/philippe-pierquin\/\"}]}<\/script>\n<!-- \/ Yoast SEO plugin. -->","yoast_head_json":{"title":"Pr\u00e9-g\u00e9n\u00e9rique \"Belgian Cinema\" : une marque de fabrique ! - w-l-c","robots":{"index":"noindex","follow":"follow","max-snippet":"max-snippet:-1","max-image-preview":"max-image-preview:large","max-video-preview":"max-video-preview:-1"},"og_locale":"fr_FR","og_type":"article","og_title":"Pr\u00e9-g\u00e9n\u00e9rique \"Belgian Cinema\" : une marque de fabrique ! - w-l-c","og_description":"Afin de renforcer encore la visibilit\u00e9 des films belges francophones \u00e0 l\u2019international, dans les festivals et dans nos salles, le Centre du Cin\u00e9ma et de l\u2019Audiovisuel et Wallimage se sont associ\u00e9s pour r\u00e9aliser un pr\u00e9-g\u00e9n\u00e9rique mettant en valeur la cr\u00e9ativit\u00e9 et l\u2019originalit\u00e9 des \u0153uvres initi\u00e9es en F\u00e9d\u00e9ration Wallonie-Bruxelles.","og_url":"https:\/\/w-l-c.be\/fr\/pre-generique-belgian-cinema-une-marque-de-fabrique\/","og_site_name":"w-l-c","article_published_time":"2014-01-23T13:53:53+00:00","og_image":[{"width":705,"height":292,"url":"https:\/\/w-l-c.be\/wp-content\/uploads\/2014\/01\/2014-01-23_14h52_40.jpg","type":"image\/jpeg"}],"author":"Philippe.Pierquin","twitter_card":"summary_large_image","twitter_misc":{"\u00c9crit par":"Philippe.Pierquin","Dur\u00e9e de lecture estim\u00e9e":"1 minute"},"schema":{"@context":"https:\/\/schema.org","@graph":[{"@type":"WebPage","@id":"https:\/\/w-l-c.be\/fr\/pre-generique-belgian-cinema-une-marque-de-fabrique\/","url":"https:\/\/w-l-c.be\/fr\/pre-generique-belgian-cinema-une-marque-de-fabrique\/","name":"Pr\u00e9-g\u00e9n\u00e9rique \"Belgian Cinema\" : une marque de fabrique ! - w-l-c","isPartOf":{"@id":"https:\/\/w-l-c.be\/fr\/#website"},"datePublished":"2014-01-23T13:53:53+00:00","dateModified":"2014-01-23T13:53:53+00:00","author":{"@id":"https:\/\/w-l-c.be\/fr\/#\/schema\/person\/4b9b1d857f0943453a38a7c2859ef756"},"breadcrumb":{"@id":"https:\/\/w-l-c.be\/fr\/pre-generique-belgian-cinema-une-marque-de-fabrique\/#breadcrumb"},"inLanguage":"fr-FR","potentialAction":[{"@type":"ReadAction","target":["https:\/\/w-l-c.be\/fr\/pre-generique-belgian-cinema-une-marque-de-fabrique\/"]}]},{"@type":"BreadcrumbList","@id":"https:\/\/w-l-c.be\/fr\/pre-generique-belgian-cinema-une-marque-de-fabrique\/#breadcrumb","itemListElement":[{"@type":"ListItem","position":1,"name":"Accueil","item":"https:\/\/w-l-c.be\/fr\/"},{"@type":"ListItem","position":2,"name":"Pr\u00e9-g\u00e9n\u00e9rique \u00ab\u00a0Belgian Cinema\u00a0\u00bb : une marque de fabrique !"}]},{"@type":"WebSite","@id":"https:\/\/w-l-c.be\/fr\/#website","url":"https:\/\/w-l-c.be\/fr\/","name":"w-l-c","description":"Le cin\u00e9ma vu par les belges","potentialAction":[{"@type":"SearchAction","target":{"@type":"EntryPoint","urlTemplate":"https:\/\/w-l-c.be\/fr\/?s={search_term_string}"},"query-input":"required name=search_term_string"}],"inLanguage":"fr-FR"},{"@type":"Person","@id":"https:\/\/w-l-c.be\/fr\/#\/schema\/person\/4b9b1d857f0943453a38a7c2859ef756","name":"Philippe.Pierquin","url":"https:\/\/w-l-c.be\/fr\/author\/philippe-pierquin\/"}]}},"_links":{"self":[{"href":"https:\/\/w-l-c.be\/fr\/wp-json\/wp\/v2\/posts\/50949","targetHints":{"allow":["GET"]}}],"collection":[{"href":"https:\/\/w-l-c.be\/fr\/wp-json\/wp\/v2\/posts"}],"about":[{"href":"https:\/\/w-l-c.be\/fr\/wp-json\/wp\/v2\/types\/post"}],"author":[{"embeddable":true,"href":"https:\/\/w-l-c.be\/fr\/wp-json\/wp\/v2\/users\/7"}],"replies":[{"embeddable":true,"href":"https:\/\/w-l-c.be\/fr\/wp-json\/wp\/v2\/comments?post=50949"}],"version-history":[{"count":0,"href":"https:\/\/w-l-c.be\/fr\/wp-json\/wp\/v2\/posts\/50949\/revisions"}],"wp:featuredmedia":[{"embeddable":true,"href":"https:\/\/w-l-c.be\/fr\/wp-json\/wp\/v2\/media\/50950"}],"wp:attachment":[{"href":"https:\/\/w-l-c.be\/fr\/wp-json\/wp\/v2\/media?parent=50949"}],"wp:term":[{"taxonomy":"category","embeddable":true,"href":"https:\/\/w-l-c.be\/fr\/wp-json\/wp\/v2\/categories?post=50949"},{"taxonomy":"post_tag","embeddable":true,"href":"https:\/\/w-l-c.be\/fr\/wp-json\/wp\/v2\/tags?post=50949"}],"curies":[{"name":"wp","href":"https:\/\/api.w.org\/{rel}","templated":true}]}}