
{"id":50975,"date":"2014-01-24T07:50:53","date_gmt":"2014-01-24T06:50:53","guid":{"rendered":"http:\/\/www.cinevox.be\/?p=50975"},"modified":"2014-01-24T07:50:59","modified_gmt":"2014-01-24T06:50:59","slug":"20132014-camille-meynard","status":"publish","type":"post","link":"https:\/\/w-l-c.be\/fr\/20132014-camille-meynard\/","title":{"rendered":"2013\/2014 : Camille Meynard"},"content":{"rendered":"<p>Que retenir de 2013?<\/p>\n<p>L\u2019ann\u00e9e des formations.<\/p>\n<p>Formation \u00e0 la politique de groupe : avec qui faire un film? En combien de temps? Avec quel argent, et combien?\u00a0 Rassembler des gens et des moyens autour d\u2019un projet; d\u2019une certaine mani\u00e8re je pense que la mise en sc\u00e8ne commence l\u00e0.<\/p>\n<p>&nbsp;<\/p>\n<p style=\"text-align: right;\"><em>[Photo d&rsquo;ouverture par\u00a0Denis Erroyaux au Be Film Festival]<\/em><!--more--><\/p>\n<p>&nbsp;<\/p>\n<p>La raison la plus importante pour faire un film est s\u00fbrement ce qu\u2019on a \u00e0 dire du monde, mais si j\u2019ai bien compris quelque chose avec mon 1er long m\u00e9trage <i>Tokyo Anyway<\/i> c\u2019est qu\u2019ensuite tout se joue dans le \u00ab\u00a0avec qui\u00a0\u00bb et le \u00ab\u00a0comment\u00a0\u00bb.<\/p>\n<p>Formation au rythme. Beaucoup de temps a \u00e9t\u00e9 consacr\u00e9 \u00e0 la post production de <i>Tokyo Anyway<\/i>.\u00a0 Le film s\u2019est m\u00e9tamorphos\u00e9 au gr\u00e9 des versions ; une ann\u00e9e pour trouver la bonne respiration, le bon souffle, arriver \u00e0 oublier ce qu\u2019on a tourn\u00e9 et essayer de voir ce qu\u2019on a devant soi.<\/p>\n<p>&nbsp;<\/p>\n<p><a href=\"http:\/\/www.cinevox.be\/20132014-camille-meynard\/tokyo_anyway\/\" rel=\"attachment wp-att-50976\"><img loading=\"lazy\" decoding=\"async\" class=\"aligncenter size-full wp-image-50976\" alt=\"\" src=\"http:\/\/www.cinevox.be\/wp-content\/uploads\/2014\/01\/Tokyo_Anyway.jpg\" width=\"714\" height=\"282\" srcset=\"https:\/\/w-l-c.be\/wp-content\/uploads\/2014\/01\/Tokyo_Anyway.jpg 714w, https:\/\/w-l-c.be\/wp-content\/uploads\/2014\/01\/Tokyo_Anyway-480x189.jpg 480w\" sizes=\"auto, (max-width: 714px) 100vw, 714px\" \/><\/a><\/p>\n<p>&nbsp;<\/p>\n<p>Formation \u00e0 la promotion aussi, o\u00f9 je d\u00e9couvre au FIFF que des films produits, subventionn\u00e9s, avec cha\u00eenes de t\u00e9l\u00e9s \u00e0 la cl\u00e9 ne sortent pas forc\u00e9ment en salle ; mon petit regard utopiste change de couleur en voyant des producteurs chevronn\u00e9s en train de batailler pour se faire entendre, pour sortir du lot. Tout comme moi, mais je viens juste d\u2019arriver&#8230;<\/p>\n<p>Pour 2014 l\u2019apprentissage continue.<\/p>\n<p>R\u00e9ussir \u00e0 faire vivre un film en salle et l\u2019accompagner, chercher le bon rythme dans l\u2019\u00e9criture d\u2019un prochain projet, et r\u00e9ussir \u00e0 vivre de son m\u00e9tier! \u00c7a, je ne pense pas \u00eatre le premier \u00e0 le dire sur Cinevox, surtout en ce moment&#8230;<\/p>\n<p>Malgr\u00e9 les mesures inqui\u00e9tantes annonc\u00e9es par le gouvernement et l\u2019Europe je veux continuer \u00e0 faire du cin\u00e9ma en Belgique car nous avons beaucoup de gens de talents et \u00e0 l\u2019\u00e9coute ici, c\u2019est pr\u00e9cieux! Je ne me lasse pas de cette ouverture belge si clich\u00e9e, mais si vraie&#8230;<\/p>\n<p>Aussi je tiens \u00e0 remercier tous les \u00c9NERGUM\u00c8NES qui m\u2019ont accompagn\u00e9 sur Tokyo Anyway ; let&rsquo;s continue motherfuckers!!<\/p>\n","protected":false},"excerpt":{"rendered":"<p>Que retenir de 2013? L\u2019ann\u00e9e des formations. Formation \u00e0 la politique de groupe : avec qui faire un film? En combien de temps? Avec quel argent, et combien?\u00a0 Rassembler des gens et des moyens autour d\u2019un projet; d\u2019une certaine mani\u00e8re je pense que la mise en sc\u00e8ne commence l\u00e0. &nbsp; [Photo d&rsquo;ouverture par\u00a0Denis Erroyaux au &hellip;<\/p>\n","protected":false},"author":7,"featured_media":50978,"comment_status":"closed","ping_status":"closed","sticky":false,"template":"","format":"standard","meta":{"ngg_post_thumbnail":0,"footnotes":""},"categories":[1923],"tags":[],"class_list":["post-50975","post","type-post","status-publish","format-standard","has-post-thumbnail","","category-en-bref"],"yoast_head":"<!-- This site is optimized with the Yoast SEO plugin v20.4 - https:\/\/yoast.com\/wordpress\/plugins\/seo\/ -->\n<title>2013\/2014 : Camille Meynard - w-l-c<\/title>\n<meta name=\"robots\" content=\"noindex, follow, max-snippet:-1, max-image-preview:large, max-video-preview:-1\" \/>\n<meta property=\"og:locale\" content=\"fr_FR\" \/>\n<meta property=\"og:type\" content=\"article\" \/>\n<meta property=\"og:title\" content=\"2013\/2014 : Camille Meynard - w-l-c\" \/>\n<meta property=\"og:description\" content=\"Que retenir de 2013? L\u2019ann\u00e9e des formations. Formation \u00e0 la politique de groupe : avec qui faire un film? En combien de temps? Avec quel argent, et combien?\u00a0 Rassembler des gens et des moyens autour d\u2019un projet; d\u2019une certaine mani\u00e8re je pense que la mise en sc\u00e8ne commence l\u00e0. &nbsp; [Photo d&rsquo;ouverture par\u00a0Denis Erroyaux au &hellip;\" \/>\n<meta property=\"og:url\" content=\"https:\/\/w-l-c.be\/fr\/20132014-camille-meynard\/\" \/>\n<meta property=\"og:site_name\" content=\"w-l-c\" \/>\n<meta property=\"article:published_time\" content=\"2014-01-24T06:50:53+00:00\" \/>\n<meta property=\"article:modified_time\" content=\"2014-01-24T06:50:59+00:00\" \/>\n<meta property=\"og:image\" content=\"https:\/\/w-l-c.be\/wp-content\/uploads\/2014\/01\/1538775_1397131767201853_679321488_n.jpg\" \/>\n\t<meta property=\"og:image:width\" content=\"960\" \/>\n\t<meta property=\"og:image:height\" content=\"640\" \/>\n\t<meta property=\"og:image:type\" content=\"image\/jpeg\" \/>\n<meta name=\"author\" content=\"Philippe.Pierquin\" \/>\n<meta name=\"twitter:card\" content=\"summary_large_image\" \/>\n<meta name=\"twitter:label1\" content=\"\u00c9crit par\" \/>\n\t<meta name=\"twitter:data1\" content=\"Philippe.Pierquin\" \/>\n\t<meta name=\"twitter:label2\" content=\"Dur\u00e9e de lecture estim\u00e9e\" \/>\n\t<meta name=\"twitter:data2\" content=\"2 minutes\" \/>\n<script type=\"application\/ld+json\" class=\"yoast-schema-graph\">{\"@context\":\"https:\/\/schema.org\",\"@graph\":[{\"@type\":\"WebPage\",\"@id\":\"https:\/\/w-l-c.be\/fr\/20132014-camille-meynard\/\",\"url\":\"https:\/\/w-l-c.be\/fr\/20132014-camille-meynard\/\",\"name\":\"2013\/2014 : Camille Meynard - w-l-c\",\"isPartOf\":{\"@id\":\"https:\/\/w-l-c.be\/fr\/#website\"},\"datePublished\":\"2014-01-24T06:50:53+00:00\",\"dateModified\":\"2014-01-24T06:50:59+00:00\",\"author\":{\"@id\":\"https:\/\/w-l-c.be\/fr\/#\/schema\/person\/4b9b1d857f0943453a38a7c2859ef756\"},\"breadcrumb\":{\"@id\":\"https:\/\/w-l-c.be\/fr\/20132014-camille-meynard\/#breadcrumb\"},\"inLanguage\":\"fr-FR\",\"potentialAction\":[{\"@type\":\"ReadAction\",\"target\":[\"https:\/\/w-l-c.be\/fr\/20132014-camille-meynard\/\"]}]},{\"@type\":\"BreadcrumbList\",\"@id\":\"https:\/\/w-l-c.be\/fr\/20132014-camille-meynard\/#breadcrumb\",\"itemListElement\":[{\"@type\":\"ListItem\",\"position\":1,\"name\":\"Accueil\",\"item\":\"https:\/\/w-l-c.be\/fr\/\"},{\"@type\":\"ListItem\",\"position\":2,\"name\":\"2013\/2014 : Camille Meynard\"}]},{\"@type\":\"WebSite\",\"@id\":\"https:\/\/w-l-c.be\/fr\/#website\",\"url\":\"https:\/\/w-l-c.be\/fr\/\",\"name\":\"w-l-c\",\"description\":\"Le cin\u00e9ma vu par les belges\",\"potentialAction\":[{\"@type\":\"SearchAction\",\"target\":{\"@type\":\"EntryPoint\",\"urlTemplate\":\"https:\/\/w-l-c.be\/fr\/?s={search_term_string}\"},\"query-input\":\"required name=search_term_string\"}],\"inLanguage\":\"fr-FR\"},{\"@type\":\"Person\",\"@id\":\"https:\/\/w-l-c.be\/fr\/#\/schema\/person\/4b9b1d857f0943453a38a7c2859ef756\",\"name\":\"Philippe.Pierquin\",\"url\":\"https:\/\/w-l-c.be\/fr\/author\/philippe-pierquin\/\"}]}<\/script>\n<!-- \/ Yoast SEO plugin. -->","yoast_head_json":{"title":"2013\/2014 : Camille Meynard - w-l-c","robots":{"index":"noindex","follow":"follow","max-snippet":"max-snippet:-1","max-image-preview":"max-image-preview:large","max-video-preview":"max-video-preview:-1"},"og_locale":"fr_FR","og_type":"article","og_title":"2013\/2014 : Camille Meynard - w-l-c","og_description":"Que retenir de 2013? L\u2019ann\u00e9e des formations. Formation \u00e0 la politique de groupe : avec qui faire un film? En combien de temps? Avec quel argent, et combien?\u00a0 Rassembler des gens et des moyens autour d\u2019un projet; d\u2019une certaine mani\u00e8re je pense que la mise en sc\u00e8ne commence l\u00e0. &nbsp; [Photo d&rsquo;ouverture par\u00a0Denis Erroyaux au &hellip;","og_url":"https:\/\/w-l-c.be\/fr\/20132014-camille-meynard\/","og_site_name":"w-l-c","article_published_time":"2014-01-24T06:50:53+00:00","article_modified_time":"2014-01-24T06:50:59+00:00","og_image":[{"width":960,"height":640,"url":"https:\/\/w-l-c.be\/wp-content\/uploads\/2014\/01\/1538775_1397131767201853_679321488_n.jpg","type":"image\/jpeg"}],"author":"Philippe.Pierquin","twitter_card":"summary_large_image","twitter_misc":{"\u00c9crit par":"Philippe.Pierquin","Dur\u00e9e de lecture estim\u00e9e":"2 minutes"},"schema":{"@context":"https:\/\/schema.org","@graph":[{"@type":"WebPage","@id":"https:\/\/w-l-c.be\/fr\/20132014-camille-meynard\/","url":"https:\/\/w-l-c.be\/fr\/20132014-camille-meynard\/","name":"2013\/2014 : Camille Meynard - w-l-c","isPartOf":{"@id":"https:\/\/w-l-c.be\/fr\/#website"},"datePublished":"2014-01-24T06:50:53+00:00","dateModified":"2014-01-24T06:50:59+00:00","author":{"@id":"https:\/\/w-l-c.be\/fr\/#\/schema\/person\/4b9b1d857f0943453a38a7c2859ef756"},"breadcrumb":{"@id":"https:\/\/w-l-c.be\/fr\/20132014-camille-meynard\/#breadcrumb"},"inLanguage":"fr-FR","potentialAction":[{"@type":"ReadAction","target":["https:\/\/w-l-c.be\/fr\/20132014-camille-meynard\/"]}]},{"@type":"BreadcrumbList","@id":"https:\/\/w-l-c.be\/fr\/20132014-camille-meynard\/#breadcrumb","itemListElement":[{"@type":"ListItem","position":1,"name":"Accueil","item":"https:\/\/w-l-c.be\/fr\/"},{"@type":"ListItem","position":2,"name":"2013\/2014 : Camille Meynard"}]},{"@type":"WebSite","@id":"https:\/\/w-l-c.be\/fr\/#website","url":"https:\/\/w-l-c.be\/fr\/","name":"w-l-c","description":"Le cin\u00e9ma vu par les belges","potentialAction":[{"@type":"SearchAction","target":{"@type":"EntryPoint","urlTemplate":"https:\/\/w-l-c.be\/fr\/?s={search_term_string}"},"query-input":"required name=search_term_string"}],"inLanguage":"fr-FR"},{"@type":"Person","@id":"https:\/\/w-l-c.be\/fr\/#\/schema\/person\/4b9b1d857f0943453a38a7c2859ef756","name":"Philippe.Pierquin","url":"https:\/\/w-l-c.be\/fr\/author\/philippe-pierquin\/"}]}},"_links":{"self":[{"href":"https:\/\/w-l-c.be\/fr\/wp-json\/wp\/v2\/posts\/50975","targetHints":{"allow":["GET"]}}],"collection":[{"href":"https:\/\/w-l-c.be\/fr\/wp-json\/wp\/v2\/posts"}],"about":[{"href":"https:\/\/w-l-c.be\/fr\/wp-json\/wp\/v2\/types\/post"}],"author":[{"embeddable":true,"href":"https:\/\/w-l-c.be\/fr\/wp-json\/wp\/v2\/users\/7"}],"replies":[{"embeddable":true,"href":"https:\/\/w-l-c.be\/fr\/wp-json\/wp\/v2\/comments?post=50975"}],"version-history":[{"count":0,"href":"https:\/\/w-l-c.be\/fr\/wp-json\/wp\/v2\/posts\/50975\/revisions"}],"wp:featuredmedia":[{"embeddable":true,"href":"https:\/\/w-l-c.be\/fr\/wp-json\/wp\/v2\/media\/50978"}],"wp:attachment":[{"href":"https:\/\/w-l-c.be\/fr\/wp-json\/wp\/v2\/media?parent=50975"}],"wp:term":[{"taxonomy":"category","embeddable":true,"href":"https:\/\/w-l-c.be\/fr\/wp-json\/wp\/v2\/categories?post=50975"},{"taxonomy":"post_tag","embeddable":true,"href":"https:\/\/w-l-c.be\/fr\/wp-json\/wp\/v2\/tags?post=50975"}],"curies":[{"name":"wp","href":"https:\/\/api.w.org\/{rel}","templated":true}]}}