
{"id":50981,"date":"2014-01-24T08:19:38","date_gmt":"2014-01-24T07:19:38","guid":{"rendered":"http:\/\/www.cinevox.be\/?p=50981"},"modified":"2014-01-30T10:28:51","modified_gmt":"2014-01-30T09:28:51","slug":"20132014-stephane-bissot","status":"publish","type":"post","link":"https:\/\/w-l-c.be\/fr\/20132014-stephane-bissot\/","title":{"rendered":"2013\/2014 : St\u00e9phane Bissot"},"content":{"rendered":"<p>Pour en finir d\u00e9finitivement avec 2013, le traditionnel \u00ab\u00a0Bonne ann\u00e9e quand m\u00eame\u00a0\u00bb de Hugues Hausman dans le poste\u2026 En 2013, peu pr\u00e9sente sur les \u00e9crans, je l\u2019\u00e9tais sur des plateaux\u2026<\/p>\n<p><!--more--><\/p>\n<p>L\u2019ann\u00e9e s\u2019ach\u00e8ve avec le tournage rock n\u2019roll de \u00ab\u00a0Sauvez Wendy\u00a0\u00bb de Patrick Glotz dans laquelle j\u2019incarne Jojo, la tendre moiti\u00e9 de Jean-Luc Couchard. Un premier film d\u00e9lirant, une com\u00e9die zwanzante qui m\u2019a donn\u00e9 envie, comme depuis un bail d\u00e9j\u00e0, si j\u2019\u00e9tais r\u00e9alisatrice, de filmer Bruxelles et la Belgique en g\u00e9n\u00e9ral, tant les ciels, couleurs et points de vue peuvent \u00eatre \u00e9mouvants.<\/p>\n<p>&nbsp;<\/p>\n<p>Il y a eu Julie Lopez Curval, et son casting qui a dur\u00e9 5 mois. Une r\u00e9alisatrice rare et profonde, avec laquelle j\u2019ai tourn\u00e9 en Normandie \u00ab\u00a0Le beau Monde\u00a0\u00bb avec Ana Girardot, Bastien Bouillon, Sergi Lopez ; \u00ab\u00a0All\u00e9luia\u00a0\u00bb avec le fougueux et passionnant Fabrice Du Welz : moments inoubliables dans cette bo\u00eete perdue au fin fond de la Gaume. De belles rencontres, des projets en suspens, des castings rat\u00e9s, un abonnement Thalys.<\/p>\n<p>&nbsp;<\/p>\n<p>Si bon nombre de Fran\u00e7ais trouvent la Belgique accueillante, j\u2019ai, pour ma part, de plus en plus de plaisir \u00e0 me perdre dans la Ville lumi\u00e8re. Mon app\u00e9tit pour New-York aussi ne cesse de cro\u00eetre. L\u2019inspiration est partout, le monde si riche.<\/p>\n<p>&nbsp;<\/p>\n<p><a href=\"http:\/\/www.cinevox.be\/20132014-stephane-bissot\/859611_4841229502448_658712200_o\/\" rel=\"attachment wp-att-50982\"><img loading=\"lazy\" decoding=\"async\" class=\"aligncenter size-large wp-image-50982\" alt=\"\" src=\"http:\/\/www.cinevox.be\/wp-content\/uploads\/2014\/01\/859611_4841229502448_658712200_o-800x589.jpg\" width=\"640\" height=\"471\" srcset=\"https:\/\/w-l-c.be\/wp-content\/uploads\/2014\/01\/859611_4841229502448_658712200_o-800x589.jpg 800w, https:\/\/w-l-c.be\/wp-content\/uploads\/2014\/01\/859611_4841229502448_658712200_o-366x270.jpg 366w, https:\/\/w-l-c.be\/wp-content\/uploads\/2014\/01\/859611_4841229502448_658712200_o.jpg 2048w\" sizes=\"auto, (max-width: 640px) 100vw, 640px\" \/><\/a><\/p>\n<p style=\"text-align: right;\"><em>\u00a0[Aux Machins avec Isabelle de Hertogh &#8211; Photo Maryline Laurin]<\/em><\/p>\n<p>&nbsp;<\/p>\n<p>Mon ann\u00e9e africaine me revient souvent en m\u00e9moire. Je me sens tellement \u00ab\u00a0humaine\u00a0\u00bb d\u00e8s que je bouge : la n\u00e9cessit\u00e9 de mouvement chevill\u00e9e au corps. Ma grand-m\u00e8re m\u2019a quitt\u00e9e cette ann\u00e9e, elle ne communiquait \u00e0 peu pr\u00e8s qu\u2019en chantant. Avant elle, au d\u00e9c\u00e8s de maman, j\u2019ai repris une formation musicale en chant jazz de 6 mois, parce qu\u2019elle me biberonnait \u00e0 Miles; j\u2019ai os\u00e9 sortir mes chansons. Quelques concerts en 2013 et la pr\u00e9paration, enfin, d\u2019un album pour 2014, intime et dr\u00f4le, inspir\u00e9 entre autres par elles\u2026 Avec mamy, on faisait les cons en chantant, une semaine avant son d\u00e9part\u2026 (voir <a href=\"http:\/\/www.facebook.com\/l.php?u=http%3A%2F%2Fwww.youtube.com%2Fwatch%3Fv%3DNvGgpeeO9QM&amp;h=MAQFRz7a1\" target=\"_blank\">ICI <\/a>et <a href=\"http:\/\/www.youtube.com\/watch?v=8b9l7aaip8c\" target=\"_blank\">ICI<\/a>)<\/p>\n<p>&nbsp;<\/p>\n<p><a href=\"http:\/\/www.cinevox.be\/20132014-stephane-bissot\/321937_10150379206324824_1854342844_o\/\" rel=\"attachment wp-att-50983\"><img loading=\"lazy\" decoding=\"async\" class=\"aligncenter size-large wp-image-50983\" alt=\"\" src=\"http:\/\/www.cinevox.be\/wp-content\/uploads\/2014\/01\/321937_10150379206324824_1854342844_o-800x531.jpg\" width=\"640\" height=\"424\" srcset=\"https:\/\/w-l-c.be\/wp-content\/uploads\/2014\/01\/321937_10150379206324824_1854342844_o-800x531.jpg 800w, https:\/\/w-l-c.be\/wp-content\/uploads\/2014\/01\/321937_10150379206324824_1854342844_o-406x270.jpg 406w, https:\/\/w-l-c.be\/wp-content\/uploads\/2014\/01\/321937_10150379206324824_1854342844_o.jpg 2048w\" sizes=\"auto, (max-width: 640px) 100vw, 640px\" \/><\/a><\/p>\n<p style=\"text-align: right;\"><em>\u00a0[Photo de\u00a0Michel Leroy]<\/em><\/p>\n<p>2014 commencera \u00e0 l\u2019ordi, \u00e9crire.<\/p>\n<p>Le 22 janvier sort \u00ab\u00a0Pr\u00eat \u00e0 Tout\u00a0\u00bb une com\u00e9die romantique de Nicolas Cuche avec Max Boublil et A\u00efssa Ma\u00efga, jubilatoire, \u00e0 mon avis. J\u2019ai ador\u00e9 la tourner. Vous m\u2019en direz des nouvelles !<\/p>\n<p>En f\u00e9vrier je serai \u00e0 Luchon, festival des t\u00e9l\u00e9visions. Melting-pot caf\u00e9, s\u00e9rie culte de la RTBF, 18 \u00e9pisodes, qui me vaut encore beaucoup de t\u00e9moignages d\u2019affection de la part de spectateurs, sera diffus\u00e9e \u00e0 partir de mars sur TV5 MONDE, et est coup de c\u0153ur de la cha\u00eene au festival. Je m\u2019en r\u00e9jouis, m\u00eame si elle a \u00ab\u00a0physiquement\u00a0\u00bb quitt\u00e9 ma vie depuis 3 ans.<\/p>\n<p>Concerts en pr\u00e9pa, et, au printemps, tournage avec Joachim Lafosse que je suis heureuse de retrouver pour son prochain film \u00ab\u00a0Les chevaliers\u00a0\u00bb\u2026<\/p>\n<p>Enregistrement de l\u2019album en juin. 2014 : une ann\u00e9e Cin\u00e9ma<\/p>\n<p>Avoir l\u2019audace de mes envies. Retrouver et rencontrer encore des cr\u00e9ateurs, des partenaires, des gens qui doutent, qui rient, qui d\u00e9sirent, qui pressentent, qui me bousculent, qui m\u2019emm\u00e8nent vers plus de folie de jeu, plus de v\u00e9rit\u00e9, qui m\u2019\u00e9paulent\u2026<\/p>\n<p>Envie de films \u00e9piques et dr\u00f4les, de films bouleversants, de films qui unissent\u2026 Mutation et Volupt\u00e9. R\u00e9v\u00e9lation. Humour. Amour. Raconter \u00ab\u00a0le lapin qui tousse\u00a0\u00bb : sp\u00e9cial d\u00e9dicace \u00e0 Vincent Tavier. Musique, th\u00e9\u00e2tre. Entendre et voir plus de femmes s\u2019exprimer. Foutre la paix aux artistes, et aux plus faibles en g\u00e9n\u00e9ral. Que s\u2019en aille ce go\u00fbt amer laiss\u00e9 par des d\u00e9cisions mesquines quant \u00e0 la r\u00e9vision de leurs statuts si pr\u00e9caires.<\/p>\n<p>Qu\u2019on s\u2019aime, qu\u2019on se marre !!!! (oui je suis blonde)<\/p>\n<p>Action !<\/p>\n","protected":false},"excerpt":{"rendered":"<p>Pour en finir d\u00e9finitivement avec 2013, le traditionnel \u00ab\u00a0Bonne ann\u00e9e quand m\u00eame\u00a0\u00bb de Hugues Hausman dans le poste\u2026 En 2013, peu pr\u00e9sente sur les \u00e9crans, je l\u2019\u00e9tais sur des plateaux\u2026<\/p>\n","protected":false},"author":7,"featured_media":50985,"comment_status":"closed","ping_status":"closed","sticky":false,"template":"","format":"standard","meta":{"ngg_post_thumbnail":0,"footnotes":""},"categories":[1923],"tags":[],"class_list":["post-50981","post","type-post","status-publish","format-standard","has-post-thumbnail","","category-en-bref"],"yoast_head":"<!-- This site is optimized with the Yoast SEO plugin v20.4 - https:\/\/yoast.com\/wordpress\/plugins\/seo\/ -->\n<title>2013\/2014 : St\u00e9phane Bissot - w-l-c<\/title>\n<meta name=\"robots\" content=\"noindex, follow, max-snippet:-1, max-image-preview:large, max-video-preview:-1\" \/>\n<meta property=\"og:locale\" content=\"fr_FR\" \/>\n<meta property=\"og:type\" content=\"article\" \/>\n<meta property=\"og:title\" content=\"2013\/2014 : St\u00e9phane Bissot - w-l-c\" \/>\n<meta property=\"og:description\" content=\"Pour en finir d\u00e9finitivement avec 2013, le traditionnel \u00ab\u00a0Bonne ann\u00e9e quand m\u00eame\u00a0\u00bb de Hugues Hausman dans le poste\u2026 En 2013, peu pr\u00e9sente sur les \u00e9crans, je l\u2019\u00e9tais sur des plateaux\u2026\" \/>\n<meta property=\"og:url\" content=\"https:\/\/w-l-c.be\/fr\/20132014-stephane-bissot\/\" \/>\n<meta property=\"og:site_name\" content=\"w-l-c\" \/>\n<meta property=\"article:published_time\" content=\"2014-01-24T07:19:38+00:00\" \/>\n<meta property=\"article:modified_time\" content=\"2014-01-30T09:28:51+00:00\" \/>\n<meta property=\"og:image\" content=\"https:\/\/w-l-c.be\/wp-content\/uploads\/2014\/01\/812643_482949415097141_1258334450_o.jpg\" \/>\n\t<meta property=\"og:image:width\" content=\"1823\" \/>\n\t<meta property=\"og:image:height\" content=\"1074\" \/>\n\t<meta property=\"og:image:type\" content=\"image\/jpeg\" \/>\n<meta name=\"author\" content=\"Philippe.Pierquin\" \/>\n<meta name=\"twitter:card\" content=\"summary_large_image\" \/>\n<meta name=\"twitter:label1\" content=\"\u00c9crit par\" \/>\n\t<meta name=\"twitter:data1\" content=\"Philippe.Pierquin\" \/>\n\t<meta name=\"twitter:label2\" content=\"Dur\u00e9e de lecture estim\u00e9e\" \/>\n\t<meta name=\"twitter:data2\" content=\"3 minutes\" \/>\n<script type=\"application\/ld+json\" class=\"yoast-schema-graph\">{\"@context\":\"https:\/\/schema.org\",\"@graph\":[{\"@type\":\"WebPage\",\"@id\":\"https:\/\/w-l-c.be\/fr\/20132014-stephane-bissot\/\",\"url\":\"https:\/\/w-l-c.be\/fr\/20132014-stephane-bissot\/\",\"name\":\"2013\/2014 : St\u00e9phane Bissot - w-l-c\",\"isPartOf\":{\"@id\":\"https:\/\/w-l-c.be\/fr\/#website\"},\"datePublished\":\"2014-01-24T07:19:38+00:00\",\"dateModified\":\"2014-01-30T09:28:51+00:00\",\"author\":{\"@id\":\"https:\/\/w-l-c.be\/fr\/#\/schema\/person\/4b9b1d857f0943453a38a7c2859ef756\"},\"breadcrumb\":{\"@id\":\"https:\/\/w-l-c.be\/fr\/20132014-stephane-bissot\/#breadcrumb\"},\"inLanguage\":\"fr-FR\",\"potentialAction\":[{\"@type\":\"ReadAction\",\"target\":[\"https:\/\/w-l-c.be\/fr\/20132014-stephane-bissot\/\"]}]},{\"@type\":\"BreadcrumbList\",\"@id\":\"https:\/\/w-l-c.be\/fr\/20132014-stephane-bissot\/#breadcrumb\",\"itemListElement\":[{\"@type\":\"ListItem\",\"position\":1,\"name\":\"Accueil\",\"item\":\"https:\/\/w-l-c.be\/fr\/\"},{\"@type\":\"ListItem\",\"position\":2,\"name\":\"2013\/2014 : St\u00e9phane Bissot\"}]},{\"@type\":\"WebSite\",\"@id\":\"https:\/\/w-l-c.be\/fr\/#website\",\"url\":\"https:\/\/w-l-c.be\/fr\/\",\"name\":\"w-l-c\",\"description\":\"Le cin\u00e9ma vu par les belges\",\"potentialAction\":[{\"@type\":\"SearchAction\",\"target\":{\"@type\":\"EntryPoint\",\"urlTemplate\":\"https:\/\/w-l-c.be\/fr\/?s={search_term_string}\"},\"query-input\":\"required name=search_term_string\"}],\"inLanguage\":\"fr-FR\"},{\"@type\":\"Person\",\"@id\":\"https:\/\/w-l-c.be\/fr\/#\/schema\/person\/4b9b1d857f0943453a38a7c2859ef756\",\"name\":\"Philippe.Pierquin\",\"url\":\"https:\/\/w-l-c.be\/fr\/author\/philippe-pierquin\/\"}]}<\/script>\n<!-- \/ Yoast SEO plugin. -->","yoast_head_json":{"title":"2013\/2014 : St\u00e9phane Bissot - w-l-c","robots":{"index":"noindex","follow":"follow","max-snippet":"max-snippet:-1","max-image-preview":"max-image-preview:large","max-video-preview":"max-video-preview:-1"},"og_locale":"fr_FR","og_type":"article","og_title":"2013\/2014 : St\u00e9phane Bissot - w-l-c","og_description":"Pour en finir d\u00e9finitivement avec 2013, le traditionnel \u00ab\u00a0Bonne ann\u00e9e quand m\u00eame\u00a0\u00bb de Hugues Hausman dans le poste\u2026 En 2013, peu pr\u00e9sente sur les \u00e9crans, je l\u2019\u00e9tais sur des plateaux\u2026","og_url":"https:\/\/w-l-c.be\/fr\/20132014-stephane-bissot\/","og_site_name":"w-l-c","article_published_time":"2014-01-24T07:19:38+00:00","article_modified_time":"2014-01-30T09:28:51+00:00","og_image":[{"width":1823,"height":1074,"url":"https:\/\/w-l-c.be\/wp-content\/uploads\/2014\/01\/812643_482949415097141_1258334450_o.jpg","type":"image\/jpeg"}],"author":"Philippe.Pierquin","twitter_card":"summary_large_image","twitter_misc":{"\u00c9crit par":"Philippe.Pierquin","Dur\u00e9e de lecture estim\u00e9e":"3 minutes"},"schema":{"@context":"https:\/\/schema.org","@graph":[{"@type":"WebPage","@id":"https:\/\/w-l-c.be\/fr\/20132014-stephane-bissot\/","url":"https:\/\/w-l-c.be\/fr\/20132014-stephane-bissot\/","name":"2013\/2014 : St\u00e9phane Bissot - w-l-c","isPartOf":{"@id":"https:\/\/w-l-c.be\/fr\/#website"},"datePublished":"2014-01-24T07:19:38+00:00","dateModified":"2014-01-30T09:28:51+00:00","author":{"@id":"https:\/\/w-l-c.be\/fr\/#\/schema\/person\/4b9b1d857f0943453a38a7c2859ef756"},"breadcrumb":{"@id":"https:\/\/w-l-c.be\/fr\/20132014-stephane-bissot\/#breadcrumb"},"inLanguage":"fr-FR","potentialAction":[{"@type":"ReadAction","target":["https:\/\/w-l-c.be\/fr\/20132014-stephane-bissot\/"]}]},{"@type":"BreadcrumbList","@id":"https:\/\/w-l-c.be\/fr\/20132014-stephane-bissot\/#breadcrumb","itemListElement":[{"@type":"ListItem","position":1,"name":"Accueil","item":"https:\/\/w-l-c.be\/fr\/"},{"@type":"ListItem","position":2,"name":"2013\/2014 : St\u00e9phane Bissot"}]},{"@type":"WebSite","@id":"https:\/\/w-l-c.be\/fr\/#website","url":"https:\/\/w-l-c.be\/fr\/","name":"w-l-c","description":"Le cin\u00e9ma vu par les belges","potentialAction":[{"@type":"SearchAction","target":{"@type":"EntryPoint","urlTemplate":"https:\/\/w-l-c.be\/fr\/?s={search_term_string}"},"query-input":"required name=search_term_string"}],"inLanguage":"fr-FR"},{"@type":"Person","@id":"https:\/\/w-l-c.be\/fr\/#\/schema\/person\/4b9b1d857f0943453a38a7c2859ef756","name":"Philippe.Pierquin","url":"https:\/\/w-l-c.be\/fr\/author\/philippe-pierquin\/"}]}},"_links":{"self":[{"href":"https:\/\/w-l-c.be\/fr\/wp-json\/wp\/v2\/posts\/50981","targetHints":{"allow":["GET"]}}],"collection":[{"href":"https:\/\/w-l-c.be\/fr\/wp-json\/wp\/v2\/posts"}],"about":[{"href":"https:\/\/w-l-c.be\/fr\/wp-json\/wp\/v2\/types\/post"}],"author":[{"embeddable":true,"href":"https:\/\/w-l-c.be\/fr\/wp-json\/wp\/v2\/users\/7"}],"replies":[{"embeddable":true,"href":"https:\/\/w-l-c.be\/fr\/wp-json\/wp\/v2\/comments?post=50981"}],"version-history":[{"count":0,"href":"https:\/\/w-l-c.be\/fr\/wp-json\/wp\/v2\/posts\/50981\/revisions"}],"wp:featuredmedia":[{"embeddable":true,"href":"https:\/\/w-l-c.be\/fr\/wp-json\/wp\/v2\/media\/50985"}],"wp:attachment":[{"href":"https:\/\/w-l-c.be\/fr\/wp-json\/wp\/v2\/media?parent=50981"}],"wp:term":[{"taxonomy":"category","embeddable":true,"href":"https:\/\/w-l-c.be\/fr\/wp-json\/wp\/v2\/categories?post=50981"},{"taxonomy":"post_tag","embeddable":true,"href":"https:\/\/w-l-c.be\/fr\/wp-json\/wp\/v2\/tags?post=50981"}],"curies":[{"name":"wp","href":"https:\/\/api.w.org\/{rel}","templated":true}]}}