
{"id":52229,"date":"2014-02-13T08:00:06","date_gmt":"2014-02-13T07:00:06","guid":{"rendered":"http:\/\/www.cinevox.be\/?p=52229"},"modified":"2014-02-17T09:59:41","modified_gmt":"2014-02-17T08:59:41","slug":"la-photo-du-jour-jeudi-13-fevrier-2014","status":"publish","type":"post","link":"https:\/\/w-l-c.be\/fr\/la-photo-du-jour-jeudi-13-fevrier-2014\/","title":{"rendered":"La photo du jour &#8211; jeudi 13 f\u00e9vrier 2014"},"content":{"rendered":"<p>Apr\u00e8s <em>\u00a0L.<\/em> (2006), <em>L\u2019Et\u00e9<\/em> (2009) et <em>La Maison<\/em> en 2011 avec Edwige Baily et C\u00e9dric Eeckhout, la jeune r\u00e9alisatrice belge <b>Vania Leturcq<\/b> a r\u00e9alis\u00e9 cet automne, en France, son premier long : <i>l&rsquo;Ann\u00e9e prochaine<\/i>.<\/p>\n<p>&nbsp;<\/p>\n<p>Dans ce premier effort au long cours, Vania focalise son attention sur Aude et Clotilde, 18 ans, meilleures amies depuis toujours. Aujourd&rsquo;hui adultes, elles s\u2019interrogent sur le tour que va prendre leur existence. Clotilde quitte son petit village de province et entra\u00eene Aude avec elle. Ensemble, elles pensent d\u00e9vorer la vie \u00e0 Paris, mais leurs r\u00eaves se heurtent \u00e0 la r\u00e9alit\u00e9 et ce nouveau d\u00e9part va mettre en p\u00e9ril leur pr\u00e9cieuse amiti\u00e9.<\/p>\n<p>&nbsp;<\/p>\n<p>Les deux amies sont incarn\u00e9es par Constance Rousseau r\u00e9v\u00e9l\u00e9e en 2007 par Mia Hansen-Love dans <i>Tout est pardonn\u00e9<\/i>\u00a0 et\u00a0Jenna Thiam connue par le grand public gr\u00e2ce \u00e0 la s\u00e9rie choc de Canal Plus, <em>Les Revenants<\/em> et qu&rsquo;on verra prochainement aux c\u00f4t\u00e9s d\u2019Isabelle de Hertogh dans \u00a0<em>Salaud, on t&rsquo;aime<\/em> de Claude Lelouch.<\/p>\n<p>&nbsp;<\/p>\n<p>Le film est produit par H\u00e9licotronc, qui accompagne Vania Leturcq depuis son premier court.<\/p>\n<p>&nbsp;<\/p>\n<p>L&rsquo;affiche du film vient d&rsquo;\u00eatre publi\u00e9e en 4e de couverture du Film Fran\u00e7ais.\u00a0<!--more--><\/p>\n<p>&nbsp;<\/p>\n<p>&nbsp;<\/p>\n<p>&nbsp;<\/p>\n<p><a href=\"http:\/\/www.cinevox.be\/la-photo-du-jour-lundi-10-fevrier-2014\/lannee-prochaine-le-long-metrage-de-vania-leturcq-coproduit-par-offshore-et-helicotronc-fait-la-4eme-de-couverture-du-journal-le-film-francais\/\" rel=\"attachment wp-att-52230\"><img loading=\"lazy\" decoding=\"async\" class=\"aligncenter size-large wp-image-52230\" alt=\"\" src=\"http:\/\/www.cinevox.be\/wp-content\/uploads\/2014\/02\/Lann\u00e9e-Prochaine-le-long-m\u00e9trage-de-Vania-Leturcq-coproduit-par-Offshore-et-H\u00e9licotronc-fait-la-4\u00e8me-de-couverture-du-journal-Le-Film-Fran\u00e7ais-445x600.jpg\" width=\"445\" height=\"600\" srcset=\"https:\/\/w-l-c.be\/wp-content\/uploads\/2014\/02\/Lann\u00e9e-Prochaine-le-long-m\u00e9trage-de-Vania-Leturcq-coproduit-par-Offshore-et-H\u00e9licotronc-fait-la-4\u00e8me-de-couverture-du-journal-Le-Film-Fran\u00e7ais-445x600.jpg 445w, https:\/\/w-l-c.be\/wp-content\/uploads\/2014\/02\/Lann\u00e9e-Prochaine-le-long-m\u00e9trage-de-Vania-Leturcq-coproduit-par-Offshore-et-H\u00e9licotronc-fait-la-4\u00e8me-de-couverture-du-journal-Le-Film-Fran\u00e7ais-200x270.jpg 200w, https:\/\/w-l-c.be\/wp-content\/uploads\/2014\/02\/Lann\u00e9e-Prochaine-le-long-m\u00e9trage-de-Vania-Leturcq-coproduit-par-Offshore-et-H\u00e9licotronc-fait-la-4\u00e8me-de-couverture-du-journal-Le-Film-Fran\u00e7ais.jpg 712w\" sizes=\"auto, (max-width: 445px) 100vw, 445px\" \/><\/a><\/p>\n","protected":false},"excerpt":{"rendered":"<p>Apr\u00e8s \u00a0L. (2006), L\u2019Et\u00e9 (2009) et La Maison en 2011 avec Edwige Baily et C\u00e9dric Eeckhout, la jeune r\u00e9alisatrice belge Vania Leturcq a r\u00e9alis\u00e9 cet automne, en France, son premier long : l&rsquo;Ann\u00e9e prochaine. &nbsp; Dans ce premier effort au long cours, Vania focalise son attention sur Aude et Clotilde, 18 ans, meilleures amies depuis &hellip;<\/p>\n","protected":false},"author":7,"featured_media":52232,"comment_status":"closed","ping_status":"closed","sticky":false,"template":"","format":"standard","meta":{"ngg_post_thumbnail":0,"footnotes":""},"categories":[1923,7],"tags":[],"class_list":["post-52229","post","type-post","status-publish","format-standard","has-post-thumbnail","","category-en-bref","category-actualites"],"yoast_head":"<!-- This site is optimized with the Yoast SEO plugin v20.4 - https:\/\/yoast.com\/wordpress\/plugins\/seo\/ -->\n<title>La photo du jour - jeudi 13 f\u00e9vrier 2014 - w-l-c<\/title>\n<meta name=\"robots\" content=\"noindex, follow, max-snippet:-1, max-image-preview:large, max-video-preview:-1\" \/>\n<meta property=\"og:locale\" content=\"fr_FR\" \/>\n<meta property=\"og:type\" content=\"article\" \/>\n<meta property=\"og:title\" content=\"La photo du jour - jeudi 13 f\u00e9vrier 2014 - w-l-c\" \/>\n<meta property=\"og:description\" content=\"Apr\u00e8s \u00a0L. (2006), L\u2019Et\u00e9 (2009) et La Maison en 2011 avec Edwige Baily et C\u00e9dric Eeckhout, la jeune r\u00e9alisatrice belge Vania Leturcq a r\u00e9alis\u00e9 cet automne, en France, son premier long : l&rsquo;Ann\u00e9e prochaine. &nbsp; Dans ce premier effort au long cours, Vania focalise son attention sur Aude et Clotilde, 18 ans, meilleures amies depuis &hellip;\" \/>\n<meta property=\"og:url\" content=\"https:\/\/w-l-c.be\/fr\/la-photo-du-jour-jeudi-13-fevrier-2014\/\" \/>\n<meta property=\"og:site_name\" content=\"w-l-c\" \/>\n<meta property=\"article:published_time\" content=\"2014-02-13T07:00:06+00:00\" \/>\n<meta property=\"article:modified_time\" content=\"2014-02-17T08:59:41+00:00\" \/>\n<meta property=\"og:image\" content=\"https:\/\/w-l-c.be\/wp-content\/uploads\/2014\/02\/app2.jpg\" \/>\n\t<meta property=\"og:image:width\" content=\"1536\" \/>\n\t<meta property=\"og:image:height\" content=\"1024\" \/>\n\t<meta property=\"og:image:type\" content=\"image\/jpeg\" \/>\n<meta name=\"author\" content=\"Philippe.Pierquin\" \/>\n<meta name=\"twitter:card\" content=\"summary_large_image\" \/>\n<meta name=\"twitter:label1\" content=\"\u00c9crit par\" \/>\n\t<meta name=\"twitter:data1\" content=\"Philippe.Pierquin\" \/>\n\t<meta name=\"twitter:label2\" content=\"Dur\u00e9e de lecture estim\u00e9e\" \/>\n\t<meta name=\"twitter:data2\" content=\"1 minute\" \/>\n<script type=\"application\/ld+json\" class=\"yoast-schema-graph\">{\"@context\":\"https:\/\/schema.org\",\"@graph\":[{\"@type\":\"WebPage\",\"@id\":\"https:\/\/w-l-c.be\/fr\/la-photo-du-jour-jeudi-13-fevrier-2014\/\",\"url\":\"https:\/\/w-l-c.be\/fr\/la-photo-du-jour-jeudi-13-fevrier-2014\/\",\"name\":\"La photo du jour - jeudi 13 f\u00e9vrier 2014 - w-l-c\",\"isPartOf\":{\"@id\":\"https:\/\/w-l-c.be\/fr\/#website\"},\"datePublished\":\"2014-02-13T07:00:06+00:00\",\"dateModified\":\"2014-02-17T08:59:41+00:00\",\"author\":{\"@id\":\"https:\/\/w-l-c.be\/fr\/#\/schema\/person\/4b9b1d857f0943453a38a7c2859ef756\"},\"breadcrumb\":{\"@id\":\"https:\/\/w-l-c.be\/fr\/la-photo-du-jour-jeudi-13-fevrier-2014\/#breadcrumb\"},\"inLanguage\":\"fr-FR\",\"potentialAction\":[{\"@type\":\"ReadAction\",\"target\":[\"https:\/\/w-l-c.be\/fr\/la-photo-du-jour-jeudi-13-fevrier-2014\/\"]}]},{\"@type\":\"BreadcrumbList\",\"@id\":\"https:\/\/w-l-c.be\/fr\/la-photo-du-jour-jeudi-13-fevrier-2014\/#breadcrumb\",\"itemListElement\":[{\"@type\":\"ListItem\",\"position\":1,\"name\":\"Accueil\",\"item\":\"https:\/\/w-l-c.be\/fr\/\"},{\"@type\":\"ListItem\",\"position\":2,\"name\":\"La photo du jour &#8211; jeudi 13 f\u00e9vrier 2014\"}]},{\"@type\":\"WebSite\",\"@id\":\"https:\/\/w-l-c.be\/fr\/#website\",\"url\":\"https:\/\/w-l-c.be\/fr\/\",\"name\":\"w-l-c\",\"description\":\"Le cin\u00e9ma vu par les belges\",\"potentialAction\":[{\"@type\":\"SearchAction\",\"target\":{\"@type\":\"EntryPoint\",\"urlTemplate\":\"https:\/\/w-l-c.be\/fr\/?s={search_term_string}\"},\"query-input\":\"required name=search_term_string\"}],\"inLanguage\":\"fr-FR\"},{\"@type\":\"Person\",\"@id\":\"https:\/\/w-l-c.be\/fr\/#\/schema\/person\/4b9b1d857f0943453a38a7c2859ef756\",\"name\":\"Philippe.Pierquin\",\"url\":\"https:\/\/w-l-c.be\/fr\/author\/philippe-pierquin\/\"}]}<\/script>\n<!-- \/ Yoast SEO plugin. -->","yoast_head_json":{"title":"La photo du jour - jeudi 13 f\u00e9vrier 2014 - w-l-c","robots":{"index":"noindex","follow":"follow","max-snippet":"max-snippet:-1","max-image-preview":"max-image-preview:large","max-video-preview":"max-video-preview:-1"},"og_locale":"fr_FR","og_type":"article","og_title":"La photo du jour - jeudi 13 f\u00e9vrier 2014 - w-l-c","og_description":"Apr\u00e8s \u00a0L. (2006), L\u2019Et\u00e9 (2009) et La Maison en 2011 avec Edwige Baily et C\u00e9dric Eeckhout, la jeune r\u00e9alisatrice belge Vania Leturcq a r\u00e9alis\u00e9 cet automne, en France, son premier long : l&rsquo;Ann\u00e9e prochaine. &nbsp; Dans ce premier effort au long cours, Vania focalise son attention sur Aude et Clotilde, 18 ans, meilleures amies depuis &hellip;","og_url":"https:\/\/w-l-c.be\/fr\/la-photo-du-jour-jeudi-13-fevrier-2014\/","og_site_name":"w-l-c","article_published_time":"2014-02-13T07:00:06+00:00","article_modified_time":"2014-02-17T08:59:41+00:00","og_image":[{"width":1536,"height":1024,"url":"https:\/\/w-l-c.be\/wp-content\/uploads\/2014\/02\/app2.jpg","type":"image\/jpeg"}],"author":"Philippe.Pierquin","twitter_card":"summary_large_image","twitter_misc":{"\u00c9crit par":"Philippe.Pierquin","Dur\u00e9e de lecture estim\u00e9e":"1 minute"},"schema":{"@context":"https:\/\/schema.org","@graph":[{"@type":"WebPage","@id":"https:\/\/w-l-c.be\/fr\/la-photo-du-jour-jeudi-13-fevrier-2014\/","url":"https:\/\/w-l-c.be\/fr\/la-photo-du-jour-jeudi-13-fevrier-2014\/","name":"La photo du jour - jeudi 13 f\u00e9vrier 2014 - w-l-c","isPartOf":{"@id":"https:\/\/w-l-c.be\/fr\/#website"},"datePublished":"2014-02-13T07:00:06+00:00","dateModified":"2014-02-17T08:59:41+00:00","author":{"@id":"https:\/\/w-l-c.be\/fr\/#\/schema\/person\/4b9b1d857f0943453a38a7c2859ef756"},"breadcrumb":{"@id":"https:\/\/w-l-c.be\/fr\/la-photo-du-jour-jeudi-13-fevrier-2014\/#breadcrumb"},"inLanguage":"fr-FR","potentialAction":[{"@type":"ReadAction","target":["https:\/\/w-l-c.be\/fr\/la-photo-du-jour-jeudi-13-fevrier-2014\/"]}]},{"@type":"BreadcrumbList","@id":"https:\/\/w-l-c.be\/fr\/la-photo-du-jour-jeudi-13-fevrier-2014\/#breadcrumb","itemListElement":[{"@type":"ListItem","position":1,"name":"Accueil","item":"https:\/\/w-l-c.be\/fr\/"},{"@type":"ListItem","position":2,"name":"La photo du jour &#8211; jeudi 13 f\u00e9vrier 2014"}]},{"@type":"WebSite","@id":"https:\/\/w-l-c.be\/fr\/#website","url":"https:\/\/w-l-c.be\/fr\/","name":"w-l-c","description":"Le cin\u00e9ma vu par les belges","potentialAction":[{"@type":"SearchAction","target":{"@type":"EntryPoint","urlTemplate":"https:\/\/w-l-c.be\/fr\/?s={search_term_string}"},"query-input":"required name=search_term_string"}],"inLanguage":"fr-FR"},{"@type":"Person","@id":"https:\/\/w-l-c.be\/fr\/#\/schema\/person\/4b9b1d857f0943453a38a7c2859ef756","name":"Philippe.Pierquin","url":"https:\/\/w-l-c.be\/fr\/author\/philippe-pierquin\/"}]}},"_links":{"self":[{"href":"https:\/\/w-l-c.be\/fr\/wp-json\/wp\/v2\/posts\/52229","targetHints":{"allow":["GET"]}}],"collection":[{"href":"https:\/\/w-l-c.be\/fr\/wp-json\/wp\/v2\/posts"}],"about":[{"href":"https:\/\/w-l-c.be\/fr\/wp-json\/wp\/v2\/types\/post"}],"author":[{"embeddable":true,"href":"https:\/\/w-l-c.be\/fr\/wp-json\/wp\/v2\/users\/7"}],"replies":[{"embeddable":true,"href":"https:\/\/w-l-c.be\/fr\/wp-json\/wp\/v2\/comments?post=52229"}],"version-history":[{"count":0,"href":"https:\/\/w-l-c.be\/fr\/wp-json\/wp\/v2\/posts\/52229\/revisions"}],"wp:featuredmedia":[{"embeddable":true,"href":"https:\/\/w-l-c.be\/fr\/wp-json\/wp\/v2\/media\/52232"}],"wp:attachment":[{"href":"https:\/\/w-l-c.be\/fr\/wp-json\/wp\/v2\/media?parent=52229"}],"wp:term":[{"taxonomy":"category","embeddable":true,"href":"https:\/\/w-l-c.be\/fr\/wp-json\/wp\/v2\/categories?post=52229"},{"taxonomy":"post_tag","embeddable":true,"href":"https:\/\/w-l-c.be\/fr\/wp-json\/wp\/v2\/tags?post=52229"}],"curies":[{"name":"wp","href":"https:\/\/api.w.org\/{rel}","templated":true}]}}