
{"id":52291,"date":"2014-02-11T08:51:27","date_gmt":"2014-02-11T07:51:27","guid":{"rendered":"http:\/\/www.cinevox.be\/?p=52291"},"modified":"2014-02-10T11:35:41","modified_gmt":"2014-02-10T10:35:41","slug":"jeremie-fabrizio-et-christelle-face-limprobable","status":"publish","type":"post","link":"https:\/\/w-l-c.be\/fr\/jeremie-fabrizio-et-christelle-face-limprobable\/","title":{"rendered":"J\u00e9r\u00e9mie, Fabrizio et Christelle face \u00e0 l\u2019improbable."},"content":{"rendered":"<p>Et si, mercredi, le plus beau casting de la soir\u00e9e \u00e9tait r\u00e9uni sur la Trois\u00a0?<\/p>\n<p><b>J\u00e9r\u00e9mie Renier<\/b> en vedette d\u2019un court m\u00e9trage secouant \u00e0 d\u00e9conseiller aux claustrophobes, <b>Fabrizio Rongione <\/b>et <b>Christelle Cornil<\/b>, deux des trois t\u00eates d\u2019affiche du prochain film des fr\u00e8res Dardenne r\u00e9unis pour une bizarre histoire de pieds invers\u00e9s\u00a0: Tout Court fait fort<!--more--><\/p>\n<p>&nbsp;<\/p>\n<p>&nbsp;<\/p>\n<p><a href=\"http:\/\/www.cinevox.be\/jeremie-fabrizio-et-christelle-face-limprobable\/intus\/\" rel=\"attachment wp-att-52292\"><img loading=\"lazy\" decoding=\"async\" class=\"aligncenter size-full wp-image-52292\" alt=\"\" src=\"http:\/\/www.cinevox.be\/wp-content\/uploads\/2014\/02\/Intus.jpg\" width=\"2048\" height=\"854\" srcset=\"https:\/\/w-l-c.be\/wp-content\/uploads\/2014\/02\/Intus.jpg 2048w, https:\/\/w-l-c.be\/wp-content\/uploads\/2014\/02\/Intus-480x200.jpg 480w, https:\/\/w-l-c.be\/wp-content\/uploads\/2014\/02\/Intus-800x333.jpg 800w\" sizes=\"auto, (max-width: 2048px) 100vw, 2048px\" \/><\/a><\/p>\n<p>&nbsp;<\/p>\n<p>INTUS (23h20)<\/p>\n<p>&nbsp;<\/p>\n<p>Dur\u00e9e\u00a0: 0\u00a0h\u00a012<\/p>\n<p>&nbsp;<\/p>\n<p>Un homme se r\u00e9veille, en sursaut, emmur\u00e9 dans une chambre. Son seul lien avec l\u2019ext\u00e9rieur\u00a0: un t\u00e9l\u00e9phone d\u00e9fectueux. Confront\u00e9 aux \u00e9v\u00e9nements qui s\u2019encha\u00eenent dans cet environnement clos, le prisonnier se retrouve face \u00e0 lui-m\u00eame et \u00e0 son pass\u00e9.<\/p>\n<p>&nbsp;<\/p>\n<p>Prix et r\u00e9compenses\u00a0:<\/p>\n<p>&nbsp;<\/p>\n<p>Prix Coup de Coeur RTBF Festival le Court en dit Long Paris\u00a02013<\/p>\n<p>&nbsp;<\/p>\n<p>R\u00e9alisateur\u00a0: Gary Seghers<\/p>\n<p>Sc\u00e9nariste\u00a0: Gary Seghers, Laurent Vieilletoile<\/p>\n<p>Acteur\/Actrice\u00a0: J\u00e9r\u00e9mie Renier, Lisa Debauche, Ma\u00eflyse Hermans, Sozyone Gonzalez, Jacky Druaux<\/p>\n<p>&nbsp;<\/p>\n<p>&nbsp;<\/p>\n<p><a href=\"http:\/\/www.cinevox.be\/jeremie-fabrizio-et-christelle-face-limprobable\/sidewalk-2\/\" rel=\"attachment wp-att-52293\"><img loading=\"lazy\" decoding=\"async\" class=\"aligncenter size-full wp-image-52293\" alt=\"\" src=\"http:\/\/www.cinevox.be\/wp-content\/uploads\/2014\/02\/sidewalk.jpg\" width=\"714\" height=\"282\" srcset=\"https:\/\/w-l-c.be\/wp-content\/uploads\/2014\/02\/sidewalk.jpg 714w, https:\/\/w-l-c.be\/wp-content\/uploads\/2014\/02\/sidewalk-480x189.jpg 480w\" sizes=\"auto, (max-width: 714px) 100vw, 714px\" \/><\/a><\/p>\n<p>&nbsp;<\/p>\n<p>SIDEWALK \u00a0(23h30)<\/p>\n<p>&nbsp;<\/p>\n<p>Dur\u00e9e\u00a0: 0\u00a0h\u00a017<\/p>\n<p>&nbsp;<\/p>\n<p>Une journ\u00e9e dans la vie de M\u00e9mo, clo\u00eetr\u00e9 dans l\u2019entresol qui lui tient d\u2019appartement. Le petit soupirail qui lui permet de respirer et de voir la lumi\u00e8re est aussi une ouverture vers l\u2019ext\u00e9rieur. Vers la vie.<\/p>\n<p>&nbsp;<\/p>\n<p>R\u00e9alisateur\u00a0: Binevsa Berivan<\/p>\n<p>Sc\u00e9nariste\u00a0: Binevsa Berivan<\/p>\n<p>Acteur\/Actrice\u00a0: Gaia Saitta, Kirik Nazmi<\/p>\n<p>&nbsp;<\/p>\n<p><a href=\"http:\/\/www.cinevox.be\/jeremie-fabrizio-et-christelle-face-limprobable\/kin-2\/\" rel=\"attachment wp-att-52294\"><img loading=\"lazy\" decoding=\"async\" class=\"aligncenter size-full wp-image-52294\" alt=\"\" src=\"http:\/\/www.cinevox.be\/wp-content\/uploads\/2014\/02\/kin.jpg\" width=\"714\" height=\"282\" srcset=\"https:\/\/w-l-c.be\/wp-content\/uploads\/2014\/02\/kin.jpg 714w, https:\/\/w-l-c.be\/wp-content\/uploads\/2014\/02\/kin-480x189.jpg 480w\" sizes=\"auto, (max-width: 714px) 100vw, 714px\" \/><\/a><\/p>\n<p>&nbsp;<\/p>\n<p>KIN (23h45)<\/p>\n<p>&nbsp;<\/p>\n<p>Dur\u00e9e\u00a0: 0\u00a0h\u00a011<\/p>\n<p>&nbsp;<\/p>\n<p>Kin est une photographie sociale de Kinshasa, o\u00f9 vont se croiser des personnages embl\u00e9matiques de la ville\u00a0: un taximan licenci\u00e9 en \u00e9conomie, un policier, un garagiste, un \u00ab\u00a0pousse-pousseur\u00a0\u00bb&#8230; Ce sont les jouets africains confectionn\u00e9s en fil de fer et t\u00f4le de canettes qui ont d\u00e9termin\u00e9 l\u2019esth\u00e9tique g\u00e9n\u00e9rale de ce film d\u2019animation en volume. Et, dans cette m\u00eame logique de r\u00e9cup\u00e9ration, la th\u00e9matique du film porte sur la d\u00e9brouille et le recyclage. Au-del\u00e0 d\u2019un r\u00e9cit en apparence anecdotique, le film met en sc\u00e8ne des probl\u00e9matiques li\u00e9es \u00e0 la cr\u00e9ativit\u00e9 sociale pour faire face aux situations difficiles de la vie. La narration est assur\u00e9e par l&rsquo;\u00e9crivain congolais In Koli Jean Bofane.<\/p>\n<p>&nbsp;<\/p>\n<p>Prix et r\u00e9compenses\u00a0:<\/p>\n<p>Grand-Prix de la Communaut\u00e9 fran\u00e7aise, Anima\u00a02011, Bruxelles.<\/p>\n<p>Prix de la Rtbf, Anima\u00a02011, Bruxelles<\/p>\n<p>&nbsp;<\/p>\n<p>Equipe du film :<\/p>\n<p>R\u00e9alisation : Atelier Collectif<\/p>\n<p>Sc\u00e9nario : Atelier Collectif<\/p>\n<p>Musique originale : In Koli Jean Bofane<\/p>\n<p>Montage : William Henne<\/p>\n<p>Montage : Caroline Nugues<\/p>\n<p>Montage : Maria Daniela Wayllace<\/p>\n<p>Montage : Marie Houis<\/p>\n<p>Son : Simon Elst<\/p>\n<p>Producteur : Zorobabel<\/p>\n<p>Date de sortie : in\u00e9dit<\/p>\n<p>Informations techniques :<\/p>\n<p>Couleur : Couleur<\/p>\n<p>Type de film : Court metrage<\/p>\n<p>Langue : Fran\u00e7ais<\/p>\n<p>&nbsp;<\/p>\n<p>&nbsp;<\/p>\n<p><a href=\"http:\/\/www.cinevox.be\/jeremie-fabrizio-et-christelle-face-limprobable\/lalegendedejeanlinverse\/\" rel=\"attachment wp-att-52295\"><img loading=\"lazy\" decoding=\"async\" class=\"aligncenter size-full wp-image-52295\" alt=\"\" src=\"http:\/\/www.cinevox.be\/wp-content\/uploads\/2014\/02\/lalegendedejeanlinverse.jpg\" width=\"714\" height=\"282\" srcset=\"https:\/\/w-l-c.be\/wp-content\/uploads\/2014\/02\/lalegendedejeanlinverse.jpg 714w, https:\/\/w-l-c.be\/wp-content\/uploads\/2014\/02\/lalegendedejeanlinverse-480x189.jpg 480w\" sizes=\"auto, (max-width: 714px) 100vw, 714px\" \/><\/a><\/p>\n<p>&nbsp;<\/p>\n<p>L\u00c9GENDE DE JEAN L\u2019INVERSE (minuit)<\/p>\n<p>&nbsp;<\/p>\n<p>Dur\u00e9e\u00a0: 0\u00a0h\u00a017<\/p>\n<p>&nbsp;<\/p>\n<p>Prix et r\u00e9compenses\u00a0:<\/p>\n<p>&nbsp;<\/p>\n<p>FIFF\u00a02008\u00a0: Grand Prix de la Communaut\u00e9 Fran\u00e7aise<\/p>\n<p>Jean na\u00eet avec les pieds \u00e0 l\u2019envers. Ses parents en sont contrari\u00e9s. Ils confient leur fils au meilleur orthop\u00e9diste de la Capitale. R\u00e9cit d\u2019une mise en conformit\u00e9. Et de vingt ans de martyre.<\/p>\n<p>&nbsp;<\/p>\n<p>Prime \u00e0 la qualit\u00e9 d\u00e9cern\u00e9e par la Communaut\u00e9 fran\u00e7aise (2008)<\/p>\n<p>BIFF\u00a02009\u00a0: Prix SACD<\/p>\n<p>&nbsp;<\/p>\n<p>R\u00e9alisateur\u00a0: Philippe Lamensch<\/p>\n<p>Sc\u00e9nariste\u00a0: Philippe Lamensch<\/p>\n<p>Acteur\/Actrice\u00a0: Fabrizio Rongione, Christelle Cornil, Eric Godon, Christophe Lambert, Sbille Jean-Louis<\/p>\n","protected":false},"excerpt":{"rendered":"<p>Et si, mercredi, le plus beau casting de la soir\u00e9e \u00e9tait r\u00e9uni sur la Trois\u00a0? J\u00e9r\u00e9mie Renier en vedette d\u2019un court m\u00e9trage secouant \u00e0 d\u00e9conseiller aux claustrophobes, Fabrizio Rongione et Christelle Cornil, deux des trois t\u00eates d\u2019affiche du prochain film des fr\u00e8res Dardenne r\u00e9unis pour une bizarre histoire de pieds invers\u00e9s\u00a0: Tout Court fait fort<\/p>\n","protected":false},"author":7,"featured_media":52297,"comment_status":"closed","ping_status":"closed","sticky":false,"template":"","format":"standard","meta":{"ngg_post_thumbnail":0,"footnotes":""},"categories":[14],"tags":[],"class_list":["post-52291","post","type-post","status-publish","format-standard","has-post-thumbnail","","category-home-cinema"],"yoast_head":"<!-- This site is optimized with the Yoast SEO plugin v20.4 - https:\/\/yoast.com\/wordpress\/plugins\/seo\/ -->\n<title>J\u00e9r\u00e9mie, Fabrizio et Christelle face \u00e0 l\u2019improbable. - w-l-c<\/title>\n<meta name=\"robots\" content=\"noindex, follow, max-snippet:-1, max-image-preview:large, max-video-preview:-1\" \/>\n<meta property=\"og:locale\" content=\"fr_FR\" \/>\n<meta property=\"og:type\" content=\"article\" \/>\n<meta property=\"og:title\" content=\"J\u00e9r\u00e9mie, Fabrizio et Christelle face \u00e0 l\u2019improbable. - w-l-c\" \/>\n<meta property=\"og:description\" content=\"Et si, mercredi, le plus beau casting de la soir\u00e9e \u00e9tait r\u00e9uni sur la Trois\u00a0? J\u00e9r\u00e9mie Renier en vedette d\u2019un court m\u00e9trage secouant \u00e0 d\u00e9conseiller aux claustrophobes, Fabrizio Rongione et Christelle Cornil, deux des trois t\u00eates d\u2019affiche du prochain film des fr\u00e8res Dardenne r\u00e9unis pour une bizarre histoire de pieds invers\u00e9s\u00a0: Tout Court fait fort\" \/>\n<meta property=\"og:url\" content=\"https:\/\/w-l-c.be\/fr\/jeremie-fabrizio-et-christelle-face-limprobable\/\" \/>\n<meta property=\"og:site_name\" content=\"w-l-c\" \/>\n<meta property=\"article:published_time\" content=\"2014-02-11T07:51:27+00:00\" \/>\n<meta property=\"article:modified_time\" content=\"2014-02-10T10:35:41+00:00\" \/>\n<meta property=\"og:image\" content=\"https:\/\/w-l-c.be\/wp-content\/uploads\/2010\/02\/Intus-1.jpg\" \/>\n\t<meta property=\"og:image:width\" content=\"2048\" \/>\n\t<meta property=\"og:image:height\" content=\"854\" \/>\n\t<meta property=\"og:image:type\" content=\"image\/jpeg\" \/>\n<meta name=\"author\" content=\"Philippe.Pierquin\" \/>\n<meta name=\"twitter:card\" content=\"summary_large_image\" \/>\n<meta name=\"twitter:label1\" content=\"\u00c9crit par\" \/>\n\t<meta name=\"twitter:data1\" content=\"Philippe.Pierquin\" \/>\n\t<meta name=\"twitter:label2\" content=\"Dur\u00e9e de lecture estim\u00e9e\" \/>\n\t<meta name=\"twitter:data2\" content=\"3 minutes\" \/>\n<script type=\"application\/ld+json\" class=\"yoast-schema-graph\">{\"@context\":\"https:\/\/schema.org\",\"@graph\":[{\"@type\":\"WebPage\",\"@id\":\"https:\/\/w-l-c.be\/fr\/jeremie-fabrizio-et-christelle-face-limprobable\/\",\"url\":\"https:\/\/w-l-c.be\/fr\/jeremie-fabrizio-et-christelle-face-limprobable\/\",\"name\":\"J\u00e9r\u00e9mie, Fabrizio et Christelle face \u00e0 l\u2019improbable. - w-l-c\",\"isPartOf\":{\"@id\":\"https:\/\/w-l-c.be\/fr\/#website\"},\"datePublished\":\"2014-02-11T07:51:27+00:00\",\"dateModified\":\"2014-02-10T10:35:41+00:00\",\"author\":{\"@id\":\"https:\/\/w-l-c.be\/fr\/#\/schema\/person\/4b9b1d857f0943453a38a7c2859ef756\"},\"breadcrumb\":{\"@id\":\"https:\/\/w-l-c.be\/fr\/jeremie-fabrizio-et-christelle-face-limprobable\/#breadcrumb\"},\"inLanguage\":\"fr-FR\",\"potentialAction\":[{\"@type\":\"ReadAction\",\"target\":[\"https:\/\/w-l-c.be\/fr\/jeremie-fabrizio-et-christelle-face-limprobable\/\"]}]},{\"@type\":\"BreadcrumbList\",\"@id\":\"https:\/\/w-l-c.be\/fr\/jeremie-fabrizio-et-christelle-face-limprobable\/#breadcrumb\",\"itemListElement\":[{\"@type\":\"ListItem\",\"position\":1,\"name\":\"Accueil\",\"item\":\"https:\/\/w-l-c.be\/fr\/\"},{\"@type\":\"ListItem\",\"position\":2,\"name\":\"J\u00e9r\u00e9mie, Fabrizio et Christelle face \u00e0 l\u2019improbable.\"}]},{\"@type\":\"WebSite\",\"@id\":\"https:\/\/w-l-c.be\/fr\/#website\",\"url\":\"https:\/\/w-l-c.be\/fr\/\",\"name\":\"w-l-c\",\"description\":\"Le cin\u00e9ma vu par les belges\",\"potentialAction\":[{\"@type\":\"SearchAction\",\"target\":{\"@type\":\"EntryPoint\",\"urlTemplate\":\"https:\/\/w-l-c.be\/fr\/?s={search_term_string}\"},\"query-input\":\"required name=search_term_string\"}],\"inLanguage\":\"fr-FR\"},{\"@type\":\"Person\",\"@id\":\"https:\/\/w-l-c.be\/fr\/#\/schema\/person\/4b9b1d857f0943453a38a7c2859ef756\",\"name\":\"Philippe.Pierquin\",\"url\":\"https:\/\/w-l-c.be\/fr\/author\/philippe-pierquin\/\"}]}<\/script>\n<!-- \/ Yoast SEO plugin. -->","yoast_head_json":{"title":"J\u00e9r\u00e9mie, Fabrizio et Christelle face \u00e0 l\u2019improbable. - w-l-c","robots":{"index":"noindex","follow":"follow","max-snippet":"max-snippet:-1","max-image-preview":"max-image-preview:large","max-video-preview":"max-video-preview:-1"},"og_locale":"fr_FR","og_type":"article","og_title":"J\u00e9r\u00e9mie, Fabrizio et Christelle face \u00e0 l\u2019improbable. - w-l-c","og_description":"Et si, mercredi, le plus beau casting de la soir\u00e9e \u00e9tait r\u00e9uni sur la Trois\u00a0? J\u00e9r\u00e9mie Renier en vedette d\u2019un court m\u00e9trage secouant \u00e0 d\u00e9conseiller aux claustrophobes, Fabrizio Rongione et Christelle Cornil, deux des trois t\u00eates d\u2019affiche du prochain film des fr\u00e8res Dardenne r\u00e9unis pour une bizarre histoire de pieds invers\u00e9s\u00a0: Tout Court fait fort","og_url":"https:\/\/w-l-c.be\/fr\/jeremie-fabrizio-et-christelle-face-limprobable\/","og_site_name":"w-l-c","article_published_time":"2014-02-11T07:51:27+00:00","article_modified_time":"2014-02-10T10:35:41+00:00","og_image":[{"width":2048,"height":854,"url":"https:\/\/w-l-c.be\/wp-content\/uploads\/2010\/02\/Intus-1.jpg","type":"image\/jpeg"}],"author":"Philippe.Pierquin","twitter_card":"summary_large_image","twitter_misc":{"\u00c9crit par":"Philippe.Pierquin","Dur\u00e9e de lecture estim\u00e9e":"3 minutes"},"schema":{"@context":"https:\/\/schema.org","@graph":[{"@type":"WebPage","@id":"https:\/\/w-l-c.be\/fr\/jeremie-fabrizio-et-christelle-face-limprobable\/","url":"https:\/\/w-l-c.be\/fr\/jeremie-fabrizio-et-christelle-face-limprobable\/","name":"J\u00e9r\u00e9mie, Fabrizio et Christelle face \u00e0 l\u2019improbable. - w-l-c","isPartOf":{"@id":"https:\/\/w-l-c.be\/fr\/#website"},"datePublished":"2014-02-11T07:51:27+00:00","dateModified":"2014-02-10T10:35:41+00:00","author":{"@id":"https:\/\/w-l-c.be\/fr\/#\/schema\/person\/4b9b1d857f0943453a38a7c2859ef756"},"breadcrumb":{"@id":"https:\/\/w-l-c.be\/fr\/jeremie-fabrizio-et-christelle-face-limprobable\/#breadcrumb"},"inLanguage":"fr-FR","potentialAction":[{"@type":"ReadAction","target":["https:\/\/w-l-c.be\/fr\/jeremie-fabrizio-et-christelle-face-limprobable\/"]}]},{"@type":"BreadcrumbList","@id":"https:\/\/w-l-c.be\/fr\/jeremie-fabrizio-et-christelle-face-limprobable\/#breadcrumb","itemListElement":[{"@type":"ListItem","position":1,"name":"Accueil","item":"https:\/\/w-l-c.be\/fr\/"},{"@type":"ListItem","position":2,"name":"J\u00e9r\u00e9mie, Fabrizio et Christelle face \u00e0 l\u2019improbable."}]},{"@type":"WebSite","@id":"https:\/\/w-l-c.be\/fr\/#website","url":"https:\/\/w-l-c.be\/fr\/","name":"w-l-c","description":"Le cin\u00e9ma vu par les belges","potentialAction":[{"@type":"SearchAction","target":{"@type":"EntryPoint","urlTemplate":"https:\/\/w-l-c.be\/fr\/?s={search_term_string}"},"query-input":"required name=search_term_string"}],"inLanguage":"fr-FR"},{"@type":"Person","@id":"https:\/\/w-l-c.be\/fr\/#\/schema\/person\/4b9b1d857f0943453a38a7c2859ef756","name":"Philippe.Pierquin","url":"https:\/\/w-l-c.be\/fr\/author\/philippe-pierquin\/"}]}},"_links":{"self":[{"href":"https:\/\/w-l-c.be\/fr\/wp-json\/wp\/v2\/posts\/52291","targetHints":{"allow":["GET"]}}],"collection":[{"href":"https:\/\/w-l-c.be\/fr\/wp-json\/wp\/v2\/posts"}],"about":[{"href":"https:\/\/w-l-c.be\/fr\/wp-json\/wp\/v2\/types\/post"}],"author":[{"embeddable":true,"href":"https:\/\/w-l-c.be\/fr\/wp-json\/wp\/v2\/users\/7"}],"replies":[{"embeddable":true,"href":"https:\/\/w-l-c.be\/fr\/wp-json\/wp\/v2\/comments?post=52291"}],"version-history":[{"count":0,"href":"https:\/\/w-l-c.be\/fr\/wp-json\/wp\/v2\/posts\/52291\/revisions"}],"wp:featuredmedia":[{"embeddable":true,"href":"https:\/\/w-l-c.be\/fr\/wp-json\/wp\/v2\/media\/52297"}],"wp:attachment":[{"href":"https:\/\/w-l-c.be\/fr\/wp-json\/wp\/v2\/media?parent=52291"}],"wp:term":[{"taxonomy":"category","embeddable":true,"href":"https:\/\/w-l-c.be\/fr\/wp-json\/wp\/v2\/categories?post=52291"},{"taxonomy":"post_tag","embeddable":true,"href":"https:\/\/w-l-c.be\/fr\/wp-json\/wp\/v2\/tags?post=52291"}],"curies":[{"name":"wp","href":"https:\/\/api.w.org\/{rel}","templated":true}]}}