
{"id":52651,"date":"2014-03-12T09:39:51","date_gmt":"2014-03-12T08:39:51","guid":{"rendered":"http:\/\/www.cinevox.be\/?p=52651"},"modified":"2014-03-12T18:55:15","modified_gmt":"2014-03-12T17:55:15","slug":"rosenn-ou-lenvie-dun-film-follement-ambitieux","status":"publish","type":"post","link":"https:\/\/w-l-c.be\/fr\/rosenn-ou-lenvie-dun-film-follement-ambitieux\/","title":{"rendered":"Rosenn ou l\u2019envie\u2026 d\u2019un film follement ambitieux"},"content":{"rendered":"<p>Rosenn vit avec son p\u00e8re sur la merveilleuse \u00eele de la R\u00e9union. Nous sommes au d\u00e9but du si\u00e8cle dernier. L\u2019atmosph\u00e8re y est indolente, l\u2019existence sans souci. Paysages sublimes, soleil bienveillant. Point de tensions ici, si ce n\u2019est un coup de sang sporadique apr\u00e8s un abus de rhum au troquet du coin.<\/p>\n<p>D\u00e9barque en vill\u00e9giature, un \u00e9crivain anglais francophile; la cinquantaine bien mise, l\u2019\u00e9l\u00e9gance myst\u00e9rieuse, un homme en rupture qui vient dans ce paradis pour se refaire une sant\u00e9. Tr\u00e8s vite, il tombe sous le charme de la jeune fille un peu na\u00efve\u2026 que convoite \u00e9galement un ami d\u2019enfance, un avocat fougueux qui l\u2019aime en secret depuis toujours. Mais m\u00eame au paradis \u00ab\u00a0il n\u2019y a pas de place pour deux pr\u00e9tendants\u00a0\u00bb comme le remarque le p\u00e8re de Rosenn dans un \u00e9clair de lucidit\u00e9 au c\u0153ur d\u2019une ivresse prononc\u00e9e. \u00c0 charge pour sa fille de faire le (mauvais) choix<!--more--><\/p>\n<p>&nbsp;<\/p>\n<p><a href=\"http:\/\/www.cinevox.be\/rosenn-ou-lenvie-dun-film-follement-ambitieux\/photo-18\/\" rel=\"attachment wp-att-52655\"><img loading=\"lazy\" decoding=\"async\" class=\"aligncenter size-full wp-image-52655\" alt=\"\" src=\"http:\/\/www.cinevox.be\/wp-content\/uploads\/2014\/02\/photo-18.jpg\" width=\"722\" height=\"403\" srcset=\"https:\/\/w-l-c.be\/wp-content\/uploads\/2014\/02\/photo-18.jpg 722w, https:\/\/w-l-c.be\/wp-content\/uploads\/2014\/02\/photo-18-200x113.jpg 200w, https:\/\/w-l-c.be\/wp-content\/uploads\/2014\/02\/photo-18-480x267.jpg 480w\" sizes=\"auto, (max-width: 722px) 100vw, 722px\" \/><\/a><\/p>\n<p>&nbsp;<\/p>\n<p>Avec ses d\u00e9cors grandioses et sa vision romantique d\u2019une \u00e9poque surann\u00e9e, <i>Rosenn<\/i> \u00e9voque bien s\u00fbr <i>La le\u00e7on de piano<\/i> de Jane Campion, mais il s\u2019agit bien ici du troisi\u00e8me long m\u00e9trage d\u2019un r\u00e9alisateur belge, le plus fou d\u2019entre tous, Yvan Le Moine, un homme pr\u00eat \u00e0 tout pour aller au bout de sa passion et tourner les films dont il r\u00eave.<\/p>\n<p>&nbsp;<\/p>\n<p><a href=\"http:\/\/www.cinevox.be\/rosenn-ou-lenvie-dun-film-follement-ambitieux\/photo-19\/\" rel=\"attachment wp-att-52653\"><img loading=\"lazy\" decoding=\"async\" class=\"aligncenter size-full wp-image-52653\" alt=\"\" src=\"http:\/\/www.cinevox.be\/wp-content\/uploads\/2014\/02\/photo-19.jpg\" width=\"722\" height=\"403\" srcset=\"https:\/\/w-l-c.be\/wp-content\/uploads\/2014\/02\/photo-19.jpg 722w, https:\/\/w-l-c.be\/wp-content\/uploads\/2014\/02\/photo-19-200x113.jpg 200w, https:\/\/w-l-c.be\/wp-content\/uploads\/2014\/02\/photo-19-480x267.jpg 480w\" sizes=\"auto, (max-width: 722px) 100vw, 722px\" \/><\/a><\/p>\n<p>&nbsp;<\/p>\n<p>Car ce r\u00e9alisateur ne n\u00e9gocie pas avec ses envies: dans cette aventure il embarque aux c\u00f4t\u00e9s d\u2019une jeune com\u00e9dienne belge, la lumineuse <b>Hande Kodja<\/b>, quelques com\u00e9diens dont la renomm\u00e9e internationale n\u2019est plus \u00e0 faire: <b>Ruppert Everett<\/b>, d\u2019une rare intensit\u00e9, <b>B\u00e9atrice Dalle<\/b> (37,2 le Matin), <b>Stefano Casseti<\/b> (Roberto Succo) et deux acteurs fran\u00e7ais qui ont rarement \u00e9t\u00e9 aussi bons qu\u2019ici : <b>Jacques Boudet<\/b> (truculent dans le r\u00f4le du papa) et <b>Stanislas Mehrar<\/b> qui \u00e9voque ici, le meilleur de Jacques Dutronc.<\/p>\n<p>Sans oublier, pour une voix off inattendue, un <b>Michael Lonsdale<\/b> ironique dont la diction et le timbre incarnent parfaitement l\u2019essence divine de sa participation.<\/p>\n<p>&nbsp;<\/p>\n<p><a href=\"http:\/\/www.cinevox.be\/rosenn-ou-lenvie-dun-film-follement-ambitieux\/photo-11\/\" rel=\"attachment wp-att-52654\"><img loading=\"lazy\" decoding=\"async\" class=\"aligncenter size-full wp-image-52654\" alt=\"\" src=\"http:\/\/www.cinevox.be\/wp-content\/uploads\/2014\/02\/photo-11.jpg\" width=\"722\" height=\"403\" srcset=\"https:\/\/w-l-c.be\/wp-content\/uploads\/2014\/02\/photo-11.jpg 722w, https:\/\/w-l-c.be\/wp-content\/uploads\/2014\/02\/photo-11-200x113.jpg 200w, https:\/\/w-l-c.be\/wp-content\/uploads\/2014\/02\/photo-11-480x267.jpg 480w\" sizes=\"auto, (max-width: 722px) 100vw, 722px\" \/><\/a><\/p>\n<p>&nbsp;<\/p>\n<p>Un des points fort de <i>Rosenn <\/i>est certainement son art design avec quatre axes qui frappent les imaginations: les d\u00e9cors (<b>Philippe Graff<\/b>) et les costumes (de <b>Claire Dubien<\/b>) sont \u00e9patants. Ils sont en outre parfaitement mis en valeur par la photographie (sur pellicules) de <b>Danny Elsen<\/b> (<i>Dead man talking, La Marche, Mea Culpa<\/i>) qui officie pendant les deux tiers d\u2019un film dont le tournage n\u2019a pas \u00e9t\u00e9 lin\u00e9aire et de <b>Michel Baudour<\/b>. La lumi\u00e8re et les cadrages alambiqu\u00e9s (mais signifiants) interpellent. La musique de <b>Simon Thierr\u00e9e<\/b> et <b>Hugo Lippens<\/b>, ample et romantique sans jamais \u00eatre mi\u00e8vre sert \u00e9galement l\u2019histoire de plus en plus tragique de Rosenn.<\/p>\n<p>&nbsp;<\/p>\n<p><a href=\"http:\/\/www.cinevox.be\/rosenn-ou-lenvie-dun-film-follement-ambitieux\/photo-38\/\" rel=\"attachment wp-att-52657\"><img loading=\"lazy\" decoding=\"async\" class=\"aligncenter size-full wp-image-52657\" alt=\"\" src=\"http:\/\/www.cinevox.be\/wp-content\/uploads\/2014\/02\/photo-38.jpg\" width=\"722\" height=\"403\" srcset=\"https:\/\/w-l-c.be\/wp-content\/uploads\/2014\/02\/photo-38.jpg 722w, https:\/\/w-l-c.be\/wp-content\/uploads\/2014\/02\/photo-38-200x113.jpg 200w, https:\/\/w-l-c.be\/wp-content\/uploads\/2014\/02\/photo-38-480x267.jpg 480w\" sizes=\"auto, (max-width: 722px) 100vw, 722px\" \/><\/a><\/p>\n<p>&nbsp;<\/p>\n<p>Car oui, Rosenn est un film cruel, tr\u00e8s. \u00c0 partir du moment o\u00f9 la jeune fille d\u00e9cidera de lier son sort \u00e0 un de ses pr\u00e9tendants, elle va entreprendre une plong\u00e9e aux enfers d\u2019un rare cynisme. Cela dit, ici encore, Yvan Le Moine esquive les clich\u00e9s et les grandes sc\u00e8nes attendues. Rosenn, comme absente, accepte son destin tragique avec une incroyable abn\u00e9gation. Elle subit, encaisse, plie, mais ne rompt pas, ne hurle pas, ne sombre pas. C\u2019est une fille bien \u00e9duqu\u00e9e et tr\u00e8s polie qui se plie aux caprices de la vie avec une r\u00e9signation presque mystique<\/p>\n<p>&nbsp;<\/p>\n<p>Qualit\u00e9 pour les uns, d\u00e9faut pour les autres, le film est \u00e9galement mis en sc\u00e8ne avec une certaine ostentation qui ne se refuse pas quelques effets ludiques : une cam\u00e9ra qui pivote pendant une sc\u00e8ne de repas familial, cernant chacun des orateurs et les r\u00e9actions des deux convives silencieux, m\u00e9dus\u00e9s par cette joute, une sc\u00e8ne muette o\u00f9 seuls les visages et une musique soudain tr\u00e8s pr\u00e9sente trahissent le propos; des effets de miroirs, des entr\u00e9es de champ inattendues\u2026. Selon l\u2019humeur, on peut consid\u00e9rer ces figures comme des \u00e9l\u00e9ments envahissants ou jubilatoires.<\/p>\n<p>&nbsp;<\/p>\n<p><a href=\"http:\/\/www.cinevox.be\/rosenn-ou-lenvie-dun-film-follement-ambitieux\/photo-26\/\" rel=\"attachment wp-att-52658\"><img loading=\"lazy\" decoding=\"async\" class=\"aligncenter size-full wp-image-52658\" alt=\"\" src=\"http:\/\/www.cinevox.be\/wp-content\/uploads\/2014\/02\/photo-26.jpg\" width=\"722\" height=\"403\" srcset=\"https:\/\/w-l-c.be\/wp-content\/uploads\/2014\/02\/photo-26.jpg 722w, https:\/\/w-l-c.be\/wp-content\/uploads\/2014\/02\/photo-26-200x113.jpg 200w, https:\/\/w-l-c.be\/wp-content\/uploads\/2014\/02\/photo-26-480x267.jpg 480w\" sizes=\"auto, (max-width: 722px) 100vw, 722px\" \/><\/a><\/p>\n<p>&nbsp;<\/p>\n<p>Construit en trois \u00e9poques, de plus en plus sombres (dans leur th\u00e8me et leur photographie), <i>Rosenn<\/i> surprend son auditoire par son ambition presque insens\u00e9e\u2026 et sa folle volont\u00e9 de l\u2019assumer co\u00fbte que co\u00fbte. De l\u00e0 \u00e0 penser qu\u2019un public sevr\u00e9 de longue date de grandes envol\u00e9es lyriques, \u00e9pic\u00e9es d\u2019un divin cynisme, se laisse tenter par cette proposition inhabituelle, il n\u2019y a qu\u2019un pas que nous serions heureux de voir le film franchir.<\/p>\n<p>R\u00e9ponse d\u00e8s le 12 mars<\/p>\n<p>&nbsp;<\/p>\n<p>&nbsp;<\/p>\n<p>&nbsp;<\/p>\n<p>&nbsp;<\/p>\n<p>&nbsp;<\/p>\n<p>&nbsp;<\/p>\n<p>&nbsp;<\/p>\n","protected":false},"excerpt":{"rendered":"<p>Rosenn vit avec son p\u00e8re sur la merveilleuse \u00eele de la R\u00e9union. Nous sommes au d\u00e9but du si\u00e8cle dernier. L\u2019atmosph\u00e8re y est indolente, l\u2019existence sans souci. Paysages sublimes, soleil bienveillant. Point de tensions ici, si ce n\u2019est un coup de sang sporadique apr\u00e8s un abus de rhum au troquet du coin. D\u00e9barque en vill\u00e9giature, un &hellip;<\/p>\n","protected":false},"author":7,"featured_media":52660,"comment_status":"closed","ping_status":"closed","sticky":false,"template":"","format":"standard","meta":{"ngg_post_thumbnail":0,"footnotes":""},"categories":[10],"tags":[],"class_list":["post-52651","post","type-post","status-publish","format-standard","has-post-thumbnail","","category-a-l-affiche"],"yoast_head":"<!-- This site is optimized with the Yoast SEO plugin v20.4 - https:\/\/yoast.com\/wordpress\/plugins\/seo\/ -->\n<title>Rosenn ou l\u2019envie\u2026 d\u2019un film follement ambitieux - w-l-c<\/title>\n<meta name=\"robots\" content=\"noindex, follow, max-snippet:-1, max-image-preview:large, max-video-preview:-1\" \/>\n<meta property=\"og:locale\" content=\"fr_FR\" \/>\n<meta property=\"og:type\" content=\"article\" \/>\n<meta property=\"og:title\" content=\"Rosenn ou l\u2019envie\u2026 d\u2019un film follement ambitieux - w-l-c\" \/>\n<meta property=\"og:description\" content=\"Rosenn vit avec son p\u00e8re sur la merveilleuse \u00eele de la R\u00e9union. Nous sommes au d\u00e9but du si\u00e8cle dernier. L\u2019atmosph\u00e8re y est indolente, l\u2019existence sans souci. Paysages sublimes, soleil bienveillant. Point de tensions ici, si ce n\u2019est un coup de sang sporadique apr\u00e8s un abus de rhum au troquet du coin. D\u00e9barque en vill\u00e9giature, un &hellip;\" \/>\n<meta property=\"og:url\" content=\"https:\/\/w-l-c.be\/fr\/rosenn-ou-lenvie-dun-film-follement-ambitieux\/\" \/>\n<meta property=\"og:site_name\" content=\"w-l-c\" \/>\n<meta property=\"article:published_time\" content=\"2014-03-12T08:39:51+00:00\" \/>\n<meta property=\"article:modified_time\" content=\"2014-03-12T17:55:15+00:00\" \/>\n<meta property=\"og:image\" content=\"https:\/\/w-l-c.be\/wp-content\/uploads\/2014\/02\/photo-30.jpg\" \/>\n\t<meta property=\"og:image:width\" content=\"722\" \/>\n\t<meta property=\"og:image:height\" content=\"403\" \/>\n\t<meta property=\"og:image:type\" content=\"image\/jpeg\" \/>\n<meta name=\"author\" content=\"Philippe.Pierquin\" \/>\n<meta name=\"twitter:card\" content=\"summary_large_image\" \/>\n<meta name=\"twitter:label1\" content=\"\u00c9crit par\" \/>\n\t<meta name=\"twitter:data1\" content=\"Philippe.Pierquin\" \/>\n\t<meta name=\"twitter:label2\" content=\"Dur\u00e9e de lecture estim\u00e9e\" \/>\n\t<meta name=\"twitter:data2\" content=\"4 minutes\" \/>\n<script type=\"application\/ld+json\" class=\"yoast-schema-graph\">{\"@context\":\"https:\/\/schema.org\",\"@graph\":[{\"@type\":\"WebPage\",\"@id\":\"https:\/\/w-l-c.be\/fr\/rosenn-ou-lenvie-dun-film-follement-ambitieux\/\",\"url\":\"https:\/\/w-l-c.be\/fr\/rosenn-ou-lenvie-dun-film-follement-ambitieux\/\",\"name\":\"Rosenn ou l\u2019envie\u2026 d\u2019un film follement ambitieux - w-l-c\",\"isPartOf\":{\"@id\":\"https:\/\/w-l-c.be\/fr\/#website\"},\"datePublished\":\"2014-03-12T08:39:51+00:00\",\"dateModified\":\"2014-03-12T17:55:15+00:00\",\"author\":{\"@id\":\"https:\/\/w-l-c.be\/fr\/#\/schema\/person\/4b9b1d857f0943453a38a7c2859ef756\"},\"breadcrumb\":{\"@id\":\"https:\/\/w-l-c.be\/fr\/rosenn-ou-lenvie-dun-film-follement-ambitieux\/#breadcrumb\"},\"inLanguage\":\"fr-FR\",\"potentialAction\":[{\"@type\":\"ReadAction\",\"target\":[\"https:\/\/w-l-c.be\/fr\/rosenn-ou-lenvie-dun-film-follement-ambitieux\/\"]}]},{\"@type\":\"BreadcrumbList\",\"@id\":\"https:\/\/w-l-c.be\/fr\/rosenn-ou-lenvie-dun-film-follement-ambitieux\/#breadcrumb\",\"itemListElement\":[{\"@type\":\"ListItem\",\"position\":1,\"name\":\"Accueil\",\"item\":\"https:\/\/w-l-c.be\/fr\/\"},{\"@type\":\"ListItem\",\"position\":2,\"name\":\"Rosenn ou l\u2019envie\u2026 d\u2019un film follement ambitieux\"}]},{\"@type\":\"WebSite\",\"@id\":\"https:\/\/w-l-c.be\/fr\/#website\",\"url\":\"https:\/\/w-l-c.be\/fr\/\",\"name\":\"w-l-c\",\"description\":\"Le cin\u00e9ma vu par les belges\",\"potentialAction\":[{\"@type\":\"SearchAction\",\"target\":{\"@type\":\"EntryPoint\",\"urlTemplate\":\"https:\/\/w-l-c.be\/fr\/?s={search_term_string}\"},\"query-input\":\"required name=search_term_string\"}],\"inLanguage\":\"fr-FR\"},{\"@type\":\"Person\",\"@id\":\"https:\/\/w-l-c.be\/fr\/#\/schema\/person\/4b9b1d857f0943453a38a7c2859ef756\",\"name\":\"Philippe.Pierquin\",\"url\":\"https:\/\/w-l-c.be\/fr\/author\/philippe-pierquin\/\"}]}<\/script>\n<!-- \/ Yoast SEO plugin. -->","yoast_head_json":{"title":"Rosenn ou l\u2019envie\u2026 d\u2019un film follement ambitieux - w-l-c","robots":{"index":"noindex","follow":"follow","max-snippet":"max-snippet:-1","max-image-preview":"max-image-preview:large","max-video-preview":"max-video-preview:-1"},"og_locale":"fr_FR","og_type":"article","og_title":"Rosenn ou l\u2019envie\u2026 d\u2019un film follement ambitieux - w-l-c","og_description":"Rosenn vit avec son p\u00e8re sur la merveilleuse \u00eele de la R\u00e9union. Nous sommes au d\u00e9but du si\u00e8cle dernier. L\u2019atmosph\u00e8re y est indolente, l\u2019existence sans souci. Paysages sublimes, soleil bienveillant. Point de tensions ici, si ce n\u2019est un coup de sang sporadique apr\u00e8s un abus de rhum au troquet du coin. D\u00e9barque en vill\u00e9giature, un &hellip;","og_url":"https:\/\/w-l-c.be\/fr\/rosenn-ou-lenvie-dun-film-follement-ambitieux\/","og_site_name":"w-l-c","article_published_time":"2014-03-12T08:39:51+00:00","article_modified_time":"2014-03-12T17:55:15+00:00","og_image":[{"width":722,"height":403,"url":"https:\/\/w-l-c.be\/wp-content\/uploads\/2014\/02\/photo-30.jpg","type":"image\/jpeg"}],"author":"Philippe.Pierquin","twitter_card":"summary_large_image","twitter_misc":{"\u00c9crit par":"Philippe.Pierquin","Dur\u00e9e de lecture estim\u00e9e":"4 minutes"},"schema":{"@context":"https:\/\/schema.org","@graph":[{"@type":"WebPage","@id":"https:\/\/w-l-c.be\/fr\/rosenn-ou-lenvie-dun-film-follement-ambitieux\/","url":"https:\/\/w-l-c.be\/fr\/rosenn-ou-lenvie-dun-film-follement-ambitieux\/","name":"Rosenn ou l\u2019envie\u2026 d\u2019un film follement ambitieux - w-l-c","isPartOf":{"@id":"https:\/\/w-l-c.be\/fr\/#website"},"datePublished":"2014-03-12T08:39:51+00:00","dateModified":"2014-03-12T17:55:15+00:00","author":{"@id":"https:\/\/w-l-c.be\/fr\/#\/schema\/person\/4b9b1d857f0943453a38a7c2859ef756"},"breadcrumb":{"@id":"https:\/\/w-l-c.be\/fr\/rosenn-ou-lenvie-dun-film-follement-ambitieux\/#breadcrumb"},"inLanguage":"fr-FR","potentialAction":[{"@type":"ReadAction","target":["https:\/\/w-l-c.be\/fr\/rosenn-ou-lenvie-dun-film-follement-ambitieux\/"]}]},{"@type":"BreadcrumbList","@id":"https:\/\/w-l-c.be\/fr\/rosenn-ou-lenvie-dun-film-follement-ambitieux\/#breadcrumb","itemListElement":[{"@type":"ListItem","position":1,"name":"Accueil","item":"https:\/\/w-l-c.be\/fr\/"},{"@type":"ListItem","position":2,"name":"Rosenn ou l\u2019envie\u2026 d\u2019un film follement ambitieux"}]},{"@type":"WebSite","@id":"https:\/\/w-l-c.be\/fr\/#website","url":"https:\/\/w-l-c.be\/fr\/","name":"w-l-c","description":"Le cin\u00e9ma vu par les belges","potentialAction":[{"@type":"SearchAction","target":{"@type":"EntryPoint","urlTemplate":"https:\/\/w-l-c.be\/fr\/?s={search_term_string}"},"query-input":"required name=search_term_string"}],"inLanguage":"fr-FR"},{"@type":"Person","@id":"https:\/\/w-l-c.be\/fr\/#\/schema\/person\/4b9b1d857f0943453a38a7c2859ef756","name":"Philippe.Pierquin","url":"https:\/\/w-l-c.be\/fr\/author\/philippe-pierquin\/"}]}},"_links":{"self":[{"href":"https:\/\/w-l-c.be\/fr\/wp-json\/wp\/v2\/posts\/52651","targetHints":{"allow":["GET"]}}],"collection":[{"href":"https:\/\/w-l-c.be\/fr\/wp-json\/wp\/v2\/posts"}],"about":[{"href":"https:\/\/w-l-c.be\/fr\/wp-json\/wp\/v2\/types\/post"}],"author":[{"embeddable":true,"href":"https:\/\/w-l-c.be\/fr\/wp-json\/wp\/v2\/users\/7"}],"replies":[{"embeddable":true,"href":"https:\/\/w-l-c.be\/fr\/wp-json\/wp\/v2\/comments?post=52651"}],"version-history":[{"count":0,"href":"https:\/\/w-l-c.be\/fr\/wp-json\/wp\/v2\/posts\/52651\/revisions"}],"wp:featuredmedia":[{"embeddable":true,"href":"https:\/\/w-l-c.be\/fr\/wp-json\/wp\/v2\/media\/52660"}],"wp:attachment":[{"href":"https:\/\/w-l-c.be\/fr\/wp-json\/wp\/v2\/media?parent=52651"}],"wp:term":[{"taxonomy":"category","embeddable":true,"href":"https:\/\/w-l-c.be\/fr\/wp-json\/wp\/v2\/categories?post=52651"},{"taxonomy":"post_tag","embeddable":true,"href":"https:\/\/w-l-c.be\/fr\/wp-json\/wp\/v2\/tags?post=52651"}],"curies":[{"name":"wp","href":"https:\/\/api.w.org\/{rel}","templated":true}]}}