
{"id":52699,"date":"2014-02-18T08:07:13","date_gmt":"2014-02-18T07:07:13","guid":{"rendered":"http:\/\/www.cinevox.be\/?p=52699"},"modified":"2014-02-17T12:14:15","modified_gmt":"2014-02-17T11:14:15","slug":"yadel-fait-la-revolution-la-maison","status":"publish","type":"post","link":"https:\/\/w-l-c.be\/fr\/yadel-fait-la-revolution-la-maison\/","title":{"rendered":"Yadel fait la r\u00e9volution \u00e0 la maison"},"content":{"rendered":"<p>Alors que <i>Jacques a vu<\/i> et <i>l&rsquo;Ann\u00e9e prochaine<\/i>, leur premier long m\u00e9trage est attendu cette ann\u00e9e dans les salles, <b>Xavier Diskeuve<\/b> et <b>Vania Leturq<\/b> sont mis \u00e0 l&rsquo;honneur ce mercredi dans Tout court avec deux de leurs courts m\u00e9trages : <i>Revolution <\/i>s&rsquo;appuie sur le trio magique qu&rsquo;on verra aussi dans <i>Jacques a vu<\/i> et <i>La maison<\/i> met en vedette Edwige Bailly et C\u00e9dric Eeckhout.<\/p>\n<p>Le troisi\u00e8me court de cette soir\u00e9e nous pr\u00e9sentera la ravissante Pascaline Cr\u00e8vecoeur sous la direction de l&rsquo;\u00e9crivain belgo-turc \u00a0<strong>Kenan Gorgun.<!--more--><\/strong><\/p>\n<p>&nbsp;<\/p>\n<p><a href=\"http:\/\/www.cinevox.be\/yadel-fait-la-revolution-la-maison\/revol1-2\/\" rel=\"attachment wp-att-52700\"><img loading=\"lazy\" decoding=\"async\" class=\"aligncenter size-full wp-image-52700\" alt=\"\" src=\"http:\/\/www.cinevox.be\/wp-content\/uploads\/2014\/02\/revol1.jpg\" width=\"640\" height=\"426\" srcset=\"https:\/\/w-l-c.be\/wp-content\/uploads\/2014\/02\/revol1.jpg 640w, https:\/\/w-l-c.be\/wp-content\/uploads\/2014\/02\/revol1-405x270.jpg 405w\" sizes=\"auto, (max-width: 640px) 100vw, 640px\" \/><\/a><\/p>\n<p>&nbsp;<\/p>\n<p><b>R\u00c9VOLUTION<\/b><\/p>\n<p>&nbsp;<\/p>\n<p>Dur\u00e9e: 00:17<\/p>\n<p>Jean-Louis est encodeur dans une vaste administration. Liliane, son \u00e9pouse, est femme au foyer. Ils forment un couple sans histoire, prisonnier consentant d&rsquo;une routine rassurante.. C&rsquo;est bien l\u00e0 le probl\u00e8me. Un matin, Jean-Louis d\u00e9couvre qu&rsquo;un chef de bureau pr\u00e9nomm\u00e9 Eddy est d\u00e9sormais install\u00e9 en face de lui. Mufle et envahissant, Eddy est l&rsquo;antith\u00e8se de Jean-Louis. Son arriv\u00e9e va bouleverser l&rsquo;existence jusque-l\u00e0 totalement plane de Jean-Louis et Liliane. Perte de rep\u00e8res&#8230;<\/p>\n<p>&nbsp;<\/p>\n<p>Prix et r\u00e9compenses :<\/p>\n<p>&nbsp;<\/p>\n<p>Prix de la Communaut\u00e9 fran\u00e7aise Festival du Court M\u00e9trage de Bruxelles 2006.<\/p>\n<p>Premier Prix Festival des films du Monde de Montr\u00e9al 2006.<\/p>\n<p>Pr\u00e9s\u00e9lection Oscars 2007<\/p>\n<p>Prix du Public Festival du Court-M\u00e9trage de Lille<\/p>\n<p>&nbsp;<\/p>\n<p>R\u00e9alisateur: Xavier Diskeuve<\/p>\n<p>Sc\u00e9nariste: Xavier Diskeuve<\/p>\n<p>Artiste Musicien: Kirianov Axel de<\/p>\n<p>Acteur\/Actrice: Fran\u00e7ois Maniquet, Christelle Cornil, Nicolas Buysse<\/p>\n<p>&nbsp;<\/p>\n<p>&nbsp;<\/p>\n<p><a href=\"http:\/\/www.cinevox.be\/yadel-fait-la-revolution-la-maison\/yadel-2\/\" rel=\"attachment wp-att-52701\"><img loading=\"lazy\" decoding=\"async\" class=\"aligncenter size-full wp-image-52701\" alt=\"\" src=\"http:\/\/www.cinevox.be\/wp-content\/uploads\/2014\/02\/yadel.jpg\" width=\"714\" height=\"282\" srcset=\"https:\/\/w-l-c.be\/wp-content\/uploads\/2014\/02\/yadel.jpg 714w, https:\/\/w-l-c.be\/wp-content\/uploads\/2014\/02\/yadel-480x189.jpg 480w\" sizes=\"auto, (max-width: 714px) 100vw, 714px\" \/><\/a><\/p>\n<p>&nbsp;<\/p>\n<p><strong>YADEL<\/strong><\/p>\n<p>&nbsp;<\/p>\n<p>Dur\u00e9e: 00:21<\/p>\n<p>&nbsp;<\/p>\n<p>Le jour de son anniversaire, Yadel est persuad\u00e9 qu&rsquo;un \u00e9v\u00e8nement particulier va se produire et lui permettre de r\u00e9gler le probl\u00e8me central de son existence : avoir h\u00e9rit\u00e9 du nom d&rsquo;un fr\u00e8re n\u00e9 mort avant lui, Yadel le Premier. Un fr\u00e8re qu&rsquo;il n&rsquo;a pas connu, mais qui a conditionn\u00e9 toute sa vie, sa place au sein de sa famille, et jusqu&rsquo;\u00e0 sa croyance d&rsquo;avoir le droit ou non d&rsquo;\u00eatre de ce monde.<\/p>\n<p>&nbsp;<\/p>\n<p>R\u00e9alisateur: Kenan Gorgun<\/p>\n<p>Sc\u00e9nariste: Kenan Gorgun<\/p>\n<p>Acteur\/Actrice: Othmane Moumen, Pascaline Crevecoeur, Marcel Gonzalez<\/p>\n<p>&nbsp;<\/p>\n<p>&nbsp;<\/p>\n<p><a href=\"http:\/\/www.cinevox.be\/yadel-fait-la-revolution-la-maison\/la-maison\/\" rel=\"attachment wp-att-52702\"><img loading=\"lazy\" decoding=\"async\" class=\"aligncenter size-full wp-image-52702\" alt=\"\" src=\"http:\/\/www.cinevox.be\/wp-content\/uploads\/2014\/02\/la-maison.jpg\" width=\"700\" height=\"376\" srcset=\"https:\/\/w-l-c.be\/wp-content\/uploads\/2014\/02\/la-maison.jpg 700w, https:\/\/w-l-c.be\/wp-content\/uploads\/2014\/02\/la-maison-480x257.jpg 480w\" sizes=\"auto, (max-width: 700px) 100vw, 700px\" \/><\/a><\/p>\n<p>&nbsp;<\/p>\n<p><strong>LA MAISON<\/strong><\/p>\n<p>&nbsp;<\/p>\n<p>Dur\u00e9e: 00:20<\/p>\n<p>\u00c9lise et S\u00e9bastien, jeune couple trentenaire, visitent une maison \u00e0 la campagne. S\u00e9bastien d\u00e9sire l&rsquo;acheter, \u00c9lise, elle, la d\u00e9couvre pour la premi\u00e8re fois. Elle doit faire un choix. Mais d&rsquo;autres questions la retiennent. Durant les prochaines vingt-quatre heures, ils devront prendre une d\u00e9cision&#8230; commune ?<\/p>\n<p>&nbsp;<\/p>\n<p>Prix et r\u00e9compenses :<\/p>\n<p>&nbsp;<\/p>\n<p>Fifff Namur 2011 : Prix du Public<\/p>\n<p>&nbsp;<\/p>\n<p>R\u00e9alisateur: Vania Leturcq<\/p>\n<p>Sc\u00e9nariste: Vania Leturcq<\/p>\n<p>Acteur\/Actrice: Edwige BAILY, C\u00e9dric Eeckhout, Thomas Boucart, Pascale Lecussan<\/p>\n","protected":false},"excerpt":{"rendered":"<p>Alors que Jacques a vu et l&rsquo;Ann\u00e9e prochaine, leur premier long m\u00e9trage est attendu cette ann\u00e9e dans les salles, Xavier Diskeuve et Vania Leturq sont mis \u00e0 l&rsquo;honneur ce mercredi dans Tout court avec deux de leurs courts m\u00e9trages : Revolution s&rsquo;appuie sur le trio magique qu&rsquo;on verra aussi dans Jacques a vu et La &hellip;<\/p>\n","protected":false},"author":7,"featured_media":52704,"comment_status":"closed","ping_status":"closed","sticky":false,"template":"","format":"standard","meta":{"ngg_post_thumbnail":0,"footnotes":""},"categories":[14],"tags":[],"class_list":["post-52699","post","type-post","status-publish","format-standard","has-post-thumbnail","","category-home-cinema"],"yoast_head":"<!-- This site is optimized with the Yoast SEO plugin v20.4 - https:\/\/yoast.com\/wordpress\/plugins\/seo\/ -->\n<title>Yadel fait la r\u00e9volution \u00e0 la maison - w-l-c<\/title>\n<meta name=\"robots\" content=\"noindex, follow, max-snippet:-1, max-image-preview:large, max-video-preview:-1\" \/>\n<meta property=\"og:locale\" content=\"fr_FR\" \/>\n<meta property=\"og:type\" content=\"article\" \/>\n<meta property=\"og:title\" content=\"Yadel fait la r\u00e9volution \u00e0 la maison - w-l-c\" \/>\n<meta property=\"og:description\" content=\"Alors que Jacques a vu et l&rsquo;Ann\u00e9e prochaine, leur premier long m\u00e9trage est attendu cette ann\u00e9e dans les salles, Xavier Diskeuve et Vania Leturq sont mis \u00e0 l&rsquo;honneur ce mercredi dans Tout court avec deux de leurs courts m\u00e9trages : Revolution s&rsquo;appuie sur le trio magique qu&rsquo;on verra aussi dans Jacques a vu et La &hellip;\" \/>\n<meta property=\"og:url\" content=\"https:\/\/w-l-c.be\/fr\/yadel-fait-la-revolution-la-maison\/\" \/>\n<meta property=\"og:site_name\" content=\"w-l-c\" \/>\n<meta property=\"article:published_time\" content=\"2014-02-18T07:07:13+00:00\" \/>\n<meta property=\"article:modified_time\" content=\"2014-02-17T11:14:15+00:00\" \/>\n<meta property=\"og:image\" content=\"https:\/\/w-l-c.be\/wp-content\/uploads\/2010\/02\/revolution.jpg\" \/>\n\t<meta property=\"og:image:width\" content=\"640\" \/>\n\t<meta property=\"og:image:height\" content=\"360\" \/>\n\t<meta property=\"og:image:type\" content=\"image\/jpeg\" \/>\n<meta name=\"author\" content=\"Philippe.Pierquin\" \/>\n<meta name=\"twitter:card\" content=\"summary_large_image\" \/>\n<meta name=\"twitter:label1\" content=\"\u00c9crit par\" \/>\n\t<meta name=\"twitter:data1\" content=\"Philippe.Pierquin\" \/>\n\t<meta name=\"twitter:label2\" content=\"Dur\u00e9e de lecture estim\u00e9e\" \/>\n\t<meta name=\"twitter:data2\" content=\"2 minutes\" \/>\n<script type=\"application\/ld+json\" class=\"yoast-schema-graph\">{\"@context\":\"https:\/\/schema.org\",\"@graph\":[{\"@type\":\"WebPage\",\"@id\":\"https:\/\/w-l-c.be\/fr\/yadel-fait-la-revolution-la-maison\/\",\"url\":\"https:\/\/w-l-c.be\/fr\/yadel-fait-la-revolution-la-maison\/\",\"name\":\"Yadel fait la r\u00e9volution \u00e0 la maison - w-l-c\",\"isPartOf\":{\"@id\":\"https:\/\/w-l-c.be\/fr\/#website\"},\"datePublished\":\"2014-02-18T07:07:13+00:00\",\"dateModified\":\"2014-02-17T11:14:15+00:00\",\"author\":{\"@id\":\"https:\/\/w-l-c.be\/fr\/#\/schema\/person\/4b9b1d857f0943453a38a7c2859ef756\"},\"breadcrumb\":{\"@id\":\"https:\/\/w-l-c.be\/fr\/yadel-fait-la-revolution-la-maison\/#breadcrumb\"},\"inLanguage\":\"fr-FR\",\"potentialAction\":[{\"@type\":\"ReadAction\",\"target\":[\"https:\/\/w-l-c.be\/fr\/yadel-fait-la-revolution-la-maison\/\"]}]},{\"@type\":\"BreadcrumbList\",\"@id\":\"https:\/\/w-l-c.be\/fr\/yadel-fait-la-revolution-la-maison\/#breadcrumb\",\"itemListElement\":[{\"@type\":\"ListItem\",\"position\":1,\"name\":\"Accueil\",\"item\":\"https:\/\/w-l-c.be\/fr\/\"},{\"@type\":\"ListItem\",\"position\":2,\"name\":\"Yadel fait la r\u00e9volution \u00e0 la maison\"}]},{\"@type\":\"WebSite\",\"@id\":\"https:\/\/w-l-c.be\/fr\/#website\",\"url\":\"https:\/\/w-l-c.be\/fr\/\",\"name\":\"w-l-c\",\"description\":\"Le cin\u00e9ma vu par les belges\",\"potentialAction\":[{\"@type\":\"SearchAction\",\"target\":{\"@type\":\"EntryPoint\",\"urlTemplate\":\"https:\/\/w-l-c.be\/fr\/?s={search_term_string}\"},\"query-input\":\"required name=search_term_string\"}],\"inLanguage\":\"fr-FR\"},{\"@type\":\"Person\",\"@id\":\"https:\/\/w-l-c.be\/fr\/#\/schema\/person\/4b9b1d857f0943453a38a7c2859ef756\",\"name\":\"Philippe.Pierquin\",\"url\":\"https:\/\/w-l-c.be\/fr\/author\/philippe-pierquin\/\"}]}<\/script>\n<!-- \/ Yoast SEO plugin. -->","yoast_head_json":{"title":"Yadel fait la r\u00e9volution \u00e0 la maison - w-l-c","robots":{"index":"noindex","follow":"follow","max-snippet":"max-snippet:-1","max-image-preview":"max-image-preview:large","max-video-preview":"max-video-preview:-1"},"og_locale":"fr_FR","og_type":"article","og_title":"Yadel fait la r\u00e9volution \u00e0 la maison - w-l-c","og_description":"Alors que Jacques a vu et l&rsquo;Ann\u00e9e prochaine, leur premier long m\u00e9trage est attendu cette ann\u00e9e dans les salles, Xavier Diskeuve et Vania Leturq sont mis \u00e0 l&rsquo;honneur ce mercredi dans Tout court avec deux de leurs courts m\u00e9trages : Revolution s&rsquo;appuie sur le trio magique qu&rsquo;on verra aussi dans Jacques a vu et La &hellip;","og_url":"https:\/\/w-l-c.be\/fr\/yadel-fait-la-revolution-la-maison\/","og_site_name":"w-l-c","article_published_time":"2014-02-18T07:07:13+00:00","article_modified_time":"2014-02-17T11:14:15+00:00","og_image":[{"width":640,"height":360,"url":"https:\/\/w-l-c.be\/wp-content\/uploads\/2010\/02\/revolution.jpg","type":"image\/jpeg"}],"author":"Philippe.Pierquin","twitter_card":"summary_large_image","twitter_misc":{"\u00c9crit par":"Philippe.Pierquin","Dur\u00e9e de lecture estim\u00e9e":"2 minutes"},"schema":{"@context":"https:\/\/schema.org","@graph":[{"@type":"WebPage","@id":"https:\/\/w-l-c.be\/fr\/yadel-fait-la-revolution-la-maison\/","url":"https:\/\/w-l-c.be\/fr\/yadel-fait-la-revolution-la-maison\/","name":"Yadel fait la r\u00e9volution \u00e0 la maison - w-l-c","isPartOf":{"@id":"https:\/\/w-l-c.be\/fr\/#website"},"datePublished":"2014-02-18T07:07:13+00:00","dateModified":"2014-02-17T11:14:15+00:00","author":{"@id":"https:\/\/w-l-c.be\/fr\/#\/schema\/person\/4b9b1d857f0943453a38a7c2859ef756"},"breadcrumb":{"@id":"https:\/\/w-l-c.be\/fr\/yadel-fait-la-revolution-la-maison\/#breadcrumb"},"inLanguage":"fr-FR","potentialAction":[{"@type":"ReadAction","target":["https:\/\/w-l-c.be\/fr\/yadel-fait-la-revolution-la-maison\/"]}]},{"@type":"BreadcrumbList","@id":"https:\/\/w-l-c.be\/fr\/yadel-fait-la-revolution-la-maison\/#breadcrumb","itemListElement":[{"@type":"ListItem","position":1,"name":"Accueil","item":"https:\/\/w-l-c.be\/fr\/"},{"@type":"ListItem","position":2,"name":"Yadel fait la r\u00e9volution \u00e0 la maison"}]},{"@type":"WebSite","@id":"https:\/\/w-l-c.be\/fr\/#website","url":"https:\/\/w-l-c.be\/fr\/","name":"w-l-c","description":"Le cin\u00e9ma vu par les belges","potentialAction":[{"@type":"SearchAction","target":{"@type":"EntryPoint","urlTemplate":"https:\/\/w-l-c.be\/fr\/?s={search_term_string}"},"query-input":"required name=search_term_string"}],"inLanguage":"fr-FR"},{"@type":"Person","@id":"https:\/\/w-l-c.be\/fr\/#\/schema\/person\/4b9b1d857f0943453a38a7c2859ef756","name":"Philippe.Pierquin","url":"https:\/\/w-l-c.be\/fr\/author\/philippe-pierquin\/"}]}},"_links":{"self":[{"href":"https:\/\/w-l-c.be\/fr\/wp-json\/wp\/v2\/posts\/52699","targetHints":{"allow":["GET"]}}],"collection":[{"href":"https:\/\/w-l-c.be\/fr\/wp-json\/wp\/v2\/posts"}],"about":[{"href":"https:\/\/w-l-c.be\/fr\/wp-json\/wp\/v2\/types\/post"}],"author":[{"embeddable":true,"href":"https:\/\/w-l-c.be\/fr\/wp-json\/wp\/v2\/users\/7"}],"replies":[{"embeddable":true,"href":"https:\/\/w-l-c.be\/fr\/wp-json\/wp\/v2\/comments?post=52699"}],"version-history":[{"count":0,"href":"https:\/\/w-l-c.be\/fr\/wp-json\/wp\/v2\/posts\/52699\/revisions"}],"wp:featuredmedia":[{"embeddable":true,"href":"https:\/\/w-l-c.be\/fr\/wp-json\/wp\/v2\/media\/52704"}],"wp:attachment":[{"href":"https:\/\/w-l-c.be\/fr\/wp-json\/wp\/v2\/media?parent=52699"}],"wp:term":[{"taxonomy":"category","embeddable":true,"href":"https:\/\/w-l-c.be\/fr\/wp-json\/wp\/v2\/categories?post=52699"},{"taxonomy":"post_tag","embeddable":true,"href":"https:\/\/w-l-c.be\/fr\/wp-json\/wp\/v2\/tags?post=52699"}],"curies":[{"name":"wp","href":"https:\/\/api.w.org\/{rel}","templated":true}]}}