
{"id":52707,"date":"2014-02-18T06:31:26","date_gmt":"2014-02-18T05:31:26","guid":{"rendered":"http:\/\/www.cinevox.be\/?p=52707"},"modified":"2014-03-10T10:38:22","modified_gmt":"2014-03-10T09:38:22","slug":"la-photo-du-jour-mardi-18-fevrier-2014","status":"publish","type":"post","link":"https:\/\/w-l-c.be\/fr\/la-photo-du-jour-mardi-18-fevrier-2014\/","title":{"rendered":"La photo du jour &#8211; mardi 18 f\u00e9vrier 2014"},"content":{"rendered":"<p>L&rsquo;acteur belge Jonathan Zacca\u00ef tourne actuellement en Alsace une mini-s\u00e9rie fantastique de trois \u00e9pisodes (52 minutes) pour Arte<\/p>\n<p>Le r\u00e9alisateur de <i>Un \u00c9cho<\/i> est Xavier Palud qui a sign\u00e9 l&rsquo;excellent triller Ils avant de partir aux \u00c9tats-Unis pour filmer The Eye et revenir tourner a l&rsquo;aveugle, pou Europa Corps.<!--more--><\/p>\n<p>&nbsp;<\/p>\n<p>Dans ce thriller fantastique, Jonathan est Phillippe est pianiste\u2026 victime d\u2019acouph\u00e8nes et d\u2019hallucinations de plus en plus \u00e9tranges. Soudain, il bascule dans une autre r\u00e9alit\u00e9 o\u00f9 il m\u00e8ne une vie toute diff\u00e9rente avec un autre pr\u00e9nom et une nouvelle famille.<\/p>\n<p>Est-il en train de perdre la raison ?<br \/>\nDe retour chez lui, il se rend compte qu\u2019un autre lui-m\u00eame a pris sa place aupr\u00e8s de sa femme. Sous le choc mais d\u00e9termin\u00e9, Philippe cherche \u00e0 comprendre, convaincu qu\u2019il n\u2019est pas fou&#8230;<\/p>\n<p>&nbsp;<\/p>\n<p><a href=\"http:\/\/www.cinevox.be\/la-photo-du-jour-mardi-18-fevrier-2014\/jo-3\/\" rel=\"attachment wp-att-52708\"><img loading=\"lazy\" decoding=\"async\" class=\"aligncenter size-full wp-image-52708\" alt=\"\" src=\"http:\/\/www.cinevox.be\/wp-content\/uploads\/2014\/02\/jo.jpg\" width=\"960\" height=\"720\" srcset=\"https:\/\/w-l-c.be\/wp-content\/uploads\/2014\/02\/jo.jpg 960w, https:\/\/w-l-c.be\/wp-content\/uploads\/2014\/02\/jo-360x270.jpg 360w, https:\/\/w-l-c.be\/wp-content\/uploads\/2014\/02\/jo-800x600.jpg 800w, https:\/\/w-l-c.be\/wp-content\/uploads\/2014\/02\/jo-300x225.jpg 300w\" sizes=\"auto, (max-width: 960px) 100vw, 960px\" \/><\/a><\/p>\n<p>&nbsp;<\/p>\n","protected":false},"excerpt":{"rendered":"<p>L&rsquo;acteur belge Jonathan Zacca\u00ef tourne actuellement en Alsace une mini-s\u00e9rie fantastique de trois \u00e9pisodes (52 minutes) pour Arte Le r\u00e9alisateur de Un \u00c9cho est Xavier Palud qui a sign\u00e9 l&rsquo;excellent triller Ils avant de partir aux \u00c9tats-Unis pour filmer The Eye et revenir tourner a l&rsquo;aveugle, pou Europa Corps.<\/p>\n","protected":false},"author":7,"featured_media":52710,"comment_status":"closed","ping_status":"closed","sticky":false,"template":"","format":"standard","meta":{"ngg_post_thumbnail":0,"footnotes":""},"categories":[1923],"tags":[],"class_list":["post-52707","post","type-post","status-publish","format-standard","has-post-thumbnail","","category-en-bref"],"yoast_head":"<!-- This site is optimized with the Yoast SEO plugin v20.4 - https:\/\/yoast.com\/wordpress\/plugins\/seo\/ -->\n<title>La photo du jour - mardi 18 f\u00e9vrier 2014 - w-l-c<\/title>\n<meta name=\"robots\" content=\"noindex, follow, max-snippet:-1, max-image-preview:large, max-video-preview:-1\" \/>\n<meta property=\"og:locale\" content=\"fr_FR\" \/>\n<meta property=\"og:type\" content=\"article\" \/>\n<meta property=\"og:title\" content=\"La photo du jour - mardi 18 f\u00e9vrier 2014 - w-l-c\" \/>\n<meta property=\"og:description\" content=\"L&rsquo;acteur belge Jonathan Zacca\u00ef tourne actuellement en Alsace une mini-s\u00e9rie fantastique de trois \u00e9pisodes (52 minutes) pour Arte Le r\u00e9alisateur de Un \u00c9cho est Xavier Palud qui a sign\u00e9 l&rsquo;excellent triller Ils avant de partir aux \u00c9tats-Unis pour filmer The Eye et revenir tourner a l&rsquo;aveugle, pou Europa Corps.\" \/>\n<meta property=\"og:url\" content=\"https:\/\/w-l-c.be\/fr\/la-photo-du-jour-mardi-18-fevrier-2014\/\" \/>\n<meta property=\"og:site_name\" content=\"w-l-c\" \/>\n<meta property=\"article:published_time\" content=\"2014-02-18T05:31:26+00:00\" \/>\n<meta property=\"article:modified_time\" content=\"2014-03-10T09:38:22+00:00\" \/>\n<meta property=\"og:image\" content=\"https:\/\/w-l-c.be\/wp-content\/uploads\/2010\/02\/app1.jpg\" \/>\n\t<meta property=\"og:image:width\" content=\"1536\" \/>\n\t<meta property=\"og:image:height\" content=\"1024\" \/>\n\t<meta property=\"og:image:type\" content=\"image\/jpeg\" \/>\n<meta name=\"author\" content=\"Philippe.Pierquin\" \/>\n<meta name=\"twitter:card\" content=\"summary_large_image\" \/>\n<meta name=\"twitter:label1\" content=\"\u00c9crit par\" \/>\n\t<meta name=\"twitter:data1\" content=\"Philippe.Pierquin\" \/>\n\t<meta name=\"twitter:label2\" content=\"Dur\u00e9e de lecture estim\u00e9e\" \/>\n\t<meta name=\"twitter:data2\" content=\"1 minute\" \/>\n<script type=\"application\/ld+json\" class=\"yoast-schema-graph\">{\"@context\":\"https:\/\/schema.org\",\"@graph\":[{\"@type\":\"WebPage\",\"@id\":\"https:\/\/w-l-c.be\/fr\/la-photo-du-jour-mardi-18-fevrier-2014\/\",\"url\":\"https:\/\/w-l-c.be\/fr\/la-photo-du-jour-mardi-18-fevrier-2014\/\",\"name\":\"La photo du jour - mardi 18 f\u00e9vrier 2014 - w-l-c\",\"isPartOf\":{\"@id\":\"https:\/\/w-l-c.be\/fr\/#website\"},\"datePublished\":\"2014-02-18T05:31:26+00:00\",\"dateModified\":\"2014-03-10T09:38:22+00:00\",\"author\":{\"@id\":\"https:\/\/w-l-c.be\/fr\/#\/schema\/person\/4b9b1d857f0943453a38a7c2859ef756\"},\"breadcrumb\":{\"@id\":\"https:\/\/w-l-c.be\/fr\/la-photo-du-jour-mardi-18-fevrier-2014\/#breadcrumb\"},\"inLanguage\":\"fr-FR\",\"potentialAction\":[{\"@type\":\"ReadAction\",\"target\":[\"https:\/\/w-l-c.be\/fr\/la-photo-du-jour-mardi-18-fevrier-2014\/\"]}]},{\"@type\":\"BreadcrumbList\",\"@id\":\"https:\/\/w-l-c.be\/fr\/la-photo-du-jour-mardi-18-fevrier-2014\/#breadcrumb\",\"itemListElement\":[{\"@type\":\"ListItem\",\"position\":1,\"name\":\"Accueil\",\"item\":\"https:\/\/w-l-c.be\/fr\/\"},{\"@type\":\"ListItem\",\"position\":2,\"name\":\"La photo du jour &#8211; mardi 18 f\u00e9vrier 2014\"}]},{\"@type\":\"WebSite\",\"@id\":\"https:\/\/w-l-c.be\/fr\/#website\",\"url\":\"https:\/\/w-l-c.be\/fr\/\",\"name\":\"w-l-c\",\"description\":\"Le cin\u00e9ma vu par les belges\",\"potentialAction\":[{\"@type\":\"SearchAction\",\"target\":{\"@type\":\"EntryPoint\",\"urlTemplate\":\"https:\/\/w-l-c.be\/fr\/?s={search_term_string}\"},\"query-input\":\"required name=search_term_string\"}],\"inLanguage\":\"fr-FR\"},{\"@type\":\"Person\",\"@id\":\"https:\/\/w-l-c.be\/fr\/#\/schema\/person\/4b9b1d857f0943453a38a7c2859ef756\",\"name\":\"Philippe.Pierquin\",\"url\":\"https:\/\/w-l-c.be\/fr\/author\/philippe-pierquin\/\"}]}<\/script>\n<!-- \/ Yoast SEO plugin. -->","yoast_head_json":{"title":"La photo du jour - mardi 18 f\u00e9vrier 2014 - w-l-c","robots":{"index":"noindex","follow":"follow","max-snippet":"max-snippet:-1","max-image-preview":"max-image-preview:large","max-video-preview":"max-video-preview:-1"},"og_locale":"fr_FR","og_type":"article","og_title":"La photo du jour - mardi 18 f\u00e9vrier 2014 - w-l-c","og_description":"L&rsquo;acteur belge Jonathan Zacca\u00ef tourne actuellement en Alsace une mini-s\u00e9rie fantastique de trois \u00e9pisodes (52 minutes) pour Arte Le r\u00e9alisateur de Un \u00c9cho est Xavier Palud qui a sign\u00e9 l&rsquo;excellent triller Ils avant de partir aux \u00c9tats-Unis pour filmer The Eye et revenir tourner a l&rsquo;aveugle, pou Europa Corps.","og_url":"https:\/\/w-l-c.be\/fr\/la-photo-du-jour-mardi-18-fevrier-2014\/","og_site_name":"w-l-c","article_published_time":"2014-02-18T05:31:26+00:00","article_modified_time":"2014-03-10T09:38:22+00:00","og_image":[{"width":1536,"height":1024,"url":"https:\/\/w-l-c.be\/wp-content\/uploads\/2010\/02\/app1.jpg","type":"image\/jpeg"}],"author":"Philippe.Pierquin","twitter_card":"summary_large_image","twitter_misc":{"\u00c9crit par":"Philippe.Pierquin","Dur\u00e9e de lecture estim\u00e9e":"1 minute"},"schema":{"@context":"https:\/\/schema.org","@graph":[{"@type":"WebPage","@id":"https:\/\/w-l-c.be\/fr\/la-photo-du-jour-mardi-18-fevrier-2014\/","url":"https:\/\/w-l-c.be\/fr\/la-photo-du-jour-mardi-18-fevrier-2014\/","name":"La photo du jour - mardi 18 f\u00e9vrier 2014 - w-l-c","isPartOf":{"@id":"https:\/\/w-l-c.be\/fr\/#website"},"datePublished":"2014-02-18T05:31:26+00:00","dateModified":"2014-03-10T09:38:22+00:00","author":{"@id":"https:\/\/w-l-c.be\/fr\/#\/schema\/person\/4b9b1d857f0943453a38a7c2859ef756"},"breadcrumb":{"@id":"https:\/\/w-l-c.be\/fr\/la-photo-du-jour-mardi-18-fevrier-2014\/#breadcrumb"},"inLanguage":"fr-FR","potentialAction":[{"@type":"ReadAction","target":["https:\/\/w-l-c.be\/fr\/la-photo-du-jour-mardi-18-fevrier-2014\/"]}]},{"@type":"BreadcrumbList","@id":"https:\/\/w-l-c.be\/fr\/la-photo-du-jour-mardi-18-fevrier-2014\/#breadcrumb","itemListElement":[{"@type":"ListItem","position":1,"name":"Accueil","item":"https:\/\/w-l-c.be\/fr\/"},{"@type":"ListItem","position":2,"name":"La photo du jour &#8211; mardi 18 f\u00e9vrier 2014"}]},{"@type":"WebSite","@id":"https:\/\/w-l-c.be\/fr\/#website","url":"https:\/\/w-l-c.be\/fr\/","name":"w-l-c","description":"Le cin\u00e9ma vu par les belges","potentialAction":[{"@type":"SearchAction","target":{"@type":"EntryPoint","urlTemplate":"https:\/\/w-l-c.be\/fr\/?s={search_term_string}"},"query-input":"required name=search_term_string"}],"inLanguage":"fr-FR"},{"@type":"Person","@id":"https:\/\/w-l-c.be\/fr\/#\/schema\/person\/4b9b1d857f0943453a38a7c2859ef756","name":"Philippe.Pierquin","url":"https:\/\/w-l-c.be\/fr\/author\/philippe-pierquin\/"}]}},"_links":{"self":[{"href":"https:\/\/w-l-c.be\/fr\/wp-json\/wp\/v2\/posts\/52707","targetHints":{"allow":["GET"]}}],"collection":[{"href":"https:\/\/w-l-c.be\/fr\/wp-json\/wp\/v2\/posts"}],"about":[{"href":"https:\/\/w-l-c.be\/fr\/wp-json\/wp\/v2\/types\/post"}],"author":[{"embeddable":true,"href":"https:\/\/w-l-c.be\/fr\/wp-json\/wp\/v2\/users\/7"}],"replies":[{"embeddable":true,"href":"https:\/\/w-l-c.be\/fr\/wp-json\/wp\/v2\/comments?post=52707"}],"version-history":[{"count":0,"href":"https:\/\/w-l-c.be\/fr\/wp-json\/wp\/v2\/posts\/52707\/revisions"}],"wp:featuredmedia":[{"embeddable":true,"href":"https:\/\/w-l-c.be\/fr\/wp-json\/wp\/v2\/media\/52710"}],"wp:attachment":[{"href":"https:\/\/w-l-c.be\/fr\/wp-json\/wp\/v2\/media?parent=52707"}],"wp:term":[{"taxonomy":"category","embeddable":true,"href":"https:\/\/w-l-c.be\/fr\/wp-json\/wp\/v2\/categories?post=52707"},{"taxonomy":"post_tag","embeddable":true,"href":"https:\/\/w-l-c.be\/fr\/wp-json\/wp\/v2\/tags?post=52707"}],"curies":[{"name":"wp","href":"https:\/\/api.w.org\/{rel}","templated":true}]}}