
{"id":52763,"date":"2014-02-19T12:35:01","date_gmt":"2014-02-19T11:35:01","guid":{"rendered":"http:\/\/www.cinevox.be\/?p=52763"},"modified":"2014-02-27T09:48:19","modified_gmt":"2014-02-27T08:48:19","slug":"halfweg-mi-chemin-entre-lenfer-et-le-paradis","status":"publish","type":"post","link":"https:\/\/w-l-c.be\/fr\/halfweg-mi-chemin-entre-lenfer-et-le-paradis\/","title":{"rendered":"Halfweg : \u00e0 mi-chemin entre l&rsquo;enfer et le paradis."},"content":{"rendered":"<p><i>Halfweg <\/i>sera-t-il le prochain triomphe du cin\u00e9ma flamand? C\u2019est une probabilit\u00e9 puisqu\u2019il s\u2019agit du nouveau long m\u00e9trage de <b>Geoffrey Enthoven, Mariano Vanhoof<\/b> et <b>Pierre De Clercq,<\/b> le trio qui se cachait derri\u00e8re <i>Hasta La Vista, <\/i>un carton qui a largement les fronti\u00e8res belges pour d\u00e9ferler vers la France o\u00f9 il a<i> <\/i>attir\u00e9 plus de 120.000 spectateurs. Pour un film belge francophone, c\u2019est d\u00e9j\u00e0 bien. Alors, imaginez, pour un film flamand\u2026<!--more--><\/p>\n<p>&nbsp;<\/p>\n<p><b>Tom Audenaert<\/b> et <b>Gilles De Schryver,<\/b> deux des acteurs de <i>Hasta La Vista<\/i> tiennent \u00e0 nouveau un r\u00f4le dans cette com\u00e9die souvent d\u00e9brid\u00e9e, mais les personnages principaux sont cette fois camp\u00e9s par l\u2019excellent <b>Koen De Graeve<\/b> (Tot Altijd) et <b>Jurgen Delnaet, <\/b>acteur tr\u00e8s connu en Flandre pour appara\u00eetre au g\u00e9n\u00e9rique de nombreuses s\u00e9ries t\u00e9l\u00e9vis\u00e9es.<\/p>\n<p>&nbsp;<\/p>\n<p><a href=\"http:\/\/www.cinevox.be\/halfweg-mi-chemin-entre-lenfer-et-le-paradis\/halfweg-3\/\" rel=\"attachment wp-att-52764\"><img loading=\"lazy\" decoding=\"async\" class=\"aligncenter size-full wp-image-52764\" alt=\"\" src=\"http:\/\/www.cinevox.be\/wp-content\/uploads\/2014\/02\/halfweg_27_0395_0.jpg\" width=\"800\" height=\"544\" srcset=\"https:\/\/w-l-c.be\/wp-content\/uploads\/2014\/02\/halfweg_27_0395_0.jpg 800w, https:\/\/w-l-c.be\/wp-content\/uploads\/2014\/02\/halfweg_27_0395_0-397x270.jpg 397w\" sizes=\"auto, (max-width: 800px) 100vw, 800px\" \/><\/a><\/p>\n<p>&nbsp;<\/p>\n<p>C\u00f4t\u00e9 f\u00e9minin, on retrouve avec un \u00e9vident plaisir <b>Evelien Bosmans<\/b>, l\u2019h\u00e9ro\u00efne mutine de <i>Marina<\/i> et <b>Veerle Baetens<\/b>, la Matthias Schoenaerts f\u00e9minine qui affole la plan\u00e8te cin\u00e9ma.<\/p>\n<p>&nbsp;<\/p>\n<p>L\u2019histoire et le ton d\u2019<i>Halfweg<\/i> sont tr\u00e8s particuliers : un homme fra\u00eechement divorc\u00e9 se terre, seul, dans sa vaste demeure o\u00f9 il esp\u00e8re se reconstruire. Pourtant, des circonstances totalement impr\u00e9vues vont troubler sa qui\u00e9tude. \u00c0 la fois com\u00e9die loufoque, romance, histoire de revenants et thriller, <i>Halfweg <\/i>jongle avec les genres et s\u2019amuse beaucoup de ses fac\u00e9ties inattendues.<\/p>\n<p>&nbsp;<\/p>\n<p><a href=\"http:\/\/www.cinevox.be\/halfweg-mi-chemin-entre-lenfer-et-le-paradis\/halfweg33a_small0297\/\" rel=\"attachment wp-att-52765\"><img loading=\"lazy\" decoding=\"async\" class=\"aligncenter size-full wp-image-52765\" alt=\"\" src=\"http:\/\/www.cinevox.be\/wp-content\/uploads\/2014\/02\/halfweg33A_small0297.jpg\" width=\"800\" height=\"539\" srcset=\"https:\/\/w-l-c.be\/wp-content\/uploads\/2014\/02\/halfweg33A_small0297.jpg 800w, https:\/\/w-l-c.be\/wp-content\/uploads\/2014\/02\/halfweg33A_small0297-400x270.jpg 400w\" sizes=\"auto, (max-width: 800px) 100vw, 800px\" \/><\/a><\/p>\n<p>&nbsp;<\/p>\n<p>Contrairement \u00e0 <i>Hasta La Vista<\/i> o\u00f9 l\u2019action faisait voyager ses personnages de la Belgique \u00e0 l\u2019Espagne, <i>Halfweg<\/i> a \u00e9t\u00e9 film\u00e9 en un lieu unique, la c\u00e9l\u00e8bre Villa Carpentier, une maison Horta \u00e0 Renaix. Un tournage qui a dur\u00e9 \u00e0 peine 23 jours soit environ 30% de moins qu\u2019un projet plus classique.<\/p>\n<p>&nbsp;<br \/>\nPour vous faire une id\u00e9e, n\u2019h\u00e9sitez pas \u00e0 jeter un coup d\u2019oeil sur la bande-annonce : <a href=\"http:\/\/www.cinevox.be\/halfweg-la-bande-annonce\" target=\"_blank\">ICI<\/a><\/p>\n<p>&nbsp;<\/p>\n","protected":false},"excerpt":{"rendered":"<p>Halfweg sera-t-il le prochain triomphe du cin\u00e9ma flamand? C\u2019est une probabilit\u00e9 puisqu\u2019il s\u2019agit du nouveau long m\u00e9trage de Geoffrey Enthoven, Mariano Vanhoof et Pierre De Clercq, le trio qui se cachait derri\u00e8re Hasta La Vista, un carton qui a largement les fronti\u00e8res belges pour d\u00e9ferler vers la France o\u00f9 il a attir\u00e9 plus de 120.000 &hellip;<\/p>\n","protected":false},"author":7,"featured_media":52767,"comment_status":"closed","ping_status":"closed","sticky":false,"template":"","format":"standard","meta":{"ngg_post_thumbnail":0,"footnotes":""},"categories":[10],"tags":[],"class_list":["post-52763","post","type-post","status-publish","format-standard","has-post-thumbnail","","category-a-l-affiche"],"yoast_head":"<!-- This site is optimized with the Yoast SEO plugin v20.4 - https:\/\/yoast.com\/wordpress\/plugins\/seo\/ -->\n<title>Halfweg : \u00e0 mi-chemin entre l&#039;enfer et le paradis.   - w-l-c<\/title>\n<meta name=\"robots\" content=\"noindex, follow, max-snippet:-1, max-image-preview:large, max-video-preview:-1\" \/>\n<meta property=\"og:locale\" content=\"fr_FR\" \/>\n<meta property=\"og:type\" content=\"article\" \/>\n<meta property=\"og:title\" content=\"Halfweg : \u00e0 mi-chemin entre l&#039;enfer et le paradis.   - w-l-c\" \/>\n<meta property=\"og:description\" content=\"Halfweg sera-t-il le prochain triomphe du cin\u00e9ma flamand? C\u2019est une probabilit\u00e9 puisqu\u2019il s\u2019agit du nouveau long m\u00e9trage de Geoffrey Enthoven, Mariano Vanhoof et Pierre De Clercq, le trio qui se cachait derri\u00e8re Hasta La Vista, un carton qui a largement les fronti\u00e8res belges pour d\u00e9ferler vers la France o\u00f9 il a attir\u00e9 plus de 120.000 &hellip;\" \/>\n<meta property=\"og:url\" content=\"https:\/\/w-l-c.be\/fr\/halfweg-mi-chemin-entre-lenfer-et-le-paradis\/\" \/>\n<meta property=\"og:site_name\" content=\"w-l-c\" \/>\n<meta property=\"article:published_time\" content=\"2014-02-19T11:35:01+00:00\" \/>\n<meta property=\"article:modified_time\" content=\"2014-02-27T08:48:19+00:00\" \/>\n<meta property=\"og:image\" content=\"https:\/\/w-l-c.be\/wp-content\/uploads\/2014\/02\/images.jpg\" \/>\n\t<meta property=\"og:image:width\" content=\"337\" \/>\n\t<meta property=\"og:image:height\" content=\"150\" \/>\n\t<meta property=\"og:image:type\" content=\"image\/jpeg\" \/>\n<meta name=\"author\" content=\"Philippe.Pierquin\" \/>\n<meta name=\"twitter:card\" content=\"summary_large_image\" \/>\n<meta name=\"twitter:label1\" content=\"\u00c9crit par\" \/>\n\t<meta name=\"twitter:data1\" content=\"Philippe.Pierquin\" \/>\n\t<meta name=\"twitter:label2\" content=\"Dur\u00e9e de lecture estim\u00e9e\" \/>\n\t<meta name=\"twitter:data2\" content=\"2 minutes\" \/>\n<script type=\"application\/ld+json\" class=\"yoast-schema-graph\">{\"@context\":\"https:\/\/schema.org\",\"@graph\":[{\"@type\":\"WebPage\",\"@id\":\"https:\/\/w-l-c.be\/fr\/halfweg-mi-chemin-entre-lenfer-et-le-paradis\/\",\"url\":\"https:\/\/w-l-c.be\/fr\/halfweg-mi-chemin-entre-lenfer-et-le-paradis\/\",\"name\":\"Halfweg : \u00e0 mi-chemin entre l'enfer et le paradis. - w-l-c\",\"isPartOf\":{\"@id\":\"https:\/\/w-l-c.be\/fr\/#website\"},\"datePublished\":\"2014-02-19T11:35:01+00:00\",\"dateModified\":\"2014-02-27T08:48:19+00:00\",\"author\":{\"@id\":\"https:\/\/w-l-c.be\/fr\/#\/schema\/person\/4b9b1d857f0943453a38a7c2859ef756\"},\"breadcrumb\":{\"@id\":\"https:\/\/w-l-c.be\/fr\/halfweg-mi-chemin-entre-lenfer-et-le-paradis\/#breadcrumb\"},\"inLanguage\":\"fr-FR\",\"potentialAction\":[{\"@type\":\"ReadAction\",\"target\":[\"https:\/\/w-l-c.be\/fr\/halfweg-mi-chemin-entre-lenfer-et-le-paradis\/\"]}]},{\"@type\":\"BreadcrumbList\",\"@id\":\"https:\/\/w-l-c.be\/fr\/halfweg-mi-chemin-entre-lenfer-et-le-paradis\/#breadcrumb\",\"itemListElement\":[{\"@type\":\"ListItem\",\"position\":1,\"name\":\"Accueil\",\"item\":\"https:\/\/w-l-c.be\/fr\/\"},{\"@type\":\"ListItem\",\"position\":2,\"name\":\"Halfweg : \u00e0 mi-chemin entre l&rsquo;enfer et le paradis.\"}]},{\"@type\":\"WebSite\",\"@id\":\"https:\/\/w-l-c.be\/fr\/#website\",\"url\":\"https:\/\/w-l-c.be\/fr\/\",\"name\":\"w-l-c\",\"description\":\"Le cin\u00e9ma vu par les belges\",\"potentialAction\":[{\"@type\":\"SearchAction\",\"target\":{\"@type\":\"EntryPoint\",\"urlTemplate\":\"https:\/\/w-l-c.be\/fr\/?s={search_term_string}\"},\"query-input\":\"required name=search_term_string\"}],\"inLanguage\":\"fr-FR\"},{\"@type\":\"Person\",\"@id\":\"https:\/\/w-l-c.be\/fr\/#\/schema\/person\/4b9b1d857f0943453a38a7c2859ef756\",\"name\":\"Philippe.Pierquin\",\"url\":\"https:\/\/w-l-c.be\/fr\/author\/philippe-pierquin\/\"}]}<\/script>\n<!-- \/ Yoast SEO plugin. -->","yoast_head_json":{"title":"Halfweg : \u00e0 mi-chemin entre l'enfer et le paradis.   - w-l-c","robots":{"index":"noindex","follow":"follow","max-snippet":"max-snippet:-1","max-image-preview":"max-image-preview:large","max-video-preview":"max-video-preview:-1"},"og_locale":"fr_FR","og_type":"article","og_title":"Halfweg : \u00e0 mi-chemin entre l'enfer et le paradis.   - w-l-c","og_description":"Halfweg sera-t-il le prochain triomphe du cin\u00e9ma flamand? C\u2019est une probabilit\u00e9 puisqu\u2019il s\u2019agit du nouveau long m\u00e9trage de Geoffrey Enthoven, Mariano Vanhoof et Pierre De Clercq, le trio qui se cachait derri\u00e8re Hasta La Vista, un carton qui a largement les fronti\u00e8res belges pour d\u00e9ferler vers la France o\u00f9 il a attir\u00e9 plus de 120.000 &hellip;","og_url":"https:\/\/w-l-c.be\/fr\/halfweg-mi-chemin-entre-lenfer-et-le-paradis\/","og_site_name":"w-l-c","article_published_time":"2014-02-19T11:35:01+00:00","article_modified_time":"2014-02-27T08:48:19+00:00","og_image":[{"width":337,"height":150,"url":"https:\/\/w-l-c.be\/wp-content\/uploads\/2014\/02\/images.jpg","type":"image\/jpeg"}],"author":"Philippe.Pierquin","twitter_card":"summary_large_image","twitter_misc":{"\u00c9crit par":"Philippe.Pierquin","Dur\u00e9e de lecture estim\u00e9e":"2 minutes"},"schema":{"@context":"https:\/\/schema.org","@graph":[{"@type":"WebPage","@id":"https:\/\/w-l-c.be\/fr\/halfweg-mi-chemin-entre-lenfer-et-le-paradis\/","url":"https:\/\/w-l-c.be\/fr\/halfweg-mi-chemin-entre-lenfer-et-le-paradis\/","name":"Halfweg : \u00e0 mi-chemin entre l'enfer et le paradis. - w-l-c","isPartOf":{"@id":"https:\/\/w-l-c.be\/fr\/#website"},"datePublished":"2014-02-19T11:35:01+00:00","dateModified":"2014-02-27T08:48:19+00:00","author":{"@id":"https:\/\/w-l-c.be\/fr\/#\/schema\/person\/4b9b1d857f0943453a38a7c2859ef756"},"breadcrumb":{"@id":"https:\/\/w-l-c.be\/fr\/halfweg-mi-chemin-entre-lenfer-et-le-paradis\/#breadcrumb"},"inLanguage":"fr-FR","potentialAction":[{"@type":"ReadAction","target":["https:\/\/w-l-c.be\/fr\/halfweg-mi-chemin-entre-lenfer-et-le-paradis\/"]}]},{"@type":"BreadcrumbList","@id":"https:\/\/w-l-c.be\/fr\/halfweg-mi-chemin-entre-lenfer-et-le-paradis\/#breadcrumb","itemListElement":[{"@type":"ListItem","position":1,"name":"Accueil","item":"https:\/\/w-l-c.be\/fr\/"},{"@type":"ListItem","position":2,"name":"Halfweg : \u00e0 mi-chemin entre l&rsquo;enfer et le paradis."}]},{"@type":"WebSite","@id":"https:\/\/w-l-c.be\/fr\/#website","url":"https:\/\/w-l-c.be\/fr\/","name":"w-l-c","description":"Le cin\u00e9ma vu par les belges","potentialAction":[{"@type":"SearchAction","target":{"@type":"EntryPoint","urlTemplate":"https:\/\/w-l-c.be\/fr\/?s={search_term_string}"},"query-input":"required name=search_term_string"}],"inLanguage":"fr-FR"},{"@type":"Person","@id":"https:\/\/w-l-c.be\/fr\/#\/schema\/person\/4b9b1d857f0943453a38a7c2859ef756","name":"Philippe.Pierquin","url":"https:\/\/w-l-c.be\/fr\/author\/philippe-pierquin\/"}]}},"_links":{"self":[{"href":"https:\/\/w-l-c.be\/fr\/wp-json\/wp\/v2\/posts\/52763","targetHints":{"allow":["GET"]}}],"collection":[{"href":"https:\/\/w-l-c.be\/fr\/wp-json\/wp\/v2\/posts"}],"about":[{"href":"https:\/\/w-l-c.be\/fr\/wp-json\/wp\/v2\/types\/post"}],"author":[{"embeddable":true,"href":"https:\/\/w-l-c.be\/fr\/wp-json\/wp\/v2\/users\/7"}],"replies":[{"embeddable":true,"href":"https:\/\/w-l-c.be\/fr\/wp-json\/wp\/v2\/comments?post=52763"}],"version-history":[{"count":0,"href":"https:\/\/w-l-c.be\/fr\/wp-json\/wp\/v2\/posts\/52763\/revisions"}],"wp:featuredmedia":[{"embeddable":true,"href":"https:\/\/w-l-c.be\/fr\/wp-json\/wp\/v2\/media\/52767"}],"wp:attachment":[{"href":"https:\/\/w-l-c.be\/fr\/wp-json\/wp\/v2\/media?parent=52763"}],"wp:term":[{"taxonomy":"category","embeddable":true,"href":"https:\/\/w-l-c.be\/fr\/wp-json\/wp\/v2\/categories?post=52763"},{"taxonomy":"post_tag","embeddable":true,"href":"https:\/\/w-l-c.be\/fr\/wp-json\/wp\/v2\/tags?post=52763"}],"curies":[{"name":"wp","href":"https:\/\/api.w.org\/{rel}","templated":true}]}}