
{"id":52769,"date":"2014-02-19T12:31:18","date_gmt":"2014-02-19T11:31:18","guid":{"rendered":"http:\/\/www.cinevox.be\/?p=52769"},"modified":"2014-02-19T12:34:05","modified_gmt":"2014-02-19T11:34:05","slug":"halfweg-la-bande-annonce","status":"publish","type":"post","link":"https:\/\/w-l-c.be\/fr\/halfweg-la-bande-annonce\/","title":{"rendered":"Halfweg : la bande-annonce"},"content":{"rendered":"<p>Un homme fra\u00eechement divorc\u00e9 se terre, seul, dans sa vaste demeure o\u00f9 il esp\u00e8re se reconstruire. Pourtant, des circonstances totalement impr\u00e9vues vont troubler sa qui\u00e9tude.<\/p>\n<p>&nbsp;<\/p>\n<p>Un film de\u00a0<b>Geoffrey Enthoven<\/b><\/p>\n<p>Avec\u00a0<b>Koen De Graeve<\/b>, <b>Jurgen Delnaet,\u00a0<b>Evelien Bosmans<\/b>,\u00a0<b>Veerle Baetens,\u00a0<b>Tom Audenaert<\/b>, <b>Gilles De Schryver&#8230;<\/b><\/b><\/b><\/p>\n<p>&nbsp;<\/p>\n<p>Article \u00e0 lire <a href=\"http:\/\/www.cinevox.be\/?p=52763\" target=\"_blank\">ICI<\/a><\/p>\n<p>Nous vous offrons des places <a href=\"http:\/\/www.cinevox.be\/concours\/\" target=\"_blank\">ICI<\/a><\/p>\n<p>&nbsp;<\/p>\n","protected":false},"excerpt":{"rendered":"<p>Un homme fra\u00eechement divorc\u00e9 se terre, seul, dans sa vaste demeure o\u00f9 il esp\u00e8re se reconstruire. Pourtant, des circonstances totalement impr\u00e9vues vont troubler sa qui\u00e9tude. &nbsp; Un film de\u00a0Geoffrey Enthoven Avec\u00a0Koen De Graeve, Jurgen Delnaet,\u00a0Evelien Bosmans,\u00a0Veerle Baetens,\u00a0Tom Audenaert, Gilles De Schryver&#8230; &nbsp; Article \u00e0 lire ICI Nous vous offrons des places ICI &nbsp;<\/p>\n","protected":false},"author":7,"featured_media":52770,"comment_status":"closed","ping_status":"closed","sticky":false,"template":"","format":"standard","meta":{"ngg_post_thumbnail":0,"footnotes":""},"categories":[53],"tags":[],"class_list":["post-52769","post","type-post","status-publish","format-standard","has-post-thumbnail","","category-coming-soon"],"yoast_head":"<!-- This site is optimized with the Yoast SEO plugin v20.4 - https:\/\/yoast.com\/wordpress\/plugins\/seo\/ -->\n<title>Halfweg : la bande-annonce - w-l-c<\/title>\n<meta name=\"robots\" content=\"noindex, follow, max-snippet:-1, max-image-preview:large, max-video-preview:-1\" \/>\n<meta property=\"og:locale\" content=\"fr_FR\" \/>\n<meta property=\"og:type\" content=\"article\" \/>\n<meta property=\"og:title\" content=\"Halfweg : la bande-annonce - w-l-c\" \/>\n<meta property=\"og:description\" content=\"Un homme fra\u00eechement divorc\u00e9 se terre, seul, dans sa vaste demeure o\u00f9 il esp\u00e8re se reconstruire. Pourtant, des circonstances totalement impr\u00e9vues vont troubler sa qui\u00e9tude. &nbsp; Un film de\u00a0Geoffrey Enthoven Avec\u00a0Koen De Graeve, Jurgen Delnaet,\u00a0Evelien Bosmans,\u00a0Veerle Baetens,\u00a0Tom Audenaert, Gilles De Schryver&#8230; &nbsp; Article \u00e0 lire ICI Nous vous offrons des places ICI &nbsp;\" \/>\n<meta property=\"og:url\" content=\"https:\/\/w-l-c.be\/fr\/halfweg-la-bande-annonce\/\" \/>\n<meta property=\"og:site_name\" content=\"w-l-c\" \/>\n<meta property=\"article:published_time\" content=\"2014-02-19T11:31:18+00:00\" \/>\n<meta property=\"article:modified_time\" content=\"2014-02-19T11:34:05+00:00\" \/>\n<meta property=\"og:image\" content=\"https:\/\/w-l-c.be\/wp-content\/uploads\/2014\/02\/halfweg_27_0395_01.jpg\" \/>\n\t<meta property=\"og:image:width\" content=\"800\" \/>\n\t<meta property=\"og:image:height\" content=\"544\" \/>\n\t<meta property=\"og:image:type\" content=\"image\/jpeg\" \/>\n<meta name=\"author\" content=\"Philippe.Pierquin\" \/>\n<meta name=\"twitter:card\" content=\"summary_large_image\" \/>\n<meta name=\"twitter:label1\" content=\"\u00c9crit par\" \/>\n\t<meta name=\"twitter:data1\" content=\"Philippe.Pierquin\" \/>\n<script type=\"application\/ld+json\" class=\"yoast-schema-graph\">{\"@context\":\"https:\/\/schema.org\",\"@graph\":[{\"@type\":\"WebPage\",\"@id\":\"https:\/\/w-l-c.be\/fr\/halfweg-la-bande-annonce\/\",\"url\":\"https:\/\/w-l-c.be\/fr\/halfweg-la-bande-annonce\/\",\"name\":\"Halfweg : la bande-annonce - w-l-c\",\"isPartOf\":{\"@id\":\"https:\/\/w-l-c.be\/fr\/#website\"},\"datePublished\":\"2014-02-19T11:31:18+00:00\",\"dateModified\":\"2014-02-19T11:34:05+00:00\",\"author\":{\"@id\":\"https:\/\/w-l-c.be\/fr\/#\/schema\/person\/4b9b1d857f0943453a38a7c2859ef756\"},\"breadcrumb\":{\"@id\":\"https:\/\/w-l-c.be\/fr\/halfweg-la-bande-annonce\/#breadcrumb\"},\"inLanguage\":\"fr-FR\",\"potentialAction\":[{\"@type\":\"ReadAction\",\"target\":[\"https:\/\/w-l-c.be\/fr\/halfweg-la-bande-annonce\/\"]}]},{\"@type\":\"BreadcrumbList\",\"@id\":\"https:\/\/w-l-c.be\/fr\/halfweg-la-bande-annonce\/#breadcrumb\",\"itemListElement\":[{\"@type\":\"ListItem\",\"position\":1,\"name\":\"Accueil\",\"item\":\"https:\/\/w-l-c.be\/fr\/\"},{\"@type\":\"ListItem\",\"position\":2,\"name\":\"Halfweg : la bande-annonce\"}]},{\"@type\":\"WebSite\",\"@id\":\"https:\/\/w-l-c.be\/fr\/#website\",\"url\":\"https:\/\/w-l-c.be\/fr\/\",\"name\":\"w-l-c\",\"description\":\"Le cin\u00e9ma vu par les belges\",\"potentialAction\":[{\"@type\":\"SearchAction\",\"target\":{\"@type\":\"EntryPoint\",\"urlTemplate\":\"https:\/\/w-l-c.be\/fr\/?s={search_term_string}\"},\"query-input\":\"required name=search_term_string\"}],\"inLanguage\":\"fr-FR\"},{\"@type\":\"Person\",\"@id\":\"https:\/\/w-l-c.be\/fr\/#\/schema\/person\/4b9b1d857f0943453a38a7c2859ef756\",\"name\":\"Philippe.Pierquin\",\"url\":\"https:\/\/w-l-c.be\/fr\/author\/philippe-pierquin\/\"}]}<\/script>\n<!-- \/ Yoast SEO plugin. -->","yoast_head_json":{"title":"Halfweg : la bande-annonce - w-l-c","robots":{"index":"noindex","follow":"follow","max-snippet":"max-snippet:-1","max-image-preview":"max-image-preview:large","max-video-preview":"max-video-preview:-1"},"og_locale":"fr_FR","og_type":"article","og_title":"Halfweg : la bande-annonce - w-l-c","og_description":"Un homme fra\u00eechement divorc\u00e9 se terre, seul, dans sa vaste demeure o\u00f9 il esp\u00e8re se reconstruire. Pourtant, des circonstances totalement impr\u00e9vues vont troubler sa qui\u00e9tude. &nbsp; Un film de\u00a0Geoffrey Enthoven Avec\u00a0Koen De Graeve, Jurgen Delnaet,\u00a0Evelien Bosmans,\u00a0Veerle Baetens,\u00a0Tom Audenaert, Gilles De Schryver&#8230; &nbsp; Article \u00e0 lire ICI Nous vous offrons des places ICI &nbsp;","og_url":"https:\/\/w-l-c.be\/fr\/halfweg-la-bande-annonce\/","og_site_name":"w-l-c","article_published_time":"2014-02-19T11:31:18+00:00","article_modified_time":"2014-02-19T11:34:05+00:00","og_image":[{"width":800,"height":544,"url":"https:\/\/w-l-c.be\/wp-content\/uploads\/2014\/02\/halfweg_27_0395_01.jpg","type":"image\/jpeg"}],"author":"Philippe.Pierquin","twitter_card":"summary_large_image","twitter_misc":{"\u00c9crit par":"Philippe.Pierquin"},"schema":{"@context":"https:\/\/schema.org","@graph":[{"@type":"WebPage","@id":"https:\/\/w-l-c.be\/fr\/halfweg-la-bande-annonce\/","url":"https:\/\/w-l-c.be\/fr\/halfweg-la-bande-annonce\/","name":"Halfweg : la bande-annonce - w-l-c","isPartOf":{"@id":"https:\/\/w-l-c.be\/fr\/#website"},"datePublished":"2014-02-19T11:31:18+00:00","dateModified":"2014-02-19T11:34:05+00:00","author":{"@id":"https:\/\/w-l-c.be\/fr\/#\/schema\/person\/4b9b1d857f0943453a38a7c2859ef756"},"breadcrumb":{"@id":"https:\/\/w-l-c.be\/fr\/halfweg-la-bande-annonce\/#breadcrumb"},"inLanguage":"fr-FR","potentialAction":[{"@type":"ReadAction","target":["https:\/\/w-l-c.be\/fr\/halfweg-la-bande-annonce\/"]}]},{"@type":"BreadcrumbList","@id":"https:\/\/w-l-c.be\/fr\/halfweg-la-bande-annonce\/#breadcrumb","itemListElement":[{"@type":"ListItem","position":1,"name":"Accueil","item":"https:\/\/w-l-c.be\/fr\/"},{"@type":"ListItem","position":2,"name":"Halfweg : la bande-annonce"}]},{"@type":"WebSite","@id":"https:\/\/w-l-c.be\/fr\/#website","url":"https:\/\/w-l-c.be\/fr\/","name":"w-l-c","description":"Le cin\u00e9ma vu par les belges","potentialAction":[{"@type":"SearchAction","target":{"@type":"EntryPoint","urlTemplate":"https:\/\/w-l-c.be\/fr\/?s={search_term_string}"},"query-input":"required name=search_term_string"}],"inLanguage":"fr-FR"},{"@type":"Person","@id":"https:\/\/w-l-c.be\/fr\/#\/schema\/person\/4b9b1d857f0943453a38a7c2859ef756","name":"Philippe.Pierquin","url":"https:\/\/w-l-c.be\/fr\/author\/philippe-pierquin\/"}]}},"_links":{"self":[{"href":"https:\/\/w-l-c.be\/fr\/wp-json\/wp\/v2\/posts\/52769","targetHints":{"allow":["GET"]}}],"collection":[{"href":"https:\/\/w-l-c.be\/fr\/wp-json\/wp\/v2\/posts"}],"about":[{"href":"https:\/\/w-l-c.be\/fr\/wp-json\/wp\/v2\/types\/post"}],"author":[{"embeddable":true,"href":"https:\/\/w-l-c.be\/fr\/wp-json\/wp\/v2\/users\/7"}],"replies":[{"embeddable":true,"href":"https:\/\/w-l-c.be\/fr\/wp-json\/wp\/v2\/comments?post=52769"}],"version-history":[{"count":0,"href":"https:\/\/w-l-c.be\/fr\/wp-json\/wp\/v2\/posts\/52769\/revisions"}],"wp:featuredmedia":[{"embeddable":true,"href":"https:\/\/w-l-c.be\/fr\/wp-json\/wp\/v2\/media\/52770"}],"wp:attachment":[{"href":"https:\/\/w-l-c.be\/fr\/wp-json\/wp\/v2\/media?parent=52769"}],"wp:term":[{"taxonomy":"category","embeddable":true,"href":"https:\/\/w-l-c.be\/fr\/wp-json\/wp\/v2\/categories?post=52769"},{"taxonomy":"post_tag","embeddable":true,"href":"https:\/\/w-l-c.be\/fr\/wp-json\/wp\/v2\/tags?post=52769"}],"curies":[{"name":"wp","href":"https:\/\/api.w.org\/{rel}","templated":true}]}}